{"id":8613,"date":"2024-04-06T09:48:17","date_gmt":"2024-04-06T09:48:17","guid":{"rendered":"https:\/\/www.clarel.es\/blog\/?p=8613"},"modified":"2025-09-03T11:06:12","modified_gmt":"2025-09-03T11:06:12","slug":"crema-glicerina","status":"publish","type":"post","link":"https:\/\/www.clarel.es\/blog\/crema-glicerina\/","title":{"rendered":"Gu\u00eda Completa sobre la Crema con Glicerina: Beneficios y Usos"},"content":{"rendered":"\t\t<div data-elementor-type=\"wp-post\" data-elementor-id=\"8613\" class=\"elementor elementor-8613\" data-elementor-post-type=\"post\">\n\t\t\t\t<div class=\"elementor-element elementor-element-2d3655e3 e-flex e-con-boxed e-con e-parent\" data-id=\"2d3655e3\" data-element_type=\"container\">\n\t\t\t\t\t<div class=\"e-con-inner\">\n\t\t\t\t<div class=\"elementor-element elementor-element-969ee3c elementor-widget elementor-widget-text-editor\" data-id=\"969ee3c\" data-element_type=\"widget\" data-widget_type=\"text-editor.default\">\n\t\t\t\t<div class=\"elementor-widget-container\">\n\t\t\t\t\t\t\t\t\t<div><div><div><div><p><span style=\"color: #666666;font-family: Poppins, Helvetica, Arial, Lucida, sans-serif;font-size: 14px;background: transparent;margin: 0px;padding: 0px;border: 0px;vertical-align: baseline\">Son muchas las cremas que nos prometen\u00a0<\/span><b style=\"color: #666666;font-family: Poppins, Helvetica, Arial, Lucida, sans-serif;font-size: 14px;background: transparent;margin: 0px;padding: 0px;border: 0px;vertical-align: baseline\">una humectaci\u00f3n profunda<\/b><span style=\"color: #666666;font-family: Poppins, Helvetica, Arial, Lucida, sans-serif;font-size: 14px;background: transparent;margin: 0px;padding: 0px;border: 0px;vertical-align: baseline\">, ya sea cremas para el cuerpo o para el rostro. Sin embargo, hay una realidad y es que debemos conocer los ingredientes que componen cada producto, ya que a partir de ah\u00ed podremos saber los beneficios de las cremas.\u00a0<\/span><\/p><p style=\"margin: 0px;padding: 0px;border: 0px;font-size: 14px;vertical-align: baseline;background-image: initial;background-position: initial;background-size: initial;background-repeat: initial;background-attachment: initial;color: #666666;font-family: Poppins, Helvetica, Arial, Lucida, sans-serif\"><span style=\"margin: 0px;padding: 0px;border: 0px;vertical-align: baseline;background: transparent\">Hay ciertos ingredientes como el \u00e1cido hialur\u00f3nico y la glicerina que garantizan hidrataci\u00f3n a tu piel. Por ello, hoy te brindaremos una\u00a0<\/span><b style=\"margin: 0px;padding: 0px;border: 0px;vertical-align: baseline;background: transparent\">gu\u00eda completa sobre la Crema con Glicerina<\/b><span style=\"margin: 0px;padding: 0px;border: 0px;vertical-align: baseline;background: transparent\">: sus beneficios y sus usos.<\/span><\/p><\/div><\/div><\/div><\/div>\t\t\t\t\t\t\t\t<\/div>\n\t\t\t\t<\/div>\n\t\t\t\t<div class=\"elementor-element elementor-element-f296f11 elementor-widget elementor-widget-text-editor\" data-id=\"f296f11\" data-element_type=\"widget\" data-widget_type=\"text-editor.default\">\n\t\t\t\t<div class=\"elementor-widget-container\">\n\t\t\t\t\t\t\t\t\t<div style=\"margin: 0px;padding: 0px;border: 0px;font-size: 14px;vertical-align: baseline;background: 50% center \/ cover no-repeat #ffffff;position: relative;font-family: Poppins, Helvetica, Arial, Lucida, sans-serif;text-align: left;color: #666666;font-style: normal;font-weight: 500;letter-spacing: normal;text-indent: 0px;text-transform: none\"><div style=\"margin: 0px;padding: 0px;border: 0px;font-size: 14px;vertical-align: baseline;background: transparent;position: relative\"><span style=\"background-color: transparent;color: #f5a573;font-family: 'Gelica Light', Helvetica, Arial, Lucida, sans-serif;font-size: 26px\">\u00bfCu\u00e1les son las propiedades y para qu\u00e9 sirve la glicerina?<\/span><\/div><\/div>\t\t\t\t\t\t\t\t<\/div>\n\t\t\t\t<\/div>\n\t\t\t\t<div class=\"elementor-element elementor-element-8a48523 elementor-widget elementor-widget-text-editor\" data-id=\"8a48523\" data-element_type=\"widget\" data-widget_type=\"text-editor.default\">\n\t\t\t\t<div class=\"elementor-widget-container\">\n\t\t\t\t\t\t\t\t\t<div><div><div><div><p><span style=\"color: #666666;font-family: Poppins, Helvetica, Arial, Lucida, sans-serif;font-size: 14px;background: transparent;margin: 0px;padding: 0px;border: 0px;vertical-align: baseline\">La\u00a0<\/span><b style=\"color: #666666;font-family: Poppins, Helvetica, Arial, Lucida, sans-serif;font-size: 14px;background: transparent;margin: 0px;padding: 0px;border: 0px;vertical-align: baseline\">glicerina es un ingrediente<\/b><span style=\"color: #666666;font-family: Poppins, Helvetica, Arial, Lucida, sans-serif;font-size: 14px;background: transparent;margin: 0px;padding: 0px;border: 0px;vertical-align: baseline\">\u00a0que seguro has le\u00eddo en diferentes productos, pero \u00bfsabes realmente qu\u00e9 es la glicerina? La glicerina o tambi\u00e9n conocido como glicerol es un compuesto de viscosa consistencia a<\/span><b style=\"color: #666666;font-family: Poppins, Helvetica, Arial, Lucida, sans-serif;font-size: 14px;background: transparent;margin: 0px;padding: 0px;border: 0px;vertical-align: baseline\">\u00a0base de alcohol de az\u00facar<\/b><span style=\"color: #666666;font-family: Poppins, Helvetica, Arial, Lucida, sans-serif;font-size: 14px;background: transparent;margin: 0px;padding: 0px;border: 0px;vertical-align: baseline\">.\u00a0<\/span><\/p><p style=\"margin: 0px;padding: 0px 0px 1em;border: 0px;font-size: 14px;vertical-align: baseline;background-image: initial;background-position: initial;background-size: initial;background-repeat: initial;background-attachment: initial;color: #666666;font-family: Poppins, Helvetica, Arial, Lucida, sans-serif\"><span style=\"margin: 0px;padding: 0px;border: 0px;vertical-align: baseline;background: transparent\">Ya sea de origen vegetal o sint\u00e9tico, la\u00a0<\/span><b style=\"margin: 0px;padding: 0px;border: 0px;vertical-align: baseline;background: transparent\">glicerina tiene diferentes usos<\/b><span style=\"margin: 0px;padding: 0px;border: 0px;vertical-align: baseline;background: transparent\">, pero el que m\u00e1s destaca es el uso que se le da en la cosm\u00e9tica.\u00a0<\/span><\/p><p style=\"margin: 0px;padding: 0px;border: 0px;font-size: 14px;vertical-align: baseline;background-image: initial;background-position: initial;background-size: initial;background-repeat: initial;background-attachment: initial;color: #666666;font-family: Poppins, Helvetica, Arial, Lucida, sans-serif\"><span style=\"margin: 0px;padding: 0px;border: 0px;vertical-align: baseline;background: transparent\">Algunos usos que le podemos dar a la glicerina como principal ingrediente en crema es que ayuda a la humectaci\u00f3n, tiene propiedades antienvejecimiento, combate la flacidez, acelera la sanaci\u00f3n de heridas, alivia quemaduras, entre muchos otros usos que le podemos dar a este maravilloso ingrediente.<\/span><\/p><\/div><\/div><\/div><\/div>\t\t\t\t\t\t\t\t<\/div>\n\t\t\t\t<\/div>\n\t\t\t\t<div class=\"elementor-element elementor-element-b89f787 elementor-widget elementor-widget-text-editor\" data-id=\"b89f787\" data-element_type=\"widget\" data-widget_type=\"text-editor.default\">\n\t\t\t\t<div class=\"elementor-widget-container\">\n\t\t\t\t\t\t\t\t\t<div style=\"margin: 0px;padding: 0px;border: 0px;font-size: 14px;vertical-align: baseline;background: 50% center \/ cover no-repeat #ffffff;position: relative;font-family: Poppins, Helvetica, Arial, Lucida, sans-serif;text-align: left;color: #666666;font-style: normal;font-weight: 500;letter-spacing: normal;text-indent: 0px;text-transform: none\"><div style=\"margin: 0px;padding: 0px;border: 0px;font-size: 14px;vertical-align: baseline;background: transparent;position: relative\"><span style=\"background-color: transparent;color: #f5a573;font-family: 'Gelica Light', Helvetica, Arial, Lucida, sans-serif;font-size: 26px\">Beneficios de las cremas con glicerina<\/span><\/div><\/div>\t\t\t\t\t\t\t\t<\/div>\n\t\t\t\t<\/div>\n\t\t\t\t<div class=\"elementor-element elementor-element-5d25043 elementor-widget elementor-widget-text-editor\" data-id=\"5d25043\" data-element_type=\"widget\" data-widget_type=\"text-editor.default\">\n\t\t\t\t<div class=\"elementor-widget-container\">\n\t\t\t\t\t\t\t\t\t<div class=\"et_pb_row et_pb_row_5\"><div class=\"et_pb_column et_pb_column_4_4 et_pb_column_6 et_pb_css_mix_blend_mode_passthrough et-last-child\"><div class=\"et_pb_module et_pb_text et_pb_text_13 et_pb_text_align_left et_pb_bg_layout_light\"><div class=\"et_pb_text_inner\"><p><span style=\"color: #666666;font-family: Poppins, Helvetica, Arial, Lucida, sans-serif;font-size: 14px;background: transparent;margin: 0px;padding: 0px;border: 0px;vertical-align: baseline\">La glicerina es el i<\/span><b style=\"color: #666666;font-family: Poppins, Helvetica, Arial, Lucida, sans-serif;font-size: 14px;background: transparent;margin: 0px;padding: 0px;border: 0px;vertical-align: baseline\">ngrediente protagonista de muchos productos<\/b><span style=\"color: #666666;font-family: Poppins, Helvetica, Arial, Lucida, sans-serif;font-size: 14px;background: transparent;margin: 0px;padding: 0px;border: 0px;vertical-align: baseline\">\u00a0para la piel, ya que cuenta con propiedades antibacterianas y humectantes con muchos beneficios para la piel.\u00a0<\/span><\/p><p style=\"margin: 0px;padding: 0px 0px 1em;border: 0px;font-size: 14px;vertical-align: baseline;background-image: initial;background-position: initial;background-size: initial;background-repeat: initial;background-attachment: initial;color: #666666;font-family: Poppins, Helvetica, Arial, Lucida, sans-serif\"><span style=\"margin: 0px;padding: 0px;border: 0px;vertical-align: baseline;background: transparent\">A continuaci\u00f3n, te contaremos algunos de los beneficios de las cremas con glicerina:<\/span><b style=\"margin: 0px;padding: 0px;border: 0px;vertical-align: baseline;background: transparent\"><\/b><\/p><ul style=\"margin: 0px;padding: 0px 0px 23px 1em;font-size: 14px;background-color: #ffffff;line-height: 26px;color: #666666;font-family: Poppins, Helvetica, Arial, Lucida, sans-serif\"><li style=\"margin: 0px;padding: 0px;font-size: 14px\"><b style=\"margin: 0px;padding: 0px;border: 0px;vertical-align: baseline;background: transparent\">Ayuda a hidratar la piel:\u00a0<\/b>Entre sus tantos beneficios se destaca su incre\u00edble capacidad humectante, ya que la glicerina atrae el agua y retiene la dermis, logrando un efecto de humectaci\u00f3n y nutrici\u00f3n a nuestra piel.\u00a0<\/li><\/ul><p style=\"margin: 0px;padding: 0px 0px 1em;border: 0px;font-size: 14px;vertical-align: baseline;background-image: initial;background-position: initial;background-size: initial;background-repeat: initial;background-attachment: initial;color: #666666;font-family: Poppins, Helvetica, Arial, Lucida, sans-serif\"><span style=\"margin: 0px;padding: 0px;border: 0px;vertical-align: baseline;background: transparent\">Si tienes una piel seca y en ocasiones sufres de descamaci\u00f3n o zonas \u00e1speras en el rostro tener alg\u00fan producto con glicerina lograr\u00e1 un buen resultado en tu piel.\u00a0<\/span><\/p><ul style=\"margin: 0px;padding: 0px 0px 23px 1em;font-size: 14px;background-color: #ffffff;line-height: 26px;color: #666666;font-family: Poppins, Helvetica, Arial, Lucida, sans-serif\"><li style=\"margin: 0px;padding: 0px;font-size: 14px\"><b style=\"margin: 0px;padding: 0px;border: 0px;vertical-align: baseline;background: transparent\">Prevenci\u00f3n en la formaci\u00f3n de arrugas:\u00a0<\/b>La glicerina no solo proporciona hidrataci\u00f3n a la piel sino tambi\u00e9n que es una buen aliado para la prevenci\u00f3n de arrugas. Al retener el agua en la dermis, la glicerina evita que la piel no se vea afectada con el paso del tiempo o por factores externos que pueden causar da\u00f1o a nuestra piel.<\/li><\/ul><ul style=\"margin: 0px;padding: 0px 0px 23px 1em;font-size: 14px;background-color: #ffffff;line-height: 26px;color: #666666;font-family: Poppins, Helvetica, Arial, Lucida, sans-serif\"><li style=\"margin: 0px;padding: 0px;font-size: 14px\"><b style=\"margin: 0px;padding: 0px;border: 0px;vertical-align: baseline;background: transparent\">Ayuda a la cicatrizaci\u00f3n de la piel:\u00a0<\/b>Uno de los mayores beneficios de la glicerina es que ayuda a la cicatrizaci\u00f3n de la piel, ya que ayuda a las c\u00e9lulas de la piel a madurar antes de desprenderse. Cuando las c\u00e9lulas se desprenden muy r\u00e1pido puede causar afecciones como la psoriasis. La aplicaci\u00f3n de cremas con glicerina permitir\u00e1 una cicatrizaci\u00f3n m\u00e1s r\u00e1pida.<\/li><\/ul><ul style=\"margin: 0px;padding: 0px 0px 23px 1em;font-size: 14px;background-color: #ffffff;line-height: 26px;color: #666666;font-family: Poppins, Helvetica, Arial, Lucida, sans-serif\"><li style=\"margin: 0px;padding: 0px;font-size: 14px\"><b style=\"margin: 0px;padding: 0px;border: 0px;vertical-align: baseline;background: transparent\">Mejora de la elasticidad:\u00a0<\/b>Otro beneficio de la glicerina es que no solo hidrata sino que tambi\u00e9n ayuda a mejorar la elasticidad de la piel. Al mantener un buen nivel de humedad, la glicerina favorece a la flexibilidad de la piel. Igualmente, ayuda a reducir las arrugas y l\u00edneas finas de nuestra piel.<\/li><\/ul><\/div><\/div><\/div><\/div>\t\t\t\t\t\t\t\t<\/div>\n\t\t\t\t<\/div>\n\t\t\t\t<div class=\"elementor-element elementor-element-f5e805b elementor-widget elementor-widget-image\" data-id=\"f5e805b\" data-element_type=\"widget\" data-widget_type=\"image.default\">\n\t\t\t\t<div class=\"elementor-widget-container\">\n\t\t\t\t\t\t\t\t\t\t\t\t\t\t\t<img decoding=\"async\" src=\"https:\/\/blog-clarel.imgix.net\/2024\/07\/crema-manos-glicerina.jpg\" title=\"\" alt=\"\" loading=\"lazy\" \/>\t\t\t\t\t\t\t\t\t\t\t\t\t\t\t<\/div>\n\t\t\t\t<\/div>\n\t\t\t\t<div class=\"elementor-element elementor-element-07617a3 elementor-widget elementor-widget-text-editor\" data-id=\"07617a3\" data-element_type=\"widget\" data-widget_type=\"text-editor.default\">\n\t\t\t\t<div class=\"elementor-widget-container\">\n\t\t\t\t\t\t\t\t\t<div style=\"margin: 0px;padding: 0px;border: 0px;font-size: 14px;vertical-align: baseline;background: 50% center \/ cover no-repeat #ffffff;position: relative;font-family: Poppins, Helvetica, Arial, Lucida, sans-serif;text-align: left;color: #666666;font-style: normal;font-weight: 500;letter-spacing: normal;text-indent: 0px;text-transform: none\"><div style=\"margin: 0px;padding: 0px;border: 0px;font-size: 14px;vertical-align: baseline;background: transparent;position: relative\"><span style=\"background-color: transparent;color: #f5a573;font-family: 'Gelica Light', Helvetica, Arial, Lucida, sans-serif;font-size: 26px\">Mejores productos con glicerina<\/span><\/div><\/div>\t\t\t\t\t\t\t\t<\/div>\n\t\t\t\t<\/div>\n\t\t\t\t<div class=\"elementor-element elementor-element-b4f6db1 elementor-widget elementor-widget-text-editor\" data-id=\"b4f6db1\" data-element_type=\"widget\" data-widget_type=\"text-editor.default\">\n\t\t\t\t<div class=\"elementor-widget-container\">\n\t\t\t\t\t\t\t\t\t<div style=\"margin: 0px;padding: 0px;border: 0px;font-size: 14px;vertical-align: baseline;background: 50% center \/ cover no-repeat #ffffff;position: relative;font-family: Poppins, Helvetica, Arial, Lucida, sans-serif;text-align: left;color: #666666;font-style: normal;font-weight: 500;letter-spacing: normal;text-indent: 0px;text-transform: none\"><span style=\"background-color: transparent;color: #f5a573;font-size: 19px\">Crema de manos con glicerina<\/span><\/div>\t\t\t\t\t\t\t\t<\/div>\n\t\t\t\t<\/div>\n\t\t\t\t<div class=\"elementor-element elementor-element-1e4df4d elementor-widget elementor-widget-text-editor\" data-id=\"1e4df4d\" data-element_type=\"widget\" data-widget_type=\"text-editor.default\">\n\t\t\t\t<div class=\"elementor-widget-container\">\n\t\t\t\t\t\t\t\t\t<div><div><div><div><p><span style=\"color: #666666;font-family: Poppins, Helvetica, Arial, Lucida, sans-serif;font-size: 14px;background: transparent;margin: 0px;padding: 0px;border: 0px;vertical-align: baseline\">La Crema de Manos R\u00e1pida Absorci\u00f3n de Neutrogena es una crema ligera que\u00a0<\/span><b style=\"color: #666666;font-family: Poppins, Helvetica, Arial, Lucida, sans-serif;font-size: 14px;background: transparent;margin: 0px;padding: 0px;border: 0px;vertical-align: baseline\">protege, nutre y repara las manos secas<\/b><span style=\"color: #666666;font-family: Poppins, Helvetica, Arial, Lucida, sans-serif;font-size: 14px;background: transparent;margin: 0px;padding: 0px;border: 0px;vertical-align: baseline\">. Entre sus principales ingredientes podemos mencionar la glicerina que ayuda con la hidrataci\u00f3n y reparaci\u00f3n de la piel. Otro ingrediente es la vaselina que suaviza la piel y la dimeticona que ayuda a una mejor absorci\u00f3n.<\/span><\/p><p style=\"margin: 0px;padding: 0px;border: 0px;font-size: 14px;vertical-align: baseline;background-image: initial;background-position: initial;background-size: initial;background-repeat: initial;background-attachment: initial;color: #666666;font-family: Poppins, Helvetica, Arial, Lucida, sans-serif\"><span style=\"margin: 0px;padding: 0px;border: 0px;vertical-align: baseline;background: transparent\">\u00bfTienes las manos secas? \u00bfDeseas un mejor cuidado para tus manos? Entonces, esta crema es ideal para ti. Aporta un\u00a0<\/span><b style=\"margin: 0px;padding: 0px;border: 0px;vertical-align: baseline;background: transparent\">alivio eficaz para las manos<\/b>\u00a0<b style=\"margin: 0px;padding: 0px;border: 0px;vertical-align: baseline;background: transparent\">secas<\/b><span style=\"margin: 0px;padding: 0px;border: 0px;vertical-align: baseline;background: transparent\">. Logrando mayor suavidad y elasticidad a nuestra piel.<\/span><\/p><\/div><\/div><\/div><\/div>\t\t\t\t\t\t\t\t<\/div>\n\t\t\t\t<\/div>\n\t\t<div class=\"elementor-element elementor-element-d8c781b e-con-full e-flex e-con e-child\" data-id=\"d8c781b\" data-element_type=\"container\">\n\t\t<div class=\"elementor-element elementor-element-1081594 e-con-full e-flex e-con e-child\" data-id=\"1081594\" data-element_type=\"container\">\n\t\t\t\t<div class=\"elementor-element elementor-element-8e5d43e elementor-cta--layout-image-right elementor-widget__width-initial elementor-cta--skin-classic elementor-animated-content elementor-widget elementor-widget-call-to-action\" data-id=\"8e5d43e\" data-element_type=\"widget\" data-widget_type=\"call-to-action.default\">\n\t\t\t\t<div class=\"elementor-widget-container\">\n\t\t\t\t\t\t\t<a class=\"elementor-cta\" href=\"https:\/\/www.clarel.es\/es\/neutrogena-crema-de-manos-rapida-absorcion-textura-ligera-pack-de-2-x-75ml\" target=\"_blank\">\n\t\t\t\t\t\t\t<div class=\"elementor-cta__content\">\n\t\t\t\t\t\t\t\t\t<div class=\"elementor-content-item elementor-cta__content-item elementor-cta__image\">\n\t\t\t\t\t\t<img decoding=\"async\" src=\"https:\/\/clarel.imgix.net\/media\/catalog\/product\/C\/r\/Crema_De_Manos_R_pida_Absorci_n_Neutrogena_2x75Ml_b67acbeabe97e1966cad30af9ace3ddb5f9fba96_273296_1.jpg\" title=\"\" alt=\"\" loading=\"lazy\" \/>\t\t\t\t\t<\/div>\n\t\t\t\t\n\t\t\t\t\t\t\t\t\t<div class=\"elementor-cta__title elementor-cta__content-item elementor-content-item\">\n\t\t\t\t\t\tNEUTROGENA\t\t\t\t\t<\/div>\n\t\t\t\t\n\t\t\t\t\t\t\t\t\t<div class=\"elementor-cta__description elementor-cta__content-item elementor-content-item\">\n\t\t\t\t\t\tCrema De Manos R\u00e1pida Absorci\u00f3n<BR> <BR>\n<span style=\"font-size: 13pt\"><b>9,90\u20ac<\/span> <\/b>\t\t\t\t\t<\/div>\n\t\t\t\t\n\t\t\t\t\t\t\t\t\t<div class=\"elementor-cta__button-wrapper elementor-cta__content-item elementor-content-item \">\n\t\t\t\t\t<span class=\"elementor-cta__button elementor-button elementor-size-\">\n\t\t\t\t\t\tCOMPRAR\t\t\t\t\t<\/span>\n\t\t\t\t\t<\/div>\n\t\t\t\t\t\t\t<\/div>\n\t\t\t\t\t\t<\/a>\n\t\t\t\t\t\t<\/div>\n\t\t\t\t<\/div>\n\t\t\t\t<\/div>\n\t\t\t\t<\/div>\n\t\t<div class=\"elementor-element elementor-element-24c06da e-con-full e-flex e-con e-child\" data-id=\"24c06da\" data-element_type=\"container\">\n\t\t\t\t<div class=\"elementor-element elementor-element-03a8e0d elementor-widget elementor-widget-text-editor\" data-id=\"03a8e0d\" data-element_type=\"widget\" data-widget_type=\"text-editor.default\">\n\t\t\t\t<div class=\"elementor-widget-container\">\n\t\t\t\t\t\t\t\t\t<div style=\"margin: 0px;padding: 0px;border: 0px;font-size: 14px;vertical-align: baseline;background: 50% center \/ cover no-repeat #ffffff;position: relative;font-family: Poppins, Helvetica, Arial, Lucida, sans-serif;text-align: left;color: #666666;font-style: normal;font-weight: 500;letter-spacing: normal;text-indent: 0px;text-transform: none\"><span style=\"background-color: transparent;color: #f5a573;font-size: 19px\">Crema con glicerina para la cara<\/span><\/div>\t\t\t\t\t\t\t\t<\/div>\n\t\t\t\t<\/div>\n\t\t\t\t<div class=\"elementor-element elementor-element-a7ecab2 elementor-widget elementor-widget-text-editor\" data-id=\"a7ecab2\" data-element_type=\"widget\" data-widget_type=\"text-editor.default\">\n\t\t\t\t<div class=\"elementor-widget-container\">\n\t\t\t\t\t\t\t\t\t<div><div><div><div><p><span style=\"color: #666666;font-family: Poppins, Helvetica, Arial, Lucida, sans-serif;font-size: 14px;background: transparent;margin: 0px;padding: 0px;border: 0px;vertical-align: baseline\">La crema Neutrogena Hydro Boost es una excelente opci\u00f3n para crema hidratante para la cara.\u00a0<\/span><b style=\"color: #666666;font-family: Poppins, Helvetica, Arial, Lucida, sans-serif;font-size: 14px;background: transparent;margin: 0px;padding: 0px;border: 0px;vertical-align: baseline\">Mantiene la piel hidratada durante todo el d\u00eda<\/b><span style=\"color: #666666;font-family: Poppins, Helvetica, Arial, Lucida, sans-serif;font-size: 14px;background: transparent;margin: 0px;padding: 0px;border: 0px;vertical-align: baseline\">. Es perfecta para reconstruir la epidermis y protegerla.<\/span><\/p><p style=\"margin: 0px;padding: 0px;border: 0px;font-size: 14px;vertical-align: baseline;background-image: initial;background-position: initial;background-size: initial;background-repeat: initial;background-attachment: initial;color: #666666;font-family: Poppins, Helvetica, Arial, Lucida, sans-serif\"><span style=\"margin: 0px;padding: 0px;border: 0px;vertical-align: baseline;background: transparent\">Con resultados cl\u00ednicamente comprobados el 97% de los clientes que la usaron notaron la piel hidratada al instante y el 73% not\u00f3 la piel suave. Es una crema de uso diario para el rostro. Con una f\u00f3rmula no grasa, no comedog\u00e9nica y sin perfume.<\/span><\/p><\/div><\/div><\/div><\/div>\t\t\t\t\t\t\t\t<\/div>\n\t\t\t\t<\/div>\n\t\t\t\t<\/div>\n\t\t<div class=\"elementor-element elementor-element-e13b2d6 e-con-full e-flex e-con e-child\" data-id=\"e13b2d6\" data-element_type=\"container\">\n\t\t<div class=\"elementor-element elementor-element-3a60f60 e-con-full e-flex e-con e-child\" data-id=\"3a60f60\" data-element_type=\"container\">\n\t\t\t\t<div class=\"elementor-element elementor-element-acb3809 elementor-cta--layout-image-right elementor-widget__width-initial elementor-cta--skin-classic elementor-animated-content elementor-widget elementor-widget-call-to-action\" data-id=\"acb3809\" data-element_type=\"widget\" data-widget_type=\"call-to-action.default\">\n\t\t\t\t<div class=\"elementor-widget-container\">\n\t\t\t\t\t\t\t<a class=\"elementor-cta\" href=\"https:\/\/www.clarel.es\/es\/neutrogena-hydro-boost-pack-hidratacion-facial-24-horas-crema-gel-hydro-boost-50ml-y-regalo-contorno-de-ojos-anti-fatiga-15ml\" target=\"_blank\">\n\t\t\t\t\t\t\t<div class=\"elementor-cta__content\">\n\t\t\t\t\t\t\t\t\t<div class=\"elementor-content-item elementor-cta__content-item elementor-cta__image\">\n\t\t\t\t\t\t<img decoding=\"async\" src=\"https:\/\/clarel.imgix.net\/media\/catalog\/product\/C\/r\/Crema_Gel_Hydro_Boost_cido_Hialur_nico_Neutrogena_50Ml_7f6426546b1019f578e532c2fcf07bf2d5e17bfa_282293_1_JNTL_CONSUMER_HEALT.jpg\" title=\"\" alt=\"\" loading=\"lazy\" \/>\t\t\t\t\t<\/div>\n\t\t\t\t\n\t\t\t\t\t\t\t\t\t<div class=\"elementor-cta__title elementor-cta__content-item elementor-content-item\">\n\t\t\t\t\t\tNEUTROGENA\t\t\t\t\t<\/div>\n\t\t\t\t\n\t\t\t\t\t\t\t\t\t<div class=\"elementor-cta__description elementor-cta__content-item elementor-content-item\">\n\t\t\t\t\t\tCrema Gel Hydro Boost \u00c1cido Hialur\u00f3nico<BR> <BR>\n<span style=\"font-size: 13pt\"><b>20,99\u20ac<\/span> <\/b>\t\t\t\t\t<\/div>\n\t\t\t\t\n\t\t\t\t\t\t\t\t\t<div class=\"elementor-cta__button-wrapper elementor-cta__content-item elementor-content-item \">\n\t\t\t\t\t<span class=\"elementor-cta__button elementor-button elementor-size-\">\n\t\t\t\t\t\tCOMPRAR\t\t\t\t\t<\/span>\n\t\t\t\t\t<\/div>\n\t\t\t\t\t\t\t<\/div>\n\t\t\t\t\t\t<\/a>\n\t\t\t\t\t\t<\/div>\n\t\t\t\t<\/div>\n\t\t\t\t<\/div>\n\t\t\t\t<\/div>\n\t\t<div class=\"elementor-element elementor-element-8121a70 e-con-full e-flex e-con e-child\" data-id=\"8121a70\" data-element_type=\"container\">\n\t\t\t\t<div class=\"elementor-element elementor-element-4462edb elementor-widget elementor-widget-text-editor\" data-id=\"4462edb\" data-element_type=\"widget\" data-widget_type=\"text-editor.default\">\n\t\t\t\t<div class=\"elementor-widget-container\">\n\t\t\t\t\t\t\t\t\t<div style=\"margin: 0px;padding: 0px;border: 0px;font-size: 14px;vertical-align: baseline;background: 50% center \/ cover no-repeat #ffffff;position: relative;font-family: Poppins, Helvetica, Arial, Lucida, sans-serif;text-align: left;color: #666666;font-style: normal;font-weight: 500;letter-spacing: normal;text-indent: 0px;text-transform: none\"><span style=\"background-color: transparent;color: #f5a573;font-size: 19px\">Crema hidratante con glicerina<\/span><\/div>\t\t\t\t\t\t\t\t<\/div>\n\t\t\t\t<\/div>\n\t\t\t\t<div class=\"elementor-element elementor-element-1d82291 elementor-widget elementor-widget-text-editor\" data-id=\"1d82291\" data-element_type=\"widget\" data-widget_type=\"text-editor.default\">\n\t\t\t\t<div class=\"elementor-widget-container\">\n\t\t\t\t\t\t\t\t\t<div><div><div><div><p><span style=\"color: #666666;font-family: Poppins, Helvetica, Arial, Lucida, sans-serif;font-size: 14px;background: transparent;margin: 0px;padding: 0px;border: 0px;vertical-align: baseline\">La crema hidratante\u00a0<\/span><b style=\"color: #666666;font-family: Poppins, Helvetica, Arial, Lucida, sans-serif;font-size: 14px;background: transparent;margin: 0px;padding: 0px;border: 0px;vertical-align: baseline\">Nivea es ideal para cualquier tipo de piel<\/b><span style=\"color: #666666;font-family: Poppins, Helvetica, Arial, Lucida, sans-serif;font-size: 14px;background: transparent;margin: 0px;padding: 0px;border: 0px;vertical-align: baseline\">. Entre sus ingredientes se encuentra la glicerina que proporciona numerosos beneficios como: hidrataci\u00f3n y suavidad a nuestra piel.<\/span><\/p><p style=\"margin: 0px;padding: 0px;border: 0px;font-size: 14px;vertical-align: baseline;background-image: initial;background-position: initial;background-size: initial;background-repeat: initial;background-attachment: initial;color: #666666;font-family: Poppins, Helvetica, Arial, Lucida, sans-serif\"><span style=\"margin: 0px;padding: 0px;border: 0px;vertical-align: baseline;background: transparent\">Es la crema m\u00e1s universal de NIVEA y ha estado en el mercado por m\u00e1s de 100 a\u00f1os. Se puede aplicar en el rostro o cualquier parte del cuerpo. Esta crema mantiene tu piel suave y tersa.\u00a0<\/span><b style=\"margin: 0px;padding: 0px;border: 0px;vertical-align: baseline;background: transparent\">Ideal para cualquier tipo de piel\u00a0<\/b><span style=\"margin: 0px;padding: 0px;border: 0px;vertical-align: baseline;background: transparent\">y cualquier \u00e9poca del a\u00f1o.<\/span><\/p><\/div><\/div><\/div><\/div>\t\t\t\t\t\t\t\t<\/div>\n\t\t\t\t<\/div>\n\t\t\t\t<\/div>\n\t\t<div class=\"elementor-element elementor-element-1cfa81a e-con-full e-flex e-con e-child\" data-id=\"1cfa81a\" data-element_type=\"container\">\n\t\t<div class=\"elementor-element elementor-element-bb9f813 e-con-full e-flex e-con e-child\" data-id=\"bb9f813\" data-element_type=\"container\">\n\t\t\t\t<div class=\"elementor-element elementor-element-10ac392 elementor-cta--layout-image-right elementor-widget__width-initial elementor-cta--skin-classic elementor-animated-content elementor-widget elementor-widget-call-to-action\" data-id=\"10ac392\" data-element_type=\"widget\" data-widget_type=\"call-to-action.default\">\n\t\t\t\t<div class=\"elementor-widget-container\">\n\t\t\t\t\t\t\t<a class=\"elementor-cta\" href=\"https:\/\/www.clarel.es\/es\/crema-hidratante-nivea-universal-todo-tipo-de-pieles-lata-150ml-41139\" target=\"_blank\">\n\t\t\t\t\t\t\t<div class=\"elementor-cta__content\">\n\t\t\t\t\t\t\t\t\t<div class=\"elementor-content-item elementor-cta__content-item elementor-cta__image\">\n\t\t\t\t\t\t<img decoding=\"async\" src=\"https:\/\/clarel.imgix.net\/media\/catalog\/product\/4\/1\/41139_1_bfa7.jpg\" title=\"\" alt=\"\" loading=\"lazy\" \/>\t\t\t\t\t<\/div>\n\t\t\t\t\n\t\t\t\t\t\t\t\t\t<div class=\"elementor-cta__title elementor-cta__content-item elementor-content-item\">\n\t\t\t\t\t\tNIVEA\t\t\t\t\t<\/div>\n\t\t\t\t\n\t\t\t\t\t\t\t\t\t<div class=\"elementor-cta__description elementor-cta__content-item elementor-content-item\">\n\t\t\t\t\t\tCrema Hidratante Universal<BR> <BR>\n<span style=\"font-size: 13pt\"><b>2,99\u20ac<\/span> <\/b>\t\t\t\t\t<\/div>\n\t\t\t\t\n\t\t\t\t\t\t\t\t\t<div class=\"elementor-cta__button-wrapper elementor-cta__content-item elementor-content-item \">\n\t\t\t\t\t<span class=\"elementor-cta__button elementor-button elementor-size-\">\n\t\t\t\t\t\tCOMPRAR\t\t\t\t\t<\/span>\n\t\t\t\t\t<\/div>\n\t\t\t\t\t\t\t<\/div>\n\t\t\t\t\t\t<\/a>\n\t\t\t\t\t\t<\/div>\n\t\t\t\t<\/div>\n\t\t\t\t<\/div>\n\t\t\t\t<\/div>\n\t\t<div class=\"elementor-element elementor-element-ed15dff e-con-full e-flex e-con e-child\" data-id=\"ed15dff\" data-element_type=\"container\">\n\t\t\t\t<div class=\"elementor-element elementor-element-ca8d7bd elementor-widget elementor-widget-text-editor\" data-id=\"ca8d7bd\" data-element_type=\"widget\" data-widget_type=\"text-editor.default\">\n\t\t\t\t<div class=\"elementor-widget-container\">\n\t\t\t\t\t\t\t\t\t<div style=\"margin: 0px;padding: 0px;border: 0px;font-size: 14px;vertical-align: baseline;background: 50% center \/ cover no-repeat #ffffff;position: relative;font-family: Poppins, Helvetica, Arial, Lucida, sans-serif;text-align: left;color: #666666;font-style: normal;font-weight: 500;letter-spacing: normal;text-indent: 0px;text-transform: none\"><div style=\"margin: 0px;padding: 0px;border: 0px;font-size: 14px;vertical-align: baseline;background: transparent;position: relative\"><span style=\"background-color: transparent;color: #f5a573;font-family: 'Gelica Light', Helvetica, Arial, Lucida, sans-serif;font-size: 26px\">Usos correctos de la crema con glicerina<\/span><\/div><\/div>\t\t\t\t\t\t\t\t<\/div>\n\t\t\t\t<\/div>\n\t\t\t\t<div class=\"elementor-element elementor-element-adf42ab elementor-widget elementor-widget-text-editor\" data-id=\"adf42ab\" data-element_type=\"widget\" data-widget_type=\"text-editor.default\">\n\t\t\t\t<div class=\"elementor-widget-container\">\n\t\t\t\t\t\t\t\t\t<div><div><div><div><p><span style=\"color: #666666;font-family: Poppins, Helvetica, Arial, Lucida, sans-serif;font-size: 14px;background: transparent;margin: 0px;padding: 0px;border: 0px;vertical-align: baseline\">Es muy com\u00fan encontrar la glicerina como uno de los principales ingredientes en cremas, jabones. shampoo, etc. Este es\u00a0<\/span><b style=\"color: #666666;font-family: Poppins, Helvetica, Arial, Lucida, sans-serif;font-size: 14px;background: transparent;margin: 0px;padding: 0px;border: 0px;vertical-align: baseline\">un ingrediente muy bondadoso<\/b><span style=\"color: #666666;font-family: Poppins, Helvetica, Arial, Lucida, sans-serif;font-size: 14px;background: transparent;margin: 0px;padding: 0px;border: 0px;vertical-align: baseline\">\u00a0porque son muchos los usos que le podemos dar.\u00a0<\/span><\/p><p style=\"margin: 0px;padding: 0px 0px 1em;border: 0px;font-size: 14px;vertical-align: baseline;background-image: initial;background-position: initial;background-size: initial;background-repeat: initial;background-attachment: initial;color: #666666;font-family: Poppins, Helvetica, Arial, Lucida, sans-serif\"><span style=\"margin: 0px;padding: 0px;border: 0px;vertical-align: baseline;background: transparent\">Dentro de los usos y aplicaciones de la glicerina que existen, el de\u00a0<\/span><b style=\"margin: 0px;padding: 0px;border: 0px;vertical-align: baseline;background: transparent\">la glicerina para la piel es el m\u00e1s conocido<\/b><span style=\"margin: 0px;padding: 0px;border: 0px;vertical-align: baseline;background: transparent\">, pues al contar con este ingrediente en cremas logra mayor hidrataci\u00f3n a la piel. Al igual que efectos calmantes.<\/span><\/p><p style=\"margin: 0px;padding: 0px;border: 0px;font-size: 14px;vertical-align: baseline;background-image: initial;background-position: initial;background-size: initial;background-repeat: initial;background-attachment: initial;color: #666666;font-family: Poppins, Helvetica, Arial, Lucida, sans-serif\"><span style=\"margin: 0px;padding: 0px;border: 0px;vertical-align: baseline;background: transparent\">Otros usos que le podemos dar a la crema con glicerina es que ayuda a reducir el rejuvenecimiento, desinflama la piel, luminosidad natural y regeneraci\u00f3n de la piel. Gracias a sus\u00a0<\/span><b style=\"margin: 0px;padding: 0px;border: 0px;vertical-align: baseline;background: transparent\">m\u00faltiples beneficios la glicerina ha ganado mucho terreno en la cosm\u00e9tica<\/b><span style=\"margin: 0px;padding: 0px;border: 0px;vertical-align: baseline;background: transparent\">.<\/span><\/p><\/div><\/div><\/div><\/div>\t\t\t\t\t\t\t\t<\/div>\n\t\t\t\t<\/div>\n\t\t\t\t<div class=\"elementor-element elementor-element-d45ca52 elementor-widget elementor-widget-image\" data-id=\"d45ca52\" data-element_type=\"widget\" data-widget_type=\"image.default\">\n\t\t\t\t<div class=\"elementor-widget-container\">\n\t\t\t\t\t\t\t\t\t\t\t\t\t\t\t<img decoding=\"async\" src=\"https:\/\/blog-clarel.imgix.net\/2024\/09\/crema-a-base-de-glicerina.jpg\" title=\"\" alt=\"\" loading=\"lazy\" \/>\t\t\t\t\t\t\t\t\t\t\t\t\t\t\t<\/div>\n\t\t\t\t<\/div>\n\t\t\t\t<div class=\"elementor-element elementor-element-6ff9926 elementor-widget elementor-widget-text-editor\" data-id=\"6ff9926\" data-element_type=\"widget\" data-widget_type=\"text-editor.default\">\n\t\t\t\t<div class=\"elementor-widget-container\">\n\t\t\t\t\t\t\t\t\t<div style=\"margin: 0px;padding: 0px;border: 0px;font-size: 14px;vertical-align: baseline;background: 50% center \/ cover no-repeat #ffffff;position: relative;font-family: Poppins, Helvetica, Arial, Lucida, sans-serif;text-align: left;color: #666666;font-style: normal;font-weight: 500;letter-spacing: normal;text-indent: 0px;text-transform: none\"><div style=\"margin: 0px;padding: 0px;border: 0px;font-size: 14px;vertical-align: baseline;background: transparent;position: relative\"><span style=\"background-color: transparent;color: #f5a573;font-family: 'Gelica Light', Helvetica, Arial, Lucida, sans-serif;font-size: 26px\">\u00bfPor qu\u00e9 a\u00f1adir la crema con glicerina en tu rutina diaria?<\/span><\/div><\/div>\t\t\t\t\t\t\t\t<\/div>\n\t\t\t\t<\/div>\n\t\t\t\t<div class=\"elementor-element elementor-element-99273d7 elementor-widget elementor-widget-text-editor\" data-id=\"99273d7\" data-element_type=\"widget\" data-widget_type=\"text-editor.default\">\n\t\t\t\t<div class=\"elementor-widget-container\">\n\t\t\t\t\t\t\t\t\t<div>\n<div>\n<div>\n<div>\n<p><span style=\"font-family: Poppins, Helvetica, Arial, Lucida, sans-serif;font-size: 14px;background: transparent;margin: 0px;padding: 0px;border: 0px;vertical-align: baseline\">Agregar cremas con glicerina a tu&nbsp;<\/span><b style=\"font-family: Poppins, Helvetica, Arial, Lucida, sans-serif;font-size: 14px;background: transparent;margin: 0px;padding: 0px;border: 0px;vertical-align: baseline\">rutina diaria es muy beneficioso para tu piel<\/b><span style=\"font-family: Poppins, Helvetica, Arial, Lucida, sans-serif;font-size: 14px;background: transparent;margin: 0px;padding: 0px;border: 0px;vertical-align: baseline\">, ya que capta la humedad de nuestra piel. Igualmente, ofrece suavidad y elasticidad. Por ello, realizar una aplicaci\u00f3n diaria de estas cremas ayudar\u00e1 mucho a nuestra piel.<\/span><\/p><p style=\"margin: 0px;padding: 0px 0px 1em;border: 0px;font-size: 14px;vertical-align: baseline;background-image: initial;background-position: initial;background-size: initial;background-repeat: initial;background-attachment: initial;font-family: Poppins, Helvetica, Arial, Lucida, sans-serif\"><span style=\"margin: 0px;padding: 0px;border: 0px;vertical-align: baseline;background: transparent\">La glicerina forma una&nbsp;<\/span><b style=\"margin: 0px;padding: 0px;border: 0px;vertical-align: baseline;background: transparent\">barrera protectora que ayuda a prevenir la p\u00e9rdida de humedad<\/b><span style=\"margin: 0px;padding: 0px;border: 0px;vertical-align: baseline;background: transparent\">. Es decir, evita la p\u00e9rdida de hidrataci\u00f3n de nuestra piel. Creando una capa protectora. Esta rutina es ideal para usar en cualquier temporada, pero a\u00fan m\u00e1s en \u00e9pocas de fr\u00edo.<\/span><\/p><p style=\"margin: 0px;padding: 0px;border: 0px;font-size: 14px;vertical-align: baseline;background-image: initial;background-position: initial;background-size: initial;background-repeat: initial;background-attachment: initial;font-family: Poppins, Helvetica, Arial, Lucida, sans-serif\"><span style=\"margin: 0px;padding: 0px;border: 0px;vertical-align: baseline;background: transparent\">La piel es el \u00f3rgano m\u00e1s expuesto de nuestro cuerpo. Por ello, debemos cuidarla con una buena rutina de cuidado para la piel. Incluir una crema con glicerina a nuestro cuidado diario es una excelente opci\u00f3n. Como hemos demostrado en nuestro post la glicerina es un excelente aliado para humectar, nutrir y reparar nuestra piel.<\/span><\/p>\n<\/div>\n<\/div>\n<\/div>\n<\/div>\t\t\t\t\t\t\t\t<\/div>\n\t\t\t\t<\/div>\n\t\t\t\t<\/div>\n\t\t\t\t\t<\/div>\n\t\t\t\t<\/div>\n\t\t\t\t<\/div>\n\t\t","protected":false},"excerpt":{"rendered":"<p>Explora con nosotros las propiedades y los beneficios de la crema con glicerina, su uso en cosm\u00e9tica y c\u00f3mo incorporarla a tu rutina diaria.<\/p>\n","protected":false},"author":5,"featured_media":8614,"comment_status":"closed","ping_status":"open","sticky":false,"template":"","format":"standard","meta":{"footnotes":""},"categories":[32,36],"tags":[],"class_list":["post-8613","post","type-post","status-publish","format-standard","has-post-thumbnail","hentry","category-cuidado-facial","category-salud-bienestar"],"yoast_head":"<!-- This site is optimized with the Yoast SEO plugin v25.4 - https:\/\/yoast.com\/wordpress\/plugins\/seo\/ -->\n<title>Crema con Glicerina: Hidrataci\u00f3n Profunda | Clarel<\/title>\n<meta name=\"description\" content=\"Explora con nosotros las propiedades y los beneficios de la crema con glicerina, su uso en cosm\u00e9tica y c\u00f3mo incorporarla a tu rutina diaria.\" \/>\n<meta name=\"robots\" content=\"index, follow, max-snippet:-1, max-image-preview:large, max-video-preview:-1\" \/>\n<link rel=\"canonical\" href=\"https:\/\/www.clarel.es\/blog\/crema-glicerina\/\" \/>\n<meta property=\"og:locale\" content=\"es_ES\" \/>\n<meta property=\"og:type\" content=\"article\" \/>\n<meta property=\"og:title\" content=\"Crema con Glicerina: Hidrataci\u00f3n Profunda | Clarel\" \/>\n<meta property=\"og:description\" content=\"Explora con nosotros las propiedades y los beneficios de la crema con glicerina, su uso en cosm\u00e9tica y c\u00f3mo incorporarla a tu rutina diaria.\" \/>\n<meta property=\"og:url\" content=\"https:\/\/www.clarel.es\/blog\/crema-glicerina\/\" \/>\n<meta property=\"og:site_name\" content=\"Clarel\" \/>\n<meta property=\"article:published_time\" content=\"2024-04-06T09:48:17+00:00\" \/>\n<meta property=\"article:modified_time\" content=\"2025-09-03T11:06:12+00:00\" \/>\n<meta property=\"og:image\" content=\"https:\/\/blog-clarel.imgix.net\/uploads\/2024\/07\/crema-glicerina.jpg?auto=format%2Ccompress&ixlib=php-3.3.0\" \/>\n\t<meta property=\"og:image:width\" content=\"800\" \/>\n\t<meta property=\"og:image:height\" content=\"500\" \/>\n\t<meta property=\"og:image:type\" content=\"image\/jpeg\" \/>\n<meta name=\"twitter:card\" content=\"summary_large_image\" \/>\n<script type=\"application\/ld+json\" class=\"yoast-schema-graph\">{\"@context\":\"https:\/\/schema.org\",\"@graph\":[{\"@type\":\"Article\",\"@id\":\"https:\/\/www.clarel.es\/blog\/crema-glicerina\/#article\",\"isPartOf\":{\"@id\":\"https:\/\/www.clarel.es\/blog\/crema-glicerina\/\"},\"author\":{\"name\":\"Clarel\",\"@id\":\"https:\/\/www.clarel.es\/blog\"},\"headline\":\"Gu\u00eda Completa sobre la Crema con Glicerina: Beneficios y Usos\",\"datePublished\":\"2024-04-06T09:48:17+00:00\",\"dateModified\":\"2025-09-03T11:06:12+00:00\",\"mainEntityOfPage\":{\"@id\":\"https:\/\/www.clarel.es\/blog\/crema-glicerina\/\"},\"wordCount\":1116,\"publisher\":{\"@id\":\"https:\/\/www.clarel.es\/blog\/#organization\"},\"image\":{\"@id\":\"https:\/\/www.clarel.es\/blog\/crema-glicerina\/#primaryimage\"},\"thumbnailUrl\":\"https:\/\/blog-clarel.imgix.net\/uploads\/2024\/07\/crema-glicerina.jpg?auto=format%2Ccompress&ixlib=php-3.3.0\",\"articleSection\":[\"Cuidado facial\",\"Salud y Bienestar\"],\"inLanguage\":\"es\"},{\"@type\":\"WebPage\",\"@id\":\"https:\/\/www.clarel.es\/blog\/crema-glicerina\/\",\"url\":\"https:\/\/www.clarel.es\/blog\/crema-glicerina\/\",\"name\":\"Crema con Glicerina: Hidrataci\u00f3n Profunda | Clarel\",\"isPartOf\":{\"@id\":\"https:\/\/www.clarel.es\/blog\/#website\"},\"primaryImageOfPage\":{\"@id\":\"https:\/\/www.clarel.es\/blog\/crema-glicerina\/#primaryimage\"},\"image\":{\"@id\":\"https:\/\/www.clarel.es\/blog\/crema-glicerina\/#primaryimage\"},\"thumbnailUrl\":\"https:\/\/blog-clarel.imgix.net\/uploads\/2024\/07\/crema-glicerina.jpg?auto=format%2Ccompress&ixlib=php-3.3.0\",\"datePublished\":\"2024-04-06T09:48:17+00:00\",\"dateModified\":\"2025-09-03T11:06:12+00:00\",\"description\":\"Explora con nosotros las propiedades y los beneficios de la crema con glicerina, su uso en cosm\u00e9tica y c\u00f3mo incorporarla a tu rutina diaria.\",\"breadcrumb\":{\"@id\":\"https:\/\/www.clarel.es\/blog\/crema-glicerina\/#breadcrumb\"},\"inLanguage\":\"es\",\"potentialAction\":[{\"@type\":\"ReadAction\",\"target\":[\"https:\/\/www.clarel.es\/blog\/crema-glicerina\/\"]}]},{\"@type\":\"ImageObject\",\"inLanguage\":\"es\",\"@id\":\"https:\/\/www.clarel.es\/blog\/crema-glicerina\/#primaryimage\",\"url\":\"https:\/\/blog-clarel.imgix.net\/uploads\/2024\/07\/crema-glicerina.jpg?auto=format%2Ccompress&ixlib=php-3.3.0\",\"contentUrl\":\"https:\/\/blog-clarel.imgix.net\/uploads\/2024\/07\/crema-glicerina.jpg?auto=format%2Ccompress&ixlib=php-3.3.0\",\"width\":800,\"height\":500},{\"@type\":\"BreadcrumbList\",\"@id\":\"https:\/\/www.clarel.es\/blog\/crema-glicerina\/#breadcrumb\",\"itemListElement\":[{\"@type\":\"ListItem\",\"position\":1,\"name\":\"Portada\",\"item\":\"https:\/\/www.clarel.es\/blog\/\"},{\"@type\":\"ListItem\",\"position\":2,\"name\":\"Gu\u00eda Completa sobre la Crema con Glicerina: Beneficios y Usos\"}]},{\"@type\":\"WebSite\",\"@id\":\"https:\/\/www.clarel.es\/blog\/#website\",\"url\":\"https:\/\/www.clarel.es\/blog\/\",\"name\":\"Clarel\",\"description\":\"Tienda Online de perfumeria, cosmetica, maquillaje y hogar.\",\"publisher\":{\"@id\":\"https:\/\/www.clarel.es\/blog\/#organization\"},\"potentialAction\":[{\"@type\":\"SearchAction\",\"target\":{\"@type\":\"EntryPoint\",\"urlTemplate\":\"https:\/\/www.clarel.es\/blog\/?s={search_term_string}\"},\"query-input\":{\"@type\":\"PropertyValueSpecification\",\"valueRequired\":true,\"valueName\":\"search_term_string\"}}],\"inLanguage\":\"es\"},{\"@type\":\"Organization\",\"@id\":\"https:\/\/www.clarel.es\/blog\/#organization\",\"name\":\"Clarel\",\"url\":\"https:\/\/www.clarel.es\/blog\/\",\"logo\":{\"@type\":\"ImageObject\",\"inLanguage\":\"es\",\"@id\":\"https:\/\/www.clarel.es\/blog\/#\/schema\/logo\/image\/\",\"url\":\"https:\/\/clarel-test.ezenit.link\/blog\/wp-content\/uploads\/2022\/08\/logo_clarel.png\",\"contentUrl\":\"https:\/\/clarel-test.ezenit.link\/blog\/wp-content\/uploads\/2022\/08\/logo_clarel.png\",\"width\":432,\"height\":101,\"caption\":\"Clarel\"},\"image\":{\"@id\":\"https:\/\/www.clarel.es\/blog\/#\/schema\/logo\/image\/\"}}]}<\/script>\n<!-- \/ Yoast SEO plugin. -->","yoast_head_json":{"title":"Crema con Glicerina: Hidrataci\u00f3n Profunda | Clarel","description":"Explora con nosotros las propiedades y los beneficios de la crema con glicerina, su uso en cosm\u00e9tica y c\u00f3mo incorporarla a tu rutina diaria.","robots":{"index":"index","follow":"follow","max-snippet":"max-snippet:-1","max-image-preview":"max-image-preview:large","max-video-preview":"max-video-preview:-1"},"canonical":"https:\/\/www.clarel.es\/blog\/crema-glicerina\/","og_locale":"es_ES","og_type":"article","og_title":"Crema con Glicerina: Hidrataci\u00f3n Profunda | Clarel","og_description":"Explora con nosotros las propiedades y los beneficios de la crema con glicerina, su uso en cosm\u00e9tica y c\u00f3mo incorporarla a tu rutina diaria.","og_url":"https:\/\/www.clarel.es\/blog\/crema-glicerina\/","og_site_name":"Clarel","article_published_time":"2024-04-06T09:48:17+00:00","article_modified_time":"2025-09-03T11:06:12+00:00","og_image":[{"width":800,"height":500,"url":"https:\/\/blog-clarel.imgix.net\/uploads\/2024\/07\/crema-glicerina.jpg?auto=format%2Ccompress&ixlib=php-3.3.0","type":"image\/jpeg"}],"twitter_card":"summary_large_image","schema":{"@context":"https:\/\/schema.org","@graph":[{"@type":"Article","@id":"https:\/\/www.clarel.es\/blog\/crema-glicerina\/#article","isPartOf":{"@id":"https:\/\/www.clarel.es\/blog\/crema-glicerina\/"},"author":{"name":"Clarel","@id":"https:\/\/www.clarel.es\/blog"},"headline":"Gu\u00eda Completa sobre la Crema con Glicerina: Beneficios y Usos","datePublished":"2024-04-06T09:48:17+00:00","dateModified":"2025-09-03T11:06:12+00:00","mainEntityOfPage":{"@id":"https:\/\/www.clarel.es\/blog\/crema-glicerina\/"},"wordCount":1116,"publisher":{"@id":"https:\/\/www.clarel.es\/blog\/#organization"},"image":{"@id":"https:\/\/www.clarel.es\/blog\/crema-glicerina\/#primaryimage"},"thumbnailUrl":"https:\/\/blog-clarel.imgix.net\/uploads\/2024\/07\/crema-glicerina.jpg?auto=format%2Ccompress&ixlib=php-3.3.0","articleSection":["Cuidado facial","Salud y Bienestar"],"inLanguage":"es"},{"@type":"WebPage","@id":"https:\/\/www.clarel.es\/blog\/crema-glicerina\/","url":"https:\/\/www.clarel.es\/blog\/crema-glicerina\/","name":"Crema con Glicerina: Hidrataci\u00f3n Profunda | Clarel","isPartOf":{"@id":"https:\/\/www.clarel.es\/blog\/#website"},"primaryImageOfPage":{"@id":"https:\/\/www.clarel.es\/blog\/crema-glicerina\/#primaryimage"},"image":{"@id":"https:\/\/www.clarel.es\/blog\/crema-glicerina\/#primaryimage"},"thumbnailUrl":"https:\/\/blog-clarel.imgix.net\/uploads\/2024\/07\/crema-glicerina.jpg?auto=format%2Ccompress&ixlib=php-3.3.0","datePublished":"2024-04-06T09:48:17+00:00","dateModified":"2025-09-03T11:06:12+00:00","description":"Explora con nosotros las propiedades y los beneficios de la crema con glicerina, su uso en cosm\u00e9tica y c\u00f3mo incorporarla a tu rutina diaria.","breadcrumb":{"@id":"https:\/\/www.clarel.es\/blog\/crema-glicerina\/#breadcrumb"},"inLanguage":"es","potentialAction":[{"@type":"ReadAction","target":["https:\/\/www.clarel.es\/blog\/crema-glicerina\/"]}]},{"@type":"ImageObject","inLanguage":"es","@id":"https:\/\/www.clarel.es\/blog\/crema-glicerina\/#primaryimage","url":"https:\/\/blog-clarel.imgix.net\/uploads\/2024\/07\/crema-glicerina.jpg?auto=format%2Ccompress&ixlib=php-3.3.0","contentUrl":"https:\/\/blog-clarel.imgix.net\/uploads\/2024\/07\/crema-glicerina.jpg?auto=format%2Ccompress&ixlib=php-3.3.0","width":800,"height":500},{"@type":"BreadcrumbList","@id":"https:\/\/www.clarel.es\/blog\/crema-glicerina\/#breadcrumb","itemListElement":[{"@type":"ListItem","position":1,"name":"Portada","item":"https:\/\/www.clarel.es\/blog\/"},{"@type":"ListItem","position":2,"name":"Gu\u00eda Completa sobre la Crema con Glicerina: Beneficios y Usos"}]},{"@type":"WebSite","@id":"https:\/\/www.clarel.es\/blog\/#website","url":"https:\/\/www.clarel.es\/blog\/","name":"Clarel","description":"Tienda Online de perfumeria, cosmetica, maquillaje y hogar.","publisher":{"@id":"https:\/\/www.clarel.es\/blog\/#organization"},"potentialAction":[{"@type":"SearchAction","target":{"@type":"EntryPoint","urlTemplate":"https:\/\/www.clarel.es\/blog\/?s={search_term_string}"},"query-input":{"@type":"PropertyValueSpecification","valueRequired":true,"valueName":"search_term_string"}}],"inLanguage":"es"},{"@type":"Organization","@id":"https:\/\/www.clarel.es\/blog\/#organization","name":"Clarel","url":"https:\/\/www.clarel.es\/blog\/","logo":{"@type":"ImageObject","inLanguage":"es","@id":"https:\/\/www.clarel.es\/blog\/#\/schema\/logo\/image\/","url":"https:\/\/clarel-test.ezenit.link\/blog\/wp-content\/uploads\/2022\/08\/logo_clarel.png","contentUrl":"https:\/\/clarel-test.ezenit.link\/blog\/wp-content\/uploads\/2022\/08\/logo_clarel.png","width":432,"height":101,"caption":"Clarel"},"image":{"@id":"https:\/\/www.clarel.es\/blog\/#\/schema\/logo\/image\/"}}]}},"_links":{"self":[{"href":"https:\/\/www.clarel.es\/blog\/wp-json\/wp\/v2\/posts\/8613","targetHints":{"allow":["GET"]}}],"collection":[{"href":"https:\/\/www.clarel.es\/blog\/wp-json\/wp\/v2\/posts"}],"about":[{"href":"https:\/\/www.clarel.es\/blog\/wp-json\/wp\/v2\/types\/post"}],"author":[{"embeddable":true,"href":"https:\/\/www.clarel.es\/blog\/wp-json\/wp\/v2\/users\/5"}],"replies":[{"embeddable":true,"href":"https:\/\/www.clarel.es\/blog\/wp-json\/wp\/v2\/comments?post=8613"}],"version-history":[{"count":16,"href":"https:\/\/www.clarel.es\/blog\/wp-json\/wp\/v2\/posts\/8613\/revisions"}],"predecessor-version":[{"id":16298,"href":"https:\/\/www.clarel.es\/blog\/wp-json\/wp\/v2\/posts\/8613\/revisions\/16298"}],"wp:featuredmedia":[{"embeddable":true,"href":"https:\/\/www.clarel.es\/blog\/wp-json\/wp\/v2\/media\/8614"}],"wp:attachment":[{"href":"https:\/\/www.clarel.es\/blog\/wp-json\/wp\/v2\/media?parent=8613"}],"wp:term":[{"taxonomy":"category","embeddable":true,"href":"https:\/\/www.clarel.es\/blog\/wp-json\/wp\/v2\/categories?post=8613"},{"taxonomy":"post_tag","embeddable":true,"href":"https:\/\/www.clarel.es\/blog\/wp-json\/wp\/v2\/tags?post=8613"}],"curies":[{"name":"wp","href":"https:\/\/api.w.org\/{rel}","templated":true}]}}