{"id":8015,"date":"2024-04-04T10:32:48","date_gmt":"2024-04-04T10:32:48","guid":{"rendered":"https:\/\/www.clarel.es\/blog\/?p=8015"},"modified":"2025-09-03T11:05:56","modified_gmt":"2025-09-03T11:05:56","slug":"anticeluliticos","status":"publish","type":"post","link":"https:\/\/www.clarel.es\/blog\/anticeluliticos\/","title":{"rendered":"Combate la celulitis con los mejores anticelul\u00edticos"},"content":{"rendered":"\t\t<div data-elementor-type=\"wp-post\" data-elementor-id=\"8015\" class=\"elementor elementor-8015\" data-elementor-post-type=\"post\">\n\t\t\t\t<div class=\"elementor-element elementor-element-7314fcd2 e-flex e-con-boxed e-con e-parent\" data-id=\"7314fcd2\" data-element_type=\"container\">\n\t\t\t\t\t<div class=\"e-con-inner\">\n\t\t\t\t<div class=\"elementor-element elementor-element-a2510d1 elementor-widget elementor-widget-text-editor\" data-id=\"a2510d1\" data-element_type=\"widget\" data-widget_type=\"text-editor.default\">\n\t\t\t\t<div class=\"elementor-widget-container\">\n\t\t\t\t\t\t\t\t\t<div style=\"margin: 0px;padding: 0px;border: 0px;font-size: 14px;vertical-align: baseline;background: 50% center \/ cover no-repeat #ffffff;position: relative;font-family: Poppins, Helvetica, Arial, Lucida, sans-serif;text-align: left;color: #666666;font-style: normal;font-weight: 500;letter-spacing: normal;text-indent: 0px;text-transform: none\"><div style=\"margin: 0px;padding: 0px;border: 0px;font-size: 14px;vertical-align: baseline;background: transparent;position: relative\"><span style=\"background-color: transparent;color: #f5a573;font-family: 'Gelica Light', Helvetica, Arial, Lucida, sans-serif;font-size: 26px\">Combate la celulitis con los mejores cremas anticelul\u00edticas<\/span><\/div><\/div>\t\t\t\t\t\t\t\t<\/div>\n\t\t\t\t<\/div>\n\t\t\t\t<div class=\"elementor-element elementor-element-1c9a6d8 elementor-widget elementor-widget-text-editor\" data-id=\"1c9a6d8\" data-element_type=\"widget\" data-widget_type=\"text-editor.default\">\n\t\t\t\t<div class=\"elementor-widget-container\">\n\t\t\t\t\t\t\t\t\t<div><div><div><div><p><span style=\"color: #666666;font-family: Poppins, Helvetica, Arial, Lucida, sans-serif;font-size: 14px;background: transparent;margin: 0px;padding: 0px;border: 0px;vertical-align: baseline\">La lucha contra la celulitis es una preocupaci\u00f3n para muchas personas. Las celulitis o tambi\u00e9n conocidas como piel de naranja, es la\u00a0<\/span><b style=\"color: #666666;font-family: Poppins, Helvetica, Arial, Lucida, sans-serif;font-size: 14px;background: transparent;margin: 0px;padding: 0px;border: 0px;vertical-align: baseline\">apariencia desigual y abultada en \u00e1reas<\/b><span style=\"color: #666666;font-family: Poppins, Helvetica, Arial, Lucida, sans-serif;font-size: 14px;background: transparent;margin: 0px;padding: 0px;border: 0px;vertical-align: baseline\">\u00a0como gl\u00fateos, caderas y muslos.\u00a0<\/span><\/p><p style=\"margin: 0px;padding: 0px 0px 1em;border: 0px;font-size: 14px;vertical-align: baseline;background-image: initial;background-position: initial;background-size: initial;background-repeat: initial;background-attachment: initial;color: #666666;font-family: Poppins, Helvetica, Arial, Lucida, sans-serif\"><span style=\"margin: 0px;padding: 0px;border: 0px;vertical-align: baseline;background: transparent\">La apariencia de estas grasas puede afectar la confianza y el bienestar de algunos hombres y mujeres. Por ello, muchas personas recurren a alg\u00fan producto anticelul\u00edtico para tratar de reducirlas y lograr una piel m\u00e1s lisa.<\/span><\/p><p style=\"margin: 0px;padding: 0px;border: 0px;font-size: 14px;vertical-align: baseline;background-image: initial;background-position: initial;background-size: initial;background-repeat: initial;background-attachment: initial;color: #666666;font-family: Poppins, Helvetica, Arial, Lucida, sans-serif\"><span style=\"margin: 0px;padding: 0px;border: 0px;vertical-align: baseline;background: transparent\">En los \u00faltimos a\u00f1os la\u00a0<\/span><b style=\"margin: 0px;padding: 0px;border: 0px;vertical-align: baseline;background: transparent\">cosm\u00e9tica anticelul\u00edtica ha evolucionado\u00a0<\/b><span style=\"margin: 0px;padding: 0px;border: 0px;vertical-align: baseline;background: transparent\">mucho y en el mercado hay diferentes opciones para combatirlas los cuales prometen resultados visibles y duraderos. No obstante, a este punto queremos resaltar que no todas las cremas son iguales.\u00a0<\/span><\/p><\/div><\/div><\/div><\/div>\t\t\t\t\t\t\t\t<\/div>\n\t\t\t\t<\/div>\n\t\t\t\t<div class=\"elementor-element elementor-element-5595a0e elementor-widget elementor-widget-text-editor\" data-id=\"5595a0e\" data-element_type=\"widget\" data-widget_type=\"text-editor.default\">\n\t\t\t\t<div class=\"elementor-widget-container\">\n\t\t\t\t\t\t\t\t\t<div style=\"margin: 0px;padding: 0px;border: 0px;font-size: 14px;vertical-align: baseline;background: 50% center \/ cover no-repeat #ffffff;position: relative;font-family: Poppins, Helvetica, Arial, Lucida, sans-serif;text-align: left;color: #666666;font-style: normal;font-weight: 500;letter-spacing: normal;text-indent: 0px;text-transform: none\"><div style=\"margin: 0px;padding: 0px;border: 0px;font-size: 14px;vertical-align: baseline;background: transparent;position: relative\"><span style=\"background-color: transparent;color: #ef7a50;font-family: 'Gelica Light', Helvetica, Arial, Lucida, sans-serif;font-size: 26px\">Entendiendo la celulitis: Causas y tratamientos<\/span><\/div><\/div>\t\t\t\t\t\t\t\t<\/div>\n\t\t\t\t<\/div>\n\t\t\t\t<div class=\"elementor-element elementor-element-f1fe97c elementor-widget elementor-widget-text-editor\" data-id=\"f1fe97c\" data-element_type=\"widget\" data-widget_type=\"text-editor.default\">\n\t\t\t\t<div class=\"elementor-widget-container\">\n\t\t\t\t\t\t\t\t\t<div><div><div><div><p><span style=\"color: #666666;font-family: Poppins, Helvetica, Arial, Lucida, sans-serif;font-size: 14px;background-image: initial;background-position: initial;background-size: initial;background-repeat: initial;background-attachment: initial;margin: 0px;padding: 0px;border: 0px;vertical-align: baseline\">La celulitis es una condici\u00f3n com\u00fan de la piel que se caracteriza por la<\/span><b style=\"color: #666666;font-family: Poppins, Helvetica, Arial, Lucida, sans-serif;font-size: 14px;background-image: initial;background-position: initial;background-size: initial;background-repeat: initial;background-attachment: initial;margin: 0px;padding: 0px;border: 0px;vertical-align: baseline\">\u00a0apariencia de hoyuelos, ubicadas en partes de nuestro cuerpo\u00a0<\/b><span style=\"color: #666666;font-family: Poppins, Helvetica, Arial, Lucida, sans-serif;font-size: 14px;background-image: initial;background-position: initial;background-size: initial;background-repeat: initial;background-attachment: initial;margin: 0px;padding: 0px;border: 0px;vertical-align: baseline\">como: los muslos, las caderas, los gl\u00fateos y el abdomen. Si bien no representa ning\u00fan riesgo para nuestra salud, puede resultar una preocupaci\u00f3n est\u00e9tica.\u00a0<\/span><\/p><\/div><\/div><\/div><\/div>\t\t\t\t\t\t\t\t<\/div>\n\t\t\t\t<\/div>\n\t\t\t\t<div class=\"elementor-element elementor-element-3e9c020 elementor-widget elementor-widget-text-editor\" data-id=\"3e9c020\" data-element_type=\"widget\" data-widget_type=\"text-editor.default\">\n\t\t\t\t<div class=\"elementor-widget-container\">\n\t\t\t\t\t\t\t\t\t<div style=\"margin: 0px;padding: 0px;border: 0px;font-size: 14px;vertical-align: baseline;background: 50% center \/ cover no-repeat #ffffff;position: relative;font-family: Poppins, Helvetica, Arial, Lucida, sans-serif;text-align: left;color: #666666;font-style: normal;font-weight: 500;letter-spacing: normal;text-indent: 0px;text-transform: none\"><span style=\"color: #f5a573;font-size: 17px\">Causas de la celulitis:<\/span><\/div>\t\t\t\t\t\t\t\t<\/div>\n\t\t\t\t<\/div>\n\t\t\t\t<div class=\"elementor-element elementor-element-ad4c64d elementor-widget elementor-widget-text-editor\" data-id=\"ad4c64d\" data-element_type=\"widget\" data-widget_type=\"text-editor.default\">\n\t\t\t\t<div class=\"elementor-widget-container\">\n\t\t\t\t\t\t\t\t\t<div><div><div><div><ol style=\"margin: 0px;padding: 0px 0px 23px;font-size: 14px;background-color: #ffffff;line-height: 26px;color: #666666;font-family: Poppins, Helvetica, Arial, Lucida, sans-serif\"><li style=\"margin: 0px;padding: 0px;font-size: 14px;text-align: justify\"><b style=\"margin: 0px;padding: 0px;border: 0px;vertical-align: baseline;background: transparent\">Acumulaci\u00f3n de grasa:<\/b><span style=\"margin: 0px;padding: 0px;border: 0px;vertical-align: baseline;background: transparent\">\u00a0la grasa corporal se puede acumular debajo de la piel, especialmente en \u00e1reas propensas, como los muslos y las caderas.<\/span><\/li><li style=\"margin: 0px;padding: 0px;font-size: 14px;text-align: justify\"><b style=\"margin: 0px;padding: 0px;border: 0px;vertical-align: baseline;background: transparent\">Factores hormonales:\u00a0<\/b><span style=\"margin: 0px;padding: 0px;border: 0px;vertical-align: baseline;background: transparent\">las hormonas pueden desempe\u00f1ar un papel importante en el desarrollo de la celulitis. Por ejemplo, los cambios hormonales durante la pubertad, el embarazo o la menopausia pueden aumentar la probabilidad de desarrollar celulitis.<\/span><\/li><li style=\"margin: 0px;padding: 0px;font-size: 14px;text-align: justify\"><b style=\"margin: 0px;padding: 0px;border: 0px;vertical-align: baseline;background: transparent\">Gen\u00e9tica:\u00a0<\/b><span style=\"margin: 0px;padding: 0px;border: 0px;vertical-align: baseline;background: transparent\">la predisposici\u00f3n gen\u00e9tica tambi\u00e9n puede influir en la aparici\u00f3n de la celulitis.<\/span><\/li><li style=\"margin: 0px;padding: 0px;font-size: 14px;text-align: justify\"><b style=\"margin: 0px;padding: 0px;border: 0px;vertical-align: baseline;background: transparent\">Estilo de vida:\u00a0<\/b><span style=\"margin: 0px;padding: 0px;border: 0px;vertical-align: baseline;background: transparent\">factores como la falta de ejercicio, una dieta poco saludable, el tabaquismo y el estr\u00e9s pueden contribuir al desarrollo de la celulitis.<\/span><\/li><\/ol><p style=\"margin: 0px;padding: 0px;border: 0px;font-size: 14px;vertical-align: baseline;background-image: initial;background-position: initial;background-size: initial;background-repeat: initial;background-attachment: initial;color: #666666;font-family: Poppins, Helvetica, Arial, Lucida, sans-serif;text-align: justify\"><b style=\"margin: 0px;padding: 0px;border: 0px;vertical-align: baseline;background: transparent\">Trastornos de la circulaci\u00f3n venosa:\u00a0<\/b><span style=\"margin: 0px;padding: 0px;border: 0px;vertical-align: baseline;background: transparent\">una mala circulaci\u00f3n puede causar diferentes alteraciones en nuestro cuerpo como la celulitis, ya que la mala circulaci\u00f3n es una de las principales causas.<\/span><\/p><\/div><\/div><\/div><\/div>\t\t\t\t\t\t\t\t<\/div>\n\t\t\t\t<\/div>\n\t\t\t\t<div class=\"elementor-element elementor-element-91d3119 elementor-widget elementor-widget-text-editor\" data-id=\"91d3119\" data-element_type=\"widget\" data-widget_type=\"text-editor.default\">\n\t\t\t\t<div class=\"elementor-widget-container\">\n\t\t\t\t\t\t\t\t\t<div style=\"margin: 0px;padding: 0px;border: 0px;font-size: 14px;vertical-align: baseline;background: 50% center \/ cover no-repeat #ffffff;position: relative;font-family: Poppins, Helvetica, Arial, Lucida, sans-serif;text-align: left;color: #666666;font-style: normal;font-weight: 500;letter-spacing: normal;text-indent: 0px;text-transform: none\"><span style=\"color: #f5a573;font-size: 17px\">Tratamientos de la celulitis:<\/span><\/div>\t\t\t\t\t\t\t\t<\/div>\n\t\t\t\t<\/div>\n\t\t\t\t<div class=\"elementor-element elementor-element-0340348 elementor-widget elementor-widget-text-editor\" data-id=\"0340348\" data-element_type=\"widget\" data-widget_type=\"text-editor.default\">\n\t\t\t\t<div class=\"elementor-widget-container\">\n\t\t\t\t\t\t\t\t\t<div><div><div><div><ol style=\"margin: 0px;padding: 0px 0px 23px;font-size: 14px;background-color: #ffffff;line-height: 26px;color: #666666;font-family: Poppins, Helvetica, Arial, Lucida, sans-serif\"><li style=\"margin: 0px;padding: 0px;font-size: 14px\"><b style=\"margin: 0px;padding: 0px;border: 0px;vertical-align: baseline;background: transparent\">Cambios en el estilo de vida:\u00a0<\/b><span style=\"margin: 0px;padding: 0px;border: 0px;vertical-align: baseline;background: transparent\">es importante que adoptes un estilo de vida m\u00e1s saludable que incluya una rutina de ejercicios combinada a una dieta equilibrada.\u00a0<\/span><\/li><li style=\"margin: 0px;padding: 0px;font-size: 14px\"><b style=\"margin: 0px;padding: 0px;border: 0px;vertical-align: baseline;background: transparent\">Masajes:<\/b><span style=\"margin: 0px;padding: 0px;border: 0px;vertical-align: baseline;background: transparent\">\u00a0Los masajes regulares pueden mejorar la circulaci\u00f3n sangu\u00ednea y reducir la apariencia de la celulitis.<\/span><\/li><li style=\"margin: 0px;padding: 0px;font-size: 14px\"><b style=\"margin: 0px;padding: 0px;border: 0px;vertical-align: baseline;background: transparent\">Cremas y tratamientos t\u00f3picos<\/b><span style=\"margin: 0px;padding: 0px;border: 0px;vertical-align: baseline;background: transparent\">: muchos mercados en los \u00faltimos tiempos han lanzado numerosas cremas que est\u00e1n especialmente dise\u00f1adas para combatir las celulitis y mejorar la firmeza en nuestra piel.<\/span><\/li><li style=\"margin: 0px;padding: 0px;font-size: 14px\"><b style=\"margin: 0px;padding: 0px;border: 0px;vertical-align: baseline;background: transparent\">Procedimientos m\u00e9dicos:<\/b><span style=\"margin: 0px;padding: 0px;border: 0px;vertical-align: baseline;background: transparent\">\u00a0algunos procedimientos m\u00e9dicos, como la liposucci\u00f3n, la terapia con l\u00e1ser y la terapia de radiofrecuencia, pueden ayudar a reducir la celulitis.<\/span><\/li><li style=\"margin: 0px;padding: 0px;font-size: 14px\"><b style=\"margin: 0px;padding: 0px;border: 0px;vertical-align: baseline;background: transparent\">Radiofrecuencia:<\/b><span style=\"margin: 0px;padding: 0px;border: 0px;vertical-align: baseline;background: transparent\">\u00a0ayuda a la regeneraci\u00f3n del col\u00e1geno y mejora la elasticidad de la piel, reduciendo las toxinas y en el tejido adiposo.<\/span><\/li><\/ol><\/div><\/div><\/div><\/div>\t\t\t\t\t\t\t\t<\/div>\n\t\t\t\t<\/div>\n\t\t\t\t<div class=\"elementor-element elementor-element-0758065 elementor-widget elementor-widget-text-editor\" data-id=\"0758065\" data-element_type=\"widget\" data-widget_type=\"text-editor.default\">\n\t\t\t\t<div class=\"elementor-widget-container\">\n\t\t\t\t\t\t\t\t\t<div style=\"margin: 0px;padding: 0px;border: 0px;font-size: 14px;vertical-align: baseline;background: 50% center \/ cover no-repeat #ffffff;position: relative;font-family: Poppins, Helvetica, Arial, Lucida, sans-serif;text-align: left;color: #666666;font-style: normal;font-weight: 500;letter-spacing: normal;text-indent: 0px;text-transform: none\"><div style=\"margin: 0px;padding: 0px;border: 0px;font-size: 14px;vertical-align: baseline;background: transparent;position: relative\"><span style=\"background-color: transparent;color: #ef7a50;font-family: 'Gelica Light', Helvetica, Arial, Lucida, sans-serif;font-size: 26px\">\u00bfQu\u00e9 son los anticelul\u00edticos y c\u00f3mo funcionan?<\/span><\/div><\/div>\t\t\t\t\t\t\t\t<\/div>\n\t\t\t\t<\/div>\n\t\t\t\t<div class=\"elementor-element elementor-element-92896ce elementor-widget elementor-widget-text-editor\" data-id=\"92896ce\" data-element_type=\"widget\" data-widget_type=\"text-editor.default\">\n\t\t\t\t<div class=\"elementor-widget-container\">\n\t\t\t\t\t\t\t\t\t<div><div><div><div><p><span style=\"color: #666666;font-family: Poppins, Helvetica, Arial, Lucida, sans-serif;font-size: 14px;background: transparent;margin: 0px;padding: 0px;border: 0px;vertical-align: baseline\">Los anticelul\u00edticos son\u00a0<\/span><b style=\"color: #666666;font-family: Poppins, Helvetica, Arial, Lucida, sans-serif;font-size: 14px;background: transparent;margin: 0px;padding: 0px;border: 0px;vertical-align: baseline\">productos cosm\u00e9ticos dise\u00f1ados para ayudar a reducir la apariencia de la celulitis\u00a0<\/b><span style=\"color: #666666;font-family: Poppins, Helvetica, Arial, Lucida, sans-serif;font-size: 14px;background: transparent;margin: 0px;padding: 0px;border: 0px;vertical-align: baseline\">en la piel. Sus ingredientes ayudan a alisar la piel de naranja y los n\u00f3dulos de grasa, rompi\u00e9ndose y descomponi\u00e9ndose. Algunos de sus activos son: la cafe\u00edna, la L-Carnitina, el rusco, la escina o la centella asi\u00e1tica.<\/span><\/p><p style=\"margin: 0px;padding: 0px 0px 1em;border: 0px;font-size: 14px;vertical-align: baseline;background-image: initial;background-position: initial;background-size: initial;background-repeat: initial;background-attachment: initial;color: #666666;font-family: Poppins, Helvetica, Arial, Lucida, sans-serif\"><span style=\"margin: 0px;padding: 0px;border: 0px;vertical-align: baseline;background: transparent\">Muchos de los activos que forman parte de las cremas anticelul\u00edticas\u00a0<\/span><b style=\"margin: 0px;padding: 0px;border: 0px;vertical-align: baseline;background: transparent\">eliminan el exceso de agua, activan y mejoran la circulaci\u00f3n sangu\u00ednea<\/b><span style=\"margin: 0px;padding: 0px;border: 0px;vertical-align: baseline;background: transparent\">. Ayudando a reducir el aspecto de piel naranja y hoyuelos.<\/span><\/p><p style=\"margin: 0px;padding: 0px;border: 0px;font-size: 14px;vertical-align: baseline;background-image: initial;background-position: initial;background-size: initial;background-repeat: initial;background-attachment: initial;color: #666666;font-family: Poppins, Helvetica, Arial, Lucida, sans-serif\"><span style=\"margin: 0px;padding: 0px;border: 0px;vertical-align: baseline;background: transparent\">Se recomienda usar estas cremas durante el d\u00eda y la noche lo ideal es hacerlo en las<\/span><b style=\"margin: 0px;padding: 0px;border: 0px;vertical-align: baseline;background: transparent\">\u00a0zonas afectadas\u00a0<\/b><span style=\"margin: 0px;padding: 0px;border: 0px;vertical-align: baseline;background: transparent\">como: muslos, caderas y gl\u00fateos. Al momento de aplicar las cremas debes realizar masajes de forma ascendente y circular. Este movimiento ayuda a impregnar mejor el producto.<\/span><\/p><\/div><\/div><\/div><\/div>\t\t\t\t\t\t\t\t<\/div>\n\t\t\t\t<\/div>\n\t\t\t\t<div class=\"elementor-element elementor-element-f91825a elementor-widget elementor-widget-image\" data-id=\"f91825a\" data-element_type=\"widget\" data-widget_type=\"image.default\">\n\t\t\t\t<div class=\"elementor-widget-container\">\n\t\t\t\t\t\t\t\t\t\t\t\t\t\t\t<img decoding=\"async\" src=\"https:\/\/blog-clarel.imgix.net\/2024\/04\/crema-anticelulitica-y-reafirmante.jpg\" title=\"\" alt=\"\" loading=\"lazy\" \/>\t\t\t\t\t\t\t\t\t\t\t\t\t\t\t<\/div>\n\t\t\t\t<\/div>\n\t\t\t\t<div class=\"elementor-element elementor-element-394e79a elementor-widget elementor-widget-text-editor\" data-id=\"394e79a\" data-element_type=\"widget\" data-widget_type=\"text-editor.default\">\n\t\t\t\t<div class=\"elementor-widget-container\">\n\t\t\t\t\t\t\t\t\t<div style=\"margin: 0px;padding: 0px;border: 0px;font-size: 14px;vertical-align: baseline;background: 50% center \/ cover no-repeat #ffffff;position: relative;font-family: Poppins, Helvetica, Arial, Lucida, sans-serif;text-align: left;color: #666666;font-style: normal;font-weight: 500;letter-spacing: normal;text-indent: 0px;text-transform: none\"><div style=\"margin: 0px;padding: 0px;border: 0px;font-size: 14px;vertical-align: baseline;background: transparent;position: relative\"><span style=\"background-color: transparent;color: #ef7a50;font-family: 'Gelica Light', Helvetica, Arial, Lucida, sans-serif;font-size: 26px\">Mejores cremas anti celulitis y reafirmantes<\/span><\/div><\/div>\t\t\t\t\t\t\t\t<\/div>\n\t\t\t\t<\/div>\n\t\t\t\t<div class=\"elementor-element elementor-element-47554d8 elementor-widget elementor-widget-text-editor\" data-id=\"47554d8\" data-element_type=\"widget\" data-widget_type=\"text-editor.default\">\n\t\t\t\t<div class=\"elementor-widget-container\">\n\t\t\t\t\t\t\t\t\t<div><div><div><div><p><span style=\"color: #666666;font-family: Poppins, Helvetica, Arial, Lucida, sans-serif;font-size: 14px;background: transparent;margin: 0px;padding: 0px;border: 0px;vertical-align: baseline\">En la b\u00fasqueda constante de\u00a0<\/span><b style=\"color: #666666;font-family: Poppins, Helvetica, Arial, Lucida, sans-serif;font-size: 14px;background: transparent;margin: 0px;padding: 0px;border: 0px;vertical-align: baseline\">una piel firme, suave y sin imperfecciones<\/b><span style=\"color: #666666;font-family: Poppins, Helvetica, Arial, Lucida, sans-serif;font-size: 14px;background: transparent;margin: 0px;padding: 0px;border: 0px;vertical-align: baseline\">. Por ello, las cremas anticelulitis y reafirmantes se han convertido en aliadas indispensables para muchas personas que buscan mejorar la apariencia de las celulitis.\u00a0<\/span><\/p><p style=\"margin: 0px;padding: 0px;border: 0px;font-size: 14px;vertical-align: baseline;background-image: initial;background-position: initial;background-size: initial;background-repeat: initial;background-attachment: initial;color: #666666;font-family: Poppins, Helvetica, Arial, Lucida, sans-serif\"><span style=\"margin: 0px;padding: 0px;border: 0px;vertical-align: baseline;background: transparent\">Ya sea buscando reducir la apariencia de la celulitis en muslos, gl\u00fateos, abdomen u otras \u00e1reas problem\u00e1ticas, o bien, aspirando a una\u00a0<\/span><b style=\"margin: 0px;padding: 0px;border: 0px;vertical-align: baseline;background: transparent\">piel m\u00e1s firme y tonificada<\/b><span style=\"margin: 0px;padding: 0px;border: 0px;vertical-align: baseline;background: transparent\">, el mercado ofrece una amplia gama de opciones dise\u00f1adas para satisfacer las necesidades espec\u00edficas de cada individuo.<\/span><\/p><\/div><\/div><\/div><\/div>\t\t\t\t\t\t\t\t<\/div>\n\t\t\t\t<\/div>\n\t\t\t\t<div class=\"elementor-element elementor-element-5862095 elementor-widget elementor-widget-text-editor\" data-id=\"5862095\" data-element_type=\"widget\" data-widget_type=\"text-editor.default\">\n\t\t\t\t<div class=\"elementor-widget-container\">\n\t\t\t\t\t\t\t\t\t<div style=\"margin: 0px;padding: 0px;border: 0px;font-size: 14px;vertical-align: baseline;background: 50% center \/ cover no-repeat #ffffff;position: relative;font-family: Poppins, Helvetica, Arial, Lucida, sans-serif;text-align: left;color: #666666;font-style: normal;font-weight: 500;letter-spacing: normal;text-indent: 0px;text-transform: none\"><span style=\"background-color: transparent;color: #f5a573;font-family: 'Gelica Light', Helvetica, Arial, Lucida, sans-serif;font-size: 19px\">Gel anticelul\u00edtico efecto fr\u00edo Bonte 200 ml<\/span><\/div>\t\t\t\t\t\t\t\t<\/div>\n\t\t\t\t<\/div>\n\t\t\t\t<div class=\"elementor-element elementor-element-a30538f elementor-widget elementor-widget-text-editor\" data-id=\"a30538f\" data-element_type=\"widget\" data-widget_type=\"text-editor.default\">\n\t\t\t\t<div class=\"elementor-widget-container\">\n\t\t\t\t\t\t\t\t\t<div><div><div><div><p><span style=\"color: #666666;font-family: Poppins, Helvetica, Arial, Lucida, sans-serif;font-size: 14px\">Formulada con extractos vegetales y complejos de algas que ayudan con la hidrataci\u00f3n de la piel. Dejando la piel suave y reduciendo signos de la celulitis. Logrando una piel reafirmada y tonificada. Dise\u00f1ada con efecto fr\u00edo. Ideal para cualquier tipo de piel. Dermatol\u00f3gicamente testado.<\/span><\/p><\/div><\/div><\/div><\/div>\t\t\t\t\t\t\t\t<\/div>\n\t\t\t\t<\/div>\n\t\t<div class=\"elementor-element elementor-element-07c26a4 e-con-full e-flex e-con e-child\" data-id=\"07c26a4\" data-element_type=\"container\">\n\t\t<div class=\"elementor-element elementor-element-2b1c0d6 e-con-full e-flex e-con e-child\" data-id=\"2b1c0d6\" data-element_type=\"container\">\n\t\t\t\t<div class=\"elementor-element elementor-element-f8024a9 elementor-cta--layout-image-right elementor-widget__width-initial elementor-cta--skin-classic elementor-animated-content elementor-widget elementor-widget-call-to-action\" data-id=\"f8024a9\" data-element_type=\"widget\" data-widget_type=\"call-to-action.default\">\n\t\t\t\t<div class=\"elementor-widget-container\">\n\t\t\t\t\t\t\t<a class=\"elementor-cta\" href=\"https:\/\/www.clarel.es\/es\/gel-anticelulitico-efecto-frio-bonte-200-ml\" target=\"_blank\">\n\t\t\t\t\t\t\t<div class=\"elementor-cta__content\">\n\t\t\t\t\t\t\t\t\t<div class=\"elementor-content-item elementor-cta__content-item elementor-cta__image\">\n\t\t\t\t\t\t<img decoding=\"async\" src=\"https:\/\/clarel.imgix.net\/media\/catalog\/product\/2\/8\/282752_01_c314.jpg\" title=\"\" alt=\"\" loading=\"lazy\" \/>\t\t\t\t\t<\/div>\n\t\t\t\t\n\t\t\t\t\t\t\t\t\t<div class=\"elementor-cta__title elementor-cta__content-item elementor-content-item\">\n\t\t\t\t\t\tBONT\u00c9\t\t\t\t\t<\/div>\n\t\t\t\t\n\t\t\t\t\t\t\t\t\t<div class=\"elementor-cta__description elementor-cta__content-item elementor-content-item\">\n\t\t\t\t\t\tGel Anticelul\u00edtico Efecto Fr\u00edo<BR> <BR>\n<span style=\"font-size: 13pt\"><b>5,49\u20ac<\/span> <\/b>\t\t\t\t\t<\/div>\n\t\t\t\t\n\t\t\t\t\t\t\t\t\t<div class=\"elementor-cta__button-wrapper elementor-cta__content-item elementor-content-item \">\n\t\t\t\t\t<span class=\"elementor-cta__button elementor-button elementor-size-\">\n\t\t\t\t\t\tCOMPRAR\t\t\t\t\t<\/span>\n\t\t\t\t\t<\/div>\n\t\t\t\t\t\t\t<\/div>\n\t\t\t\t\t\t<\/a>\n\t\t\t\t\t\t<\/div>\n\t\t\t\t<\/div>\n\t\t\t\t<\/div>\n\t\t\t\t<\/div>\n\t\t<div class=\"elementor-element elementor-element-a82eb48 e-con-full e-flex e-con e-child\" data-id=\"a82eb48\" data-element_type=\"container\">\n\t\t\t\t<div class=\"elementor-element elementor-element-ec54055 elementor-widget elementor-widget-text-editor\" data-id=\"ec54055\" data-element_type=\"widget\" data-widget_type=\"text-editor.default\">\n\t\t\t\t<div class=\"elementor-widget-container\">\n\t\t\t\t\t\t\t\t\t<div style=\"margin: 0px;padding: 0px;border: 0px;font-size: 14px;vertical-align: baseline;background: 50% center \/ cover no-repeat #ffffff;position: relative;font-family: Poppins, Helvetica, Arial, Lucida, sans-serif;text-align: left;color: #666666;font-style: normal;font-weight: 500;letter-spacing: normal;text-indent: 0px;text-transform: none\"><span style=\"background-color: transparent;color: #f5a573;font-family: 'Gelica Light', Helvetica, Arial, Lucida, sans-serif;font-size: 19px\">Leche corporal LACTOVIT reafirmante bote 400 ml<\/span><\/div>\t\t\t\t\t\t\t\t<\/div>\n\t\t\t\t<\/div>\n\t\t\t\t<div class=\"elementor-element elementor-element-25b90e7 elementor-widget elementor-widget-text-editor\" data-id=\"25b90e7\" data-element_type=\"widget\" data-widget_type=\"text-editor.default\">\n\t\t\t\t<div class=\"elementor-widget-container\">\n\t\t\t\t\t\t\t\t\t<div><div><div><div><p><span style=\"color: #666666;font-family: Poppins, Helvetica, Arial, Lucida, sans-serif;font-size: 14px\">Cuenta con ingredientes que act\u00faan de forma eficaz sobre tu piel. Uno de sus ingredientes es la cafe\u00edna pura, la cual ofrece un aspecto m\u00e1s firme, luminoso y saludable desde la primera aplicaci\u00f3n. Del mismo modo, cuenta con otro gran ingrediente como protein calcium, una tecnolog\u00eda exclusiva con calcio y prote\u00ednas de la leche.<\/span><\/p><\/div><\/div><\/div><\/div>\t\t\t\t\t\t\t\t<\/div>\n\t\t\t\t<\/div>\n\t\t\t\t<\/div>\n\t\t<div class=\"elementor-element elementor-element-752c174 e-con-full e-flex e-con e-child\" data-id=\"752c174\" data-element_type=\"container\">\n\t\t<div class=\"elementor-element elementor-element-13143e7 e-con-full e-flex e-con e-child\" data-id=\"13143e7\" data-element_type=\"container\">\n\t\t\t\t<div class=\"elementor-element elementor-element-c5a59b1 elementor-cta--layout-image-right elementor-widget__width-initial elementor-cta--skin-classic elementor-animated-content elementor-widget elementor-widget-call-to-action\" data-id=\"c5a59b1\" data-element_type=\"widget\" data-widget_type=\"call-to-action.default\">\n\t\t\t\t<div class=\"elementor-widget-container\">\n\t\t\t\t\t\t\t<a class=\"elementor-cta\" href=\"https:\/\/www.clarel.es\/es\/locion-lactovit-reafirmante-400ml-173072\" target=\"_blank\">\n\t\t\t\t\t\t\t<div class=\"elementor-cta__content\">\n\t\t\t\t\t\t\t\t\t<div class=\"elementor-content-item elementor-cta__content-item elementor-cta__image\">\n\t\t\t\t\t\t<img decoding=\"async\" src=\"https:\/\/clarel.imgix.net\/media\/catalog\/product\/L\/o\/Locion_Lactovit_Reafirmante_400ml_8eb0d427485101d1c5ffa41af33bfb95a5775a04_173072_1.jpg\" title=\"\" alt=\"\" loading=\"lazy\" \/>\t\t\t\t\t<\/div>\n\t\t\t\t\n\t\t\t\t\t\t\t\t\t<div class=\"elementor-cta__title elementor-cta__content-item elementor-content-item\">\n\t\t\t\t\t\tLACTOVIT\t\t\t\t\t<\/div>\n\t\t\t\t\n\t\t\t\t\t\t\t\t\t<div class=\"elementor-cta__description elementor-cta__content-item elementor-content-item\">\n\t\t\t\t\t\tLoci\u00f3n Reafirmante<BR> <BR>\n<span style=\"font-size: 13pt\"><b>4,89\u20ac<\/span> <\/b>\t\t\t\t\t<\/div>\n\t\t\t\t\n\t\t\t\t\t\t\t\t\t<div class=\"elementor-cta__button-wrapper elementor-cta__content-item elementor-content-item \">\n\t\t\t\t\t<span class=\"elementor-cta__button elementor-button elementor-size-\">\n\t\t\t\t\t\tCOMPRAR\t\t\t\t\t<\/span>\n\t\t\t\t\t<\/div>\n\t\t\t\t\t\t\t<\/div>\n\t\t\t\t\t\t<\/a>\n\t\t\t\t\t\t<\/div>\n\t\t\t\t<\/div>\n\t\t\t\t<\/div>\n\t\t\t\t<\/div>\n\t\t<div class=\"elementor-element elementor-element-7dc4b92 e-con-full e-flex e-con e-child\" data-id=\"7dc4b92\" data-element_type=\"container\">\n\t\t\t\t<div class=\"elementor-element elementor-element-319c395 elementor-widget elementor-widget-text-editor\" data-id=\"319c395\" data-element_type=\"widget\" data-widget_type=\"text-editor.default\">\n\t\t\t\t<div class=\"elementor-widget-container\">\n\t\t\t\t\t\t\t\t\t<div style=\"margin: 0px;padding: 0px;border: 0px;font-size: 14px;vertical-align: baseline;background: 50% center \/ cover no-repeat #ffffff;position: relative;font-family: Poppins, Helvetica, Arial, Lucida, sans-serif;text-align: left;color: #666666;font-style: normal;font-weight: 500;letter-spacing: normal;text-indent: 0px;text-transform: none\"><span style=\"background-color: transparent;color: #f5a573;font-family: 'Gelica Light', Helvetica, Arial, Lucida, sans-serif;font-size: 19px\">Loci\u00f3n Reafirmante Nivea Q10\u00a0<\/span><\/div>\t\t\t\t\t\t\t\t<\/div>\n\t\t\t\t<\/div>\n\t\t\t\t<div class=\"elementor-element elementor-element-3be6317 elementor-widget elementor-widget-text-editor\" data-id=\"3be6317\" data-element_type=\"widget\" data-widget_type=\"text-editor.default\">\n\t\t\t\t<div class=\"elementor-widget-container\">\n\t\t\t\t\t\t\t\t\t<div><div><div><div><p><span style=\"color: #666666;font-family: Poppins, Helvetica, Arial, Lucida, sans-serif;font-size: 14px\">El Gel-Crema Reafirmante NIVEA Q10 fortalece la piel, mejorando su flexibilidad y tonicidad, al mismo tiempo que disminuye los indicios de celulitis en tan solo tres semanas. Est\u00e1 formulada con Coenzima Q10 y Extracto de Loto, los cuales estimulan la renovaci\u00f3n celular y convierten la grasa celular en energ\u00eda. Su textura en Gel-Crema se absorbe muy r\u00e1pido.<\/span><\/p><\/div><\/div><\/div><\/div>\t\t\t\t\t\t\t\t<\/div>\n\t\t\t\t<\/div>\n\t\t\t\t<\/div>\n\t\t<div class=\"elementor-element elementor-element-5c97592 e-con-full e-flex e-con e-child\" data-id=\"5c97592\" data-element_type=\"container\">\n\t\t<div class=\"elementor-element elementor-element-e506e90 e-con-full e-flex e-con e-child\" data-id=\"e506e90\" data-element_type=\"container\">\n\t\t\t\t<div class=\"elementor-element elementor-element-ec069a2 elementor-cta--layout-image-right elementor-widget__width-initial elementor-cta--skin-classic elementor-animated-content elementor-widget elementor-widget-call-to-action\" data-id=\"ec069a2\" data-element_type=\"widget\" data-widget_type=\"call-to-action.default\">\n\t\t\t\t<div class=\"elementor-widget-container\">\n\t\t\t\t\t\t\t<a class=\"elementor-cta\" href=\"https:\/\/www.clarel.es\/es\/locion-reafirmante-nivea-q10-corporal-piel-normal-400ml-107121\" target=\"_blank\">\n\t\t\t\t\t\t\t<div class=\"elementor-cta__content\">\n\t\t\t\t\t\t\t\t\t<div class=\"elementor-content-item elementor-cta__content-item elementor-cta__image\">\n\t\t\t\t\t\t<img decoding=\"async\" src=\"https:\/\/clarel.imgix.net\/media\/catalog\/product\/1\/0\/107121_1_4e2a.jpg\" title=\"\" alt=\"\" loading=\"lazy\" \/>\t\t\t\t\t<\/div>\n\t\t\t\t\n\t\t\t\t\t\t\t\t\t<div class=\"elementor-cta__title elementor-cta__content-item elementor-content-item\">\n\t\t\t\t\t\tNIVEA\t\t\t\t\t<\/div>\n\t\t\t\t\n\t\t\t\t\t\t\t\t\t<div class=\"elementor-cta__description elementor-cta__content-item elementor-content-item\">\n\t\t\t\t\t\tLoci\u00f3n Reafirmante Q10<BR> <BR>\n<span style=\"font-size: 13pt\"><b>6,39\u20ac<\/span> <\/b>\t\t\t\t\t<\/div>\n\t\t\t\t\n\t\t\t\t\t\t\t\t\t<div class=\"elementor-cta__button-wrapper elementor-cta__content-item elementor-content-item \">\n\t\t\t\t\t<span class=\"elementor-cta__button elementor-button elementor-size-\">\n\t\t\t\t\t\tCOMPRAR\t\t\t\t\t<\/span>\n\t\t\t\t\t<\/div>\n\t\t\t\t\t\t\t<\/div>\n\t\t\t\t\t\t<\/a>\n\t\t\t\t\t\t<\/div>\n\t\t\t\t<\/div>\n\t\t\t\t<\/div>\n\t\t\t\t<\/div>\n\t\t<div class=\"elementor-element elementor-element-9c1c7ec e-con-full e-flex e-con e-child\" data-id=\"9c1c7ec\" data-element_type=\"container\">\n\t\t\t\t<div class=\"elementor-element elementor-element-8aafeee elementor-widget elementor-widget-text-editor\" data-id=\"8aafeee\" data-element_type=\"widget\" data-widget_type=\"text-editor.default\">\n\t\t\t\t<div class=\"elementor-widget-container\">\n\t\t\t\t\t\t\t\t\t<div style=\"margin: 0px;padding: 0px;border: 0px;font-size: 14px;vertical-align: baseline;background: 50% center \/ cover no-repeat #ffffff;position: relative;font-family: Poppins, Helvetica, Arial, Lucida, sans-serif;text-align: left;color: #666666;font-style: normal;font-weight: 500;letter-spacing: normal;text-indent: 0px;text-transform: none\"><span style=\"background-color: transparent;color: #f5a573;font-family: 'Gelica Light', Helvetica, Arial, Lucida, sans-serif;font-size: 19px\">S\u00e9rum corporal anticelul\u00edtico ARGANOUR<\/span><\/div>\t\t\t\t\t\t\t\t<\/div>\n\t\t\t\t<\/div>\n\t\t\t\t<div class=\"elementor-element elementor-element-48c8914 elementor-widget elementor-widget-text-editor\" data-id=\"48c8914\" data-element_type=\"widget\" data-widget_type=\"text-editor.default\">\n\t\t\t\t<div class=\"elementor-widget-container\">\n\t\t\t\t\t\t\t\t\t<div><div><div><div><p><span style=\"color: #666666;font-family: Poppins, Helvetica, Arial, Lucida, sans-serif;font-size: 14px\">Es un s\u00e9rum corporal 100% de origen natural y certificado org\u00e1nico que combina un c\u00f3ctel de aceites. Ayuda a la firmeza de la piel y reducci\u00f3n de la celulitis. Cuenta con ingredientes cuidadosamente seleccionados permite activar tu metabolismo y facilitar la circulaci\u00f3n de los l\u00edquidos.<\/span><\/p><\/div><\/div><\/div><\/div>\t\t\t\t\t\t\t\t<\/div>\n\t\t\t\t<\/div>\n\t\t\t\t<\/div>\n\t\t<div class=\"elementor-element elementor-element-103df27 e-con-full e-flex e-con e-child\" data-id=\"103df27\" data-element_type=\"container\">\n\t\t<div class=\"elementor-element elementor-element-127f32d e-con-full e-flex e-con e-child\" data-id=\"127f32d\" data-element_type=\"container\">\n\t\t\t\t<div class=\"elementor-element elementor-element-870f73f elementor-cta--layout-image-right elementor-widget__width-initial elementor-cta--skin-classic elementor-animated-content elementor-widget elementor-widget-call-to-action\" data-id=\"870f73f\" data-element_type=\"widget\" data-widget_type=\"call-to-action.default\">\n\t\t\t\t<div class=\"elementor-widget-container\">\n\t\t\t\t\t\t\t<a class=\"elementor-cta\" href=\"https:\/\/www.clarel.es\/es\/serum-corporal-anticelulitico-arganour\" target=\"_blank\">\n\t\t\t\t\t\t\t<div class=\"elementor-cta__content\">\n\t\t\t\t\t\t\t\t\t<div class=\"elementor-content-item elementor-cta__content-item elementor-cta__image\">\n\t\t\t\t\t\t<img decoding=\"async\" src=\"https:\/\/clarel.imgix.net\/media\/catalog\/product\/S\/_\/S_rum_Corporal_Anticelul_tico_Arganour_36e0a63d84670d2bd751a6546a8fe1f766a92bcb_285824_1_PHENTIA.jpg\" title=\"\" alt=\"\" loading=\"lazy\" \/>\t\t\t\t\t<\/div>\n\t\t\t\t\n\t\t\t\t\t\t\t\t\t<div class=\"elementor-cta__title elementor-cta__content-item elementor-content-item\">\n\t\t\t\t\t\tARGANOUR\t\t\t\t\t<\/div>\n\t\t\t\t\n\t\t\t\t\t\t\t\t\t<div class=\"elementor-cta__description elementor-cta__content-item elementor-content-item\">\n\t\t\t\t\t\tS\u00e9rum Corporal Anticelul\u00edtico<BR> <BR>\n<span style=\"font-size: 13pt\"><b>7,99\u20ac<\/span> <\/b>\t\t\t\t\t<\/div>\n\t\t\t\t\n\t\t\t\t\t\t\t\t\t<div class=\"elementor-cta__button-wrapper elementor-cta__content-item elementor-content-item \">\n\t\t\t\t\t<span class=\"elementor-cta__button elementor-button elementor-size-\">\n\t\t\t\t\t\tCOMPRAR\t\t\t\t\t<\/span>\n\t\t\t\t\t<\/div>\n\t\t\t\t\t\t\t<\/div>\n\t\t\t\t\t\t<\/a>\n\t\t\t\t\t\t<\/div>\n\t\t\t\t<\/div>\n\t\t\t\t<\/div>\n\t\t\t\t<\/div>\n\t\t<div class=\"elementor-element elementor-element-4d7240b e-con-full e-flex e-con e-child\" data-id=\"4d7240b\" data-element_type=\"container\">\n\t\t\t\t<div class=\"elementor-element elementor-element-d0e0ac2 elementor-widget elementor-widget-text-editor\" data-id=\"d0e0ac2\" data-element_type=\"widget\" data-widget_type=\"text-editor.default\">\n\t\t\t\t<div class=\"elementor-widget-container\">\n\t\t\t\t\t\t\t\t\t<div style=\"margin: 0px;padding: 0px;border: 0px;font-size: 14px;vertical-align: baseline;background: 50% center \/ cover no-repeat #ffffff;position: relative;font-family: Poppins, Helvetica, Arial, Lucida, sans-serif;text-align: left;color: #666666;font-style: normal;font-weight: 500;letter-spacing: normal;text-indent: 0px;text-transform: none\"><div style=\"margin: 0px;padding: 0px;border: 0px;font-size: 14px;vertical-align: baseline;background: transparent;position: relative\"><span style=\"background-color: transparent;color: #ef7a50;font-family: 'Gelica Light', Helvetica, Arial, Lucida, sans-serif;font-size: 26px\">Anticelul\u00edtico en embarazadas<\/span><\/div><\/div>\t\t\t\t\t\t\t\t<\/div>\n\t\t\t\t<\/div>\n\t\t\t\t<div class=\"elementor-element elementor-element-3f66ffe elementor-widget elementor-widget-text-editor\" data-id=\"3f66ffe\" data-element_type=\"widget\" data-widget_type=\"text-editor.default\">\n\t\t\t\t<div class=\"elementor-widget-container\">\n\t\t\t\t\t\t\t\t\t<div><div><div><div><p><span style=\"color: #666666;font-family: Poppins, Helvetica, Arial, Lucida, sans-serif;font-size: 14px;background: transparent;margin: 0px;padding: 0px;border: 0px;vertical-align: baseline\">Durante el embarazo, una etapa marcada por<\/span><b style=\"color: #666666;font-family: Poppins, Helvetica, Arial, Lucida, sans-serif;font-size: 14px;background: transparent;margin: 0px;padding: 0px;border: 0px;vertical-align: baseline\">\u00a0transformaciones f\u00edsicas y emocionales significativas<\/b><span style=\"color: #666666;font-family: Poppins, Helvetica, Arial, Lucida, sans-serif;font-size: 14px;background: transparent;margin: 0px;padding: 0px;border: 0px;vertical-align: baseline\">, las mujeres suelen enfrentarse a preocupaciones est\u00e9ticas, entre las cuales la celulitis puede ser una de las m\u00e1s comunes.\u00a0<\/span><\/p><p style=\"margin: 0px;padding: 0px 0px 1em;border: 0px;font-size: 14px;vertical-align: baseline;background-image: initial;background-position: initial;background-size: initial;background-repeat: initial;background-attachment: initial;color: #666666;font-family: Poppins, Helvetica, Arial, Lucida, sans-serif\"><span style=\"margin: 0px;padding: 0px;border: 0px;vertical-align: baseline;background: transparent\">Sin embargo, la elecci\u00f3n de productos para tratar esta preocupaci\u00f3n durante el embarazo requiere una consideraci\u00f3n especial debido a la necesidad de\u00a0<\/span><b style=\"margin: 0px;padding: 0px;border: 0px;vertical-align: baseline;background: transparent\">garantizar la seguridad tanto de la madre como del beb\u00e9<\/b><span style=\"margin: 0px;padding: 0px;border: 0px;vertical-align: baseline;background: transparent\">\u00a0en desarrollo.<\/span><\/p><p style=\"margin: 0px;padding: 0px;border: 0px;font-size: 14px;vertical-align: baseline;background-image: initial;background-position: initial;background-size: initial;background-repeat: initial;background-attachment: initial;color: #666666;font-family: Poppins, Helvetica, Arial, Lucida, sans-serif\"><span style=\"margin: 0px;padding: 0px;border: 0px;vertical-align: baseline;background: transparent\">Afortunadamente, la industria cosm\u00e9tica ha respondido a esta demanda con la creaci\u00f3n de productos anticelul\u00edticos espec\u00edficamente formulados para mujeres embarazadas. A continuaci\u00f3n algunas de nuestras recomendaciones:<\/span><\/p><\/div><\/div><\/div><\/div>\t\t\t\t\t\t\t\t<\/div>\n\t\t\t\t<\/div>\n\t\t\t\t<div class=\"elementor-element elementor-element-c348a51 elementor-widget elementor-widget-text-editor\" data-id=\"c348a51\" data-element_type=\"widget\" data-widget_type=\"text-editor.default\">\n\t\t\t\t<div class=\"elementor-widget-container\">\n\t\t\t\t\t\t\t\t\t<div style=\"margin: 0px;padding: 0px;border: 0px;font-size: 14px;vertical-align: baseline;background: 50% center \/ cover no-repeat #ffffff;position: relative;font-family: Poppins, Helvetica, Arial, Lucida, sans-serif;text-align: left;color: #666666;font-style: normal;font-weight: 500;letter-spacing: normal;text-indent: 0px;text-transform: none\"><a style=\"font-size: 17px;font-weight: bold;background: #ffffff;margin: 0px;padding: 0px;border: 0px;vertical-align: baseline;color: #edb059\" href=\"https:\/\/www.clarel.es\/es\/cuerpo-cuidado-corporal-anticeluliticos-y-reafirmantes-p-154432\" target=\"_blank\" rel=\"noopener\">Crema reafirmante NIVEA Body milk Q10 energy piel seca 400 ml<\/a><\/div>\t\t\t\t\t\t\t\t<\/div>\n\t\t\t\t<\/div>\n\t\t\t\t<div class=\"elementor-element elementor-element-35fe48b elementor-widget elementor-widget-text-editor\" data-id=\"35fe48b\" data-element_type=\"widget\" data-widget_type=\"text-editor.default\">\n\t\t\t\t<div class=\"elementor-widget-container\">\n\t\t\t\t\t\t\t\t\t<div><div><div><div><p><span style=\"color: #666666;font-family: Poppins, Helvetica, Arial, Lucida, sans-serif;font-size: 14px\">NIVEA Q10 Body Milk Reafirmante con Vitamina C. Ayuda a\u00a0 reafirmar y mejorar la elasticidad de la piel en 10 d\u00edas. Formulada con Coenzima Q10 que trabaja como un antioxidante y Vitamina C ideal para hidratar la piel seca.<\/span><\/p><\/div><\/div><\/div><\/div>\t\t\t\t\t\t\t\t<\/div>\n\t\t\t\t<\/div>\n\t\t\t\t<div class=\"elementor-element elementor-element-7e0111e elementor-widget elementor-widget-text-editor\" data-id=\"7e0111e\" data-element_type=\"widget\" data-widget_type=\"text-editor.default\">\n\t\t\t\t<div class=\"elementor-widget-container\">\n\t\t\t\t\t\t\t\t\t<div style=\"margin: 0px;padding: 0px;border: 0px;font-size: 14px;vertical-align: baseline;background: 50% center \/ cover no-repeat #ffffff;position: relative;font-family: Poppins, Helvetica, Arial, Lucida, sans-serif;text-align: left;color: #666666;font-style: normal;font-weight: 500;letter-spacing: normal;text-indent: 0px;text-transform: none\"><a style=\"font-size: 17px;font-weight: bold;background: #ffffff;margin: 0px;padding: 0px;border: 0px;vertical-align: baseline;color: #edb059\" href=\"https:\/\/www.clarel.es\/es\/balsamo-reafirmante-l-or-rose-170-ml\" target=\"_blank\" rel=\"noopener\">B\u00e1lsamo Reafirmante L\u2019Or Rose 170 ml<\/a><\/div>\t\t\t\t\t\t\t\t<\/div>\n\t\t\t\t<\/div>\n\t\t\t\t<div class=\"elementor-element elementor-element-214c6ac elementor-widget elementor-widget-text-editor\" data-id=\"214c6ac\" data-element_type=\"widget\" data-widget_type=\"text-editor.default\">\n\t\t\t\t<div class=\"elementor-widget-container\">\n\t\t\t\t\t\t\t\t\t<div><p><span style=\"color: #666666;font-family: Poppins, Helvetica, Arial, Lucida, sans-serif;font-size: 14px\">B\u00e1lsamo reafirmante que ayuda a alisar y suavizar la piel consiguiendo una silueta estilizada y tonificada gracias a los principios activos de sus ingredientes naturales como: coralina y pimienta rosa. Podr\u00e1s usar este b\u00e1lsamo como una mascarilla si buscas un tratamiento m\u00e1s intenso o bien como una crema si deseas introducirla en tu rutina diaria.<\/span><\/p><\/div>\t\t\t\t\t\t\t\t<\/div>\n\t\t\t\t<\/div>\n\t\t\t\t<div class=\"elementor-element elementor-element-f8fbaad elementor-widget elementor-widget-text-editor\" data-id=\"f8fbaad\" data-element_type=\"widget\" data-widget_type=\"text-editor.default\">\n\t\t\t\t<div class=\"elementor-widget-container\">\n\t\t\t\t\t\t\t\t\t<div style=\"margin: 0px;padding: 0px;border: 0px;font-size: 14px;vertical-align: baseline;background: 50% center \/ cover no-repeat #ffffff;position: relative;font-family: Poppins, Helvetica, Arial, Lucida, sans-serif;text-align: left;color: #666666;font-style: normal;font-weight: 500;letter-spacing: normal;text-indent: 0px;text-transform: none\"><a style=\"font-size: 17px;font-weight: bold;background: #ffffff;margin: 0px;padding: 0px;border: 0px;vertical-align: baseline;color: #edb059\" href=\"https:\/\/www.clarel.es\/es\/cuerpo-cuidado-corporal-anticeluliticos-y-reafirmantes-p-107121\" target=\"_blank\" rel=\"noopener\">Loci\u00f3n reafirmante NIVEA Q10 corporal piel normal bote 400 ml<\/a><\/div>\t\t\t\t\t\t\t\t<\/div>\n\t\t\t\t<\/div>\n\t\t\t\t<div class=\"elementor-element elementor-element-cad94f8 elementor-widget elementor-widget-text-editor\" data-id=\"cad94f8\" data-element_type=\"widget\" data-widget_type=\"text-editor.default\">\n\t\t\t\t<div class=\"elementor-widget-container\">\n\t\t\t\t\t\t\t\t\t<div><p><span style=\"color: #666666;font-family: Poppins, Helvetica, Arial, Lucida, sans-serif;font-size: 14px\">NIVEA Q10 Body Loci\u00f3n Reafirmante con Vitamina C reafirma visiblemente la piel y mejora su elasticidad en 10 d\u00edas. Cuenta con una\u00a0 textura ligera. Ideal para nutrir e hidratar la piel normal. Formulada con ingredientes como Coenzima Q10 y Vitamina C.<\/span><\/p><\/div>\t\t\t\t\t\t\t\t<\/div>\n\t\t\t\t<\/div>\n\t\t\t\t<div class=\"elementor-element elementor-element-5af4c57 elementor-widget elementor-widget-text-editor\" data-id=\"5af4c57\" data-element_type=\"widget\" data-widget_type=\"text-editor.default\">\n\t\t\t\t<div class=\"elementor-widget-container\">\n\t\t\t\t\t\t\t\t\t<div style=\"margin: 0px;padding: 0px;border: 0px;font-size: 14px;vertical-align: baseline;background: 50% center \/ cover no-repeat #ffffff;position: relative;font-family: Poppins, Helvetica, Arial, Lucida, sans-serif;text-align: left;color: #666666;font-style: normal;font-weight: 500;letter-spacing: normal;text-indent: 0px;text-transform: none\"><div style=\"margin: 0px;padding: 0px;border: 0px;font-size: 14px;vertical-align: baseline;background: transparent;position: relative\"><span style=\"background-color: transparent;color: #ef7a50;font-family: 'Gelica Light', Helvetica, Arial, Lucida, sans-serif;font-size: 26px\">Ejercicios y dieta: aliados contra la celulitis<\/span><\/div><\/div>\t\t\t\t\t\t\t\t<\/div>\n\t\t\t\t<\/div>\n\t\t\t\t<div class=\"elementor-element elementor-element-bbe4634 elementor-widget elementor-widget-text-editor\" data-id=\"bbe4634\" data-element_type=\"widget\" data-widget_type=\"text-editor.default\">\n\t\t\t\t<div class=\"elementor-widget-container\">\n\t\t\t\t\t\t\t\t\t<div><div><div><div><p><span style=\"color: #666666;font-family: Poppins, Helvetica, Arial, Lucida, sans-serif;font-size: 14px;background-color: transparent\">Los ejercicios siempre ser\u00e1n un gran aliado para la salud y combatir contra la celulitis. Algunos de los ejercicios recomendados son los ejercicios:\u00a0<\/span><\/p><p style=\"margin: 0px;padding: 0px 0px 1em;border: 0px;font-size: 14px;vertical-align: baseline;background-image: initial;background-position: initial;background-size: initial;background-repeat: initial;background-attachment: initial;color: #666666;font-family: Poppins, Helvetica, Arial, Lucida, sans-serif\"><b style=\"margin: 0px;padding: 0px;border: 0px;vertical-align: baseline;background: transparent\">Cardiovasculares<\/b><span style=\"margin: 0px;padding: 0px;border: 0px;vertical-align: baseline;background: transparent\">: ayudan a quemar grasas y una mejor circulaci\u00f3n sangu\u00ednea. Por ejemplo, sentadillas, levantamientos de pesas, montar en bicicleta y ejercicios aer\u00f3bicos.<\/span><\/p><p style=\"margin: 0px;padding: 0px 0px 1em;border: 0px;font-size: 14px;vertical-align: baseline;background-image: initial;background-position: initial;background-size: initial;background-repeat: initial;background-attachment: initial;color: #666666;font-family: Poppins, Helvetica, Arial, Lucida, sans-serif\"><b style=\"margin: 0px;padding: 0px;border: 0px;vertical-align: baseline;background: transparent\">Entrenamiento de fuerza:\u00a0<\/b><span style=\"margin: 0px;padding: 0px;border: 0px;vertical-align: baseline;background: transparent\">el fortalecimiento muscular ayuda a tonificar la piel. Algunas rutinas de ejercicios que podemos hacer son: sentadillas, estocadas, levantamiento de pesas y ejercicios de resistencia<\/span><\/p><p style=\"margin: 0px;padding: 0px 0px 1em;border: 0px;font-size: 14px;vertical-align: baseline;background-image: initial;background-position: initial;background-size: initial;background-repeat: initial;background-attachment: initial;color: #666666;font-family: Poppins, Helvetica, Arial, Lucida, sans-serif\"><b style=\"margin: 0px;padding: 0px;border: 0px;vertical-align: baseline;background: transparent\">Rutinas de ejercicios en espec\u00edfico<\/b><span style=\"margin: 0px;padding: 0px;border: 0px;vertical-align: baseline;background: transparent\">: algunos ejercicios est\u00e1n dise\u00f1ados espec\u00edficamente para \u00e1reas afectadas por la celulitis, como las sentadillas con peso y los ejercicios de gl\u00fateos y muslos.<\/span><\/p><p style=\"margin: 0px;padding: 0px;border: 0px;font-size: 14px;vertical-align: baseline;background-image: initial;background-position: initial;background-size: initial;background-repeat: initial;background-attachment: initial;color: #666666;font-family: Poppins, Helvetica, Arial, Lucida, sans-serif\"><span style=\"margin: 0px;padding: 0px;border: 0px;vertical-align: baseline;background: transparent\">Para combatir las celulitis debemos tambi\u00e9n considerar una dieta equilibrada como: alimentos ricos en antioxidantes, prote\u00ednas magras, grasas saludables, y una buena hidrataci\u00f3n. Recuerda reducir el consumo de sal y az\u00facar.<\/span><\/p><\/div><\/div><\/div><\/div>\t\t\t\t\t\t\t\t<\/div>\n\t\t\t\t<\/div>\n\t\t\t\t<div class=\"elementor-element elementor-element-2e7dd1a elementor-widget elementor-widget-text-editor\" data-id=\"2e7dd1a\" data-element_type=\"widget\" data-widget_type=\"text-editor.default\">\n\t\t\t\t<div class=\"elementor-widget-container\">\n\t\t\t\t\t\t\t\t\t<div style=\"margin: 0px;padding: 0px;border: 0px;font-size: 14px;vertical-align: baseline;background: 50% center \/ cover no-repeat #ffffff;position: relative;font-family: Poppins, Helvetica, Arial, Lucida, sans-serif;text-align: left;color: #666666;font-style: normal;font-weight: 500;letter-spacing: normal;text-indent: 0px;text-transform: none\"><div style=\"margin: 0px;padding: 0px;border: 0px;font-size: 14px;vertical-align: baseline;background: transparent;position: relative\"><span style=\"background-color: transparent;color: #ef7a50;font-family: 'Gelica Light', Helvetica, Arial, Lucida, sans-serif;font-size: 26px\">C\u00f3mo aplicar correctamente las cremas anticelul\u00edticas<\/span><\/div><\/div>\t\t\t\t\t\t\t\t<\/div>\n\t\t\t\t<\/div>\n\t\t\t\t<div class=\"elementor-element elementor-element-bca715d elementor-widget elementor-widget-text-editor\" data-id=\"bca715d\" data-element_type=\"widget\" data-widget_type=\"text-editor.default\">\n\t\t\t\t<div class=\"elementor-widget-container\">\n\t\t\t\t\t\t\t\t\t<div><p><span style=\"color: #666666;font-family: Poppins, Helvetica, Arial, Lucida, sans-serif;font-size: 14px;background: transparent;margin: 0px;padding: 0px;border: 0px;vertical-align: baseline\">Aplicar correctamente las cremas anticelul\u00edticas puede\u00a0<\/span><b style=\"color: #666666;font-family: Poppins, Helvetica, Arial, Lucida, sans-serif;font-size: 14px;background: transparent;margin: 0px;padding: 0px;border: 0px;vertical-align: baseline\">maximizar sus efectos y resultados<\/b><span style=\"color: #666666;font-family: Poppins, Helvetica, Arial, Lucida, sans-serif;font-size: 14px;background: transparent;margin: 0px;padding: 0px;border: 0px;vertical-align: baseline\">. Justo lo que estar\u00edamos buscando. Algunas recomendaciones que te podemos proporcionar en el momento de aplicar las cremas anticelul\u00edticas como:<\/span><\/p><p style=\"margin: 0px;padding: 0px;border: 0px;font-size: 14px;vertical-align: baseline;background-image: initial;background-position: initial;background-size: initial;background-repeat: initial;background-attachment: initial;color: #666666;font-family: Poppins, Helvetica, Arial, Lucida, sans-serif\">\u00a0<\/p><ol style=\"margin: 0px;padding: 0px 0px 23px;font-size: 14px;background-color: #ffffff;line-height: 26px;color: #666666;font-family: Poppins, Helvetica, Arial, Lucida, sans-serif\"><li style=\"margin: 0px;padding: 0px;font-size: 14px\"><span style=\"margin: 0px;padding: 0px;border: 0px;vertical-align: baseline;background: transparent\"><span style=\"margin: 0px;padding: 0px;border: 0px;vertical-align: baseline;background: transparent;font-weight: bold\">Limpiar la zona donde se aplicar\u00e1 la crema.<\/span>\u00a0Puedes usar un limpiador suave o bien agua y jab\u00f3n.\u00a0<\/span><\/li><li style=\"margin: 0px;padding: 0px;font-size: 14px\"><span style=\"margin: 0px;padding: 0px;border: 0px;vertical-align: baseline;background: transparent\"><span style=\"margin: 0px;padding: 0px;border: 0px;vertical-align: baseline;background: transparent;font-weight: bold\">Exfolia tu piel<\/span>\u00a0esto puede ayudar a eliminar las c\u00e9lulas muertas de la piel y mejorar la absorci\u00f3n de la crema anticelul\u00edtica. Usa un exfoliante suave y masajea suavemente la piel en movimientos circulares antes de enjuagar con agua tibia.<\/span><\/li><li style=\"margin: 0px;padding: 0px;font-size: 14px\"><span style=\"margin: 0px;padding: 0px;border: 0px;vertical-align: baseline;background: transparent\"><span style=\"margin: 0px;padding: 0px;border: 0px;vertical-align: baseline;background: transparent;font-weight: bold\">Seca bien la piel<\/span>, despu\u00e9s de limpiar la piel y exfoliarla debes asegurarte de secar bien la piel antes de aplicar la crema, ya que la piel h\u00fameda puede interferir a la absorci\u00f3n de la crema.<\/span><\/li><li style=\"margin: 0px;padding: 0px;font-size: 14px\"><span style=\"margin: 0px;padding: 0px;border: 0px;vertical-align: baseline;background: transparent\"><span style=\"margin: 0px;padding: 0px;border: 0px;vertical-align: baseline;background: transparent;font-weight: bold\">Aplicar la crema anticelul\u00edticas con masajes.<\/span>\u00a0Masajea en las \u00e1reas afectadas. Esto puede tomar algunos minutos. Debes asegurarte de cubrir toda la zona afectada.<\/span><\/li><\/ol><\/div>\t\t\t\t\t\t\t\t<\/div>\n\t\t\t\t<\/div>\n\t\t\t\t<div class=\"elementor-element elementor-element-f462a9d elementor-widget elementor-widget-text-editor\" data-id=\"f462a9d\" data-element_type=\"widget\" data-widget_type=\"text-editor.default\">\n\t\t\t\t<div class=\"elementor-widget-container\">\n\t\t\t\t\t\t\t\t\t<div style=\"margin: 0px;padding: 0px;border: 0px;font-size: 14px;vertical-align: baseline;background: 50% center \/ cover no-repeat #ffffff;position: relative;font-family: Poppins, Helvetica, Arial, Lucida, sans-serif;text-align: left;color: #666666;font-style: normal;font-weight: 500;letter-spacing: normal;text-indent: 0px;text-transform: none\"><div style=\"margin: 0px;padding: 0px;border: 0px;font-size: 14px;vertical-align: baseline;background: transparent;position: relative\"><span style=\"background-color: transparent;color: #ef7a50;font-family: 'Gelica Light', Helvetica, Arial, Lucida, sans-serif;font-size: 26px\">Selecciona la crema anticelul\u00edtica ideal para ti\u00a0<\/span><\/div><\/div>\t\t\t\t\t\t\t\t<\/div>\n\t\t\t\t<\/div>\n\t\t\t\t<div class=\"elementor-element elementor-element-b9bd336 elementor-widget elementor-widget-text-editor\" data-id=\"b9bd336\" data-element_type=\"widget\" data-widget_type=\"text-editor.default\">\n\t\t\t\t<div class=\"elementor-widget-container\">\n\t\t\t\t\t\t\t\t\t<div><p><span style=\"color: #666666;font-family: Poppins, Helvetica, Arial, Lucida, sans-serif;font-size: 14px;background: transparent;margin: 0px;padding: 0px;border: 0px;vertical-align: baseline\">Entre las diversas opciones para combatir la celulitis las cremas anticelul\u00edticas son las m\u00e1s buscadas en la actualidad, pero seguro te preguntar\u00e1s, \u00bfc\u00f3mo puedes elegir la adecuada para ti? Lo primero que debes hacer, es\u00a0<\/span><b style=\"color: #666666;font-family: Poppins, Helvetica, Arial, Lucida, sans-serif;font-size: 14px;background: transparent;margin: 0px;padding: 0px;border: 0px;vertical-align: baseline\">revisar los ingredientes, la facilidad en aplicaci\u00f3n, y el tipo y grado de la celulitis.<\/b><\/p><p style=\"margin: 0px;padding: 0px 0px 1em;border: 0px;font-size: 14px;vertical-align: baseline;background-image: initial;background-position: initial;background-size: initial;background-repeat: initial;background-attachment: initial;color: #666666;font-family: Poppins, Helvetica, Arial, Lucida, sans-serif\"><span style=\"margin: 0px;padding: 0px;border: 0px;vertical-align: baseline;background: transparent\">La\u00a0<\/span><b style=\"margin: 0px;padding: 0px;border: 0px;vertical-align: baseline;background: transparent\">crema anticelul\u00edtica es una excelente opci\u00f3n<\/b><span style=\"margin: 0px;padding: 0px;border: 0px;vertical-align: baseline;background: transparent\">, pero debes considerar realizar los pasos indicados para su eficacia y lograr mejores resultados. Igualmente, depende mucho del estado de tu piel y analizar los ingredientes. Los m\u00e1s recomendados son: L-Carnitina, Retinol, Cafe\u00edna, Col\u00e1geno, etc.\u00a0<\/span><\/p><p style=\"margin: 0px;padding: 0px;border: 0px;font-size: 14px;vertical-align: baseline;background-image: initial;background-position: initial;background-size: initial;background-repeat: initial;background-attachment: initial;color: #666666;font-family: Poppins, Helvetica, Arial, Lucida, sans-serif\"><span style=\"margin: 0px;padding: 0px;border: 0px;vertical-align: baseline;background: transparent\">Recuerda que somos muchos y muchas las que sufrimos de estas pieles naranjas, pero realizando el correcto tratamiento y buena aplicaci\u00f3n de cremas seguro que lograr\u00e1s\u00a0<\/span><b style=\"margin: 0px;padding: 0px;border: 0px;vertical-align: baseline;background: transparent\">reducir y combatir la aparici\u00f3n de celulitis.<\/b><\/p><\/div>\t\t\t\t\t\t\t\t<\/div>\n\t\t\t\t<\/div>\n\t\t\t\t<\/div>\n\t\t\t\t\t<\/div>\n\t\t\t\t<\/div>\n\t\t\t\t<\/div>\n\t\t","protected":false},"excerpt":{"rendered":"<p>Explora los mejores anticelul\u00edticos y cremas reductoras y encuentra tu camino hacia una piel m\u00e1s firme y lisa. \u2b50Soluciones efectivas con Clarel.<\/p>\n","protected":false},"author":5,"featured_media":8020,"comment_status":"closed","ping_status":"open","sticky":false,"template":"","format":"standard","meta":{"footnotes":""},"categories":[36,34],"tags":[],"class_list":["post-8015","post","type-post","status-publish","format-standard","has-post-thumbnail","hentry","category-salud-bienestar","category-tips-rutinas"],"yoast_head":"<!-- This site is optimized with the Yoast SEO plugin v25.4 - https:\/\/yoast.com\/wordpress\/plugins\/seo\/ -->\n<title>Combate la celulitis con los mejores anticelul\u00edticos | Clarel<\/title>\n<meta name=\"description\" content=\"Explora los mejores anticelul\u00edticos y cremas reductoras y encuentra tu camino hacia una piel m\u00e1s firme y lisa. \u2b50Soluciones efectivas con Clarel.\" \/>\n<meta name=\"robots\" content=\"index, follow, max-snippet:-1, max-image-preview:large, max-video-preview:-1\" \/>\n<link rel=\"canonical\" href=\"https:\/\/www.clarel.es\/blog\/anticeluliticos\/\" \/>\n<meta property=\"og:locale\" content=\"es_ES\" \/>\n<meta property=\"og:type\" content=\"article\" \/>\n<meta property=\"og:title\" content=\"Combate la celulitis con los mejores anticelul\u00edticos | Clarel\" \/>\n<meta property=\"og:description\" content=\"Explora los mejores anticelul\u00edticos y cremas reductoras y encuentra tu camino hacia una piel m\u00e1s firme y lisa. \u2b50Soluciones efectivas con Clarel.\" \/>\n<meta property=\"og:url\" content=\"https:\/\/www.clarel.es\/blog\/anticeluliticos\/\" \/>\n<meta property=\"og:site_name\" content=\"Clarel\" \/>\n<meta property=\"article:published_time\" content=\"2024-04-04T10:32:48+00:00\" \/>\n<meta property=\"article:modified_time\" content=\"2025-09-03T11:05:56+00:00\" \/>\n<meta property=\"og:image\" content=\"https:\/\/blog-clarel.imgix.net\/uploads\/2024\/04\/anticelulitico.jpg?auto=format%2Ccompress&ixlib=php-3.3.0\" \/>\n\t<meta property=\"og:image:width\" content=\"800\" \/>\n\t<meta property=\"og:image:height\" content=\"500\" \/>\n\t<meta property=\"og:image:type\" content=\"image\/jpeg\" \/>\n<meta name=\"twitter:card\" content=\"summary_large_image\" \/>\n<script type=\"application\/ld+json\" class=\"yoast-schema-graph\">{\"@context\":\"https:\/\/schema.org\",\"@graph\":[{\"@type\":\"Article\",\"@id\":\"https:\/\/www.clarel.es\/blog\/anticeluliticos\/#article\",\"isPartOf\":{\"@id\":\"https:\/\/www.clarel.es\/blog\/anticeluliticos\/\"},\"author\":{\"name\":\"Clarel\",\"@id\":\"https:\/\/www.clarel.es\/blog\"},\"headline\":\"Combate la celulitis con los mejores anticelul\u00edticos\",\"datePublished\":\"2024-04-04T10:32:48+00:00\",\"dateModified\":\"2025-09-03T11:05:56+00:00\",\"mainEntityOfPage\":{\"@id\":\"https:\/\/www.clarel.es\/blog\/anticeluliticos\/\"},\"wordCount\":1710,\"publisher\":{\"@id\":\"https:\/\/www.clarel.es\/blog\/#organization\"},\"image\":{\"@id\":\"https:\/\/www.clarel.es\/blog\/anticeluliticos\/#primaryimage\"},\"thumbnailUrl\":\"https:\/\/blog-clarel.imgix.net\/uploads\/2024\/04\/anticelulitico.jpg?auto=format%2Ccompress&ixlib=php-3.3.0\",\"articleSection\":[\"Salud y Bienestar\",\"Tips y rutinas\"],\"inLanguage\":\"es\"},{\"@type\":\"WebPage\",\"@id\":\"https:\/\/www.clarel.es\/blog\/anticeluliticos\/\",\"url\":\"https:\/\/www.clarel.es\/blog\/anticeluliticos\/\",\"name\":\"Combate la celulitis con los mejores anticelul\u00edticos | Clarel\",\"isPartOf\":{\"@id\":\"https:\/\/www.clarel.es\/blog\/#website\"},\"primaryImageOfPage\":{\"@id\":\"https:\/\/www.clarel.es\/blog\/anticeluliticos\/#primaryimage\"},\"image\":{\"@id\":\"https:\/\/www.clarel.es\/blog\/anticeluliticos\/#primaryimage\"},\"thumbnailUrl\":\"https:\/\/blog-clarel.imgix.net\/uploads\/2024\/04\/anticelulitico.jpg?auto=format%2Ccompress&ixlib=php-3.3.0\",\"datePublished\":\"2024-04-04T10:32:48+00:00\",\"dateModified\":\"2025-09-03T11:05:56+00:00\",\"description\":\"Explora los mejores anticelul\u00edticos y cremas reductoras y encuentra tu camino hacia una piel m\u00e1s firme y lisa. \u2b50Soluciones efectivas con Clarel.\",\"breadcrumb\":{\"@id\":\"https:\/\/www.clarel.es\/blog\/anticeluliticos\/#breadcrumb\"},\"inLanguage\":\"es\",\"potentialAction\":[{\"@type\":\"ReadAction\",\"target\":[\"https:\/\/www.clarel.es\/blog\/anticeluliticos\/\"]}]},{\"@type\":\"ImageObject\",\"inLanguage\":\"es\",\"@id\":\"https:\/\/www.clarel.es\/blog\/anticeluliticos\/#primaryimage\",\"url\":\"https:\/\/blog-clarel.imgix.net\/uploads\/2024\/04\/anticelulitico.jpg?auto=format%2Ccompress&ixlib=php-3.3.0\",\"contentUrl\":\"https:\/\/blog-clarel.imgix.net\/uploads\/2024\/04\/anticelulitico.jpg?auto=format%2Ccompress&ixlib=php-3.3.0\",\"width\":800,\"height\":500,\"caption\":\"Mejores anticelul\u00edticos\"},{\"@type\":\"BreadcrumbList\",\"@id\":\"https:\/\/www.clarel.es\/blog\/anticeluliticos\/#breadcrumb\",\"itemListElement\":[{\"@type\":\"ListItem\",\"position\":1,\"name\":\"Portada\",\"item\":\"https:\/\/www.clarel.es\/blog\/\"},{\"@type\":\"ListItem\",\"position\":2,\"name\":\"Combate la celulitis con los mejores anticelul\u00edticos\"}]},{\"@type\":\"WebSite\",\"@id\":\"https:\/\/www.clarel.es\/blog\/#website\",\"url\":\"https:\/\/www.clarel.es\/blog\/\",\"name\":\"Clarel\",\"description\":\"Tienda Online de perfumeria, cosmetica, maquillaje y hogar.\",\"publisher\":{\"@id\":\"https:\/\/www.clarel.es\/blog\/#organization\"},\"potentialAction\":[{\"@type\":\"SearchAction\",\"target\":{\"@type\":\"EntryPoint\",\"urlTemplate\":\"https:\/\/www.clarel.es\/blog\/?s={search_term_string}\"},\"query-input\":{\"@type\":\"PropertyValueSpecification\",\"valueRequired\":true,\"valueName\":\"search_term_string\"}}],\"inLanguage\":\"es\"},{\"@type\":\"Organization\",\"@id\":\"https:\/\/www.clarel.es\/blog\/#organization\",\"name\":\"Clarel\",\"url\":\"https:\/\/www.clarel.es\/blog\/\",\"logo\":{\"@type\":\"ImageObject\",\"inLanguage\":\"es\",\"@id\":\"https:\/\/www.clarel.es\/blog\/#\/schema\/logo\/image\/\",\"url\":\"https:\/\/clarel-test.ezenit.link\/blog\/wp-content\/uploads\/2022\/08\/logo_clarel.png\",\"contentUrl\":\"https:\/\/clarel-test.ezenit.link\/blog\/wp-content\/uploads\/2022\/08\/logo_clarel.png\",\"width\":432,\"height\":101,\"caption\":\"Clarel\"},\"image\":{\"@id\":\"https:\/\/www.clarel.es\/blog\/#\/schema\/logo\/image\/\"}}]}<\/script>\n<!-- \/ Yoast SEO plugin. -->","yoast_head_json":{"title":"Combate la celulitis con los mejores anticelul\u00edticos | Clarel","description":"Explora los mejores anticelul\u00edticos y cremas reductoras y encuentra tu camino hacia una piel m\u00e1s firme y lisa. \u2b50Soluciones efectivas con Clarel.","robots":{"index":"index","follow":"follow","max-snippet":"max-snippet:-1","max-image-preview":"max-image-preview:large","max-video-preview":"max-video-preview:-1"},"canonical":"https:\/\/www.clarel.es\/blog\/anticeluliticos\/","og_locale":"es_ES","og_type":"article","og_title":"Combate la celulitis con los mejores anticelul\u00edticos | Clarel","og_description":"Explora los mejores anticelul\u00edticos y cremas reductoras y encuentra tu camino hacia una piel m\u00e1s firme y lisa. \u2b50Soluciones efectivas con Clarel.","og_url":"https:\/\/www.clarel.es\/blog\/anticeluliticos\/","og_site_name":"Clarel","article_published_time":"2024-04-04T10:32:48+00:00","article_modified_time":"2025-09-03T11:05:56+00:00","og_image":[{"width":800,"height":500,"url":"https:\/\/blog-clarel.imgix.net\/uploads\/2024\/04\/anticelulitico.jpg?auto=format%2Ccompress&ixlib=php-3.3.0","type":"image\/jpeg"}],"twitter_card":"summary_large_image","schema":{"@context":"https:\/\/schema.org","@graph":[{"@type":"Article","@id":"https:\/\/www.clarel.es\/blog\/anticeluliticos\/#article","isPartOf":{"@id":"https:\/\/www.clarel.es\/blog\/anticeluliticos\/"},"author":{"name":"Clarel","@id":"https:\/\/www.clarel.es\/blog"},"headline":"Combate la celulitis con los mejores anticelul\u00edticos","datePublished":"2024-04-04T10:32:48+00:00","dateModified":"2025-09-03T11:05:56+00:00","mainEntityOfPage":{"@id":"https:\/\/www.clarel.es\/blog\/anticeluliticos\/"},"wordCount":1710,"publisher":{"@id":"https:\/\/www.clarel.es\/blog\/#organization"},"image":{"@id":"https:\/\/www.clarel.es\/blog\/anticeluliticos\/#primaryimage"},"thumbnailUrl":"https:\/\/blog-clarel.imgix.net\/uploads\/2024\/04\/anticelulitico.jpg?auto=format%2Ccompress&ixlib=php-3.3.0","articleSection":["Salud y Bienestar","Tips y rutinas"],"inLanguage":"es"},{"@type":"WebPage","@id":"https:\/\/www.clarel.es\/blog\/anticeluliticos\/","url":"https:\/\/www.clarel.es\/blog\/anticeluliticos\/","name":"Combate la celulitis con los mejores anticelul\u00edticos | Clarel","isPartOf":{"@id":"https:\/\/www.clarel.es\/blog\/#website"},"primaryImageOfPage":{"@id":"https:\/\/www.clarel.es\/blog\/anticeluliticos\/#primaryimage"},"image":{"@id":"https:\/\/www.clarel.es\/blog\/anticeluliticos\/#primaryimage"},"thumbnailUrl":"https:\/\/blog-clarel.imgix.net\/uploads\/2024\/04\/anticelulitico.jpg?auto=format%2Ccompress&ixlib=php-3.3.0","datePublished":"2024-04-04T10:32:48+00:00","dateModified":"2025-09-03T11:05:56+00:00","description":"Explora los mejores anticelul\u00edticos y cremas reductoras y encuentra tu camino hacia una piel m\u00e1s firme y lisa. \u2b50Soluciones efectivas con Clarel.","breadcrumb":{"@id":"https:\/\/www.clarel.es\/blog\/anticeluliticos\/#breadcrumb"},"inLanguage":"es","potentialAction":[{"@type":"ReadAction","target":["https:\/\/www.clarel.es\/blog\/anticeluliticos\/"]}]},{"@type":"ImageObject","inLanguage":"es","@id":"https:\/\/www.clarel.es\/blog\/anticeluliticos\/#primaryimage","url":"https:\/\/blog-clarel.imgix.net\/uploads\/2024\/04\/anticelulitico.jpg?auto=format%2Ccompress&ixlib=php-3.3.0","contentUrl":"https:\/\/blog-clarel.imgix.net\/uploads\/2024\/04\/anticelulitico.jpg?auto=format%2Ccompress&ixlib=php-3.3.0","width":800,"height":500,"caption":"Mejores anticelul\u00edticos"},{"@type":"BreadcrumbList","@id":"https:\/\/www.clarel.es\/blog\/anticeluliticos\/#breadcrumb","itemListElement":[{"@type":"ListItem","position":1,"name":"Portada","item":"https:\/\/www.clarel.es\/blog\/"},{"@type":"ListItem","position":2,"name":"Combate la celulitis con los mejores anticelul\u00edticos"}]},{"@type":"WebSite","@id":"https:\/\/www.clarel.es\/blog\/#website","url":"https:\/\/www.clarel.es\/blog\/","name":"Clarel","description":"Tienda Online de perfumeria, cosmetica, maquillaje y hogar.","publisher":{"@id":"https:\/\/www.clarel.es\/blog\/#organization"},"potentialAction":[{"@type":"SearchAction","target":{"@type":"EntryPoint","urlTemplate":"https:\/\/www.clarel.es\/blog\/?s={search_term_string}"},"query-input":{"@type":"PropertyValueSpecification","valueRequired":true,"valueName":"search_term_string"}}],"inLanguage":"es"},{"@type":"Organization","@id":"https:\/\/www.clarel.es\/blog\/#organization","name":"Clarel","url":"https:\/\/www.clarel.es\/blog\/","logo":{"@type":"ImageObject","inLanguage":"es","@id":"https:\/\/www.clarel.es\/blog\/#\/schema\/logo\/image\/","url":"https:\/\/clarel-test.ezenit.link\/blog\/wp-content\/uploads\/2022\/08\/logo_clarel.png","contentUrl":"https:\/\/clarel-test.ezenit.link\/blog\/wp-content\/uploads\/2022\/08\/logo_clarel.png","width":432,"height":101,"caption":"Clarel"},"image":{"@id":"https:\/\/www.clarel.es\/blog\/#\/schema\/logo\/image\/"}}]}},"_links":{"self":[{"href":"https:\/\/www.clarel.es\/blog\/wp-json\/wp\/v2\/posts\/8015","targetHints":{"allow":["GET"]}}],"collection":[{"href":"https:\/\/www.clarel.es\/blog\/wp-json\/wp\/v2\/posts"}],"about":[{"href":"https:\/\/www.clarel.es\/blog\/wp-json\/wp\/v2\/types\/post"}],"author":[{"embeddable":true,"href":"https:\/\/www.clarel.es\/blog\/wp-json\/wp\/v2\/users\/5"}],"replies":[{"embeddable":true,"href":"https:\/\/www.clarel.es\/blog\/wp-json\/wp\/v2\/comments?post=8015"}],"version-history":[{"count":30,"href":"https:\/\/www.clarel.es\/blog\/wp-json\/wp\/v2\/posts\/8015\/revisions"}],"predecessor-version":[{"id":16470,"href":"https:\/\/www.clarel.es\/blog\/wp-json\/wp\/v2\/posts\/8015\/revisions\/16470"}],"wp:featuredmedia":[{"embeddable":true,"href":"https:\/\/www.clarel.es\/blog\/wp-json\/wp\/v2\/media\/8020"}],"wp:attachment":[{"href":"https:\/\/www.clarel.es\/blog\/wp-json\/wp\/v2\/media?parent=8015"}],"wp:term":[{"taxonomy":"category","embeddable":true,"href":"https:\/\/www.clarel.es\/blog\/wp-json\/wp\/v2\/categories?post=8015"},{"taxonomy":"post_tag","embeddable":true,"href":"https:\/\/www.clarel.es\/blog\/wp-json\/wp\/v2\/tags?post=8015"}],"curies":[{"name":"wp","href":"https:\/\/api.w.org\/{rel}","templated":true}]}}