{"id":7408,"date":"2023-10-21T16:36:59","date_gmt":"2023-10-21T16:36:59","guid":{"rendered":"https:\/\/www.clarel.es\/blog\/?p=7408"},"modified":"2025-09-03T11:11:20","modified_gmt":"2025-09-03T11:11:20","slug":"tenir-pelo-casa","status":"publish","type":"post","link":"https:\/\/www.clarel.es\/blog\/tenir-pelo-casa\/","title":{"rendered":"\u00bfC\u00f3mo te\u00f1irse el pelo en casa?"},"content":{"rendered":"\t\t<div data-elementor-type=\"wp-post\" data-elementor-id=\"7408\" class=\"elementor elementor-7408\" data-elementor-post-type=\"post\">\n\t\t\t\t<div class=\"elementor-element elementor-element-1a9b8306 e-flex e-con-boxed e-con e-parent\" data-id=\"1a9b8306\" data-element_type=\"container\">\n\t\t\t\t\t<div class=\"e-con-inner\">\n\t\t\t\t<div class=\"elementor-element elementor-element-775c950 elementor-widget elementor-widget-text-editor\" data-id=\"775c950\" data-element_type=\"widget\" data-widget_type=\"text-editor.default\">\n\t\t\t\t<div class=\"elementor-widget-container\">\n\t\t\t\t\t\t\t\t\t<p><span style=\"background-color: transparent;color: #666666;font-family: Poppins, Helvetica, Arial, Lucida, sans-serif;font-size: 14px;text-align: justify\">\u00bfAlguna vez has pensado en darle un giro fresco a tu look sin salir de casa? Entonces, en Clarel \u00a1te tenemos cubierta! Cambiar el color de tu cabello por ti misma, nunca fue tan f\u00e1cil. Sin embargo, hay diferentes factores que debes tener en cuenta antes de empezar el proceso por tu propia cuenta.<\/span><\/p><p style=\"margin: 0px;padding: 0px;border: 0px;font-size: 14px;vertical-align: baseline;background-image: initial;background-position: initial;background-size: initial;background-repeat: initial;background-attachment: initial;color: #666666;font-family: Poppins, Helvetica, Arial, Lucida, sans-serif;text-align: justify\"><span style=\"margin: 0px;padding: 0px;border: 0px;vertical-align: baseline;background: transparent\">A continuaci\u00f3n te explicamos los mejores consejos y trucos para que logres tu look deseado, desde la comodidad de tu casa.<\/span><\/p>\t\t\t\t\t\t\t\t<\/div>\n\t\t\t\t<\/div>\n\t\t\t\t<div class=\"elementor-element elementor-element-a775e2b elementor-widget elementor-widget-text-editor\" data-id=\"a775e2b\" data-element_type=\"widget\" data-widget_type=\"text-editor.default\">\n\t\t\t\t<div class=\"elementor-widget-container\">\n\t\t\t\t\t\t\t\t\t<div style=\"margin: 0px;padding: 0px;border: 0px;font-size: 14px;vertical-align: baseline;background: 50% center \/ cover no-repeat #ffffff;position: relative;font-family: Poppins, Helvetica, Arial, Lucida, sans-serif;text-align: left;color: #666666;font-style: normal;font-weight: 500;letter-spacing: normal;text-indent: 0px;text-transform: none\"><div style=\"margin: 0px;padding: 0px;border: 0px;font-size: 14px;vertical-align: baseline;background: transparent;position: relative\"><span style=\"background-color: transparent;font-family: 'Gelica Light', Helvetica, Arial, Lucida, sans-serif;font-size: 26px;color: #ef7a50\">\u00a1Prepara todo lo necesario!<\/span><\/div><\/div>\t\t\t\t\t\t\t\t<\/div>\n\t\t\t\t<\/div>\n\t\t\t\t<div class=\"elementor-element elementor-element-2e0b2cd elementor-widget elementor-widget-text-editor\" data-id=\"2e0b2cd\" data-element_type=\"widget\" data-widget_type=\"text-editor.default\">\n\t\t\t\t<div class=\"elementor-widget-container\">\n\t\t\t\t\t\t\t\t\t<p><span style=\"color: #666666;font-family: Poppins, Helvetica, Arial, Lucida, sans-serif;font-size: 14px;background: transparent;margin: 0px;padding: 0px;border: 0px;vertical-align: baseline\">Te\u00f1ir el cabello en casa puede ser una manera divertida y econ\u00f3mica de\u00a0<\/span><b style=\"color: #666666;font-family: Poppins, Helvetica, Arial, Lucida, sans-serif;font-size: 14px;background: transparent;margin: 0px;padding: 0px;border: 0px;vertical-align: baseline\">cambiar tu apariencia<\/b><span style=\"color: #666666;font-family: Poppins, Helvetica, Arial, Lucida, sans-serif;font-size: 14px;background: transparent;margin: 0px;padding: 0px;border: 0px;vertical-align: baseline\">. Es importante, respetar el paso a paso y tener a la mano los elementos necesarios que te permitir\u00e1n lograr un mejor resultado.<\/span><\/p><p style=\"margin: 0px;padding: 0px;border: 0px;font-size: 14px;vertical-align: baseline;background-image: initial;background-position: initial;background-size: initial;background-repeat: initial;background-attachment: initial;color: #666666;font-family: Poppins, Helvetica, Arial, Lucida, sans-serif\"><span style=\"margin: 0px;padding: 0px;border: 0px;vertical-align: baseline;background: transparent\">La mayor\u00eda de los elementos necesarios para te\u00f1ir el cabello los podemos tener disponibles en casa o bien podemos ir a una tienda especializada y comprarlos. Te presentamos algunos de estos elementos necesarios:<\/span><\/p>\t\t\t\t\t\t\t\t<\/div>\n\t\t\t\t<\/div>\n\t\t\t\t<div class=\"elementor-element elementor-element-2e5e2df elementor-widget elementor-widget-image\" data-id=\"2e5e2df\" data-element_type=\"widget\" data-widget_type=\"image.default\">\n\t\t\t\t<div class=\"elementor-widget-container\">\n\t\t\t\t\t\t\t\t\t\t\t\t\t\t\t<img decoding=\"async\" src=\"https:\/\/blog-clarel.imgix.net\/2023\/12\/como-tenir-pelo-en-casa.jpg\" title=\"\" alt=\"\" loading=\"lazy\" \/>\t\t\t\t\t\t\t\t\t\t\t\t\t\t\t<\/div>\n\t\t\t\t<\/div>\n\t\t\t\t<div class=\"elementor-element elementor-element-ef3fceb elementor-widget elementor-widget-text-editor\" data-id=\"ef3fceb\" data-element_type=\"widget\" data-widget_type=\"text-editor.default\">\n\t\t\t\t<div class=\"elementor-widget-container\">\n\t\t\t\t\t\t\t\t\t<ul style=\"margin: 0px;padding: 0px 0px 23px 1em;font-size: 14px;background-color: #ffffff;line-height: 26px;color: #666666;font-family: Poppins, Helvetica, Arial, Lucida, sans-serif\">\n<li style=\"margin: 0px;padding: 0px;font-size: 14px\"><b style=\"margin: 0px;padding: 0px;border: 0px;vertical-align: baseline;background: transparent\">Bol no met\u00e1lico:&nbsp;<\/b>Un bol no met\u00e1lico nos permitir\u00e1<b style=\"margin: 0px;padding: 0px;border: 0px;vertical-align: baseline;background: transparent\">&nbsp;mezclar y medir el tinte<\/b><span style=\"margin: 0px;padding: 0px;border: 0px;vertical-align: baseline;background: transparent\">&nbsp;necesario para nosotras. Ayudar\u00e1 a verter la mezcla sin ensuciarnos y unir con las cantidades correctas.<\/span><\/li><li style=\"margin: 0px;padding: 0px;font-size: 14px\"><b style=\"margin: 0px;padding: 0px;border: 0px;vertical-align: baseline;background: transparent\">Paletina:&nbsp;<\/b>Este elemento seguro que ya lo has visto antes. Se trata de un pincel aplanado con el cual podemos&nbsp;<b style=\"margin: 0px;padding: 0px;border: 0px;vertical-align: baseline;background: transparent\">mezclar el tinte&nbsp;<\/b><span style=\"margin: 0px;padding: 0px;border: 0px;vertical-align: baseline;background: transparent\">dentro del bol y poder&nbsp;<\/span><b style=\"margin: 0px;padding: 0px;border: 0px;vertical-align: baseline;background: transparent\">esparcirlo en el cabello<\/b><span style=\"margin: 0px;padding: 0px;border: 0px;vertical-align: baseline;background: transparent\">.<\/span><\/li><li style=\"margin: 0px;padding: 0px;font-size: 14px\"><b style=\"margin: 0px;padding: 0px;border: 0px;vertical-align: baseline;background: transparent\">Guantes:&nbsp;<\/b>Muchas veces las personas no le dan importancia a este elemento, pero la realidad es que es completamente necesario. El tinte mancha y sacarlas puede resultar muy dif\u00edcil. Para evitar esto, unos buenos guantes es la soluci\u00f3n. Mejor si son de cocina en lugar de los de pl\u00e1stico que vienen en las cajas de los tintes.<\/li><li style=\"margin: 0px;padding: 0px;font-size: 14px\"><b style=\"margin: 0px;padding: 0px;border: 0px;vertical-align: baseline;background: transparent\">Camiseta que pueda estropearse:&nbsp;<\/b>Si bien algunas personas usan gorros, la realidad es que es muy f\u00e1cil mancharse con el tinte. Generalmente,&nbsp;<b style=\"margin: 0px;padding: 0px;border: 0px;vertical-align: baseline;background: transparent\">al momento de aplicar el tinte caen restos y podr\u00edan estropear tu camisa<\/b><span style=\"margin: 0px;padding: 0px;border: 0px;vertical-align: baseline;background: transparent\">. Por eso, recomendamos usar alguna que ya no uses.&nbsp;<\/span><\/li><li style=\"margin: 0px;padding: 0px;font-size: 14px\"><b style=\"margin: 0px;padding: 0px;border: 0px;vertical-align: baseline;background: transparent\">Vaselina:&nbsp;<\/b>Para&nbsp;<b style=\"margin: 0px;padding: 0px;border: 0px;vertical-align: baseline;background: transparent\">evitar las manchas molestas&nbsp;<\/b><span style=\"margin: 0px;padding: 0px;border: 0px;vertical-align: baseline;background: transparent\">que generan los tintes. Te recomendamos cubrir todo el contorno de tu cabello (incluyendo las orejas) para evitar que se coloreen de tinte.&nbsp;<\/span><\/li><li style=\"margin: 0px;padding: 0px;font-size: 14px\"><b style=\"margin: 0px;padding: 0px;border: 0px;vertical-align: baseline;background: transparent\">Toallas que puedan mancharse:&nbsp;<\/b>Al lavar tu cabello a veces puede seguir soltando color. Por ello, recomendamos el uso de una toalla vieja o que ya no uses para que no tengas ning\u00fan problema con las manchas al lavar tu cabello reci\u00e9n pintado.<\/li><li style=\"margin: 0px;padding: 0px;font-size: 14px\"><b style=\"margin: 0px;padding: 0px;border: 0px;vertical-align: baseline;background: transparent\">Cron\u00f3metro:&nbsp;<\/b>Pintarse el cabello en casa es una responsabilidad que debe realizarse de la manera m\u00e1s responsable. Por ello, el uso del cron\u00f3metro es importante para respetar el tiempo indicado en la caja de las instrucciones del tinte.&nbsp;<\/li><li style=\"margin: 0px;padding: 0px;font-size: 14px\"><b style=\"margin: 0px;padding: 0px;border: 0px;vertical-align: baseline;background: transparent\">Pinzas del pelo:&nbsp;<\/b>Al momento de pintar tu cabello deber\u00e1s dividirlo para colocar el tinte de manera uniforme. Unas buenas pinzas de pelo nos ayudar\u00e1n a ello.&nbsp;<\/li>\n<\/ul>\t\t\t\t\t\t\t\t<\/div>\n\t\t\t\t<\/div>\n\t\t\t\t<div class=\"elementor-element elementor-element-a294366 elementor-widget elementor-widget-text-editor\" data-id=\"a294366\" data-element_type=\"widget\" data-widget_type=\"text-editor.default\">\n\t\t\t\t<div class=\"elementor-widget-container\">\n\t\t\t\t\t\t\t\t\t<div style=\"margin: 0px;padding: 0px;border: 0px;font-size: 14px;vertical-align: baseline;background: 50% center \/ cover no-repeat #ffffff;position: relative;font-family: Poppins, Helvetica, Arial, Lucida, sans-serif;text-align: left;color: #666666;font-style: normal;font-weight: 500;letter-spacing: normal;text-indent: 0px;text-transform: none\"><div style=\"margin: 0px;padding: 0px;border: 0px;font-size: 14px;vertical-align: baseline;background: transparent;position: relative\"><span style=\"background-color: transparent;font-family: 'Gelica Light', Helvetica, Arial, Lucida, sans-serif;font-size: 26px;color: #ef7a50\">\u00a1Prepara todo lo necesario!<\/span><\/div><\/div>\t\t\t\t\t\t\t\t<\/div>\n\t\t\t\t<\/div>\n\t\t\t\t<div class=\"elementor-element elementor-element-89dad22 elementor-widget elementor-widget-text-editor\" data-id=\"89dad22\" data-element_type=\"widget\" data-widget_type=\"text-editor.default\">\n\t\t\t\t<div class=\"elementor-widget-container\">\n\t\t\t\t\t\t\t\t\t<p><span style=\"color: #666666;font-family: Poppins, Helvetica, Arial, Lucida, sans-serif;font-size: 14px\">Un nuevo look nos aporta cambios y una renovaci\u00f3n que nos hace sentir mejor y a continuaci\u00f3n te contamos paso a paso que debes hacer para conseguir tu nuevo look deseado.<\/span><\/p>\t\t\t\t\t\t\t\t<\/div>\n\t\t\t\t<\/div>\n\t\t\t\t<div class=\"elementor-element elementor-element-e44ab70 elementor-widget elementor-widget-text-editor\" data-id=\"e44ab70\" data-element_type=\"widget\" data-widget_type=\"text-editor.default\">\n\t\t\t\t<div class=\"elementor-widget-container\">\n\t\t\t\t\t\t\t\t\t<div style=\"margin: 0px;padding: 0px;border: 0px;font-size: 14px;vertical-align: baseline;background: 50% center \/ cover no-repeat #ffffff;position: relative;font-family: Poppins, Helvetica, Arial, Lucida, sans-serif;text-align: left;color: #666666;font-style: normal;font-weight: 500;letter-spacing: normal;text-indent: 0px;text-transform: none\"><span style=\"color: #f5a573;font-size: 18px\">1. <\/span><span style=\"color: #f5a573;font-size: 18px\">Elegir el color adecuado<\/span><\/div>\t\t\t\t\t\t\t\t<\/div>\n\t\t\t\t<\/div>\n\t\t\t\t<div class=\"elementor-element elementor-element-1d26f84 elementor-widget elementor-widget-text-editor\" data-id=\"1d26f84\" data-element_type=\"widget\" data-widget_type=\"text-editor.default\">\n\t\t\t\t<div class=\"elementor-widget-container\">\n\t\t\t\t\t\t\t\t\t<p><span style=\"color: #666666;font-family: Poppins, Helvetica, Arial, Lucida, sans-serif;font-size: 14px;background: transparent;margin: 0px;padding: 0px;border: 0px;vertical-align: baseline\">Debes elegir el color adecuado. Si bien puedes optar por un color natural, tambi\u00e9n puedes\u00a0<\/span><b style=\"color: #666666;font-family: Poppins, Helvetica, Arial, Lucida, sans-serif;font-size: 14px;background: transparent;margin: 0px;padding: 0px;border: 0px;vertical-align: baseline\">optar por un look completamente nuevo<\/b><span style=\"color: #666666;font-family: Poppins, Helvetica, Arial, Lucida, sans-serif;font-size: 14px;background: transparent;margin: 0px;padding: 0px;border: 0px;vertical-align: baseline\">. Es importante mencionar que si deseas un color rosa o violeta, este solo funcionar\u00e1n en cabellos rubios o previamente decolorados.\u00a0<\/span><\/p><p style=\"margin: 0px;padding: 0px;border: 0px;font-size: 14px;vertical-align: baseline;background-image: initial;background-position: initial;background-size: initial;background-repeat: initial;background-attachment: initial;color: #666666;font-family: Poppins, Helvetica, Arial, Lucida, sans-serif\"><span style=\"margin: 0px;padding: 0px;border: 0px;vertical-align: baseline;background: transparent\">En caso de tener una base oscura te recomendamos ir a un experto que te pueda asesorar con la tonalidad ideal para ti y as\u00ed no estropear tu cabello. Una vez logres saber sobre el color del tinte, recomendamos leer bien las instrucciones antes de aplicarlo.<\/span><\/p>\t\t\t\t\t\t\t\t<\/div>\n\t\t\t\t<\/div>\n\t\t\t\t<div class=\"elementor-element elementor-element-d7f9eef elementor-widget elementor-widget-text-editor\" data-id=\"d7f9eef\" data-element_type=\"widget\" data-widget_type=\"text-editor.default\">\n\t\t\t\t<div class=\"elementor-widget-container\">\n\t\t\t\t\t\t\t\t\t<div style=\"margin: 0px;padding: 0px;border: 0px;font-size: 14px;vertical-align: baseline;background: 50% center \/ cover no-repeat #ffffff;position: relative;font-family: Poppins, Helvetica, Arial, Lucida, sans-serif;text-align: left;color: #666666;font-style: normal;font-weight: 500;letter-spacing: normal;text-indent: 0px;text-transform: none\"><span style=\"color: #f5a573;font-size: 18px\">2. Aplicaci\u00f3n del tinte<\/span><\/div>\t\t\t\t\t\t\t\t<\/div>\n\t\t\t\t<\/div>\n\t\t\t\t<div class=\"elementor-element elementor-element-24a3f4a elementor-widget elementor-widget-text-editor\" data-id=\"24a3f4a\" data-element_type=\"widget\" data-widget_type=\"text-editor.default\">\n\t\t\t\t<div class=\"elementor-widget-container\">\n\t\t\t\t\t\t\t\t\t<p><span style=\"background-color: transparent;color: #666666;font-family: Poppins, Helvetica, Arial, Lucida, sans-serif;font-size: 14px\">Ahora que est\u00e1s listo para te\u00f1ir tu pelo, usa una camiseta que puedas estropear, vaselina sobre el contorno del cabello y orejas y haz la divisi\u00f3n correspondiente para la correcta aplicaci\u00f3n del tinte.\u00a0<\/span><\/p><p style=\"margin: 0px;padding: 0px 0px 1em;border: 0px;font-size: 14px;vertical-align: baseline;background-image: initial;background-position: initial;background-size: initial;background-repeat: initial;background-attachment: initial;color: #666666;font-family: Poppins, Helvetica, Arial, Lucida, sans-serif\"><span style=\"margin: 0px;padding: 0px;border: 0px;vertical-align: baseline;background: transparent\">Lo ideal ser\u00eda\u00a0<\/span><b style=\"margin: 0px;padding: 0px;border: 0px;vertical-align: baseline;background: transparent\">no haberte lavado el pelo en los dos d\u00edas previos\u00a0<\/b><span style=\"margin: 0px;padding: 0px;border: 0px;vertical-align: baseline;background: transparent\">al proceso. Tambi\u00e9n, debes tener claro el objetivo si solo quieres hacer mantenimiento del tinte, pintar \u00fanicamente puntas o si quieres pintar el cabello completo.<\/span><\/p><p style=\"margin: 0px;padding: 0px;border: 0px;font-size: 14px;vertical-align: baseline;background-image: initial;background-position: initial;background-size: initial;background-repeat: initial;background-attachment: initial;color: #666666;font-family: Poppins, Helvetica, Arial, Lucida, sans-serif\"><span style=\"margin: 0px;padding: 0px;border: 0px;vertical-align: baseline;background: transparent\">Si solo quieres mantenimiento deber\u00e1s aplicar el tinte en la ra\u00edz del pelo, mientras que si es completo deber\u00e1s aplicarlo en todo el cabello.\u00a0 Una vez apliques el tinte debes mantenerte atenta a los minutos recomendados.<\/span><\/p>\t\t\t\t\t\t\t\t<\/div>\n\t\t\t\t<\/div>\n\t\t\t\t<div class=\"elementor-element elementor-element-9f30d47 elementor-widget elementor-widget-text-editor\" data-id=\"9f30d47\" data-element_type=\"widget\" data-widget_type=\"text-editor.default\">\n\t\t\t\t<div class=\"elementor-widget-container\">\n\t\t\t\t\t\t\t\t\t<div style=\"margin: 0px;padding: 0px;border: 0px;font-size: 14px;vertical-align: baseline;background: 50% center \/ cover no-repeat #ffffff;position: relative;font-family: Poppins, Helvetica, Arial, Lucida, sans-serif;text-align: left;color: #666666;font-style: normal;font-weight: 500;letter-spacing: normal;text-indent: 0px;text-transform: none\"><span style=\"color: #f5a573;font-size: 18px\">3. Enjuague y Cuidado Post-Tinte<\/span><\/div>\t\t\t\t\t\t\t\t<\/div>\n\t\t\t\t<\/div>\n\t\t\t\t<div class=\"elementor-element elementor-element-a645107 elementor-widget elementor-widget-text-editor\" data-id=\"a645107\" data-element_type=\"widget\" data-widget_type=\"text-editor.default\">\n\t\t\t\t<div class=\"elementor-widget-container\">\n\t\t\t\t\t\t\t\t\t<p><span style=\"color: #666666;font-family: Poppins, Helvetica, Arial, Lucida, sans-serif;font-size: 14px;background-color: transparent\">Al finalizar el tiempo de procesamiento, es momento de enjuagar y cuidar de tu cabello. Primero, deber\u00e1s enjuagar solo con agua tibia y sin uso de champ\u00fa hasta que el agua salga clara, sin residuos de tinte.\u00a0<\/span><\/p><p style=\"margin: 0px;padding: 0px;border: 0px;font-size: 14px;vertical-align: baseline;background-image: initial;background-position: initial;background-size: initial;background-repeat: initial;background-attachment: initial;color: #666666;font-family: Poppins, Helvetica, Arial, Lucida, sans-serif\"><span style=\"margin: 0px;padding: 0px;border: 0px;vertical-align: baseline;background: transparent\">Luego, podr\u00e1s usar un champ\u00fa y un acondicionador para mantener tu cabello saludable. Para\u00a0<\/span><b style=\"margin: 0px;padding: 0px;border: 0px;vertical-align: baseline;background: transparent\">prolongar la duraci\u00f3n del color<\/b><span style=\"margin: 0px;padding: 0px;border: 0px;vertical-align: baseline;background: transparent\">, utiliza productos dise\u00f1ados para cabello te\u00f1ido. Evita lavar tu cabello con agua caliente y protege tu cabello del sol y el cloro de las piscinas.<\/span><\/p>\t\t\t\t\t\t\t\t<\/div>\n\t\t\t\t<\/div>\n\t\t\t\t<div class=\"elementor-element elementor-element-64a4df5 elementor-widget elementor-widget-image\" data-id=\"64a4df5\" data-element_type=\"widget\" data-widget_type=\"image.default\">\n\t\t\t\t<div class=\"elementor-widget-container\">\n\t\t\t\t\t\t\t\t\t\t\t\t\t\t\t<img decoding=\"async\" src=\"https:\/\/blog-clarel.imgix.net\/2023\/12\/como-pintarse-el-pelo-en-casa.jpg\" title=\"\" alt=\"\" loading=\"lazy\" \/>\t\t\t\t\t\t\t\t\t\t\t\t\t\t\t<\/div>\n\t\t\t\t<\/div>\n\t\t\t\t<div class=\"elementor-element elementor-element-f96c499 elementor-widget elementor-widget-text-editor\" data-id=\"f96c499\" data-element_type=\"widget\" data-widget_type=\"text-editor.default\">\n\t\t\t\t<div class=\"elementor-widget-container\">\n\t\t\t\t\t\t\t\t\t<div style=\"margin: 0px;padding: 0px;border: 0px;font-size: 14px;vertical-align: baseline;background: 50% center \/ cover no-repeat #ffffff;position: relative;font-family: Poppins, Helvetica, Arial, Lucida, sans-serif;text-align: left;color: #666666;font-style: normal;font-weight: 500;letter-spacing: normal;text-indent: 0px;text-transform: none\"><div style=\"margin: 0px;padding: 0px;border: 0px;font-size: 14px;vertical-align: baseline;background: transparent;position: relative\"><span style=\"color: #ef7a50;font-family: 'Gelica Light', Helvetica, Arial, Lucida, sans-serif;font-size: 26px\">Los mejores tintes para pintarse el pelo en casa:<\/span><\/div><\/div>\t\t\t\t\t\t\t\t<\/div>\n\t\t\t\t<\/div>\n\t\t\t\t<div class=\"elementor-element elementor-element-252d91e elementor-widget elementor-widget-text-editor\" data-id=\"252d91e\" data-element_type=\"widget\" data-widget_type=\"text-editor.default\">\n\t\t\t\t<div class=\"elementor-widget-container\">\n\t\t\t\t\t\t\t\t\t<div style=\"margin: 0px;padding: 0px;border: 0px;font-size: 14px;vertical-align: baseline;background: 50% center \/ cover no-repeat #ffffff;position: relative;font-family: Poppins, Helvetica, Arial, Lucida, sans-serif;text-align: left;color: #666666;font-style: normal;font-weight: 500;letter-spacing: normal;text-indent: 0px;text-transform: none\"><span style=\"color: #f5a573;font-size: 18px\">Tintes Casta\u00f1os Syoss Oleo Intense Sin Amon\u00edaco<\/span><\/div>\t\t\t\t\t\t\t\t<\/div>\n\t\t\t\t<\/div>\n\t\t\t\t<div class=\"elementor-element elementor-element-f3e22b1 elementor-widget elementor-widget-text-editor\" data-id=\"f3e22b1\" data-element_type=\"widget\" data-widget_type=\"text-editor.default\">\n\t\t\t\t<div class=\"elementor-widget-container\">\n\t\t\t\t\t\t\t\t\t<p><span style=\"color: #666666;font-family: Poppins, Helvetica, Arial, Lucida, sans-serif;font-size: 14px;text-align: justify\">Los Tintes Casta\u00f1os Syoss Oleo Intense Sin Amon\u00edaco son ideales para las mujeres que desean lograr resultados similares sin los posibles efectos negativos asociados con el amon\u00edaco. Este tinte cuenta entre sus ingredientes aceites que cuidan tu cabello y a la vez garantiza una cobertura profesional con larga duraci\u00f3n.<\/span><\/p>\t\t\t\t\t\t\t\t<\/div>\n\t\t\t\t<\/div>\n\t\t<div class=\"elementor-element elementor-element-6102479 e-con-full e-flex e-con e-child\" data-id=\"6102479\" data-element_type=\"container\">\n\t\t<div class=\"elementor-element elementor-element-20e8118 e-con-full e-flex e-con e-child\" data-id=\"20e8118\" data-element_type=\"container\">\n\t\t\t\t<div class=\"elementor-element elementor-element-c73f2d8 elementor-cta--layout-image-right elementor-widget__width-initial elementor-cta--skin-classic elementor-animated-content elementor-widget elementor-widget-call-to-action\" data-id=\"c73f2d8\" data-element_type=\"widget\" data-widget_type=\"call-to-action.default\">\n\t\t\t\t<div class=\"elementor-widget-container\">\n\t\t\t\t\t\t\t<a class=\"elementor-cta\" href=\"https:\/\/www.clarel.es\/es\/syoss-castano\" target=\"_blank\">\n\t\t\t\t\t\t\t<div class=\"elementor-cta__content\">\n\t\t\t\t\t\t\t\t\t<div class=\"elementor-content-item elementor-cta__content-item elementor-cta__image\">\n\t\t\t\t\t\t<img decoding=\"async\" src=\"https:\/\/clarel.imgix.net\/media\/catalog\/product\/T\/i\/Tinte_Permanente_Sin_Amon_aco_Oleo_Intense_Syoss_Tonos_Casta_os_a7efc1e7b5d15d098d93bda19fe876d241ac977f_171468_1_HENKEL.jpg\" title=\"\" alt=\"\" loading=\"lazy\" \/>\t\t\t\t\t<\/div>\n\t\t\t\t\n\t\t\t\t\t\t\t\t\t<div class=\"elementor-cta__title elementor-cta__content-item elementor-content-item\">\n\t\t\t\t\t\tSYOSS\t\t\t\t\t<\/div>\n\t\t\t\t\n\t\t\t\t\t\t\t\t\t<div class=\"elementor-cta__description elementor-cta__content-item elementor-content-item\">\n\t\t\t\t\t\tTinte Casta\u00f1o Oleo Intense<BR> <BR>\n<span style=\"font-size: 13pt\"><b>6,49\u20ac<\/span> <\/b>\t\t\t\t\t<\/div>\n\t\t\t\t\n\t\t\t\t\t\t\t\t\t<div class=\"elementor-cta__button-wrapper elementor-cta__content-item elementor-content-item \">\n\t\t\t\t\t<span class=\"elementor-cta__button elementor-button elementor-size-\">\n\t\t\t\t\t\tCOMPRAR\t\t\t\t\t<\/span>\n\t\t\t\t\t<\/div>\n\t\t\t\t\t\t\t<\/div>\n\t\t\t\t\t\t<\/a>\n\t\t\t\t\t\t<\/div>\n\t\t\t\t<\/div>\n\t\t\t\t<\/div>\n\t\t\t\t<\/div>\n\t\t<div class=\"elementor-element elementor-element-7c687be e-con-full e-flex e-con e-child\" data-id=\"7c687be\" data-element_type=\"container\">\n\t\t\t\t<div class=\"elementor-element elementor-element-40614d4 elementor-widget elementor-widget-text-editor\" data-id=\"40614d4\" data-element_type=\"widget\" data-widget_type=\"text-editor.default\">\n\t\t\t\t<div class=\"elementor-widget-container\">\n\t\t\t\t\t\t\t\t\t<div style=\"margin: 0px;padding: 0px;border: 0px;font-size: 14px;vertical-align: baseline;background: 50% center \/ cover no-repeat #ffffff;position: relative;font-family: Poppins, Helvetica, Arial, Lucida, sans-serif;text-align: left;color: #666666;font-style: normal;font-weight: 500;letter-spacing: normal;text-indent: 0px;text-transform: none\"><span style=\"color: #f5a573;font-size: 18px\">Tinte Rubio Excellence Creme de L\u00b4OREAL<\/span><\/div>\t\t\t\t\t\t\t\t<\/div>\n\t\t\t\t<\/div>\n\t\t\t\t<div class=\"elementor-element elementor-element-8ccc85f elementor-widget elementor-widget-text-editor\" data-id=\"8ccc85f\" data-element_type=\"widget\" data-widget_type=\"text-editor.default\">\n\t\t\t\t<div class=\"elementor-widget-container\">\n\t\t\t\t\t\t\t\t\t<p><span style=\"color: #666666;font-family: Poppins, Helvetica, Arial, Lucida, sans-serif;font-size: 14px;text-align: justify\">Tinte Rubio Excellence Creme de Loreal cuenta con una f\u00f3rmula especial que ofrece cuidado avanzado. Ofrece un color radiante y duradero y favorece a todos los tonos de piel. Es un producto ideal para cubrir 100% las canas y con buen cuidado. No necesitas champ\u00fa al momento del enjuague, solo el acondicionador que viene incluido en el kit.<\/span><\/p>\t\t\t\t\t\t\t\t<\/div>\n\t\t\t\t<\/div>\n\t\t\t\t<\/div>\n\t\t<div class=\"elementor-element elementor-element-dc646d8 e-con-full e-flex e-con e-child\" data-id=\"dc646d8\" data-element_type=\"container\">\n\t\t<div class=\"elementor-element elementor-element-99f39c6 e-con-full e-flex e-con e-child\" data-id=\"99f39c6\" data-element_type=\"container\">\n\t\t\t\t<div class=\"elementor-element elementor-element-ecba760 elementor-cta--layout-image-right elementor-widget__width-initial elementor-cta--skin-classic elementor-animated-content elementor-widget elementor-widget-call-to-action\" data-id=\"ecba760\" data-element_type=\"widget\" data-widget_type=\"call-to-action.default\">\n\t\t\t\t<div class=\"elementor-widget-container\">\n\t\t\t\t\t\t\t<a class=\"elementor-cta\" href=\"https:\/\/www.clarel.es\/es\/lor-excell-rubio\" target=\"_blank\">\n\t\t\t\t\t\t\t<div class=\"elementor-cta__content\">\n\t\t\t\t\t\t\t\t\t<div class=\"elementor-content-item elementor-cta__content-item elementor-cta__image\">\n\t\t\t\t\t\t<img decoding=\"async\" src=\"https:\/\/clarel.imgix.net\/media\/catalog\/product\/1\/5\/151760_1_0c52.jpg\" title=\"\" alt=\"\" loading=\"lazy\" \/>\t\t\t\t\t<\/div>\n\t\t\t\t\n\t\t\t\t\t\t\t\t\t<div class=\"elementor-cta__title elementor-cta__content-item elementor-content-item\">\n\t\t\t\t\t\tL\u2019OREAL\t\t\t\t\t<\/div>\n\t\t\t\t\n\t\t\t\t\t\t\t\t\t<div class=\"elementor-cta__description elementor-cta__content-item elementor-content-item\">\n\t\t\t\t\t\tTinte Rubio Excellence Creme<BR> <BR>\n<span style=\"font-size: 13pt\"><b>9,69\u20ac<\/span> <\/b>\t\t\t\t\t<\/div>\n\t\t\t\t\n\t\t\t\t\t\t\t\t\t<div class=\"elementor-cta__button-wrapper elementor-cta__content-item elementor-content-item \">\n\t\t\t\t\t<span class=\"elementor-cta__button elementor-button elementor-size-\">\n\t\t\t\t\t\tCOMPRAR\t\t\t\t\t<\/span>\n\t\t\t\t\t<\/div>\n\t\t\t\t\t\t\t<\/div>\n\t\t\t\t\t\t<\/a>\n\t\t\t\t\t\t<\/div>\n\t\t\t\t<\/div>\n\t\t\t\t<\/div>\n\t\t\t\t<\/div>\n\t\t<div class=\"elementor-element elementor-element-337dd88 e-con-full e-flex e-con e-child\" data-id=\"337dd88\" data-element_type=\"container\">\n\t\t\t\t<div class=\"elementor-element elementor-element-12bd144 elementor-widget elementor-widget-text-editor\" data-id=\"12bd144\" data-element_type=\"widget\" data-widget_type=\"text-editor.default\">\n\t\t\t\t<div class=\"elementor-widget-container\">\n\t\t\t\t\t\t\t\t\t<div style=\"margin: 0px;padding: 0px;border: 0px;font-size: 14px;vertical-align: baseline;background: 50% center \/ cover no-repeat #ffffff;position: relative;font-family: Poppins, Helvetica, Arial, Lucida, sans-serif;text-align: left;color: #666666;font-style: normal;font-weight: 500;letter-spacing: normal;text-indent: 0px;text-transform: none\"><span style=\"color: #f5a573;font-size: 18px\">Coloraci\u00f3n Permanente Llongueras Advance<\/span><\/div>\t\t\t\t\t\t\t\t<\/div>\n\t\t\t\t<\/div>\n\t\t\t\t<div class=\"elementor-element elementor-element-4d42bd3 elementor-widget elementor-widget-text-editor\" data-id=\"4d42bd3\" data-element_type=\"widget\" data-widget_type=\"text-editor.default\">\n\t\t\t\t<div class=\"elementor-widget-container\">\n\t\t\t\t\t\t\t\t\t<p><span style=\"color: #666666;font-family: Poppins, Helvetica, Arial, Lucida, sans-serif;font-size: 14px;text-align: justify\">Coloraci\u00f3n Permanente Llongueras Advance cuenta con una f\u00f3rmula especial que permite lograr un color intenso hasta 5 semanas y un extra de cuidado. Formulado con ingredientes innovadores como la provitamina b5 y aceite de semilla de uva que act\u00faa como agente hidratante del cabello.<\/span><\/p>\t\t\t\t\t\t\t\t<\/div>\n\t\t\t\t<\/div>\n\t\t\t\t<\/div>\n\t\t<div class=\"elementor-element elementor-element-4c17558 e-con-full e-flex e-con e-child\" data-id=\"4c17558\" data-element_type=\"container\">\n\t\t<div class=\"elementor-element elementor-element-c6cfa29 e-con-full e-flex e-con e-child\" data-id=\"c6cfa29\" data-element_type=\"container\">\n\t\t\t\t<div class=\"elementor-element elementor-element-89c70ce elementor-cta--layout-image-right elementor-widget__width-initial elementor-cta--skin-classic elementor-animated-content elementor-widget elementor-widget-call-to-action\" data-id=\"89c70ce\" data-element_type=\"widget\" data-widget_type=\"call-to-action.default\">\n\t\t\t\t<div class=\"elementor-widget-container\">\n\t\t\t\t\t\t\t<a class=\"elementor-cta\" href=\"https:\/\/www.clarel.es\/es\/llongueras-advance-tinte-rubio-llon-advance-rubio\" target=\"_blank\">\n\t\t\t\t\t\t\t<div class=\"elementor-cta__content\">\n\t\t\t\t\t\t\t\t\t<div class=\"elementor-content-item elementor-cta__content-item elementor-cta__image\">\n\t\t\t\t\t\t<img decoding=\"async\" src=\"https:\/\/clarel.imgix.net\/media\/catalog\/product\/8\/4\/8410825430111_4c20.jpg\" title=\"\" alt=\"\" loading=\"lazy\" \/>\t\t\t\t\t<\/div>\n\t\t\t\t\n\t\t\t\t\t\t\t\t\t<div class=\"elementor-cta__title elementor-cta__content-item elementor-content-item\">\n\t\t\t\t\t\tLLONGUERAS\t\t\t\t\t<\/div>\n\t\t\t\t\n\t\t\t\t\t\t\t\t\t<div class=\"elementor-cta__description elementor-cta__content-item elementor-content-item\">\n\t\t\t\t\t\tColoraci\u00f3n Advance<BR> <BR>\n<span style=\"font-size: 13pt\"><b>7,49\u20ac<\/span> <\/b>\t\t\t\t\t<\/div>\n\t\t\t\t\n\t\t\t\t\t\t\t\t\t<div class=\"elementor-cta__button-wrapper elementor-cta__content-item elementor-content-item \">\n\t\t\t\t\t<span class=\"elementor-cta__button elementor-button elementor-size-\">\n\t\t\t\t\t\tCOMPRAR\t\t\t\t\t<\/span>\n\t\t\t\t\t<\/div>\n\t\t\t\t\t\t\t<\/div>\n\t\t\t\t\t\t<\/a>\n\t\t\t\t\t\t<\/div>\n\t\t\t\t<\/div>\n\t\t\t\t<\/div>\n\t\t\t\t<\/div>\n\t\t<div class=\"elementor-element elementor-element-d921ec2 e-con-full e-flex e-con e-child\" data-id=\"d921ec2\" data-element_type=\"container\">\n\t\t\t\t<div class=\"elementor-element elementor-element-7b6d3b6 elementor-widget elementor-widget-text-editor\" data-id=\"7b6d3b6\" data-element_type=\"widget\" data-widget_type=\"text-editor.default\">\n\t\t\t\t<div class=\"elementor-widget-container\">\n\t\t\t\t\t\t\t\t\t<div style=\"margin: 0px;padding: 0px;border: 0px;font-size: 14px;vertical-align: baseline;background: 50% center \/ cover no-repeat #ffffff;position: relative;font-family: Poppins, Helvetica, Arial, Lucida, sans-serif;text-align: left;color: #666666;font-style: normal;font-weight: 500;letter-spacing: normal;text-indent: 0px;text-transform: none\"><div style=\"margin: 0px;padding: 0px;border: 0px;font-size: 14px;vertical-align: baseline;background: transparent;position: relative\"><span style=\"color: #ef7a50;font-family: 'Gelica Light', Helvetica, Arial, Lucida, sans-serif;font-size: 26px\">Cuida tu cabello, cuida tu color<\/span><\/div><\/div>\t\t\t\t\t\t\t\t<\/div>\n\t\t\t\t<\/div>\n\t\t\t\t<div class=\"elementor-element elementor-element-000dc51 elementor-widget elementor-widget-text-editor\" data-id=\"000dc51\" data-element_type=\"widget\" data-widget_type=\"text-editor.default\">\n\t\t\t\t<div class=\"elementor-widget-container\">\n\t\t\t\t\t\t\t\t\t<p><span style=\"background: transparent;color: #666666;font-family: Poppins, Helvetica, Arial, Lucida, sans-serif;font-size: 14px;margin: 0px;padding: 0px;border: 0px;vertical-align: baseline\">Ahora que te hemos explicado c\u00f3mo pintarte el pelo en casa. Tambi\u00e9n, queremos recomendarte tener el mayor de los cuidados con tu cabello te\u00f1ido. Cuando ti\u00f1es tu cabello debes seguir diferentes recomendaciones para que se siga manteniendo\u00a0<\/span><b style=\"background: transparent;color: #666666;font-family: Poppins, Helvetica, Arial, Lucida, sans-serif;font-size: 14px;margin: 0px;padding: 0px;border: 0px;vertical-align: baseline\">hidratado, brillante y\u00a0 fuerte.\u00a0<\/b><\/p><p style=\"margin: 0px;padding: 0px 0px 1em;border: 0px;font-size: 14px;vertical-align: baseline;background-image: initial;background-position: initial;background-size: initial;background-repeat: initial;background-attachment: initial;color: #666666;font-family: Poppins, Helvetica, Arial, Lucida, sans-serif\"><span style=\"margin: 0px;padding: 0px;border: 0px;vertical-align: baseline;background: transparent\">Cuando te ti\u00f1es el cabello, no solo est\u00e1s dando vida a tu estilo, tambi\u00e9n est\u00e1s asumiendo la responsabilidad de mantener ese hermoso color. Hay diferentes productos dise\u00f1ados para cabello te\u00f1ido.<\/span><\/p><p style=\"margin: 0px;padding: 0px;border: 0px;font-size: 14px;vertical-align: baseline;background-image: initial;background-position: initial;background-size: initial;background-repeat: initial;background-attachment: initial;color: #666666;font-family: Poppins, Helvetica, Arial, Lucida, sans-serif\"><span style=\"margin: 0px;padding: 0px;border: 0px;vertical-align: baseline;background: transparent\">Busca champ\u00fas y acondicionadores sin sulfatos y con ingredientes que\u00a0<\/span><b style=\"margin: 0px;padding: 0px;border: 0px;vertical-align: baseline;background: transparent\">protejan y nutran el cabello te\u00f1ido<\/b><span style=\"margin: 0px;padding: 0px;border: 0px;vertical-align: baseline;background: transparent\">. Productos que est\u00e9n dise\u00f1ados para proteger y prolongar\u00a0 la intensidad del color y asegurarte de que tu cabello siga vi\u00e9ndose saludable y vibrante.<\/span><\/p>\t\t\t\t\t\t\t\t<\/div>\n\t\t\t\t<\/div>\n\t\t\t\t<div class=\"elementor-element elementor-element-e0f490e elementor-widget elementor-widget-text-editor\" data-id=\"e0f490e\" data-element_type=\"widget\" data-widget_type=\"text-editor.default\">\n\t\t\t\t<div class=\"elementor-widget-container\">\n\t\t\t\t\t\t\t\t\t<div style=\"margin: 0px;padding: 0px;border: 0px;font-size: 14px;vertical-align: baseline;background: 50% center \/ cover no-repeat #ffffff;position: relative;font-family: Poppins, Helvetica, Arial, Lucida, sans-serif;text-align: left;color: #666666;font-style: normal;font-weight: 500;letter-spacing: normal;text-indent: 0px;text-transform: none\"><div style=\"margin: 0px;padding: 0px;border: 0px;font-size: 14px;vertical-align: baseline;background: transparent;position: relative\"><span style=\"color: #ef7a50;font-family: 'Gelica Light', Helvetica, Arial, Lucida, sans-serif;font-size: 26px\">Tips para elegir tu tono ideal<\/span><\/div><\/div>\t\t\t\t\t\t\t\t<\/div>\n\t\t\t\t<\/div>\n\t\t\t\t<div class=\"elementor-element elementor-element-3dc9e76 elementor-widget elementor-widget-text-editor\" data-id=\"3dc9e76\" data-element_type=\"widget\" data-widget_type=\"text-editor.default\">\n\t\t\t\t<div class=\"elementor-widget-container\">\n\t\t\t\t\t\t\t\t\t<p><span style=\"color: #666666;font-family: Poppins, Helvetica, Arial, Lucida, sans-serif;font-size: 14px;background: transparent;margin: 0px;padding: 0px;border: 0px;vertical-align: baseline\">Si quieres mejorar y aprender a c\u00f3mo te\u00f1irte el pelo, lo primero que deber\u00e1s hacer es\u00a0<\/span><a style=\"font-family: Poppins, Helvetica, Arial, Lucida, sans-serif;font-size: 14px;background: #ffffff;margin: 0px;padding: 0px;border: 0px;vertical-align: baseline;color: #edb059\" href=\"https:\/\/www.clarel.es\/blog\/color-pelo-morena\/\" target=\"_blank\" rel=\"noopener\">elegir tu tono ideal<\/a><span style=\"color: #666666;font-family: Poppins, Helvetica, Arial, Lucida, sans-serif;font-size: 14px;background: transparent;margin: 0px;padding: 0px;border: 0px;vertical-align: baseline\">. Para saberlo, debes seguir las reglas de la\u00a0<\/span><b style=\"color: #666666;font-family: Poppins, Helvetica, Arial, Lucida, sans-serif;font-size: 14px;background: transparent;margin: 0px;padding: 0px;border: 0px;vertical-align: baseline\">colorimetr\u00eda capilar<\/b><span style=\"color: #666666;font-family: Poppins, Helvetica, Arial, Lucida, sans-serif;font-size: 14px;background: transparent;margin: 0px;padding: 0px;border: 0px;vertical-align: baseline\">. Es decir, elegir tonos de cabello seg\u00fan tu color de piel, color de los ojos y el color natural de tu cabello.\u00a0<\/span><\/p><p><span style=\"background-color: transparent;color: #666666;font-family: Poppins, Helvetica, Arial, Lucida, sans-serif;font-size: 14px\">En pieles morenas recomendamos tonos avellana, caramelo o moka. En pieles claras recomendamos tonos rubios, casta\u00f1os y rojos. Sin embargo, si tienes una tonalidad media, los colores que te favorecen son: el casta\u00f1o en cualquier tonalidad o el rubio oscuro.<\/span><\/p><p><span style=\"color: #666666;font-family: Poppins, Helvetica, Arial, Lucida, sans-serif;font-size: 14px;background: transparent;margin: 0px;padding: 0px;border: 0px;vertical-align: baseline\">Igualmente, si deseas aplicarte un\u00a0<\/span><a style=\"font-family: Poppins, Helvetica, Arial, Lucida, sans-serif;font-size: 14px;background: #ffffff;margin: 0px;padding: 0px;border: 0px;vertical-align: baseline;color: #edb059\" href=\"https:\/\/www.clarel.es\/es\/\" target=\"_blank\" rel=\"noopener\">tinte<\/a><span style=\"color: #666666;font-family: Poppins, Helvetica, Arial, Lucida, sans-serif;font-size: 14px;background: transparent;margin: 0px;padding: 0px;border: 0px;vertical-align: baseline\">\u00a0con un determinado color, debes\u00a0<\/span><b style=\"color: #666666;font-family: Poppins, Helvetica, Arial, Lucida, sans-serif;font-size: 14px;background: transparent;margin: 0px;padding: 0px;border: 0px;vertical-align: baseline\">considerar la base de tu pelo<\/b><span style=\"color: #666666;font-family: Poppins, Helvetica, Arial, Lucida, sans-serif;font-size: 14px;background: transparent;margin: 0px;padding: 0px;border: 0px;vertical-align: baseline\">, ya que si es un color rubio o previamente decolorado puedes aplicar cualquier tono. Mientras que si tienes una base oscura debes consultarlo con un experto.\u00a0<\/span><\/p><p><span style=\"background-color: transparent;color: #666666;font-family: Poppins, Helvetica, Arial, Lucida, sans-serif;font-size: 14px\">En conclusi\u00f3n, te\u00f1ir el cabello en casa es una aventura emocionante y renovadora. Con los consejos que te acabamos de explicar, puedes lograr un look profesional sin gastar una fortuna en salones. Recuerda siempre seguir las indicaciones y cuidar tu cabello posteriormente para mantenerlo saludable y vibrante. \u00a1Atr\u00e9vete a cambiar y luce espectacular!<\/span><\/p>\t\t\t\t\t\t\t\t<\/div>\n\t\t\t\t<\/div>\n\t\t\t\t<\/div>\n\t\t\t\t\t<\/div>\n\t\t\t\t<\/div>\n\t\t\t\t<\/div>\n\t\t","protected":false},"excerpt":{"rendered":"<p>\u00bfTe gustar\u00eda darte un cambio de imagen y te\u00f1irte el pelo en casa? \u00a1Es Muy F\u00e1cil! En este art\u00edculo te descubrimos c\u00f3mo lo puedes hacer t\u00fa sola en casa.<\/p>\n","protected":false},"author":5,"featured_media":7409,"comment_status":"closed","ping_status":"open","sticky":false,"template":"","format":"standard","meta":{"footnotes":""},"categories":[33,34],"tags":[],"class_list":["post-7408","post","type-post","status-publish","format-standard","has-post-thumbnail","hentry","category-cuidado-cabello","category-tips-rutinas"],"yoast_head":"<!-- This site is optimized with the Yoast SEO plugin v25.4 - https:\/\/yoast.com\/wordpress\/plugins\/seo\/ -->\n<title>\u00bfC\u00f3mo te\u00f1irse el pelo en casa? | Clarel<\/title>\n<meta name=\"description\" content=\"\u00bfTe gustar\u00eda darte un cambio de imagen y te\u00f1irte el pelo en casa? \u00a1Es Muy F\u00e1cil! En este art\u00edculo te descubrimos c\u00f3mo lo puedes hacer t\u00fa sola en casa.\" \/>\n<meta name=\"robots\" content=\"index, follow, max-snippet:-1, max-image-preview:large, max-video-preview:-1\" \/>\n<link rel=\"canonical\" href=\"https:\/\/www.clarel.es\/blog\/tenir-pelo-casa\/\" \/>\n<meta property=\"og:locale\" content=\"es_ES\" \/>\n<meta property=\"og:type\" content=\"article\" \/>\n<meta property=\"og:title\" content=\"\u00bfC\u00f3mo te\u00f1irse el pelo en casa? | Clarel\" \/>\n<meta property=\"og:description\" content=\"\u00bfTe gustar\u00eda darte un cambio de imagen y te\u00f1irte el pelo en casa? \u00a1Es Muy F\u00e1cil! En este art\u00edculo te descubrimos c\u00f3mo lo puedes hacer t\u00fa sola en casa.\" \/>\n<meta property=\"og:url\" content=\"https:\/\/www.clarel.es\/blog\/tenir-pelo-casa\/\" \/>\n<meta property=\"og:site_name\" content=\"Clarel\" \/>\n<meta property=\"article:published_time\" content=\"2023-10-21T16:36:59+00:00\" \/>\n<meta property=\"article:modified_time\" content=\"2025-09-03T11:11:20+00:00\" \/>\n<meta property=\"og:image\" content=\"https:\/\/blog-clarel.imgix.net\/uploads\/2023\/12\/tenir-pelo-en-casa.jpg?auto=format%2Ccompress&ixlib=php-3.3.0\" \/>\n\t<meta property=\"og:image:width\" content=\"700\" \/>\n\t<meta property=\"og:image:height\" content=\"438\" \/>\n\t<meta property=\"og:image:type\" content=\"image\/jpeg\" \/>\n<meta name=\"twitter:card\" content=\"summary_large_image\" \/>\n<script type=\"application\/ld+json\" class=\"yoast-schema-graph\">{\"@context\":\"https:\/\/schema.org\",\"@graph\":[{\"@type\":\"Article\",\"@id\":\"https:\/\/www.clarel.es\/blog\/tenir-pelo-casa\/#article\",\"isPartOf\":{\"@id\":\"https:\/\/www.clarel.es\/blog\/tenir-pelo-casa\/\"},\"author\":{\"name\":\"Clarel\",\"@id\":\"https:\/\/www.clarel.es\/blog\"},\"headline\":\"\u00bfC\u00f3mo te\u00f1irse el pelo en casa?\",\"datePublished\":\"2023-10-21T16:36:59+00:00\",\"dateModified\":\"2025-09-03T11:11:20+00:00\",\"mainEntityOfPage\":{\"@id\":\"https:\/\/www.clarel.es\/blog\/tenir-pelo-casa\/\"},\"wordCount\":1373,\"publisher\":{\"@id\":\"https:\/\/www.clarel.es\/blog\/#organization\"},\"image\":{\"@id\":\"https:\/\/www.clarel.es\/blog\/tenir-pelo-casa\/#primaryimage\"},\"thumbnailUrl\":\"https:\/\/blog-clarel.imgix.net\/uploads\/2023\/12\/tenir-pelo-en-casa.jpg?auto=format%2Ccompress&ixlib=php-3.3.0\",\"articleSection\":[\"Cuidado cabello\",\"Tips y rutinas\"],\"inLanguage\":\"es\"},{\"@type\":\"WebPage\",\"@id\":\"https:\/\/www.clarel.es\/blog\/tenir-pelo-casa\/\",\"url\":\"https:\/\/www.clarel.es\/blog\/tenir-pelo-casa\/\",\"name\":\"\u00bfC\u00f3mo te\u00f1irse el pelo en casa? | Clarel\",\"isPartOf\":{\"@id\":\"https:\/\/www.clarel.es\/blog\/#website\"},\"primaryImageOfPage\":{\"@id\":\"https:\/\/www.clarel.es\/blog\/tenir-pelo-casa\/#primaryimage\"},\"image\":{\"@id\":\"https:\/\/www.clarel.es\/blog\/tenir-pelo-casa\/#primaryimage\"},\"thumbnailUrl\":\"https:\/\/blog-clarel.imgix.net\/uploads\/2023\/12\/tenir-pelo-en-casa.jpg?auto=format%2Ccompress&ixlib=php-3.3.0\",\"datePublished\":\"2023-10-21T16:36:59+00:00\",\"dateModified\":\"2025-09-03T11:11:20+00:00\",\"description\":\"\u00bfTe gustar\u00eda darte un cambio de imagen y te\u00f1irte el pelo en casa? \u00a1Es Muy F\u00e1cil! En este art\u00edculo te descubrimos c\u00f3mo lo puedes hacer t\u00fa sola en casa.\",\"breadcrumb\":{\"@id\":\"https:\/\/www.clarel.es\/blog\/tenir-pelo-casa\/#breadcrumb\"},\"inLanguage\":\"es\",\"potentialAction\":[{\"@type\":\"ReadAction\",\"target\":[\"https:\/\/www.clarel.es\/blog\/tenir-pelo-casa\/\"]}]},{\"@type\":\"ImageObject\",\"inLanguage\":\"es\",\"@id\":\"https:\/\/www.clarel.es\/blog\/tenir-pelo-casa\/#primaryimage\",\"url\":\"https:\/\/blog-clarel.imgix.net\/uploads\/2023\/12\/tenir-pelo-en-casa.jpg?auto=format%2Ccompress&ixlib=php-3.3.0\",\"contentUrl\":\"https:\/\/blog-clarel.imgix.net\/uploads\/2023\/12\/tenir-pelo-en-casa.jpg?auto=format%2Ccompress&ixlib=php-3.3.0\",\"width\":700,\"height\":438},{\"@type\":\"BreadcrumbList\",\"@id\":\"https:\/\/www.clarel.es\/blog\/tenir-pelo-casa\/#breadcrumb\",\"itemListElement\":[{\"@type\":\"ListItem\",\"position\":1,\"name\":\"Portada\",\"item\":\"https:\/\/www.clarel.es\/blog\/\"},{\"@type\":\"ListItem\",\"position\":2,\"name\":\"\u00bfC\u00f3mo te\u00f1irse el pelo en casa?\"}]},{\"@type\":\"WebSite\",\"@id\":\"https:\/\/www.clarel.es\/blog\/#website\",\"url\":\"https:\/\/www.clarel.es\/blog\/\",\"name\":\"Clarel\",\"description\":\"Tienda Online de perfumeria, cosmetica, maquillaje y hogar.\",\"publisher\":{\"@id\":\"https:\/\/www.clarel.es\/blog\/#organization\"},\"potentialAction\":[{\"@type\":\"SearchAction\",\"target\":{\"@type\":\"EntryPoint\",\"urlTemplate\":\"https:\/\/www.clarel.es\/blog\/?s={search_term_string}\"},\"query-input\":{\"@type\":\"PropertyValueSpecification\",\"valueRequired\":true,\"valueName\":\"search_term_string\"}}],\"inLanguage\":\"es\"},{\"@type\":\"Organization\",\"@id\":\"https:\/\/www.clarel.es\/blog\/#organization\",\"name\":\"Clarel\",\"url\":\"https:\/\/www.clarel.es\/blog\/\",\"logo\":{\"@type\":\"ImageObject\",\"inLanguage\":\"es\",\"@id\":\"https:\/\/www.clarel.es\/blog\/#\/schema\/logo\/image\/\",\"url\":\"https:\/\/clarel-test.ezenit.link\/blog\/wp-content\/uploads\/2022\/08\/logo_clarel.png\",\"contentUrl\":\"https:\/\/clarel-test.ezenit.link\/blog\/wp-content\/uploads\/2022\/08\/logo_clarel.png\",\"width\":432,\"height\":101,\"caption\":\"Clarel\"},\"image\":{\"@id\":\"https:\/\/www.clarel.es\/blog\/#\/schema\/logo\/image\/\"}}]}<\/script>\n<!-- \/ Yoast SEO plugin. -->","yoast_head_json":{"title":"\u00bfC\u00f3mo te\u00f1irse el pelo en casa? | Clarel","description":"\u00bfTe gustar\u00eda darte un cambio de imagen y te\u00f1irte el pelo en casa? \u00a1Es Muy F\u00e1cil! En este art\u00edculo te descubrimos c\u00f3mo lo puedes hacer t\u00fa sola en casa.","robots":{"index":"index","follow":"follow","max-snippet":"max-snippet:-1","max-image-preview":"max-image-preview:large","max-video-preview":"max-video-preview:-1"},"canonical":"https:\/\/www.clarel.es\/blog\/tenir-pelo-casa\/","og_locale":"es_ES","og_type":"article","og_title":"\u00bfC\u00f3mo te\u00f1irse el pelo en casa? | Clarel","og_description":"\u00bfTe gustar\u00eda darte un cambio de imagen y te\u00f1irte el pelo en casa? \u00a1Es Muy F\u00e1cil! En este art\u00edculo te descubrimos c\u00f3mo lo puedes hacer t\u00fa sola en casa.","og_url":"https:\/\/www.clarel.es\/blog\/tenir-pelo-casa\/","og_site_name":"Clarel","article_published_time":"2023-10-21T16:36:59+00:00","article_modified_time":"2025-09-03T11:11:20+00:00","og_image":[{"width":700,"height":438,"url":"https:\/\/blog-clarel.imgix.net\/uploads\/2023\/12\/tenir-pelo-en-casa.jpg?auto=format%2Ccompress&ixlib=php-3.3.0","type":"image\/jpeg"}],"twitter_card":"summary_large_image","schema":{"@context":"https:\/\/schema.org","@graph":[{"@type":"Article","@id":"https:\/\/www.clarel.es\/blog\/tenir-pelo-casa\/#article","isPartOf":{"@id":"https:\/\/www.clarel.es\/blog\/tenir-pelo-casa\/"},"author":{"name":"Clarel","@id":"https:\/\/www.clarel.es\/blog"},"headline":"\u00bfC\u00f3mo te\u00f1irse el pelo en casa?","datePublished":"2023-10-21T16:36:59+00:00","dateModified":"2025-09-03T11:11:20+00:00","mainEntityOfPage":{"@id":"https:\/\/www.clarel.es\/blog\/tenir-pelo-casa\/"},"wordCount":1373,"publisher":{"@id":"https:\/\/www.clarel.es\/blog\/#organization"},"image":{"@id":"https:\/\/www.clarel.es\/blog\/tenir-pelo-casa\/#primaryimage"},"thumbnailUrl":"https:\/\/blog-clarel.imgix.net\/uploads\/2023\/12\/tenir-pelo-en-casa.jpg?auto=format%2Ccompress&ixlib=php-3.3.0","articleSection":["Cuidado cabello","Tips y rutinas"],"inLanguage":"es"},{"@type":"WebPage","@id":"https:\/\/www.clarel.es\/blog\/tenir-pelo-casa\/","url":"https:\/\/www.clarel.es\/blog\/tenir-pelo-casa\/","name":"\u00bfC\u00f3mo te\u00f1irse el pelo en casa? | Clarel","isPartOf":{"@id":"https:\/\/www.clarel.es\/blog\/#website"},"primaryImageOfPage":{"@id":"https:\/\/www.clarel.es\/blog\/tenir-pelo-casa\/#primaryimage"},"image":{"@id":"https:\/\/www.clarel.es\/blog\/tenir-pelo-casa\/#primaryimage"},"thumbnailUrl":"https:\/\/blog-clarel.imgix.net\/uploads\/2023\/12\/tenir-pelo-en-casa.jpg?auto=format%2Ccompress&ixlib=php-3.3.0","datePublished":"2023-10-21T16:36:59+00:00","dateModified":"2025-09-03T11:11:20+00:00","description":"\u00bfTe gustar\u00eda darte un cambio de imagen y te\u00f1irte el pelo en casa? \u00a1Es Muy F\u00e1cil! En este art\u00edculo te descubrimos c\u00f3mo lo puedes hacer t\u00fa sola en casa.","breadcrumb":{"@id":"https:\/\/www.clarel.es\/blog\/tenir-pelo-casa\/#breadcrumb"},"inLanguage":"es","potentialAction":[{"@type":"ReadAction","target":["https:\/\/www.clarel.es\/blog\/tenir-pelo-casa\/"]}]},{"@type":"ImageObject","inLanguage":"es","@id":"https:\/\/www.clarel.es\/blog\/tenir-pelo-casa\/#primaryimage","url":"https:\/\/blog-clarel.imgix.net\/uploads\/2023\/12\/tenir-pelo-en-casa.jpg?auto=format%2Ccompress&ixlib=php-3.3.0","contentUrl":"https:\/\/blog-clarel.imgix.net\/uploads\/2023\/12\/tenir-pelo-en-casa.jpg?auto=format%2Ccompress&ixlib=php-3.3.0","width":700,"height":438},{"@type":"BreadcrumbList","@id":"https:\/\/www.clarel.es\/blog\/tenir-pelo-casa\/#breadcrumb","itemListElement":[{"@type":"ListItem","position":1,"name":"Portada","item":"https:\/\/www.clarel.es\/blog\/"},{"@type":"ListItem","position":2,"name":"\u00bfC\u00f3mo te\u00f1irse el pelo en casa?"}]},{"@type":"WebSite","@id":"https:\/\/www.clarel.es\/blog\/#website","url":"https:\/\/www.clarel.es\/blog\/","name":"Clarel","description":"Tienda Online de perfumeria, cosmetica, maquillaje y hogar.","publisher":{"@id":"https:\/\/www.clarel.es\/blog\/#organization"},"potentialAction":[{"@type":"SearchAction","target":{"@type":"EntryPoint","urlTemplate":"https:\/\/www.clarel.es\/blog\/?s={search_term_string}"},"query-input":{"@type":"PropertyValueSpecification","valueRequired":true,"valueName":"search_term_string"}}],"inLanguage":"es"},{"@type":"Organization","@id":"https:\/\/www.clarel.es\/blog\/#organization","name":"Clarel","url":"https:\/\/www.clarel.es\/blog\/","logo":{"@type":"ImageObject","inLanguage":"es","@id":"https:\/\/www.clarel.es\/blog\/#\/schema\/logo\/image\/","url":"https:\/\/clarel-test.ezenit.link\/blog\/wp-content\/uploads\/2022\/08\/logo_clarel.png","contentUrl":"https:\/\/clarel-test.ezenit.link\/blog\/wp-content\/uploads\/2022\/08\/logo_clarel.png","width":432,"height":101,"caption":"Clarel"},"image":{"@id":"https:\/\/www.clarel.es\/blog\/#\/schema\/logo\/image\/"}}]}},"_links":{"self":[{"href":"https:\/\/www.clarel.es\/blog\/wp-json\/wp\/v2\/posts\/7408","targetHints":{"allow":["GET"]}}],"collection":[{"href":"https:\/\/www.clarel.es\/blog\/wp-json\/wp\/v2\/posts"}],"about":[{"href":"https:\/\/www.clarel.es\/blog\/wp-json\/wp\/v2\/types\/post"}],"author":[{"embeddable":true,"href":"https:\/\/www.clarel.es\/blog\/wp-json\/wp\/v2\/users\/5"}],"replies":[{"embeddable":true,"href":"https:\/\/www.clarel.es\/blog\/wp-json\/wp\/v2\/comments?post=7408"}],"version-history":[{"count":18,"href":"https:\/\/www.clarel.es\/blog\/wp-json\/wp\/v2\/posts\/7408\/revisions"}],"predecessor-version":[{"id":15202,"href":"https:\/\/www.clarel.es\/blog\/wp-json\/wp\/v2\/posts\/7408\/revisions\/15202"}],"wp:featuredmedia":[{"embeddable":true,"href":"https:\/\/www.clarel.es\/blog\/wp-json\/wp\/v2\/media\/7409"}],"wp:attachment":[{"href":"https:\/\/www.clarel.es\/blog\/wp-json\/wp\/v2\/media?parent=7408"}],"wp:term":[{"taxonomy":"category","embeddable":true,"href":"https:\/\/www.clarel.es\/blog\/wp-json\/wp\/v2\/categories?post=7408"},{"taxonomy":"post_tag","embeddable":true,"href":"https:\/\/www.clarel.es\/blog\/wp-json\/wp\/v2\/tags?post=7408"}],"curies":[{"name":"wp","href":"https:\/\/api.w.org\/{rel}","templated":true}]}}