{"id":6016,"date":"2024-09-27T10:19:19","date_gmt":"2024-09-27T10:19:19","guid":{"rendered":"https:\/\/www.clarel.es\/blog\/?p=6016"},"modified":"2025-09-03T10:57:03","modified_gmt":"2025-09-03T10:57:03","slug":"beneficios-retinol","status":"publish","type":"post","link":"https:\/\/www.clarel.es\/blog\/beneficios-retinol\/","title":{"rendered":"Los beneficios del retinol que transformar\u00e1n tu piel"},"content":{"rendered":"\t\t<div data-elementor-type=\"wp-post\" data-elementor-id=\"6016\" class=\"elementor elementor-6016\" data-elementor-post-type=\"post\">\n\t\t\t\t<div class=\"elementor-element elementor-element-1ff197e7 e-flex e-con-boxed e-con e-parent\" data-id=\"1ff197e7\" data-element_type=\"container\">\n\t\t\t\t\t<div class=\"e-con-inner\">\n\t\t\t\t<div class=\"elementor-element elementor-element-ea966e4 elementor-widget elementor-widget-text-editor\" data-id=\"ea966e4\" data-element_type=\"widget\" data-widget_type=\"text-editor.default\">\n\t\t\t\t<div class=\"elementor-widget-container\">\n\t\t\t\t\t\t\t\t\t<div><div><div><div><p><span style=\"color: #666666;font-family: Poppins, Helvetica, Arial, Lucida, sans-serif;font-size: 14px;background-color: transparent;text-align: justify\">Descubre en este art\u00edculo los secretos y beneficios del retinol, el ingrediente m\u00e1gico que revolucionar\u00e1 tu rutina de cuidado de la piel.\u00a0<\/span><\/p><p style=\"margin: 0px;padding: 0px 0px 1em;border: 0px;font-size: 14px;vertical-align: baseline;background-image: initial;background-position: initial;background-size: initial;background-repeat: initial;background-attachment: initial;color: #666666;font-family: Poppins, Helvetica, Arial, Lucida, sans-serif;text-align: justify\"><span style=\"margin: 0px;padding: 0px;border: 0px;vertical-align: baseline;background: transparent\">Con sus asombrosos beneficios, mejora la textura de la piel, previene el fotoenvejecimiento, estrecha los poros, reduce la secreci\u00f3n de sebo, alisa las arrugas profundas y suaves y aclara las manchas oscuras en la superficie de la piel. Por lo tanto, el retinol es el ingrediente antienvejecimiento por excelencia.\u00a0<\/span><\/p><p style=\"margin: 0px;padding: 0px;border: 0px;font-size: 14px;vertical-align: baseline;background-image: initial;background-position: initial;background-size: initial;background-repeat: initial;background-attachment: initial;color: #666666;font-family: Poppins, Helvetica, Arial, Lucida, sans-serif;text-align: justify\"><span style=\"margin: 0px;padding: 0px;border: 0px;vertical-align: baseline;background: transparent\">\u00bfQu\u00e9 puedes esperar? Una piel m\u00e1s suave, firme y radiante. Descubre los beneficios del retinol y prep\u00e1rate para un cambio que te har\u00e1 brillar.<\/span><\/p><\/div><\/div><\/div><\/div>\t\t\t\t\t\t\t\t<\/div>\n\t\t\t\t<\/div>\n\t\t\t\t<div class=\"elementor-element elementor-element-7dc80d7 elementor-widget elementor-widget-text-editor\" data-id=\"7dc80d7\" data-element_type=\"widget\" data-widget_type=\"text-editor.default\">\n\t\t\t\t<div class=\"elementor-widget-container\">\n\t\t\t\t\t\t\t\t\t<div style=\"margin: 0px;padding: 0px;border: 0px;font-size: 14px;vertical-align: baseline;background: 50% center \/ cover no-repeat #ffffff;position: relative;font-family: Poppins, Helvetica, Arial, Lucida, sans-serif;text-align: left;color: #666666;font-style: normal;font-weight: 500;letter-spacing: normal;text-indent: 0px;text-transform: none\"><div style=\"margin: 0px;padding: 0px;border: 0px;font-size: 14px;vertical-align: baseline;background: transparent;position: relative\"><span style=\"background-color: transparent;color: #ef7a50;text-align: center;font-family: 'Gelica Light', Helvetica, Arial, Lucida, sans-serif;font-size: 26px\">\u00bfQu\u00e9 es el retinol y c\u00f3mo puede ayudarte a conseguir una piel m\u00e1s suave, luminosa y joven?<\/span><\/div><\/div>\t\t\t\t\t\t\t\t<\/div>\n\t\t\t\t<\/div>\n\t\t\t\t<div class=\"elementor-element elementor-element-d957398 elementor-widget elementor-widget-text-editor\" data-id=\"d957398\" data-element_type=\"widget\" data-widget_type=\"text-editor.default\">\n\t\t\t\t<div class=\"elementor-widget-container\">\n\t\t\t\t\t\t\t\t\t<div><div><div><div><p><span style=\"color: #666666;font-family: Poppins, Helvetica, Arial, Lucida, sans-serif;font-size: 14px;background: transparent;margin: 0px;padding: 0px;border: 0px;vertical-align: baseline\">El retinol es una forma de\u00a0<\/span><b style=\"color: #666666;font-family: Poppins, Helvetica, Arial, Lucida, sans-serif;font-size: 14px;background: transparent;margin: 0px;padding: 0px;border: 0px;vertical-align: baseline\">vitamina A<\/b><span style=\"color: #666666;font-family: Poppins, Helvetica, Arial, Lucida, sans-serif;font-size: 14px;background: transparent;margin: 0px;padding: 0px;border: 0px;vertical-align: baseline\">, un poderoso\u00a0<\/span><b style=\"color: #666666;font-family: Poppins, Helvetica, Arial, Lucida, sans-serif;font-size: 14px;background: transparent;margin: 0px;padding: 0px;border: 0px;vertical-align: baseline\">antioxidante<\/b><span style=\"color: #666666;font-family: Poppins, Helvetica, Arial, Lucida, sans-serif;font-size: 14px;background: transparent;margin: 0px;padding: 0px;border: 0px;vertical-align: baseline\">\u00a0que se encuentra en alimentos como<\/span><b style=\"color: #666666;font-family: Poppins, Helvetica, Arial, Lucida, sans-serif;font-size: 14px;background: transparent;margin: 0px;padding: 0px;border: 0px;vertical-align: baseline\">\u00a0zanahorias, espinacas y batatas<\/b><span style=\"color: #666666;font-family: Poppins, Helvetica, Arial, Lucida, sans-serif;font-size: 14px;background: transparent;margin: 0px;padding: 0px;border: 0px;vertical-align: baseline\">. En el cuidado de la piel, el retinol se utiliza en forma de crema, suero o t\u00f3pico para obtener beneficios notables.\u00a0<\/span><\/p><p style=\"margin: 0px;padding: 0px 0px 1em;border: 0px;font-size: 14px;vertical-align: baseline;background-image: initial;background-position: initial;background-size: initial;background-repeat: initial;background-attachment: initial;color: #666666;font-family: Poppins, Helvetica, Arial, Lucida, sans-serif\"><span style=\"margin: 0px;padding: 0px;border: 0px;vertical-align: baseline;background: transparent\">Este ingrediente milagroso act\u00faa estimulando la renovaci\u00f3n celular y promoviendo la producci\u00f3n de col\u00e1geno, lo que ayuda a reducir arrugas, l\u00edneas de expresi\u00f3n y manchas oscuras.\u00a0<\/span><\/p><p style=\"margin: 0px;padding: 0px;border: 0px;font-size: 14px;vertical-align: baseline;background-image: initial;background-position: initial;background-size: initial;background-repeat: initial;background-attachment: initial;color: #666666;font-family: Poppins, Helvetica, Arial, Lucida, sans-serif\"><span style=\"margin: 0px;padding: 0px;border: 0px;vertical-align: baseline;background: transparent\">El retinol, un verdadero tesoro en el mundo del cuidado de la piel, ofrece beneficios inigualables que transformar\u00e1n tu apariencia. Derivado de la vitamina A, \u00ab<\/span><i style=\"margin: 0px;padding: 0px;border: 0px;vertical-align: baseline;background: transparent\">la principal funci\u00f3n del retinol es acelerar la renovaci\u00f3n celular y exfoliar la piel, ya que consigue eliminar la capa m\u00e1s superficial de la piel, aportando as\u00ed una dermis rejuvenecida y radiante.\u00a0 Adem\u00e1s, tambi\u00e9n estimula la formaci\u00f3n de col\u00e1geno<\/i><span style=\"margin: 0px;padding: 0px;border: 0px;vertical-align: baseline;background: transparent\">\u201d explica dermat\u00f3logo\u00a0<\/span><a style=\"margin: 0px;padding: 0px;border: 0px;vertical-align: baseline;background-image: initial;background-position: initial;background-size: initial;background-repeat: initial;background-attachment: initial;color: #edb059\" href=\"https:\/\/www.topdoctors.es\/doctor\/jaime-vilar-alejo\" target=\"_blank\" rel=\"noopener\">Jaime Vilar\u00a0<\/a><span style=\"margin: 0px;padding: 0px;border: 0px;vertical-align: baseline;background: transparent\">a la revista\u00a0<\/span><a style=\"margin: 0px;padding: 0px;border: 0px;vertical-align: baseline;background-image: initial;background-position: initial;background-size: initial;background-repeat: initial;background-attachment: initial;color: #edb059\" href=\"https:\/\/www.cosmopolitan.com\/es\/\" target=\"_blank\" rel=\"noopener\">Cosmopolitan<\/a><span style=\"margin: 0px;padding: 0px;border: 0px;vertical-align: baseline;background: transparent\">.<\/span><\/p><\/div><\/div><\/div><\/div>\t\t\t\t\t\t\t\t<\/div>\n\t\t\t\t<\/div>\n\t\t\t\t<div class=\"elementor-element elementor-element-0f18ac3 elementor-widget elementor-widget-image\" data-id=\"0f18ac3\" data-element_type=\"widget\" data-widget_type=\"image.default\">\n\t\t\t\t<div class=\"elementor-widget-container\">\n\t\t\t\t\t\t\t\t\t\t\t\t\t\t\t<img decoding=\"async\" src=\"https:\/\/blog-clarel.imgix.net\/2023\/07\/beneficios-del-retinol.jpg\" title=\"\" alt=\"\" loading=\"lazy\" \/>\t\t\t\t\t\t\t\t\t\t\t\t\t\t\t<\/div>\n\t\t\t\t<\/div>\n\t\t\t\t<div class=\"elementor-element elementor-element-89efd18 elementor-widget elementor-widget-text-editor\" data-id=\"89efd18\" data-element_type=\"widget\" data-widget_type=\"text-editor.default\">\n\t\t\t\t<div class=\"elementor-widget-container\">\n\t\t\t\t\t\t\t\t\t<div style=\"margin: 0px;padding: 0px;border: 0px;font-size: 14px;vertical-align: baseline;background: 50% center \/ cover no-repeat #ffffff;position: relative;font-family: Poppins, Helvetica, Arial, Lucida, sans-serif;text-align: left;color: #666666;font-style: normal;font-weight: 500;letter-spacing: normal;text-indent: 0px;text-transform: none\"><div style=\"margin: 0px;padding: 0px;border: 0px;font-size: 14px;vertical-align: baseline;background: transparent;position: relative\"><span style=\"color: #ef7a50;font-family: 'Gelica Light', Helvetica, Arial, Lucida, sans-serif;font-size: 26px;text-align: center\">\u00bfQui\u00e9nes deber\u00edan usar retinol?<\/span><\/div><\/div>\t\t\t\t\t\t\t\t<\/div>\n\t\t\t\t<\/div>\n\t\t\t\t<div class=\"elementor-element elementor-element-f0d773a elementor-widget elementor-widget-text-editor\" data-id=\"f0d773a\" data-element_type=\"widget\" data-widget_type=\"text-editor.default\">\n\t\t\t\t<div class=\"elementor-widget-container\">\n\t\t\t\t\t\t\t\t\t<div><div><div><div><p><span style=\"color: #666666;font-family: Poppins, Helvetica, Arial, Lucida, sans-serif;font-size: 14px;background: transparent;margin: 0px;padding: 0px;border: 0px;vertical-align: baseline\">El retinol es un regalo para todas aquellas mujeres de hoy que desean cuidar su piel y deslumbrar con una apariencia radiante. Si buscas una forma efectiva de<\/span><b style=\"color: #666666;font-family: Poppins, Helvetica, Arial, Lucida, sans-serif;font-size: 14px;background: transparent;margin: 0px;padding: 0px;border: 0px;vertical-align: baseline\">\u00a0mejorar la textura, reducir arrugas y lograr una luminosidad envidiable<\/b><span style=\"color: #666666;font-family: Poppins, Helvetica, Arial, Lucida, sans-serif;font-size: 14px;background: transparent;margin: 0px;padding: 0px;border: 0px;vertical-align: baseline\">, el retinol es tu aliado perfecto\u2026\u00a0 Independientemente de tu edad o tipo de piel, los beneficios retinol son verdaderamente asombrosos.\u00a0<\/span><\/p><p style=\"margin: 0px;padding: 0px;border: 0px;font-size: 14px;vertical-align: baseline;background-image: initial;background-position: initial;background-size: initial;background-repeat: initial;background-attachment: initial;color: #666666;font-family: Poppins, Helvetica, Arial, Lucida, sans-serif\"><span style=\"margin: 0px;padding: 0px;border: 0px;vertical-align: baseline;background: transparent\">Con el retinol consigues bienestar, por dentro y por fuera. Ya seas una joven explorando los secretos de la belleza o una mujer madura en busca de una apariencia m\u00e1s juvenil, mantener una buena rutina con el uso de este m\u00e1gico ingrediente va a permitirte obtener un rostro no solo hermoso, sino saludable.<\/span><\/p><\/div><\/div><\/div><\/div>\t\t\t\t\t\t\t\t<\/div>\n\t\t\t\t<\/div>\n\t\t\t\t<div class=\"elementor-element elementor-element-9e3fb85 elementor-widget elementor-widget-text-editor\" data-id=\"9e3fb85\" data-element_type=\"widget\" data-widget_type=\"text-editor.default\">\n\t\t\t\t<div class=\"elementor-widget-container\">\n\t\t\t\t\t\t\t\t\t<div style=\"margin: 0px;padding: 0px;border: 0px;font-size: 14px;vertical-align: baseline;background: 50% center \/ cover no-repeat #ffffff;position: relative;font-family: Poppins, Helvetica, Arial, Lucida, sans-serif;text-align: left;color: #666666;font-style: normal;font-weight: 500;letter-spacing: normal;text-indent: 0px;text-transform: none\"><div style=\"margin: 0px;padding: 0px;border: 0px;font-size: 14px;vertical-align: baseline;background: transparent;position: relative\"><span style=\"color: #ef7a50;font-family: 'Gelica Light', Helvetica, Arial, Lucida, sans-serif;font-size: 26px;text-align: center\">\u00bfC\u00f3mo incorporar el retinol en tu rutina de cuidado de la piel?<\/span><\/div><\/div>\t\t\t\t\t\t\t\t<\/div>\n\t\t\t\t<\/div>\n\t\t\t\t<div class=\"elementor-element elementor-element-346ca22 elementor-widget elementor-widget-text-editor\" data-id=\"346ca22\" data-element_type=\"widget\" data-widget_type=\"text-editor.default\">\n\t\t\t\t<div class=\"elementor-widget-container\">\n\t\t\t\t\t\t\t\t\t<div><div><div><div><p><span style=\"color: #666666;font-family: Poppins, Helvetica, Arial, Lucida, sans-serif;font-size: 14px;background: transparent;text-align: justify;margin: 0px;padding: 0px;border: 0px;vertical-align: baseline\">Incorporar el retinol en tu rutina de cuidado de la piel es m\u00e1s f\u00e1cil de lo que piensas. Te daremos a continuaci\u00f3n un paso a paso de como deber incorporarlo al cuidado diario y adem\u00e1s te recordamos que este es muy potente, por lo que te recomendamos\u00a0<\/span><b style=\"color: #666666;font-family: Poppins, Helvetica, Arial, Lucida, sans-serif;font-size: 14px;background: transparent;text-align: justify;margin: 0px;padding: 0px;border: 0px;vertical-align: baseline\">comenzar con una concentraci\u00f3n baja<\/b><span style=\"color: #666666;font-family: Poppins, Helvetica, Arial, Lucida, sans-serif;font-size: 14px;background: transparent;text-align: justify;margin: 0px;padding: 0px;border: 0px;vertical-align: baseline\">\u00a0e ir aument\u00e1ndola gradualmente para que tu piel se adapte.\u00a0<\/span><\/p><p style=\"margin: 0px;padding: 0px;border: 0px;font-size: 14px;vertical-align: baseline;background-image: initial;background-position: initial;background-size: initial;background-repeat: initial;background-attachment: initial;color: #666666;font-family: Poppins, Helvetica, Arial, Lucida, sans-serif;text-align: justify\"><span style=\"margin: 0px;padding: 0px;border: 0px;vertical-align: baseline;background: transparent\">\u201c<\/span><i style=\"margin: 0px;padding: 0px;border: 0px;vertical-align: baseline;background: transparent\">Durante la primera semana de uso, se recomienda aplicar el retinol cada dos d\u00edas, mientras que durante la segunda y tercera semana se puede aumentar la frecuencia a tres veces por semana. En la cuarta semana, es recomendable aplicarlo d\u00eda s\u00ed, d\u00eda no, alternando con d\u00edas libres de retinol<\/i><span style=\"margin: 0px;padding: 0px;border: 0px;vertical-align: baseline;background: transparent\">.\u201d \u00a1La paciencia es clave!<\/span><\/p><\/div><\/div><\/div><\/div>\t\t\t\t\t\t\t\t<\/div>\n\t\t\t\t<\/div>\n\t\t\t\t<div class=\"elementor-element elementor-element-9ab009f elementor-widget elementor-widget-image\" data-id=\"9ab009f\" data-element_type=\"widget\" data-widget_type=\"image.default\">\n\t\t\t\t<div class=\"elementor-widget-container\">\n\t\t\t\t\t\t\t\t\t\t\t\t\t\t\t<img decoding=\"async\" src=\"https:\/\/blog-clarel.imgix.net\/2023\/07\/retinol-en-tu-rutina.jpg\" title=\"\" alt=\"\" loading=\"lazy\" \/>\t\t\t\t\t\t\t\t\t\t\t\t\t\t\t<\/div>\n\t\t\t\t<\/div>\n\t\t\t\t<div class=\"elementor-element elementor-element-21662cd elementor-widget elementor-widget-text-editor\" data-id=\"21662cd\" data-element_type=\"widget\" data-widget_type=\"text-editor.default\">\n\t\t\t\t<div class=\"elementor-widget-container\">\n\t\t\t\t\t\t\t\t\t<div><div><div><div><ul style=\"margin: 0px;padding: 0px 0px 23px 1em;font-size: 14px;background-color: #ffffff;line-height: 26px;color: #666666;font-family: Poppins, Helvetica, Arial, Lucida, sans-serif\"><li style=\"margin: 0px;padding: 0px;font-size: 14px\"><span style=\"margin: 0px;padding: 0px;border: 0px;vertical-align: baseline;background: transparent\">Comienza por<\/span><b style=\"margin: 0px;padding: 0px;border: 0px;vertical-align: baseline;background: transparent\">\u00a0limpiar tu cara<\/b><span style=\"margin: 0px;padding: 0px;border: 0px;vertical-align: baseline;background: transparent\">\u00a0suavemente con un limpiador adecuado a tu tipo de piel.\u00a0<\/span><\/li><\/ul><ul style=\"margin: 0px;padding: 0px 0px 23px 1em;font-size: 14px;background-color: #ffffff;line-height: 26px;color: #666666;font-family: Poppins, Helvetica, Arial, Lucida, sans-serif\"><li style=\"margin: 0px;padding: 0px;font-size: 14px\"><b style=\"margin: 0px;padding: 0px;border: 0px;vertical-align: baseline;background: transparent\">Aplica una crema hidratante<\/b><span style=\"margin: 0px;padding: 0px;border: 0px;vertical-align: baseline;background: transparent\">\u00a0ligera para preparar tu piel.<\/span><\/li><\/ul><ul style=\"margin: 0px;padding: 0px 0px 23px 1em;font-size: 14px;background-color: #ffffff;line-height: 26px;color: #666666;font-family: Poppins, Helvetica, Arial, Lucida, sans-serif\"><li style=\"margin: 0px;padding: 0px;font-size: 14px\"><span style=\"margin: 0px;padding: 0px;border: 0px;vertical-align: baseline;background: transparent\">\u00a0Por la noche, llega el momento de la magia del retinol\u2026 Elige un producto de calidad que contenga retinol para la cara y cuello,\u00a0<\/span><b style=\"margin: 0px;padding: 0px;border: 0px;vertical-align: baseline;background: transparent\">apl\u00edcalo con movimientos suaves y ascendentes.\u00a0<\/b><span style=\"margin: 0px;padding: 0px;border: 0px;vertical-align: baseline;background: transparent\">Recuerda evitar el \u00e1rea delicada de los ojos.<\/span><\/li><\/ul><ul style=\"margin: 0px;padding: 0px 0px 23px 1em;font-size: 14px;background-color: #ffffff;line-height: 26px;color: #666666;font-family: Poppins, Helvetica, Arial, Lucida, sans-serif\"><li style=\"margin: 0px;padding: 0px;font-size: 14px\"><b style=\"margin: 0px;padding: 0px;border: 0px;vertical-align: baseline;background: transparent\">Deja que el retinol se absorba completamente y<\/b><span style=\"margin: 0px;padding: 0px;border: 0px;vertical-align: baseline;background: transparent\">\u00a0luego aplica una crema hidratante nutritiva para mantener la hidrataci\u00f3n de tu piel durante la noche.<\/span><\/li><\/ul><div><span style=\"color: #666666;font-family: Poppins, Helvetica, Arial, Lucida, sans-serif;font-size: 14px;text-align: justify\">Si experimentas irritaci\u00f3n o enrojecimiento excesivo, reduce la frecuencia de uso del retinol o consulta a un dermat\u00f3logo para encontrar la mejor opci\u00f3n para ti. \u00a1Y eso es todo! Siguiendo estos sencillos pasos, podr\u00e1s disfrutar de los incre\u00edbles beneficios del retinol en tu rutina diaria.<\/span><\/div><\/div><\/div><\/div><\/div>\t\t\t\t\t\t\t\t<\/div>\n\t\t\t\t<\/div>\n\t\t\t\t<div class=\"elementor-element elementor-element-d83cd6e elementor-widget elementor-widget-text-editor\" data-id=\"d83cd6e\" data-element_type=\"widget\" data-widget_type=\"text-editor.default\">\n\t\t\t\t<div class=\"elementor-widget-container\">\n\t\t\t\t\t\t\t\t\t<div style=\"margin: 0px;padding: 0px;border: 0px;font-size: 14px;vertical-align: baseline;background: 50% center \/ cover no-repeat #ffffff;position: relative;font-family: Poppins, Helvetica, Arial, Lucida, sans-serif;text-align: left;color: #666666;font-style: normal;font-weight: 500;letter-spacing: normal;text-indent: 0px;text-transform: none\"><div style=\"margin: 0px;padding: 0px;border: 0px;font-size: 14px;vertical-align: baseline;background: transparent;position: relative\"><span style=\"color: #ef7a50;font-family: 'Gelica Light', Helvetica, Arial, Lucida, sans-serif;font-size: 26px;text-align: center\">Mitos y verdades sobre el retinol<\/span><\/div><\/div>\t\t\t\t\t\t\t\t<\/div>\n\t\t\t\t<\/div>\n\t\t\t\t<div class=\"elementor-element elementor-element-9a4fe94 elementor-widget elementor-widget-text-editor\" data-id=\"9a4fe94\" data-element_type=\"widget\" data-widget_type=\"text-editor.default\">\n\t\t\t\t<div class=\"elementor-widget-container\">\n\t\t\t\t\t\t\t\t\t<div><div><div><div><p><span style=\"color: #666666;font-family: Poppins, Helvetica, Arial, Lucida, sans-serif;font-size: 14px;text-align: justify\">Aqu\u00ed te presentamos algunos mitos comunes sobre el retinol y las verdades que te sorprender\u00e1n:<\/span><\/p><\/div><\/div><\/div><\/div>\t\t\t\t\t\t\t\t<\/div>\n\t\t\t\t<\/div>\n\t\t\t\t<div class=\"elementor-element elementor-element-9dcc843 elementor-widget elementor-widget-text-editor\" data-id=\"9dcc843\" data-element_type=\"widget\" data-widget_type=\"text-editor.default\">\n\t\t\t\t<div class=\"elementor-widget-container\">\n\t\t\t\t\t\t\t\t\t<div style=\"margin: 0px;padding: 0px;border: 0px;font-size: 14px;vertical-align: baseline;background: 50% center \/ cover no-repeat #ffffff;position: relative;font-family: Poppins, Helvetica, Arial, Lucida, sans-serif;text-align: left;color: #666666;font-style: normal;font-weight: 500;letter-spacing: normal;text-indent: 0px;text-transform: none\"><span style=\"color: #f5a573;font-family: 'Gelica Light', Helvetica, Arial, Lucida, sans-serif;font-size: 22px\">Mito #1: El retinol es solo para pieles maduras<\/span><\/div>\t\t\t\t\t\t\t\t<\/div>\n\t\t\t\t<\/div>\n\t\t\t\t<div class=\"elementor-element elementor-element-122a129 elementor-widget elementor-widget-text-editor\" data-id=\"122a129\" data-element_type=\"widget\" data-widget_type=\"text-editor.default\">\n\t\t\t\t<div class=\"elementor-widget-container\">\n\t\t\t\t\t\t\t\t\t<div><div><div><div><p><span style=\"color: #666666;font-family: Poppins, Helvetica, Arial, Lucida, sans-serif;font-size: 14px;text-align: justify\">Verdad: \u00a1Absolutamente no! Es beneficioso para todas las edades. Incluso si eres joven, puedes aprovechar las propiedades retinol para mantener una piel suave, prevenir arrugas y mejorar la textura general.<\/span><\/p><\/div><\/div><\/div><\/div>\t\t\t\t\t\t\t\t<\/div>\n\t\t\t\t<\/div>\n\t\t\t\t<div class=\"elementor-element elementor-element-ec2d893 elementor-widget elementor-widget-text-editor\" data-id=\"ec2d893\" data-element_type=\"widget\" data-widget_type=\"text-editor.default\">\n\t\t\t\t<div class=\"elementor-widget-container\">\n\t\t\t\t\t\t\t\t\t<div style=\"margin: 0px;padding: 0px;border: 0px;font-size: 14px;vertical-align: baseline;background: 50% center \/ cover no-repeat #ffffff;position: relative;font-family: Poppins, Helvetica, Arial, Lucida, sans-serif;text-align: left;color: #666666;font-style: normal;font-weight: 500;letter-spacing: normal;text-indent: 0px;text-transform: none\"><span style=\"color: #f5a573;font-family: 'Gelica Light', Helvetica, Arial, Lucida, sans-serif;font-size: 22px\">Mito #2: El retinol hace que tu piel se vuelva m\u00e1s sensible al sol<\/span><\/div>\t\t\t\t\t\t\t\t<\/div>\n\t\t\t\t<\/div>\n\t\t\t\t<div class=\"elementor-element elementor-element-1cfb5ec elementor-widget elementor-widget-text-editor\" data-id=\"1cfb5ec\" data-element_type=\"widget\" data-widget_type=\"text-editor.default\">\n\t\t\t\t<div class=\"elementor-widget-container\">\n\t\t\t\t\t\t\t\t\t<div><div><div><div><p><span style=\"color: #666666;font-family: Poppins, Helvetica, Arial, Lucida, sans-serif;font-size: 14px;text-align: justify\">Verdad: Es cierto que el retinol puede hacer que la piel sea m\u00e1s sensible al sol, pero eso no significa que debas evitarlo por completo. La clave est\u00e1 en utilizar protector solar todos los d\u00edas para proteger tu piel y disfrutar de los beneficios del retinol de manera segura.<\/span><\/p><\/div><\/div><\/div><\/div>\t\t\t\t\t\t\t\t<\/div>\n\t\t\t\t<\/div>\n\t\t\t\t<div class=\"elementor-element elementor-element-03c1ed0 elementor-widget elementor-widget-text-editor\" data-id=\"03c1ed0\" data-element_type=\"widget\" data-widget_type=\"text-editor.default\">\n\t\t\t\t<div class=\"elementor-widget-container\">\n\t\t\t\t\t\t\t\t\t<div style=\"margin: 0px;padding: 0px;border: 0px;font-size: 14px;vertical-align: baseline;background: 50% center \/ cover no-repeat #ffffff;position: relative;font-family: Poppins, Helvetica, Arial, Lucida, sans-serif;text-align: left;color: #666666;font-style: normal;font-weight: 500;letter-spacing: normal;text-indent: 0px;text-transform: none\"><span style=\"color: #f5a573;font-family: 'Gelica Light', Helvetica, Arial, Lucida, sans-serif;font-size: 22px\">Mito #3: El retinol solo trata las arrugas<\/span><\/div>\t\t\t\t\t\t\t\t<\/div>\n\t\t\t\t<\/div>\n\t\t\t\t<div class=\"elementor-element elementor-element-99e764f elementor-widget elementor-widget-text-editor\" data-id=\"99e764f\" data-element_type=\"widget\" data-widget_type=\"text-editor.default\">\n\t\t\t\t<div class=\"elementor-widget-container\">\n\t\t\t\t\t\t\t\t\t<div><div><div><div><p><span style=\"background-color: transparent;color: #666666;font-family: Poppins, Helvetica, Arial, Lucida, sans-serif;font-size: 14px\">Verdad: Si bien el retinol es conocido por su efectividad en la reducci\u00f3n de arrugas y l\u00edneas de expresi\u00f3n, tambi\u00e9n tiene otros beneficios:<\/span><\/p><ul style=\"margin: 0px;padding: 0px 0px 23px 1em;font-size: 14px;background-color: #ffffff;line-height: 26px;color: #666666;font-family: Poppins, Helvetica, Arial, Lucida, sans-serif\"><li style=\"margin: 0px;padding: 0px;font-size: 14px\"><span style=\"margin: 0px;padding: 0px;border: 0px;vertical-align: baseline;background: transparent\">Ayuda a mejorar la textura de la piel,\u00a0<\/span><\/li><li style=\"margin: 0px;padding: 0px;font-size: 14px\"><span style=\"margin: 0px;padding: 0px;border: 0px;vertical-align: baseline;background: transparent\">Reducir manchas oscuras<\/span><\/li><li style=\"margin: 0px;padding: 0px;font-size: 14px\"><span style=\"margin: 0px;padding: 0px;border: 0px;vertical-align: baseline;background: transparent\">Minimizar poros y promover una apariencia m\u00e1s radiante y juvenil en general.<\/span><\/li><\/ul><p style=\"margin: 0px;padding: 0px;border: 0px;font-size: 14px;vertical-align: baseline;background-image: initial;background-position: initial;background-size: initial;background-repeat: initial;background-attachment: initial;color: #666666;font-family: Poppins, Helvetica, Arial, Lucida, sans-serif\"><span style=\"margin: 0px;padding: 0px;border: 0px;vertical-align: baseline;background: transparent\">Ahora que conoces la verdad detr\u00e1s de estos mitos, puedes aprovechar al m\u00e1ximo los beneficios del retinol. \u00a1Prep\u00e1rate para lucir una piel hermosa y radiante que refleje tu confianza y cuidado personal!<\/span><\/p><\/div><\/div><\/div><\/div>\t\t\t\t\t\t\t\t<\/div>\n\t\t\t\t<\/div>\n\t\t\t\t<div class=\"elementor-element elementor-element-c0ee80d elementor-widget elementor-widget-image\" data-id=\"c0ee80d\" data-element_type=\"widget\" data-widget_type=\"image.default\">\n\t\t\t\t<div class=\"elementor-widget-container\">\n\t\t\t\t\t\t\t\t\t\t\t\t\t\t\t<img decoding=\"async\" src=\"https:\/\/blog-clarel.imgix.net\/2023\/07\/retinol-para-la-cara.jpg\" title=\"\" alt=\"\" loading=\"lazy\" \/>\t\t\t\t\t\t\t\t\t\t\t\t\t\t\t<\/div>\n\t\t\t\t<\/div>\n\t\t\t\t<div class=\"elementor-element elementor-element-e9cd982 elementor-widget elementor-widget-text-editor\" data-id=\"e9cd982\" data-element_type=\"widget\" data-widget_type=\"text-editor.default\">\n\t\t\t\t<div class=\"elementor-widget-container\">\n\t\t\t\t\t\t\t\t\t<div style=\"margin: 0px;padding: 0px;border: 0px;font-size: 14px;vertical-align: baseline;background: 50% center \/ cover no-repeat #ffffff;position: relative;font-family: Poppins, Helvetica, Arial, Lucida, sans-serif;text-align: left;color: #666666;font-style: normal;font-weight: 500;letter-spacing: normal;text-indent: 0px;text-transform: none\"><div style=\"margin: 0px;padding: 0px;border: 0px;font-size: 14px;vertical-align: baseline;background: transparent;position: relative\"><span style=\"color: #ef7a50;font-family: 'Gelica Light', Helvetica, Arial, Lucida, sans-serif;font-size: 26px;text-align: center\">\u00bfQu\u00e9 efectos secundarios puede tener el retinol y c\u00f3mo evitarlos?<\/span><\/div><\/div>\t\t\t\t\t\t\t\t<\/div>\n\t\t\t\t<\/div>\n\t\t\t\t<div class=\"elementor-element elementor-element-5502c57 elementor-widget elementor-widget-text-editor\" data-id=\"5502c57\" data-element_type=\"widget\" data-widget_type=\"text-editor.default\">\n\t\t\t\t<div class=\"elementor-widget-container\">\n\t\t\t\t\t\t\t\t\t<div><div><div><div><p><span style=\"color: #666666;font-family: Poppins, Helvetica, Arial, Lucida, sans-serif;font-size: 14px;text-align: justify\">Es importante hablar sobre los posibles efectos secundarios del retinol, pero no te preocupes, tambi\u00e9n hay formas de evitarlos y disfrutar de sus beneficios.<\/span><\/p><\/div><\/div><\/div><\/div>\t\t\t\t\t\t\t\t<\/div>\n\t\t\t\t<\/div>\n\t\t\t\t<div class=\"elementor-element elementor-element-5150119 elementor-widget elementor-widget-text-editor\" data-id=\"5150119\" data-element_type=\"widget\" data-widget_type=\"text-editor.default\">\n\t\t\t\t<div class=\"elementor-widget-container\">\n\t\t\t\t\t\t\t\t\t<div style=\"margin: 0px;padding: 0px;border: 0px;font-size: 14px;vertical-align: baseline;background: 50% center \/ cover no-repeat #ffffff;position: relative;font-family: Poppins, Helvetica, Arial, Lucida, sans-serif;text-align: left;color: #666666;font-style: normal;font-weight: 500;letter-spacing: normal;text-indent: 0px;text-transform: none\"><b style=\"background-image: initial;background-position: initial;background-size: initial;background-repeat: initial;background-attachment: initial;margin: 0px;padding: 0px;border: 0px;font-size: 17px;vertical-align: baseline;color: #f5a573\">Irritaci\u00f3n y enrojecimiento<\/b><\/div>\t\t\t\t\t\t\t\t<\/div>\n\t\t\t\t<\/div>\n\t\t\t\t<div class=\"elementor-element elementor-element-0bdedcb elementor-widget elementor-widget-text-editor\" data-id=\"0bdedcb\" data-element_type=\"widget\" data-widget_type=\"text-editor.default\">\n\t\t\t\t<div class=\"elementor-widget-container\">\n\t\t\t\t\t\t\t\t\t<div><div><div><div><p><span style=\"background-image: initial;background-position: initial;background-size: initial;background-repeat: initial;background-attachment: initial;margin: 0px;padding: 0px;border: 0px;font-size: 14px;vertical-align: baseline;color: #666666;font-family: Poppins, Helvetica, Arial, Lucida, sans-serif\">En algunos casos se puede\u00a0<\/span><b style=\"background-image: initial;background-position: initial;background-size: initial;background-repeat: initial;background-attachment: initial;margin: 0px;padding: 0px;border: 0px;font-size: 14px;vertical-align: baseline;color: #666666;font-family: Poppins, Helvetica, Arial, Lucida, sans-serif\">presentar irritaci\u00f3n y enrojecimiento,<\/b><span style=\"background-image: initial;background-position: initial;background-size: initial;background-repeat: initial;background-attachment: initial;margin: 0px;padding: 0px;border: 0px;font-size: 14px;vertical-align: baseline;color: #666666;font-family: Poppins, Helvetica, Arial, Lucida, sans-serif\">\u00a0por eso debes iniciar a usarlo con una concentraci\u00f3n baja y\u00a0<\/span><b style=\"background-image: initial;background-position: initial;background-size: initial;background-repeat: initial;background-attachment: initial;margin: 0px;padding: 0px;border: 0px;font-size: 14px;vertical-align: baseline;color: #666666;font-family: Poppins, Helvetica, Arial, Lucida, sans-serif\">aplicar el producto con moderaci\u00f3n.<\/b><\/p><\/div><\/div><\/div><\/div>\t\t\t\t\t\t\t\t<\/div>\n\t\t\t\t<\/div>\n\t\t\t\t<div class=\"elementor-element elementor-element-758d2cc elementor-widget elementor-widget-text-editor\" data-id=\"758d2cc\" data-element_type=\"widget\" data-widget_type=\"text-editor.default\">\n\t\t\t\t<div class=\"elementor-widget-container\">\n\t\t\t\t\t\t\t\t\t<div style=\"margin: 0px;padding: 0px;border: 0px;font-size: 14px;vertical-align: baseline;background: 50% center \/ cover no-repeat #ffffff;position: relative;font-family: Poppins, Helvetica, Arial, Lucida, sans-serif;text-align: left;color: #666666;font-style: normal;font-weight: 500;letter-spacing: normal;text-indent: 0px;text-transform: none\"><b style=\"background-image: initial;background-position: initial;background-size: initial;background-repeat: initial;background-attachment: initial;margin: 0px;padding: 0px;border: 0px;font-size: 17px;vertical-align: baseline;color: #f5a573\">Sequedad<\/b><\/div>\t\t\t\t\t\t\t\t<\/div>\n\t\t\t\t<\/div>\n\t\t\t\t<div class=\"elementor-element elementor-element-9f3280d elementor-widget elementor-widget-text-editor\" data-id=\"9f3280d\" data-element_type=\"widget\" data-widget_type=\"text-editor.default\">\n\t\t\t\t<div class=\"elementor-widget-container\">\n\t\t\t\t\t\t\t\t\t<div><div><div><div><p><span style=\"background-image: initial;background-position: initial;background-size: initial;background-repeat: initial;background-attachment: initial;margin: 0px;padding: 0px;border: 0px;font-size: 14px;vertical-align: baseline;color: #666666;font-family: Poppins, Helvetica, Arial, Lucida, sans-serif\">Si llegas a presentar sequedad aseg\u00farate de<\/span><b style=\"background-image: initial;background-position: initial;background-size: initial;background-repeat: initial;background-attachment: initial;margin: 0px;padding: 0px;border: 0px;font-size: 14px;vertical-align: baseline;color: #666666;font-family: Poppins, Helvetica, Arial, Lucida, sans-serif\">\u00a0hidratar tu piel adecuadamente con una\u00a0<\/b><a style=\"margin: 0px;padding: 0px;border: 0px;font-size: 14px;vertical-align: baseline;background: #ffffff;color: #edb059;font-family: Poppins, Helvetica, Arial, Lucida, sans-serif\" href=\"https:\/\/www.clarel.es\/es\/cosmetica\/cuidado-facial\/hidratantes-y-nutritivas\" target=\"_blank\" rel=\"noopener\"><span style=\"margin: 0px;padding: 0px;border: 0px;vertical-align: baseline;background: transparent\">crema humectante nutritiva<\/span><\/a><span style=\"background-image: initial;background-position: initial;background-size: initial;background-repeat: initial;background-attachment: initial;margin: 0px;padding: 0px;border: 0px;font-size: 14px;vertical-align: baseline;color: #666666;font-family: Poppins, Helvetica, Arial, Lucida, sans-serif\">. Tambi\u00e9n puedes combinar el retinol con un suero o aceite facial para proporcionar una hidrataci\u00f3n adicional.<\/span><\/p><\/div><\/div><\/div><\/div>\t\t\t\t\t\t\t\t<\/div>\n\t\t\t\t<\/div>\n\t\t\t\t<div class=\"elementor-element elementor-element-3ad1931 elementor-widget elementor-widget-text-editor\" data-id=\"3ad1931\" data-element_type=\"widget\" data-widget_type=\"text-editor.default\">\n\t\t\t\t<div class=\"elementor-widget-container\">\n\t\t\t\t\t\t\t\t\t<div style=\"margin: 0px;padding: 0px;border: 0px;font-size: 14px;vertical-align: baseline;background: 50% center \/ cover no-repeat #ffffff;position: relative;font-family: Poppins, Helvetica, Arial, Lucida, sans-serif;text-align: left;color: #666666;font-style: normal;font-weight: 500;letter-spacing: normal;text-indent: 0px;text-transform: none\"><b style=\"background-image: initial;background-position: initial;background-size: initial;background-repeat: initial;background-attachment: initial;margin: 0px;padding: 0px;border: 0px;font-size: 17px;vertical-align: baseline;color: #f5a573\">Sensibilidad al sol<\/b><\/div>\t\t\t\t\t\t\t\t<\/div>\n\t\t\t\t<\/div>\n\t\t\t\t<div class=\"elementor-element elementor-element-49a9c25 elementor-widget elementor-widget-text-editor\" data-id=\"49a9c25\" data-element_type=\"widget\" data-widget_type=\"text-editor.default\">\n\t\t\t\t<div class=\"elementor-widget-container\">\n\t\t\t\t\t\t\t\t\t<div><div><div><div><p><span style=\"background-image: initial;background-position: initial;background-size: initial;background-repeat: initial;background-attachment: initial;margin: 0px;padding: 0px;border: 0px;font-size: 14px;vertical-align: baseline;color: #666666;font-family: Poppins, Helvetica, Arial, Lucida, sans-serif\">Si eres muy sensible al sol,\u00a0<\/span><b style=\"background-image: initial;background-position: initial;background-size: initial;background-repeat: initial;background-attachment: initial;margin: 0px;padding: 0px;border: 0px;font-size: 14px;vertical-align: baseline;color: #666666;font-family: Poppins, Helvetica, Arial, Lucida, sans-serif\">utiliza\u00a0<\/b><a style=\"margin: 0px;padding: 0px;border: 0px;font-size: 14px;vertical-align: baseline;background: #ffffff;color: #edb059;font-family: Poppins, Helvetica, Arial, Lucida, sans-serif\" href=\"https:\/\/www.clarel.es\/es\/cosmetica\/solares\" target=\"_blank\" rel=\"noopener\"><b style=\"margin: 0px;padding: 0px;border: 0px;vertical-align: baseline;background: transparent\">protector solar<\/b><\/a><b style=\"background-image: initial;background-position: initial;background-size: initial;background-repeat: initial;background-attachment: initial;margin: 0px;padding: 0px;border: 0px;font-size: 14px;vertical-align: baseline;color: #666666;font-family: Poppins, Helvetica, Arial, Lucida, sans-serif\">\u00a0de amplio espectro<\/b><span style=\"background-image: initial;background-position: initial;background-size: initial;background-repeat: initial;background-attachment: initial;margin: 0px;padding: 0px;border: 0px;font-size: 14px;vertical-align: baseline;color: #666666;font-family: Poppins, Helvetica, Arial, Lucida, sans-serif\">\u00a0con un factor de protecci\u00f3n alto todos los d\u00edas, incluso en d\u00edas nublados y aunque te encuentres dentro de casa.<\/span><\/p><\/div><\/div><\/div><\/div>\t\t\t\t\t\t\t\t<\/div>\n\t\t\t\t<\/div>\n\t\t\t\t<div class=\"elementor-element elementor-element-af10a4a elementor-widget elementor-widget-text-editor\" data-id=\"af10a4a\" data-element_type=\"widget\" data-widget_type=\"text-editor.default\">\n\t\t\t\t<div class=\"elementor-widget-container\">\n\t\t\t\t\t\t\t\t\t<div style=\"margin: 0px;padding: 0px;border: 0px;font-size: 14px;vertical-align: baseline;background: 50% center \/ cover no-repeat #ffffff;position: relative;font-family: Poppins, Helvetica, Arial, Lucida, sans-serif;text-align: left;color: #666666;font-style: normal;font-weight: 500;letter-spacing: normal;text-indent: 0px;text-transform: none\"><b style=\"background-image: initial;background-position: initial;background-size: initial;background-repeat: initial;background-attachment: initial;margin: 0px;padding: 0px;border: 0px;font-size: 17px;vertical-align: baseline;color: #f5a573\">Picor<\/b><\/div>\t\t\t\t\t\t\t\t<\/div>\n\t\t\t\t<\/div>\n\t\t\t\t<div class=\"elementor-element elementor-element-88f702b elementor-widget elementor-widget-text-editor\" data-id=\"88f702b\" data-element_type=\"widget\" data-widget_type=\"text-editor.default\">\n\t\t\t\t<div class=\"elementor-widget-container\">\n\t\t\t\t\t\t\t\t\t<div><div><div><div><p><span style=\"color: #666666;font-family: Poppins, Helvetica, Arial, Lucida, sans-serif;font-size: 14px;background: transparent;margin: 0px;padding: 0px;border: 0px;vertical-align: baseline\">Para la sensaci\u00f3n de picor,<\/span><b style=\"color: #666666;font-family: Poppins, Helvetica, Arial, Lucida, sans-serif;font-size: 14px;background: transparent;margin: 0px;padding: 0px;border: 0px;vertical-align: baseline\">\u00a0enjuaga tu cara con agua fr\u00eda y<\/b><span style=\"color: #666666;font-family: Poppins, Helvetica, Arial, Lucida, sans-serif;font-size: 14px;background: transparent;margin: 0px;padding: 0px;border: 0px;vertical-align: baseline\">\u00a0aplica una\u00a0<\/span><a style=\"font-family: Poppins, Helvetica, Arial, Lucida, sans-serif;font-size: 14px;background: #ffffff;margin: 0px;padding: 0px;border: 0px;vertical-align: baseline;color: #edb059\" href=\"https:\/\/www.clarel.es\/es\/cosmetica\/cuidado-facial\/hidratantes-y-nutritivas\" target=\"_blank\" rel=\"noopener\">crema hidratante\u00a0<\/a><span style=\"color: #666666;font-family: Poppins, Helvetica, Arial, Lucida, sans-serif;font-size: 14px;background: transparent;margin: 0px;padding: 0px;border: 0px;vertical-align: baseline\">suave para calmar la piel.<\/span><\/p><p style=\"margin: 0px;padding: 0px;border: 0px;font-size: 14px;vertical-align: baseline;background-image: initial;background-position: initial;background-size: initial;background-repeat: initial;background-attachment: initial;color: #666666;font-family: Poppins, Helvetica, Arial, Lucida, sans-serif\"><span style=\"margin: 0px;padding: 0px;border: 0px;vertical-align: baseline;background: transparent\">Recuerda que cada piel es \u00fanica, por lo que es importante escuchar a tu cuerpo y adaptar la rutina de cuidado de la piel seg\u00fan tus necesidades. Si experimentas efectos secundarios persistentes o preocupantes, es recomendable consultar con un dermat\u00f3logo.<\/span><\/p><\/div><\/div><\/div><\/div>\t\t\t\t\t\t\t\t<\/div>\n\t\t\t\t<\/div>\n\t\t\t\t<div class=\"elementor-element elementor-element-a19f016 elementor-widget elementor-widget-text-editor\" data-id=\"a19f016\" data-element_type=\"widget\" data-widget_type=\"text-editor.default\">\n\t\t\t\t<div class=\"elementor-widget-container\">\n\t\t\t\t\t\t\t\t\t<div style=\"margin: 0px;padding: 0px;border: 0px;font-size: 14px;vertical-align: baseline;background: 50% center \/ cover no-repeat #ffffff;position: relative;font-family: Poppins, Helvetica, Arial, Lucida, sans-serif;text-align: left;color: #666666;font-style: normal;font-weight: 500;letter-spacing: normal;text-indent: 0px;text-transform: none\"><div style=\"margin: 0px;padding: 0px;border: 0px;font-size: 14px;vertical-align: baseline;background: transparent;position: relative\"><span style=\"color: #ef7a50;font-family: 'Gelica Light', Helvetica, Arial, Lucida, sans-serif;font-size: 26px;text-align: center\">\u00bfC\u00f3mo elegir el mejor producto de retinol para tu piel?<\/span><\/div><\/div>\t\t\t\t\t\t\t\t<\/div>\n\t\t\t\t<\/div>\n\t\t\t\t<div class=\"elementor-element elementor-element-a541e90 elementor-widget elementor-widget-text-editor\" data-id=\"a541e90\" data-element_type=\"widget\" data-widget_type=\"text-editor.default\">\n\t\t\t\t<div class=\"elementor-widget-container\">\n\t\t\t\t\t\t\t\t\t<div><div><div><div><p><span style=\"background-color: transparent;color: #666666;font-family: Poppins, Helvetica, Arial, Lucida, sans-serif;font-size: 14px\">En Clarel, sabemos lo importante que es encontrar los productos adecuados para el cuidado de tu piel. Por eso, siempre estamos cerca de ti, comprometidos con tu bienestar cotidiano y ofreci\u00e9ndote consejos expertos para ayudarte a tomar decisiones informadas.<\/span><\/p><p style=\"margin: 0px;padding: 0px;border: 0px;font-size: 14px;vertical-align: baseline;background-image: initial;background-position: initial;background-size: initial;background-repeat: initial;background-attachment: initial;color: #666666;font-family: Poppins, Helvetica, Arial, Lucida, sans-serif\"><span style=\"margin: 0px;padding: 0px;border: 0px;vertical-align: baseline;background: transparent\">Nuestra selecci\u00f3n incluye tres productos destacados que contienen retinol, un ingrediente poderoso para el rejuvenecimiento de la piel:<\/span><\/p><\/div><\/div><\/div><\/div>\t\t\t\t\t\t\t\t<\/div>\n\t\t\t\t<\/div>\n\t\t\t\t<div class=\"elementor-element elementor-element-e40e9ca elementor-widget elementor-widget-text-editor\" data-id=\"e40e9ca\" data-element_type=\"widget\" data-widget_type=\"text-editor.default\">\n\t\t\t\t<div class=\"elementor-widget-container\">\n\t\t\t\t\t\t\t\t\t<div style=\"margin: 0px;padding: 0px;border: 0px;font-size: 14px;vertical-align: baseline;background: 50% center \/ cover no-repeat #ffffff;position: relative;font-family: Poppins, Helvetica, Arial, Lucida, sans-serif;text-align: left;color: #666666;font-style: normal;font-weight: 500;letter-spacing: normal;text-indent: 0px;text-transform: none\"><span style=\"color: #f5a573;font-family: 'Gelica Light', Helvetica, Arial, Lucida, sans-serif;font-size: 22px\">S\u00e9rum Retinol noche puro Revitalift L\u2019OREAL 30 ml<\/span><\/div>\t\t\t\t\t\t\t\t<\/div>\n\t\t\t\t<\/div>\n\t\t\t\t<div class=\"elementor-element elementor-element-774de3e elementor-widget elementor-widget-text-editor\" data-id=\"774de3e\" data-element_type=\"widget\" data-widget_type=\"text-editor.default\">\n\t\t\t\t<div class=\"elementor-widget-container\">\n\t\t\t\t\t\t\t\t\t<div><div><div><div><p><span style=\"color: #666666;font-family: Poppins, Helvetica, Arial, Lucida, sans-serif;font-size: 14px;text-align: justify\">Este s\u00e9rum retinol nocturno combina la eficacia del retinol puro con otros ingredientes nutritivos. Su f\u00f3rmula avanzada trabaja durante la noche para reducir arrugas, mejorar la firmeza y lograr una apariencia m\u00e1s joven. Su textura ligera y de r\u00e1pida absorci\u00f3n garantiza una experiencia agradable para tu piel.<\/span><\/p><\/div><\/div><\/div><\/div>\t\t\t\t\t\t\t\t<\/div>\n\t\t\t\t<\/div>\n\t\t<div class=\"elementor-element elementor-element-a7bf556 e-con-full e-flex e-con e-child\" data-id=\"a7bf556\" data-element_type=\"container\">\n\t\t<div class=\"elementor-element elementor-element-266d9d4 e-con-full e-flex e-con e-child\" data-id=\"266d9d4\" data-element_type=\"container\">\n\t\t\t\t<div class=\"elementor-element elementor-element-5cc98ab elementor-cta--layout-image-right elementor-widget__width-initial elementor-cta--skin-classic elementor-animated-content elementor-widget elementor-widget-call-to-action\" data-id=\"5cc98ab\" data-element_type=\"widget\" data-widget_type=\"call-to-action.default\">\n\t\t\t\t<div class=\"elementor-widget-container\">\n\t\t\t\t\t\t\t<a class=\"elementor-cta\" href=\"https:\/\/www.clarel.es\/es\/serum-facial-revitalift-laser-retinol-puro-l-oreal-paris-30ml-274930\" target=\"_blank\">\n\t\t\t\t\t\t\t<div class=\"elementor-cta__content\">\n\t\t\t\t\t\t\t\t\t<div class=\"elementor-content-item elementor-cta__content-item elementor-cta__image\">\n\t\t\t\t\t\t<img decoding=\"async\" src=\"https:\/\/clarel.imgix.net\/media\/catalog\/product\/2\/7\/274930_1_4e18.jpg\" title=\"\" alt=\"\" loading=\"lazy\" \/>\t\t\t\t\t<\/div>\n\t\t\t\t\n\t\t\t\t\t\t\t\t\t<div class=\"elementor-cta__title elementor-cta__content-item elementor-content-item\">\n\t\t\t\t\t\tL\u2019OREAL\t\t\t\t\t<\/div>\n\t\t\t\t\n\t\t\t\t\t\t\t\t\t<div class=\"elementor-cta__description elementor-cta__content-item elementor-content-item\">\n\t\t\t\t\t\tS\u00e9rum Facial Revitalift Laser Retinol Puro<BR> <BR>\n<span style=\"font-size: 13pt\"><b>23,99\u20ac<\/span> <\/b>\t\t\t\t\t<\/div>\n\t\t\t\t\n\t\t\t\t\t\t\t\t\t<div class=\"elementor-cta__button-wrapper elementor-cta__content-item elementor-content-item \">\n\t\t\t\t\t<span class=\"elementor-cta__button elementor-button elementor-size-\">\n\t\t\t\t\t\tCOMPRAR\t\t\t\t\t<\/span>\n\t\t\t\t\t<\/div>\n\t\t\t\t\t\t\t<\/div>\n\t\t\t\t\t\t<\/a>\n\t\t\t\t\t\t<\/div>\n\t\t\t\t<\/div>\n\t\t\t\t<\/div>\n\t\t\t\t<\/div>\n\t\t<div class=\"elementor-element elementor-element-96f79d0 e-con-full e-flex e-con e-child\" data-id=\"96f79d0\" data-element_type=\"container\">\n\t\t\t\t<div class=\"elementor-element elementor-element-1c4b6cf elementor-widget elementor-widget-text-editor\" data-id=\"1c4b6cf\" data-element_type=\"widget\" data-widget_type=\"text-editor.default\">\n\t\t\t\t<div class=\"elementor-widget-container\">\n\t\t\t\t\t\t\t\t\t<div style=\"margin: 0px;padding: 0px;border: 0px;font-size: 14px;vertical-align: baseline;background: 50% center \/ cover no-repeat #ffffff;position: relative;font-family: Poppins, Helvetica, Arial, Lucida, sans-serif;text-align: left;color: #666666;font-style: normal;font-weight: 500;letter-spacing: normal;text-indent: 0px;text-transform: none\"><span style=\"background-color: transparent;color: #f5a573;font-family: 'Gelica Light', Helvetica, Arial, Lucida, sans-serif;font-size: 22px\">Crema facial de noche con retinol OLAY Regenerist 50 ml<\/span><\/div>\t\t\t\t\t\t\t\t<\/div>\n\t\t\t\t<\/div>\n\t\t\t\t<div class=\"elementor-element elementor-element-bd000a3 elementor-widget elementor-widget-text-editor\" data-id=\"bd000a3\" data-element_type=\"widget\" data-widget_type=\"text-editor.default\">\n\t\t\t\t<div class=\"elementor-widget-container\">\n\t\t\t\t\t\t\t\t\t<div><div><div><div><p><span style=\"color: #666666;font-family: Poppins, Helvetica, Arial, Lucida, sans-serif;font-size: 14px;text-align: justify\">La crema facial de noche de OLAY Regenerist es perfecta para nutrir tu piel mientras duermes. Su f\u00f3rmula rica en retinol ayuda a renovar y revitalizar la apariencia de la piel, disminuyendo arrugas y mejorando la textura. Adem\u00e1s, su f\u00f3rmula hidratante proporciona un bienestar duradero para tu piel.<\/span><\/p><\/div><\/div><\/div><\/div>\t\t\t\t\t\t\t\t<\/div>\n\t\t\t\t<\/div>\n\t\t\t\t<\/div>\n\t\t<div class=\"elementor-element elementor-element-a33409f e-con-full e-flex e-con e-child\" data-id=\"a33409f\" data-element_type=\"container\">\n\t\t<div class=\"elementor-element elementor-element-1afc7bc e-con-full e-flex e-con e-child\" data-id=\"1afc7bc\" data-element_type=\"container\">\n\t\t\t\t<div class=\"elementor-element elementor-element-63ff187 elementor-cta--layout-image-right elementor-widget__width-initial elementor-cta--skin-classic elementor-animated-content elementor-widget elementor-widget-call-to-action\" data-id=\"63ff187\" data-element_type=\"widget\" data-widget_type=\"call-to-action.default\">\n\t\t\t\t<div class=\"elementor-widget-container\">\n\t\t\t\t\t\t\t<a class=\"elementor-cta\" href=\"https:\/\/www.clarel.es\/es\/crema-de-noche-retinol-24-olay-50ml-304848\" target=\"_blank\">\n\t\t\t\t\t\t\t<div class=\"elementor-cta__content\">\n\t\t\t\t\t\t\t\t\t<div class=\"elementor-content-item elementor-cta__content-item elementor-cta__image\">\n\t\t\t\t\t\t<img decoding=\"async\" src=\"https:\/\/clarel.imgix.net\/media\/catalog\/product\/O\/l\/Olay_Crema_De_Noche_Retinol_24_50Ml_bd5bbe72bf9ccfbd7fa36b3ab8904f31e6c55849_304848_1.jpg\" title=\"\" alt=\"\" loading=\"lazy\" \/>\t\t\t\t\t<\/div>\n\t\t\t\t\n\t\t\t\t\t\t\t\t\t<div class=\"elementor-cta__title elementor-cta__content-item elementor-content-item\">\n\t\t\t\t\t\tOLAY\t\t\t\t\t<\/div>\n\t\t\t\t\n\t\t\t\t\t\t\t\t\t<div class=\"elementor-cta__description elementor-cta__content-item elementor-content-item\">\n\t\t\t\t\t\tCrema De Noche Retinol 24<BR> <BR>\n<span style=\"font-size: 13pt\"><b>37,99\u20ac<\/span> <\/b>\t\t\t\t\t<\/div>\n\t\t\t\t\n\t\t\t\t\t\t\t\t\t<div class=\"elementor-cta__button-wrapper elementor-cta__content-item elementor-content-item \">\n\t\t\t\t\t<span class=\"elementor-cta__button elementor-button elementor-size-\">\n\t\t\t\t\t\tCOMPRAR\t\t\t\t\t<\/span>\n\t\t\t\t\t<\/div>\n\t\t\t\t\t\t\t<\/div>\n\t\t\t\t\t\t<\/a>\n\t\t\t\t\t\t<\/div>\n\t\t\t\t<\/div>\n\t\t\t\t<\/div>\n\t\t\t\t<\/div>\n\t\t<div class=\"elementor-element elementor-element-ad12ac9 e-con-full e-flex e-con e-child\" data-id=\"ad12ac9\" data-element_type=\"container\">\n\t\t\t\t<div class=\"elementor-element elementor-element-7a8bc8a elementor-widget elementor-widget-text-editor\" data-id=\"7a8bc8a\" data-element_type=\"widget\" data-widget_type=\"text-editor.default\">\n\t\t\t\t<div class=\"elementor-widget-container\">\n\t\t\t\t\t\t\t\t\t<div style=\"margin: 0px;padding: 0px;border: 0px;font-size: 14px;vertical-align: baseline;background: 50% center \/ cover no-repeat #ffffff;position: relative;font-family: Poppins, Helvetica, Arial, Lucida, sans-serif;text-align: left;color: #666666;font-style: normal;font-weight: 500;letter-spacing: normal;text-indent: 0px;text-transform: none\"><div style=\"margin: 0px;padding: 0px;border: 0px;font-size: 14px;vertical-align: baseline;background: transparent;position: relative\"><span style=\"color: #ef7a50;font-family: 'Gelica Light', Helvetica, Arial, Lucida, sans-serif;font-size: 26px;text-align: center\">El futuro del retinol: nuevas innovaciones y tecnolog\u00edas<\/span><\/div><\/div>\t\t\t\t\t\t\t\t<\/div>\n\t\t\t\t<\/div>\n\t\t\t\t<div class=\"elementor-element elementor-element-fd65bd2 elementor-widget elementor-widget-text-editor\" data-id=\"fd65bd2\" data-element_type=\"widget\" data-widget_type=\"text-editor.default\">\n\t\t\t\t<div class=\"elementor-widget-container\">\n\t\t\t\t\t\t\t\t\t<div>\n<div>\n<div>\n<div>\n<p><span style=\"background-color: transparent;font-family: Poppins, Helvetica, Arial, Lucida, sans-serif;font-size: 14px\">El futuro del retinol se vislumbra prometedor, con continuas innovaciones y avances tecnol\u00f3gicos que llevan este ingrediente milagroso a nuevos horizontes. En Clarel, siempre estamos atentos a las \u00faltimas tendencias y desarrollos para ofrecerte lo mejor en cuidado de la piel.<\/span><\/p><p style=\"margin: 0px;padding: 0px 0px 1em;border: 0px;font-size: 14px;vertical-align: baseline;background-image: initial;background-position: initial;background-size: initial;background-repeat: initial;background-attachment: initial;font-family: Poppins, Helvetica, Arial, Lucida, sans-serif\"><span style=\"margin: 0px;padding: 0px;border: 0px;vertical-align: baseline;background: transparent\">Tambi\u00e9n se est\u00e1n desarrollando tecnolog\u00edas de liberaci\u00f3n prolongada que permiten una entrega controlada y gradual del retinol a la piel,&nbsp;<\/span><b style=\"margin: 0px;padding: 0px;border: 0px;vertical-align: baseline;background: transparent\">minimizando la sensibilidad y optimizando su eficacia<\/b><span style=\"margin: 0px;padding: 0px;border: 0px;vertical-align: baseline;background: transparent\">. Esto es especialmente emocionante para aquellas personas con piel sensible que desean disfrutar de los beneficios del retinol sin preocuparse por irritaciones.<\/span><span style=\"margin: 0px;padding: 0px;border: 0px;vertical-align: baseline;background: transparent\"><\/span><\/p><p style=\"margin: 0px;padding: 0px 0px 1em;border: 0px;font-size: 14px;vertical-align: baseline;background-image: initial;background-position: initial;background-size: initial;background-repeat: initial;background-attachment: initial;font-family: Poppins, Helvetica, Arial, Lucida, sans-serif;text-align: justify\"><\/p><p style=\"margin: 0px;padding: 0px;border: 0px;font-size: 14px;vertical-align: baseline;background-image: initial;background-position: initial;background-size: initial;background-repeat: initial;background-attachment: initial;font-family: Poppins, Helvetica, Arial, Lucida, sans-serif\"><span style=\"margin: 0px;padding: 0px;border: 0px;vertical-align: baseline;background: transparent\">En Clarel, estamos comprometidos a mantenerte informada sobre las \u00faltimas innovaciones y tecnolog\u00edas relacionadas con el retinol. Queremos ofrecerte productos vanguardistas que se adapten a tus necesidades y te ayuden a lograr una piel radiante y rejuvenecida. Siempre cerca de ti, te ofrecemos consejos expertos y productos que te hagan sentir segura y hermosa en tu propia piel.<\/span><\/p>\n<\/div>\n<\/div>\n<\/div>\n<\/div>\t\t\t\t\t\t\t\t<\/div>\n\t\t\t\t<\/div>\n\t\t\t\t<\/div>\n\t\t\t\t\t<\/div>\n\t\t\t\t<\/div>\n\t\t\t\t<\/div>\n\t\t","protected":false},"excerpt":{"rendered":"<p>\u00bfQuieres mejorar el aspecto de tu piel? Aprende todo sobre los beneficios del retinol en nuestro art\u00edculo y descubre c\u00f3mo incorporarlo en tu rutina diaria. \u00a1Entra ahora!<\/p>\n","protected":false},"author":5,"featured_media":6017,"comment_status":"closed","ping_status":"open","sticky":false,"template":"","format":"standard","meta":{"footnotes":""},"categories":[32,31],"tags":[],"class_list":["post-6016","post","type-post","status-publish","format-standard","has-post-thumbnail","hentry","category-cuidado-facial","category-tendencias-de-belleza"],"yoast_head":"<!-- This site is optimized with the Yoast SEO plugin v25.4 - https:\/\/yoast.com\/wordpress\/plugins\/seo\/ -->\n<title>Mejora tu piel con los beneficios del retinol | Clarel<\/title>\n<meta name=\"description\" content=\"\u00bfQuieres mejorar el aspecto de tu piel? Aprende todo sobre los beneficios del retinol en nuestro art\u00edculo y descubre c\u00f3mo incorporarlo en tu rutina diaria. \u00a1Entra ahora!\" \/>\n<meta name=\"robots\" content=\"index, follow, max-snippet:-1, max-image-preview:large, max-video-preview:-1\" \/>\n<link rel=\"canonical\" href=\"https:\/\/www.clarel.es\/blog\/beneficios-retinol\/\" \/>\n<meta property=\"og:locale\" content=\"es_ES\" \/>\n<meta property=\"og:type\" content=\"article\" \/>\n<meta property=\"og:title\" content=\"Mejora tu piel con los beneficios del retinol | Clarel\" \/>\n<meta property=\"og:description\" content=\"\u00bfQuieres mejorar el aspecto de tu piel? Aprende todo sobre los beneficios del retinol en nuestro art\u00edculo y descubre c\u00f3mo incorporarlo en tu rutina diaria. \u00a1Entra ahora!\" \/>\n<meta property=\"og:url\" content=\"https:\/\/www.clarel.es\/blog\/beneficios-retinol\/\" \/>\n<meta property=\"og:site_name\" content=\"Clarel\" \/>\n<meta property=\"article:published_time\" content=\"2024-09-27T10:19:19+00:00\" \/>\n<meta property=\"article:modified_time\" content=\"2025-09-03T10:57:03+00:00\" \/>\n<meta property=\"og:image\" content=\"https:\/\/blog-clarel.imgix.net\/uploads\/2023\/07\/serum_retinol.jpg?auto=format%2Ccompress&ixlib=php-3.3.0\" \/>\n\t<meta property=\"og:image:width\" content=\"700\" \/>\n\t<meta property=\"og:image:height\" content=\"438\" \/>\n\t<meta property=\"og:image:type\" content=\"image\/jpeg\" \/>\n<meta name=\"twitter:card\" content=\"summary_large_image\" \/>\n<script type=\"application\/ld+json\" class=\"yoast-schema-graph\">{\"@context\":\"https:\/\/schema.org\",\"@graph\":[{\"@type\":\"Article\",\"@id\":\"https:\/\/www.clarel.es\/blog\/beneficios-retinol\/#article\",\"isPartOf\":{\"@id\":\"https:\/\/www.clarel.es\/blog\/beneficios-retinol\/\"},\"author\":{\"name\":\"Clarel\",\"@id\":\"https:\/\/www.clarel.es\/blog\"},\"headline\":\"Los beneficios del retinol que transformar\u00e1n tu piel\",\"datePublished\":\"2024-09-27T10:19:19+00:00\",\"dateModified\":\"2025-09-03T10:57:03+00:00\",\"mainEntityOfPage\":{\"@id\":\"https:\/\/www.clarel.es\/blog\/beneficios-retinol\/\"},\"wordCount\":1470,\"publisher\":{\"@id\":\"https:\/\/www.clarel.es\/blog\/#organization\"},\"image\":{\"@id\":\"https:\/\/www.clarel.es\/blog\/beneficios-retinol\/#primaryimage\"},\"thumbnailUrl\":\"https:\/\/blog-clarel.imgix.net\/uploads\/2023\/07\/serum_retinol.jpg?auto=format%2Ccompress&ixlib=php-3.3.0\",\"articleSection\":[\"Cuidado facial\",\"Tendencias de belleza\"],\"inLanguage\":\"es\"},{\"@type\":\"WebPage\",\"@id\":\"https:\/\/www.clarel.es\/blog\/beneficios-retinol\/\",\"url\":\"https:\/\/www.clarel.es\/blog\/beneficios-retinol\/\",\"name\":\"Mejora tu piel con los beneficios del retinol | Clarel\",\"isPartOf\":{\"@id\":\"https:\/\/www.clarel.es\/blog\/#website\"},\"primaryImageOfPage\":{\"@id\":\"https:\/\/www.clarel.es\/blog\/beneficios-retinol\/#primaryimage\"},\"image\":{\"@id\":\"https:\/\/www.clarel.es\/blog\/beneficios-retinol\/#primaryimage\"},\"thumbnailUrl\":\"https:\/\/blog-clarel.imgix.net\/uploads\/2023\/07\/serum_retinol.jpg?auto=format%2Ccompress&ixlib=php-3.3.0\",\"datePublished\":\"2024-09-27T10:19:19+00:00\",\"dateModified\":\"2025-09-03T10:57:03+00:00\",\"description\":\"\u00bfQuieres mejorar el aspecto de tu piel? Aprende todo sobre los beneficios del retinol en nuestro art\u00edculo y descubre c\u00f3mo incorporarlo en tu rutina diaria. \u00a1Entra ahora!\",\"breadcrumb\":{\"@id\":\"https:\/\/www.clarel.es\/blog\/beneficios-retinol\/#breadcrumb\"},\"inLanguage\":\"es\",\"potentialAction\":[{\"@type\":\"ReadAction\",\"target\":[\"https:\/\/www.clarel.es\/blog\/beneficios-retinol\/\"]}]},{\"@type\":\"ImageObject\",\"inLanguage\":\"es\",\"@id\":\"https:\/\/www.clarel.es\/blog\/beneficios-retinol\/#primaryimage\",\"url\":\"https:\/\/blog-clarel.imgix.net\/uploads\/2023\/07\/serum_retinol.jpg?auto=format%2Ccompress&ixlib=php-3.3.0\",\"contentUrl\":\"https:\/\/blog-clarel.imgix.net\/uploads\/2023\/07\/serum_retinol.jpg?auto=format%2Ccompress&ixlib=php-3.3.0\",\"width\":700,\"height\":438,\"caption\":\"Mujer aplic\u00e1ndose s\u00e9rum de retinol con pipeta\"},{\"@type\":\"BreadcrumbList\",\"@id\":\"https:\/\/www.clarel.es\/blog\/beneficios-retinol\/#breadcrumb\",\"itemListElement\":[{\"@type\":\"ListItem\",\"position\":1,\"name\":\"Portada\",\"item\":\"https:\/\/www.clarel.es\/blog\/\"},{\"@type\":\"ListItem\",\"position\":2,\"name\":\"Los beneficios del retinol que transformar\u00e1n tu piel\"}]},{\"@type\":\"WebSite\",\"@id\":\"https:\/\/www.clarel.es\/blog\/#website\",\"url\":\"https:\/\/www.clarel.es\/blog\/\",\"name\":\"Clarel\",\"description\":\"Tienda Online de perfumeria, cosmetica, maquillaje y hogar.\",\"publisher\":{\"@id\":\"https:\/\/www.clarel.es\/blog\/#organization\"},\"potentialAction\":[{\"@type\":\"SearchAction\",\"target\":{\"@type\":\"EntryPoint\",\"urlTemplate\":\"https:\/\/www.clarel.es\/blog\/?s={search_term_string}\"},\"query-input\":{\"@type\":\"PropertyValueSpecification\",\"valueRequired\":true,\"valueName\":\"search_term_string\"}}],\"inLanguage\":\"es\"},{\"@type\":\"Organization\",\"@id\":\"https:\/\/www.clarel.es\/blog\/#organization\",\"name\":\"Clarel\",\"url\":\"https:\/\/www.clarel.es\/blog\/\",\"logo\":{\"@type\":\"ImageObject\",\"inLanguage\":\"es\",\"@id\":\"https:\/\/www.clarel.es\/blog\/#\/schema\/logo\/image\/\",\"url\":\"https:\/\/clarel-test.ezenit.link\/blog\/wp-content\/uploads\/2022\/08\/logo_clarel.png\",\"contentUrl\":\"https:\/\/clarel-test.ezenit.link\/blog\/wp-content\/uploads\/2022\/08\/logo_clarel.png\",\"width\":432,\"height\":101,\"caption\":\"Clarel\"},\"image\":{\"@id\":\"https:\/\/www.clarel.es\/blog\/#\/schema\/logo\/image\/\"}}]}<\/script>\n<!-- \/ Yoast SEO plugin. -->","yoast_head_json":{"title":"Mejora tu piel con los beneficios del retinol | Clarel","description":"\u00bfQuieres mejorar el aspecto de tu piel? Aprende todo sobre los beneficios del retinol en nuestro art\u00edculo y descubre c\u00f3mo incorporarlo en tu rutina diaria. \u00a1Entra ahora!","robots":{"index":"index","follow":"follow","max-snippet":"max-snippet:-1","max-image-preview":"max-image-preview:large","max-video-preview":"max-video-preview:-1"},"canonical":"https:\/\/www.clarel.es\/blog\/beneficios-retinol\/","og_locale":"es_ES","og_type":"article","og_title":"Mejora tu piel con los beneficios del retinol | Clarel","og_description":"\u00bfQuieres mejorar el aspecto de tu piel? Aprende todo sobre los beneficios del retinol en nuestro art\u00edculo y descubre c\u00f3mo incorporarlo en tu rutina diaria. \u00a1Entra ahora!","og_url":"https:\/\/www.clarel.es\/blog\/beneficios-retinol\/","og_site_name":"Clarel","article_published_time":"2024-09-27T10:19:19+00:00","article_modified_time":"2025-09-03T10:57:03+00:00","og_image":[{"width":700,"height":438,"url":"https:\/\/blog-clarel.imgix.net\/uploads\/2023\/07\/serum_retinol.jpg?auto=format%2Ccompress&ixlib=php-3.3.0","type":"image\/jpeg"}],"twitter_card":"summary_large_image","schema":{"@context":"https:\/\/schema.org","@graph":[{"@type":"Article","@id":"https:\/\/www.clarel.es\/blog\/beneficios-retinol\/#article","isPartOf":{"@id":"https:\/\/www.clarel.es\/blog\/beneficios-retinol\/"},"author":{"name":"Clarel","@id":"https:\/\/www.clarel.es\/blog"},"headline":"Los beneficios del retinol que transformar\u00e1n tu piel","datePublished":"2024-09-27T10:19:19+00:00","dateModified":"2025-09-03T10:57:03+00:00","mainEntityOfPage":{"@id":"https:\/\/www.clarel.es\/blog\/beneficios-retinol\/"},"wordCount":1470,"publisher":{"@id":"https:\/\/www.clarel.es\/blog\/#organization"},"image":{"@id":"https:\/\/www.clarel.es\/blog\/beneficios-retinol\/#primaryimage"},"thumbnailUrl":"https:\/\/blog-clarel.imgix.net\/uploads\/2023\/07\/serum_retinol.jpg?auto=format%2Ccompress&ixlib=php-3.3.0","articleSection":["Cuidado facial","Tendencias de belleza"],"inLanguage":"es"},{"@type":"WebPage","@id":"https:\/\/www.clarel.es\/blog\/beneficios-retinol\/","url":"https:\/\/www.clarel.es\/blog\/beneficios-retinol\/","name":"Mejora tu piel con los beneficios del retinol | Clarel","isPartOf":{"@id":"https:\/\/www.clarel.es\/blog\/#website"},"primaryImageOfPage":{"@id":"https:\/\/www.clarel.es\/blog\/beneficios-retinol\/#primaryimage"},"image":{"@id":"https:\/\/www.clarel.es\/blog\/beneficios-retinol\/#primaryimage"},"thumbnailUrl":"https:\/\/blog-clarel.imgix.net\/uploads\/2023\/07\/serum_retinol.jpg?auto=format%2Ccompress&ixlib=php-3.3.0","datePublished":"2024-09-27T10:19:19+00:00","dateModified":"2025-09-03T10:57:03+00:00","description":"\u00bfQuieres mejorar el aspecto de tu piel? Aprende todo sobre los beneficios del retinol en nuestro art\u00edculo y descubre c\u00f3mo incorporarlo en tu rutina diaria. \u00a1Entra ahora!","breadcrumb":{"@id":"https:\/\/www.clarel.es\/blog\/beneficios-retinol\/#breadcrumb"},"inLanguage":"es","potentialAction":[{"@type":"ReadAction","target":["https:\/\/www.clarel.es\/blog\/beneficios-retinol\/"]}]},{"@type":"ImageObject","inLanguage":"es","@id":"https:\/\/www.clarel.es\/blog\/beneficios-retinol\/#primaryimage","url":"https:\/\/blog-clarel.imgix.net\/uploads\/2023\/07\/serum_retinol.jpg?auto=format%2Ccompress&ixlib=php-3.3.0","contentUrl":"https:\/\/blog-clarel.imgix.net\/uploads\/2023\/07\/serum_retinol.jpg?auto=format%2Ccompress&ixlib=php-3.3.0","width":700,"height":438,"caption":"Mujer aplic\u00e1ndose s\u00e9rum de retinol con pipeta"},{"@type":"BreadcrumbList","@id":"https:\/\/www.clarel.es\/blog\/beneficios-retinol\/#breadcrumb","itemListElement":[{"@type":"ListItem","position":1,"name":"Portada","item":"https:\/\/www.clarel.es\/blog\/"},{"@type":"ListItem","position":2,"name":"Los beneficios del retinol que transformar\u00e1n tu piel"}]},{"@type":"WebSite","@id":"https:\/\/www.clarel.es\/blog\/#website","url":"https:\/\/www.clarel.es\/blog\/","name":"Clarel","description":"Tienda Online de perfumeria, cosmetica, maquillaje y hogar.","publisher":{"@id":"https:\/\/www.clarel.es\/blog\/#organization"},"potentialAction":[{"@type":"SearchAction","target":{"@type":"EntryPoint","urlTemplate":"https:\/\/www.clarel.es\/blog\/?s={search_term_string}"},"query-input":{"@type":"PropertyValueSpecification","valueRequired":true,"valueName":"search_term_string"}}],"inLanguage":"es"},{"@type":"Organization","@id":"https:\/\/www.clarel.es\/blog\/#organization","name":"Clarel","url":"https:\/\/www.clarel.es\/blog\/","logo":{"@type":"ImageObject","inLanguage":"es","@id":"https:\/\/www.clarel.es\/blog\/#\/schema\/logo\/image\/","url":"https:\/\/clarel-test.ezenit.link\/blog\/wp-content\/uploads\/2022\/08\/logo_clarel.png","contentUrl":"https:\/\/clarel-test.ezenit.link\/blog\/wp-content\/uploads\/2022\/08\/logo_clarel.png","width":432,"height":101,"caption":"Clarel"},"image":{"@id":"https:\/\/www.clarel.es\/blog\/#\/schema\/logo\/image\/"}}]}},"_links":{"self":[{"href":"https:\/\/www.clarel.es\/blog\/wp-json\/wp\/v2\/posts\/6016","targetHints":{"allow":["GET"]}}],"collection":[{"href":"https:\/\/www.clarel.es\/blog\/wp-json\/wp\/v2\/posts"}],"about":[{"href":"https:\/\/www.clarel.es\/blog\/wp-json\/wp\/v2\/types\/post"}],"author":[{"embeddable":true,"href":"https:\/\/www.clarel.es\/blog\/wp-json\/wp\/v2\/users\/5"}],"replies":[{"embeddable":true,"href":"https:\/\/www.clarel.es\/blog\/wp-json\/wp\/v2\/comments?post=6016"}],"version-history":[{"count":24,"href":"https:\/\/www.clarel.es\/blog\/wp-json\/wp\/v2\/posts\/6016\/revisions"}],"predecessor-version":[{"id":15103,"href":"https:\/\/www.clarel.es\/blog\/wp-json\/wp\/v2\/posts\/6016\/revisions\/15103"}],"wp:featuredmedia":[{"embeddable":true,"href":"https:\/\/www.clarel.es\/blog\/wp-json\/wp\/v2\/media\/6017"}],"wp:attachment":[{"href":"https:\/\/www.clarel.es\/blog\/wp-json\/wp\/v2\/media?parent=6016"}],"wp:term":[{"taxonomy":"category","embeddable":true,"href":"https:\/\/www.clarel.es\/blog\/wp-json\/wp\/v2\/categories?post=6016"},{"taxonomy":"post_tag","embeddable":true,"href":"https:\/\/www.clarel.es\/blog\/wp-json\/wp\/v2\/tags?post=6016"}],"curies":[{"name":"wp","href":"https:\/\/api.w.org\/{rel}","templated":true}]}}