{"id":5366,"date":"2023-05-25T13:50:42","date_gmt":"2023-05-25T13:50:42","guid":{"rendered":"https:\/\/www.clarel.es\/blog\/?p=5366"},"modified":"2025-09-03T11:08:36","modified_gmt":"2025-09-03T11:08:36","slug":"color-pelo-morena","status":"publish","type":"post","link":"https:\/\/www.clarel.es\/blog\/color-pelo-morena\/","title":{"rendered":"Tendencias en color de pelo para morenas"},"content":{"rendered":"\t\t<div data-elementor-type=\"wp-post\" data-elementor-id=\"5366\" class=\"elementor elementor-5366\" data-elementor-post-type=\"post\">\n\t\t\t\t<div class=\"elementor-element elementor-element-4a0fdb6f e-flex e-con-boxed e-con e-parent\" data-id=\"4a0fdb6f\" data-element_type=\"container\">\n\t\t\t\t\t<div class=\"e-con-inner\">\n\t\t\t\t<div class=\"elementor-element elementor-element-bf52349 elementor-widget elementor-widget-text-editor\" data-id=\"bf52349\" data-element_type=\"widget\" data-widget_type=\"text-editor.default\">\n\t\t\t\t<div class=\"elementor-widget-container\">\n\t\t\t\t\t\t\t\t\t<div style=\"margin: 0px;padding: 0px;border: 0px;font-size: 14px;vertical-align: baseline;background: 50% center \/ cover no-repeat #ffffff;position: relative;font-family: Poppins, Helvetica, Arial, Lucida, sans-serif;text-align: left;color: #666666;font-style: normal;font-weight: 500;letter-spacing: normal;text-indent: 0px;text-transform: none\"><div style=\"margin: 0px;padding: 0px;border: 0px;font-size: 14px;vertical-align: baseline;background: transparent;position: relative\"><span style=\"background-color: transparent;font-family: 'Gelica Light', Helvetica, Arial, Lucida, sans-serif;font-size: 26px;color: #ef7a50;text-align: center\">Conoce las tendencias en color de pelo para morenas<\/span><\/div><\/div>\t\t\t\t\t\t\t\t<\/div>\n\t\t\t\t<\/div>\n\t\t\t\t<div class=\"elementor-element elementor-element-ccfc122 elementor-widget elementor-widget-text-editor\" data-id=\"ccfc122\" data-element_type=\"widget\" data-widget_type=\"text-editor.default\">\n\t\t\t\t<div class=\"elementor-widget-container\">\n\t\t\t\t\t\t\t\t\t<div><div><div><div><p><span style=\"background-image: initial;background-position: initial;background-size: initial;background-repeat: initial;background-attachment: initial;margin: 0px;padding: 0px;border: 0px;font-size: 14px;vertical-align: baseline;color: #666666;font-family: Poppins, Helvetica, Arial, Lucida, sans-serif;text-align: justify\">Las mujeres morenas tienen la ventaja de lucir incre\u00edbles con una buena variedad de tonos, si no pregunt\u00e9mosle a Karol G y a Nicky Minaj, expertas en llevar melenas del color que les plazca. O a\u00a0<\/span><a style=\"margin: 0px;padding: 0px;border: 0px;font-size: 14px;vertical-align: baseline;background: #ffffff;color: #edb059;font-family: Poppins, Helvetica, Arial, Lucida, sans-serif;text-align: justify\" href=\"https:\/\/www.vogue.mx\/belleza\/tendencias\/articulos\/como-lograr-el-rubio-de-beyonce-2018\/12508\" target=\"_blank\" rel=\"noopener\"><span style=\"margin: 0px;padding: 0px;border: 0px;vertical-align: baseline;background: transparent\">Beyonc\u00e9<\/span><\/a><span style=\"background-image: initial;background-position: initial;background-size: initial;background-repeat: initial;background-attachment: initial;margin: 0px;padding: 0px;border: 0px;font-size: 14px;vertical-align: baseline;color: #666666;font-family: Poppins, Helvetica, Arial, Lucida, sans-serif;text-align: justify\">, que ha sido rubia tantos a\u00f1os, que nos cuesta recordarla con su color natural de pelo, que es el negro. \u00bfQu\u00e9 otros tonos de pelo te quedan bien si eres morena? Qu\u00e9date con nosotras que te lo contamos a continuaci\u00f3n.\u00a0<\/span><\/p><\/div><\/div><\/div><\/div>\t\t\t\t\t\t\t\t<\/div>\n\t\t\t\t<\/div>\n\t\t\t\t<div class=\"elementor-element elementor-element-6fa840a elementor-widget elementor-widget-image\" data-id=\"6fa840a\" data-element_type=\"widget\" data-widget_type=\"image.default\">\n\t\t\t\t<div class=\"elementor-widget-container\">\n\t\t\t\t\t\t\t\t\t\t\t\t\t\t\t<img decoding=\"async\" src=\"https:\/\/blog-clarel.imgix.net\/2023\/05\/karol-g-tintes-para-piel-morena.png\" title=\"\" alt=\"\" loading=\"lazy\" \/>\t\t\t\t\t\t\t\t\t\t\t\t\t\t\t<\/div>\n\t\t\t\t<\/div>\n\t\t\t\t<div class=\"elementor-element elementor-element-f07ae0d elementor-widget elementor-widget-text-editor\" data-id=\"f07ae0d\" data-element_type=\"widget\" data-widget_type=\"text-editor.default\">\n\t\t\t\t<div class=\"elementor-widget-container\">\n\t\t\t\t\t\t\t\t\t<div style=\"margin: 0px;padding: 0px;border: 0px;font-size: 14px;vertical-align: baseline;background: 50% center \/ cover no-repeat #ffffff;position: relative;font-family: Poppins, Helvetica, Arial, Lucida, sans-serif;text-align: left;color: #666666;font-style: normal;font-weight: 500;letter-spacing: normal;text-indent: 0px;text-transform: none\"><div style=\"margin: 0px;padding: 0px;border: 0px;font-size: 14px;vertical-align: baseline;background: transparent;position: relative\"><span style=\"background-color: transparent;font-family: 'Gelica Light', Helvetica, Arial, Lucida, sans-serif;font-size: 26px;color: #ef7a50;text-align: center\">\u00bfC\u00f3mo el color de pelo puede afectar tu imagen y autoestima?<\/span><\/div><\/div>\t\t\t\t\t\t\t\t<\/div>\n\t\t\t\t<\/div>\n\t\t\t\t<div class=\"elementor-element elementor-element-fdd3990 elementor-widget elementor-widget-text-editor\" data-id=\"fdd3990\" data-element_type=\"widget\" data-widget_type=\"text-editor.default\">\n\t\t\t\t<div class=\"elementor-widget-container\">\n\t\t\t\t\t\t\t\t\t<div><div><div><div><p><span style=\"color: #666666;font-family: Poppins, Helvetica, Arial, Lucida, sans-serif;font-size: 14px;text-align: justify;background: transparent;margin: 0px;padding: 0px;border: 0px;vertical-align: baseline\">El\u00a0 pelo es un elemento significativo, constructor de identidad, con m\u00faltiples significados m\u00e1s all\u00e1 de nuestra mera apariencia, as\u00ed que es normal que queramos encontrar un\u00a0<\/span><b style=\"color: #666666;font-family: Poppins, Helvetica, Arial, Lucida, sans-serif;font-size: 14px;text-align: justify;background: transparent;margin: 0px;padding: 0px;border: 0px;vertical-align: baseline\">color de tinte para morenas<\/b><span style=\"color: #666666;font-family: Poppins, Helvetica, Arial, Lucida, sans-serif;font-size: 14px;text-align: justify;background: transparent;margin: 0px;padding: 0px;border: 0px;vertical-align: baseline\">\u00a0que nos favorezca al m\u00e1ximo.\u00a0<\/span><\/p><p style=\"margin: 0px;padding: 0px 0px 1em;border: 0px;font-size: 14px;vertical-align: baseline;background-image: initial;background-position: initial;background-size: initial;background-repeat: initial;background-attachment: initial;color: #666666;font-family: Poppins, Helvetica, Arial, Lucida, sans-serif;text-align: justify\"><span style=\"margin: 0px;padding: 0px;border: 0px;vertical-align: baseline;background: transparent\">Ejemplos abundan, como el de\u00a0<\/span><a style=\"margin: 0px;padding: 0px;border: 0px;vertical-align: baseline;background-image: initial;background-position: initial;background-size: initial;background-repeat: initial;background-attachment: initial;color: #edb059\" href=\"https:\/\/www.glamour.mx\/belleza\/cabello\/articulos\/miley-cyrus-evolucion-de-cabello\/17587\" target=\"_blank\" rel=\"noopener\">Miley Cyrus<\/a><span style=\"margin: 0px;padding: 0px;border: 0px;vertical-align: baseline;background: transparent\">: cada vez que ha querido reinventarse en su carrera, se ha cambiado su corte y su color de pelo de forma radical y es posible saber qu\u00e9 disco estaba promocionando a partir de c\u00f3mo luce su melena en ese momento.\u00a0<\/span><\/p><p style=\"margin: 0px;padding: 0px;border: 0px;font-size: 14px;vertical-align: baseline;background-image: initial;background-position: initial;background-size: initial;background-repeat: initial;background-attachment: initial;color: #666666;font-family: Poppins, Helvetica, Arial, Lucida, sans-serif;text-align: justify\"><span style=\"margin: 0px;padding: 0px;border: 0px;vertical-align: baseline;background: transparent\">Es innegable que el color de tu cabello es determinante en la forma en que te muestras, as\u00ed que elegir el adecuado siempre ser\u00e1 una tarea a considerar.\u00a0<\/span><\/p><\/div><\/div><\/div><\/div>\t\t\t\t\t\t\t\t<\/div>\n\t\t\t\t<\/div>\n\t\t\t\t<div class=\"elementor-element elementor-element-50b45dd elementor-widget elementor-widget-text-editor\" data-id=\"50b45dd\" data-element_type=\"widget\" data-widget_type=\"text-editor.default\">\n\t\t\t\t<div class=\"elementor-widget-container\">\n\t\t\t\t\t\t\t\t\t<div style=\"margin: 0px;padding: 0px;border: 0px;font-size: 14px;vertical-align: baseline;background: 50% center \/ cover no-repeat #ffffff;position: relative;font-family: Poppins, Helvetica, Arial, Lucida, sans-serif;text-align: left;color: #666666;font-style: normal;font-weight: 500;letter-spacing: normal;text-indent: 0px;text-transform: none\"><div style=\"margin: 0px;padding: 0px;border: 0px;font-size: 14px;vertical-align: baseline;background: transparent;position: relative\"><span style=\"background-color: transparent;font-family: 'Gelica Light', Helvetica, Arial, Lucida, sans-serif;font-size: 26px;color: #ef7a50;text-align: center\">\u00bfC\u00f3mo<\/span><span style=\"color: #ef7a50;font-family: 'Gelica Light', Helvetica, Arial, Lucida, sans-serif;font-size: 26px;text-align: center\">\u00a0analizar tu tono de piel y cabello para elegir el color de pelo adecuado?<\/span><\/div><\/div>\t\t\t\t\t\t\t\t<\/div>\n\t\t\t\t<\/div>\n\t\t\t\t<div class=\"elementor-element elementor-element-2d767f2 elementor-widget elementor-widget-text-editor\" data-id=\"2d767f2\" data-element_type=\"widget\" data-widget_type=\"text-editor.default\">\n\t\t\t\t<div class=\"elementor-widget-container\">\n\t\t\t\t\t\t\t\t\t<div><div><div><div><p><span style=\"color: #666666;font-family: Poppins, Helvetica, Arial, Lucida, sans-serif;font-size: 14px;text-align: justify;background: transparent;margin: 0px;padding: 0px;border: 0px;vertical-align: baseline\">Para encontrar el mejor\u00a0<\/span><b style=\"color: #666666;font-family: Poppins, Helvetica, Arial, Lucida, sans-serif;font-size: 14px;text-align: justify;background: transparent;margin: 0px;padding: 0px;border: 0px;vertical-align: baseline\">color de pelo para morenas\u00a0<\/b><span style=\"color: #666666;font-family: Poppins, Helvetica, Arial, Lucida, sans-serif;font-size: 14px;text-align: justify;background: transparent;margin: 0px;padding: 0px;border: 0px;vertical-align: baseline\">y asegurarnos de que nuestro cambio de look sea arm\u00f3nico y nos beneficie al m\u00e1ximo, lo mejor es\u00a0<\/span><b style=\"color: #666666;font-family: Poppins, Helvetica, Arial, Lucida, sans-serif;font-size: 14px;text-align: justify;background: transparent;margin: 0px;padding: 0px;border: 0px;vertical-align: baseline\">seguir las reglas de la\u00a0<\/b><a style=\"font-family: Poppins, Helvetica, Arial, Lucida, sans-serif;font-size: 14px;text-align: justify;background: #ffffff;margin: 0px;padding: 0px;border: 0px;vertical-align: baseline;color: #edb059\" href=\"https:\/\/aprende.com\/blog\/moda-y-belleza\/peluqueria-y-estilismo\/colorimetria-del-cabello-todo-lo-que-necesitas-saber\/\" target=\"_blank\" rel=\"noopener\">colorimetr\u00eda capilar<\/a><span style=\"color: #666666;font-family: Poppins, Helvetica, Arial, Lucida, sans-serif;font-size: 14px;text-align: justify;background: transparent;margin: 0px;padding: 0px;border: 0px;vertical-align: baseline\">:<\/span><span style=\"color: #666666;font-family: Poppins, Helvetica, Arial, Lucida, sans-serif;font-size: 14px;text-align: justify\">\u00a0<\/span><span style=\"color: #666666;font-family: Poppins, Helvetica, Arial, Lucida, sans-serif;font-size: 14px;text-align: justify;background: transparent;margin: 0px;padding: 0px;border: 0px;vertical-align: baseline\">elegir tonos de pelo seg\u00fan nuestro color de piel, el color de los ojos y el color natural del cabello.\u00a0\u00a0<\/span><\/p><p style=\"margin: 0px;padding: 0px 0px 1em;border: 0px;font-size: 14px;vertical-align: baseline;background-image: initial;background-position: initial;background-size: initial;background-repeat: initial;background-attachment: initial;color: #666666;font-family: Poppins, Helvetica, Arial, Lucida, sans-serif;text-align: justify\"><span style=\"margin: 0px;padding: 0px;border: 0px;vertical-align: baseline;background: transparent\">Esto es importante y muy sencillo de poner en pr\u00e1ctica. La colorimetr\u00eda es la ciencia que estudia la medida de los colores y desarrolla m\u00e9todos para cuantificar la forma en que los percibimos.\u00a0<\/span><b style=\"margin: 0px;padding: 0px;border: 0px;vertical-align: baseline;background: transparent\">La colorimetr\u00eda capilar se ha encargado de clasificar num\u00e9ricamente los tonos de tintes en una escala medible de colores\u00a0<\/b><span style=\"margin: 0px;padding: 0px;border: 0px;vertical-align: baseline;background: transparent\">que van de los m\u00e1s oscuros a los m\u00e1s claros. De esta manera, es posible saber la saturaci\u00f3n y la intensidad de cada color antes de usarlo.<\/span><\/p><p style=\"margin: 0px;padding: 0px 0px 1em;border: 0px;font-size: 14px;vertical-align: baseline;background-image: initial;background-position: initial;background-size: initial;background-repeat: initial;background-attachment: initial;color: #666666;font-family: Poppins, Helvetica, Arial, Lucida, sans-serif;text-align: justify\"><span style=\"margin: 0px;padding: 0px;border: 0px;vertical-align: baseline;background: transparent\">Usando las\u00a0<\/span><b style=\"margin: 0px;padding: 0px;border: 0px;vertical-align: baseline;background: transparent\">leyes de la colorimetr\u00eda para determinar tu tono de cabello<\/b><span style=\"margin: 0px;padding: 0px;border: 0px;vertical-align: baseline;background: transparent\">, p\u00e1rate frente al espejo con una buena fuente de luz y obs\u00e9rvalo detenidamente: si tiene matices azules o violetas significa que tienes un tono fr\u00edo; si lo que observas son matices dorados o rojizos, tienes un tono de cabello c\u00e1lido.\u00a0\u00a0<\/span><\/p><p style=\"margin: 0px;padding: 0px;border: 0px;font-size: 14px;vertical-align: baseline;background-image: initial;background-position: initial;background-size: initial;background-repeat: initial;background-attachment: initial;color: #666666;font-family: Poppins, Helvetica, Arial, Lucida, sans-serif;text-align: justify\"><span style=\"margin: 0px;padding: 0px;border: 0px;vertical-align: baseline;background: transparent\">En cuanto a tu tono de piel,\u00a0<\/span><b style=\"margin: 0px;padding: 0px;border: 0px;vertical-align: baseline;background: transparent\">usa el color de tus venas como gu\u00eda<\/b><span style=\"margin: 0px;padding: 0px;border: 0px;vertical-align: baseline;background: transparent\">: si tus venas parecen azules o moradas, tienes un tono de piel fresco o fr\u00edo, en cuyo caso te ir\u00e1n mejor los tonos de pelo rubio, marr\u00f3n y negro azulado. Si tus venas parecen verdes, tienes un tono de piel c\u00e1lido, en cuyo caso los mejores tonos para ti son los rubios dorados, marrones c\u00e1lidos y rojos.\u00a0<\/span><\/p><\/div><\/div><\/div><\/div>\t\t\t\t\t\t\t\t<\/div>\n\t\t\t\t<\/div>\n\t\t\t\t<div class=\"elementor-element elementor-element-40a0fa2 elementor-widget elementor-widget-text-editor\" data-id=\"40a0fa2\" data-element_type=\"widget\" data-widget_type=\"text-editor.default\">\n\t\t\t\t<div class=\"elementor-widget-container\">\n\t\t\t\t\t\t\t\t\t<div style=\"margin: 0px;padding: 0px;border: 0px;font-size: 14px;vertical-align: baseline;background: 50% center \/ cover no-repeat #ffffff;position: relative;font-family: Poppins, Helvetica, Arial, Lucida, sans-serif;text-align: left;color: #666666;font-style: normal;font-weight: 500;letter-spacing: normal;text-indent: 0px;text-transform: none\"><span style=\"color: #ef7a50;font-family: 'Gelica Light', Helvetica, Arial, Lucida, sans-serif;font-size: 22px;text-align: center\">Errores comunes a evitar en la elecci\u00f3n del color de pelo<\/span><\/div>\t\t\t\t\t\t\t\t<\/div>\n\t\t\t\t<\/div>\n\t\t\t\t<div class=\"elementor-element elementor-element-4100e89 elementor-widget elementor-widget-text-editor\" data-id=\"4100e89\" data-element_type=\"widget\" data-widget_type=\"text-editor.default\">\n\t\t\t\t<div class=\"elementor-widget-container\">\n\t\t\t\t\t\t\t\t\t<div><div><div><div><p><span style=\"color: #666666;font-family: Poppins, Helvetica, Arial, Lucida, sans-serif;font-size: 14px;text-align: justify;background: transparent;margin: 0px;padding: 0px;border: 0px;vertical-align: baseline\">El\u00a0<\/span><b style=\"color: #666666;font-family: Poppins, Helvetica, Arial, Lucida, sans-serif;font-size: 14px;text-align: justify;background: transparent;margin: 0px;padding: 0px;border: 0px;vertical-align: baseline\">color de pelo para piel morena<\/b><span style=\"color: #666666;font-family: Poppins, Helvetica, Arial, Lucida, sans-serif;font-size: 14px;text-align: justify;background: transparent;margin: 0px;padding: 0px;border: 0px;vertical-align: baseline\">\u00a0ideal es aquel que complemente tu tono de piel, el color de tus ojos y el tono natural de tu cabello.\u00a0<\/span><\/p><p style=\"margin: 0px;padding: 0px 0px 1em;border: 0px;font-size: 14px;vertical-align: baseline;background-image: initial;background-position: initial;background-size: initial;background-repeat: initial;background-attachment: initial;color: #666666;font-family: Poppins, Helvetica, Arial, Lucida, sans-serif;text-align: justify\"><span style=\"margin: 0px;padding: 0px;border: 0px;vertical-align: baseline;background: transparent\">Un error muy com\u00fan es aplicar tonos demasiado intensos: si eres de tez blanca, pueden hacerte ver p\u00e1lida. Si tienes un tono de piel oscuro, pueden hacerte ver apagada.\u00a0<\/span><\/p><p style=\"margin: 0px;padding: 0px;border: 0px;font-size: 14px;vertical-align: baseline;background-image: initial;background-position: initial;background-size: initial;background-repeat: initial;background-attachment: initial;color: #666666;font-family: Poppins, Helvetica, Arial, Lucida, sans-serif;text-align: justify\"><span style=\"margin: 0px;padding: 0px;border: 0px;vertical-align: baseline;background: transparent\">Otro es dejarte llevar por las opiniones de los dem\u00e1s en lugar de confiar en tu criterio. Al final del d\u00eda, al buscar\u00a0<\/span><a style=\"margin: 0px;padding: 0px;border: 0px;vertical-align: baseline;background-image: initial;background-position: initial;background-size: initial;background-repeat: initial;background-attachment: initial;color: #edb059\" href=\"https:\/\/www.clarel.es\/es\/cabello\/tintes\" target=\"_blank\" rel=\"noopener\"><b style=\"margin: 0px;padding: 0px;border: 0px;vertical-align: baseline;background: transparent\">tintes<\/b><\/a>\u00a0<span style=\"margin: 0px;padding: 0px;border: 0px;vertical-align: baseline;background: transparent\">lo mejor es optar por aquel que te hace sentir segura y bien, pues ese es y ser\u00e1 el tono adecuado para ti.\u00a0<\/span><\/p><\/div><\/div><\/div><\/div>\t\t\t\t\t\t\t\t<\/div>\n\t\t\t\t<\/div>\n\t\t\t\t<div class=\"elementor-element elementor-element-18648c8 elementor-widget elementor-widget-text-editor\" data-id=\"18648c8\" data-element_type=\"widget\" data-widget_type=\"text-editor.default\">\n\t\t\t\t<div class=\"elementor-widget-container\">\n\t\t\t\t\t\t\t\t\t<div style=\"margin: 0px;padding: 0px;border: 0px;font-size: 14px;vertical-align: baseline;background: 50% center \/ cover no-repeat #ffffff;position: relative;font-family: Poppins, Helvetica, Arial, Lucida, sans-serif;text-align: left;color: #666666;font-style: normal;font-weight: 500;letter-spacing: normal;text-indent: 0px;text-transform: none\"><div style=\"margin: 0px;padding: 0px;border: 0px;font-size: 14px;vertical-align: baseline;background: transparent;position: relative\"><span style=\"color: #f5a573;font-size: 22px\">Consejos para mantener el color de pelo durante m\u00e1s tiempo en las morenas:<\/span><\/div><\/div>\t\t\t\t\t\t\t\t<\/div>\n\t\t\t\t<\/div>\n\t\t\t\t<div class=\"elementor-element elementor-element-46ab3ef elementor-widget elementor-widget-text-editor\" data-id=\"46ab3ef\" data-element_type=\"widget\" data-widget_type=\"text-editor.default\">\n\t\t\t\t<div class=\"elementor-widget-container\">\n\t\t\t\t\t\t\t\t\t<div><div><div><div><p><span style=\"background-color: transparent;color: #666666;font-family: Poppins, Helvetica, Arial, Lucida, sans-serif;font-size: 14px\">Te\u00f1irse el cabello implica doblar los esfuerzos para hidratarlo, cuidarlo y mantener el color el mayor tiempo posible. \u00bfQu\u00e9 puedes hacer para lograrlo?\u00a0<\/span><\/p><div style=\"margin: 0px 0px 21.8634px;padding: 0px;border: 0px;font-size: 14px;vertical-align: baseline;background-image: initial;background-position: 50% center;background-size: cover;background-repeat: no-repeat;background-attachment: initial;position: relative;font-family: Poppins, Helvetica, Arial, Lucida, sans-serif;color: #666666\"><div style=\"margin: 0px;padding: 0px;border: 0px;vertical-align: baseline;background: transparent;position: relative\"><p style=\"margin: 0px;padding: 0px;border: 0px;vertical-align: baseline;background: transparent\"><b style=\"margin: 0px;padding: 0px;border: 0px;vertical-align: baseline;background: transparent\">1. Usar\u00a0<\/b><a style=\"margin: 0px;padding: 0px;border: 0px;vertical-align: baseline;background-image: initial;background-position: initial;background-size: initial;background-repeat: initial;background-attachment: initial;color: #edb059\" href=\"https:\/\/www.clarel.es\/es\/olaplex-bond-maintenance-champu-n-4-250ml\" target=\"_blank\" rel=\"noopener\"><b style=\"margin: 0px;padding: 0px;border: 0px;vertical-align: baseline;background: transparent\">champ\u00fa<\/b><\/a><b style=\"margin: 0px;padding: 0px;border: 0px;vertical-align: baseline;background: transparent\">\u00a0y acondicionador<\/b><span style=\"margin: 0px;padding: 0px;border: 0px;vertical-align: baseline;background: transparent\">\u00a0especiales para cabellos te\u00f1idos.<\/span><\/p><\/div><\/div><div style=\"margin: 0px 0px 21.8634px;padding: 0px;border: 0px;font-size: 14px;vertical-align: baseline;background-image: initial;background-position: 50% center;background-size: cover;background-repeat: no-repeat;background-attachment: initial;position: relative;font-family: Poppins, Helvetica, Arial, Lucida, sans-serif;color: #666666\"><div style=\"margin: 0px;padding: 0px;border: 0px;vertical-align: baseline;background: transparent;position: relative\"><p style=\"margin: 0px;padding: 0px;border: 0px;vertical-align: baseline;background: transparent\"><span style=\"margin: 0px;padding: 0px;border: 0px;vertical-align: baseline;background: transparent\"><b style=\"margin: 0px;padding: 0px;border: 0px;vertical-align: baseline;background: transparent\">2. Lavar tu cabello con menos frecuencia,\u00a0<span style=\"margin: 0px;padding: 0px;border: 0px;vertical-align: baseline;background: transparent;font-weight: 400\">cada dos o tres d\u00edas en lugar de todos los d\u00edas.<\/span><\/b><\/span><\/p><\/div><\/div><div style=\"margin: 0px 0px 21.8634px;padding: 0px;border: 0px;font-size: 14px;vertical-align: baseline;background-image: initial;background-position: 50% center;background-size: cover;background-repeat: no-repeat;background-attachment: initial;position: relative;font-family: Poppins, Helvetica, Arial, Lucida, sans-serif;color: #666666\"><div style=\"margin: 0px;padding: 0px;border: 0px;vertical-align: baseline;background: transparent;position: relative\"><p style=\"margin: 0px;padding: 0px;border: 0px;vertical-align: baseline;background: transparent\"><span style=\"margin: 0px;padding: 0px;border: 0px;vertical-align: baseline;background: transparent\"><b style=\"margin: 0px;padding: 0px;border: 0px;vertical-align: baseline;background: transparent\">3. Usar agua tibia o fr\u00eda\u00a0<span style=\"margin: 0px;padding: 0px;border: 0px;vertical-align: baseline;background: transparent;font-weight: 400\">y evitar<\/span>\u00a0<span style=\"margin: 0px;padding: 0px;border: 0px;vertical-align: baseline;background: transparent;font-weight: 400\">el agua caliente, pues puede abrir las cut\u00edculas del cabello y perjudicar el color.<\/span><\/b><\/span><\/p><\/div><\/div><div style=\"margin: 0px;padding: 0px;border: 0px;font-size: 14px;vertical-align: baseline;background-image: initial;background-position: 50% center;background-size: cover;background-repeat: no-repeat;background-attachment: initial;position: relative;font-family: Poppins, Helvetica, Arial, Lucida, sans-serif;color: #666666\"><div style=\"margin: 0px;padding: 0px;border: 0px;vertical-align: baseline;background: transparent;position: relative\"><p style=\"margin: 0px;padding: 0px;border: 0px;vertical-align: baseline;background: transparent\"><span style=\"margin: 0px;padding: 0px;border: 0px;vertical-align: baseline;background: transparent\"><b style=\"margin: 0px;padding: 0px;border: 0px;vertical-align: baseline;background: transparent\">4. Hacerte tratamientos capilares con regularidad,\u00a0<span style=\"margin: 0px;padding: 0px;border: 0px;vertical-align: baseline;background: transparent;font-weight: 400\">caseros o profesionales si est\u00e1 dentro de tus posibilidades.<\/span><\/b><\/span><\/p><\/div><\/div><\/div><\/div><\/div><\/div>\t\t\t\t\t\t\t\t<\/div>\n\t\t\t\t<\/div>\n\t\t\t\t<div class=\"elementor-element elementor-element-c88ef86 elementor-widget elementor-widget-text-editor\" data-id=\"c88ef86\" data-element_type=\"widget\" data-widget_type=\"text-editor.default\">\n\t\t\t\t<div class=\"elementor-widget-container\">\n\t\t\t\t\t\t\t\t\t<div style=\"margin: 0px;padding: 0px;border: 0px;font-size: 14px;vertical-align: baseline;background: 50% center \/ cover no-repeat #ffffff;position: relative;font-family: Poppins, Helvetica, Arial, Lucida, sans-serif;text-align: left;color: #666666;font-style: normal;font-weight: 500;letter-spacing: normal;text-indent: 0px;text-transform: none\"><span style=\"color: #ef7a50;font-family: 'Gelica Light', Helvetica, Arial, Lucida, sans-serif;font-size: 22px\">\u00bfC\u00f3mo proteger el cabello te\u00f1ido de los da\u00f1os del sol y el cloro?<\/span><\/div>\t\t\t\t\t\t\t\t<\/div>\n\t\t\t\t<\/div>\n\t\t\t\t<div class=\"elementor-element elementor-element-4dcf43d elementor-widget elementor-widget-text-editor\" data-id=\"4dcf43d\" data-element_type=\"widget\" data-widget_type=\"text-editor.default\">\n\t\t\t\t<div class=\"elementor-widget-container\">\n\t\t\t\t\t\t\t\t\t<div><div><div><div><p><span style=\"background-color: transparent;color: #666666;font-family: Poppins, Helvetica, Arial, Lucida, sans-serif;font-size: 14px;text-align: justify\">Evit\u00e1ndose tanto como sea posible. El cabello te\u00f1ido es vulnerable a la exposici\u00f3n prolongada al sol, por lo que pa\u00f1uelos y sombreros ser\u00e1n tus mejores aliados este verano. Tampoco es recomendable usar herramientas de calor como secadores de cabello, planchas y rizadores, pues aceleran el desvanecimiento del color.\u00a0<\/span><\/p><div style=\"margin: 0px;padding: 0px;border: 0px;font-size: 14px;vertical-align: baseline;background-image: initial;background-position: 50% center;background-size: cover;background-repeat: no-repeat;background-attachment: initial;position: relative;font-family: Poppins, Helvetica, Arial, Lucida, sans-serif;color: #666666\"><div style=\"margin: 0px;padding: 0px;border: 0px;vertical-align: baseline;background: transparent;position: relative\"><p style=\"margin: 0px;padding: 0px;border: 0px;vertical-align: baseline;background-image: initial;background-position: initial;background-size: initial;background-repeat: initial;background-attachment: initial;text-align: justify\"><span style=\"margin: 0px;padding: 0px;border: 0px;vertical-align: baseline;background: transparent\">Si eres nadadora frecuente, utiliza un gorro para proteger el pelo del cloro y enjuaga con agua limpia despu\u00e9s de cada entrenamiento. No olvides usar tu champ\u00fa y acondicionador especiales.\u00a0<\/span><\/p><\/div><\/div><\/div><\/div><\/div><\/div>\t\t\t\t\t\t\t\t<\/div>\n\t\t\t\t<\/div>\n\t\t\t\t<div class=\"elementor-element elementor-element-7c6a092 elementor-widget elementor-widget-text-editor\" data-id=\"7c6a092\" data-element_type=\"widget\" data-widget_type=\"text-editor.default\">\n\t\t\t\t<div class=\"elementor-widget-container\">\n\t\t\t\t\t\t\t\t\t<div style=\"margin: 0px;padding: 0px;border: 0px;font-size: 14px;vertical-align: baseline;background: 50% center \/ cover no-repeat #ffffff;position: relative;font-family: Poppins, Helvetica, Arial, Lucida, sans-serif;text-align: left;color: #666666;font-style: normal;font-weight: 500;letter-spacing: normal;text-indent: 0px;text-transform: none\"><div style=\"margin: 0px;padding: 0px;border: 0px;font-size: 14px;vertical-align: baseline;background: transparent;position: relative\"><span style=\"color: #ef7a50;font-family: 'Gelica Light', Helvetica, Arial, Lucida, sans-serif;font-size: 26px;text-align: center\">Lo que debes recordar para elegir el color de pelo ideal si eres morena<\/span><\/div><\/div>\t\t\t\t\t\t\t\t<\/div>\n\t\t\t\t<\/div>\n\t\t\t\t<div class=\"elementor-element elementor-element-677c1bd elementor-widget elementor-widget-text-editor\" data-id=\"677c1bd\" data-element_type=\"widget\" data-widget_type=\"text-editor.default\">\n\t\t\t\t<div class=\"elementor-widget-container\">\n\t\t\t\t\t\t\t\t\t<div><div><div><div><p><span style=\"text-align: justify;background: transparent;color: #666666;font-family: Poppins, Helvetica, Arial, Lucida, sans-serif;font-size: 14px;margin: 0px;padding: 0px;border: 0px;vertical-align: baseline\">No hay una respuesta \u00fanica y definitiva para la pregunta de qu\u00e9 color de pelo le queda mejor a una mujer de tez morena, ya que la apariencia y personalidad de cada una influye en el color de cabello que le quede mejor. \u00bfNuestro consejo? Experimentar con diferentes\u00a0<\/span><a style=\"text-align: justify;font-family: Poppins, Helvetica, Arial, Lucida, sans-serif;font-size: 14px;margin: 0px;padding: 0px;border: 0px;vertical-align: baseline;background: #ffffff;color: #edb059\" href=\"https:\/\/www.clarel.es\/es\/cabello\/tintes\" target=\"_blank\" rel=\"noopener\"><span style=\"margin: 0px;padding: 0px;border: 0px;vertical-align: baseline;background: transparent\">tintes para cabello<\/span><\/a><span style=\"text-align: justify;background: transparent;color: #666666;font-family: Poppins, Helvetica, Arial, Lucida, sans-serif;font-size: 14px;margin: 0px;padding: 0px;border: 0px;vertical-align: baseline\">\u00a0y encontrar el que te haga sentir c\u00f3moda, segura y fabulosa.<\/span><\/p><\/div><\/div><\/div><\/div>\t\t\t\t\t\t\t\t<\/div>\n\t\t\t\t<\/div>\n\t\t\t\t\t<\/div>\n\t\t\t\t<\/div>\n\t\t\t\t<\/div>\n\t\t","protected":false},"excerpt":{"rendered":"<p>\u00bfEn busca del mejor color de pelo para morenas? Te ayudamos a elegir el tono que m\u00e1s te favorece. Conoce las tendencias m\u00e1s actuales y consigue un look espectacular.<\/p>\n","protected":false},"author":5,"featured_media":5373,"comment_status":"closed","ping_status":"open","sticky":false,"template":"","format":"standard","meta":{"footnotes":""},"categories":[33,31],"tags":[],"class_list":["post-5366","post","type-post","status-publish","format-standard","has-post-thumbnail","hentry","category-cuidado-cabello","category-tendencias-de-belleza"],"yoast_head":"<!-- This site is optimized with the Yoast SEO plugin v25.4 - https:\/\/yoast.com\/wordpress\/plugins\/seo\/ -->\n<title>Tendencias en color de pelo para morenas | Clarel<\/title>\n<meta name=\"description\" content=\"\u00bfEn busca del mejor color de pelo para morenas? Te ayudamos a elegir el tono que m\u00e1s te favorece. Conoce las tendencias m\u00e1s actuales y consigue un look espectacular.\" \/>\n<meta name=\"robots\" content=\"index, follow, max-snippet:-1, max-image-preview:large, max-video-preview:-1\" \/>\n<link rel=\"canonical\" href=\"https:\/\/www.clarel.es\/blog\/color-pelo-morena\/\" \/>\n<meta property=\"og:locale\" content=\"es_ES\" \/>\n<meta property=\"og:type\" content=\"article\" \/>\n<meta property=\"og:title\" content=\"Tendencias en color de pelo para morenas | Clarel\" \/>\n<meta property=\"og:description\" content=\"\u00bfEn busca del mejor color de pelo para morenas? Te ayudamos a elegir el tono que m\u00e1s te favorece. Conoce las tendencias m\u00e1s actuales y consigue un look espectacular.\" \/>\n<meta property=\"og:url\" content=\"https:\/\/www.clarel.es\/blog\/color-pelo-morena\/\" \/>\n<meta property=\"og:site_name\" content=\"Clarel\" \/>\n<meta property=\"article:published_time\" content=\"2023-05-25T13:50:42+00:00\" \/>\n<meta property=\"article:modified_time\" content=\"2025-09-03T11:08:36+00:00\" \/>\n<meta property=\"og:image\" content=\"https:\/\/blog-clarel.imgix.net\/uploads\/2023\/05\/color-de-pelo-para-morenas.png?auto=format%2Ccompress&ixlib=php-3.3.0\" \/>\n\t<meta property=\"og:image:width\" content=\"800\" \/>\n\t<meta property=\"og:image:height\" content=\"500\" \/>\n\t<meta property=\"og:image:type\" content=\"image\/png\" \/>\n<meta name=\"twitter:card\" content=\"summary_large_image\" \/>\n<script type=\"application\/ld+json\" class=\"yoast-schema-graph\">{\"@context\":\"https:\/\/schema.org\",\"@graph\":[{\"@type\":\"Article\",\"@id\":\"https:\/\/www.clarel.es\/blog\/color-pelo-morena\/#article\",\"isPartOf\":{\"@id\":\"https:\/\/www.clarel.es\/blog\/color-pelo-morena\/\"},\"author\":{\"name\":\"Clarel\",\"@id\":\"https:\/\/www.clarel.es\/blog\"},\"headline\":\"Tendencias en color de pelo para morenas\",\"datePublished\":\"2023-05-25T13:50:42+00:00\",\"dateModified\":\"2025-09-03T11:08:36+00:00\",\"mainEntityOfPage\":{\"@id\":\"https:\/\/www.clarel.es\/blog\/color-pelo-morena\/\"},\"wordCount\":918,\"publisher\":{\"@id\":\"https:\/\/www.clarel.es\/blog\/#organization\"},\"image\":{\"@id\":\"https:\/\/www.clarel.es\/blog\/color-pelo-morena\/#primaryimage\"},\"thumbnailUrl\":\"https:\/\/blog-clarel.imgix.net\/uploads\/2023\/05\/color-de-pelo-para-morenas.png?auto=format%2Ccompress&ixlib=php-3.3.0\",\"articleSection\":[\"Cuidado cabello\",\"Tendencias de belleza\"],\"inLanguage\":\"es\"},{\"@type\":\"WebPage\",\"@id\":\"https:\/\/www.clarel.es\/blog\/color-pelo-morena\/\",\"url\":\"https:\/\/www.clarel.es\/blog\/color-pelo-morena\/\",\"name\":\"Tendencias en color de pelo para morenas | Clarel\",\"isPartOf\":{\"@id\":\"https:\/\/www.clarel.es\/blog\/#website\"},\"primaryImageOfPage\":{\"@id\":\"https:\/\/www.clarel.es\/blog\/color-pelo-morena\/#primaryimage\"},\"image\":{\"@id\":\"https:\/\/www.clarel.es\/blog\/color-pelo-morena\/#primaryimage\"},\"thumbnailUrl\":\"https:\/\/blog-clarel.imgix.net\/uploads\/2023\/05\/color-de-pelo-para-morenas.png?auto=format%2Ccompress&ixlib=php-3.3.0\",\"datePublished\":\"2023-05-25T13:50:42+00:00\",\"dateModified\":\"2025-09-03T11:08:36+00:00\",\"description\":\"\u00bfEn busca del mejor color de pelo para morenas? Te ayudamos a elegir el tono que m\u00e1s te favorece. Conoce las tendencias m\u00e1s actuales y consigue un look espectacular.\",\"breadcrumb\":{\"@id\":\"https:\/\/www.clarel.es\/blog\/color-pelo-morena\/#breadcrumb\"},\"inLanguage\":\"es\",\"potentialAction\":[{\"@type\":\"ReadAction\",\"target\":[\"https:\/\/www.clarel.es\/blog\/color-pelo-morena\/\"]}]},{\"@type\":\"ImageObject\",\"inLanguage\":\"es\",\"@id\":\"https:\/\/www.clarel.es\/blog\/color-pelo-morena\/#primaryimage\",\"url\":\"https:\/\/blog-clarel.imgix.net\/uploads\/2023\/05\/color-de-pelo-para-morenas.png?auto=format%2Ccompress&ixlib=php-3.3.0\",\"contentUrl\":\"https:\/\/blog-clarel.imgix.net\/uploads\/2023\/05\/color-de-pelo-para-morenas.png?auto=format%2Ccompress&ixlib=php-3.3.0\",\"width\":800,\"height\":500},{\"@type\":\"BreadcrumbList\",\"@id\":\"https:\/\/www.clarel.es\/blog\/color-pelo-morena\/#breadcrumb\",\"itemListElement\":[{\"@type\":\"ListItem\",\"position\":1,\"name\":\"Portada\",\"item\":\"https:\/\/www.clarel.es\/blog\/\"},{\"@type\":\"ListItem\",\"position\":2,\"name\":\"Tendencias en color de pelo para morenas\"}]},{\"@type\":\"WebSite\",\"@id\":\"https:\/\/www.clarel.es\/blog\/#website\",\"url\":\"https:\/\/www.clarel.es\/blog\/\",\"name\":\"Clarel\",\"description\":\"Tienda Online de perfumeria, cosmetica, maquillaje y hogar.\",\"publisher\":{\"@id\":\"https:\/\/www.clarel.es\/blog\/#organization\"},\"potentialAction\":[{\"@type\":\"SearchAction\",\"target\":{\"@type\":\"EntryPoint\",\"urlTemplate\":\"https:\/\/www.clarel.es\/blog\/?s={search_term_string}\"},\"query-input\":{\"@type\":\"PropertyValueSpecification\",\"valueRequired\":true,\"valueName\":\"search_term_string\"}}],\"inLanguage\":\"es\"},{\"@type\":\"Organization\",\"@id\":\"https:\/\/www.clarel.es\/blog\/#organization\",\"name\":\"Clarel\",\"url\":\"https:\/\/www.clarel.es\/blog\/\",\"logo\":{\"@type\":\"ImageObject\",\"inLanguage\":\"es\",\"@id\":\"https:\/\/www.clarel.es\/blog\/#\/schema\/logo\/image\/\",\"url\":\"https:\/\/clarel-test.ezenit.link\/blog\/wp-content\/uploads\/2022\/08\/logo_clarel.png\",\"contentUrl\":\"https:\/\/clarel-test.ezenit.link\/blog\/wp-content\/uploads\/2022\/08\/logo_clarel.png\",\"width\":432,\"height\":101,\"caption\":\"Clarel\"},\"image\":{\"@id\":\"https:\/\/www.clarel.es\/blog\/#\/schema\/logo\/image\/\"}}]}<\/script>\n<!-- \/ Yoast SEO plugin. -->","yoast_head_json":{"title":"Tendencias en color de pelo para morenas | Clarel","description":"\u00bfEn busca del mejor color de pelo para morenas? Te ayudamos a elegir el tono que m\u00e1s te favorece. Conoce las tendencias m\u00e1s actuales y consigue un look espectacular.","robots":{"index":"index","follow":"follow","max-snippet":"max-snippet:-1","max-image-preview":"max-image-preview:large","max-video-preview":"max-video-preview:-1"},"canonical":"https:\/\/www.clarel.es\/blog\/color-pelo-morena\/","og_locale":"es_ES","og_type":"article","og_title":"Tendencias en color de pelo para morenas | Clarel","og_description":"\u00bfEn busca del mejor color de pelo para morenas? Te ayudamos a elegir el tono que m\u00e1s te favorece. Conoce las tendencias m\u00e1s actuales y consigue un look espectacular.","og_url":"https:\/\/www.clarel.es\/blog\/color-pelo-morena\/","og_site_name":"Clarel","article_published_time":"2023-05-25T13:50:42+00:00","article_modified_time":"2025-09-03T11:08:36+00:00","og_image":[{"width":800,"height":500,"url":"https:\/\/blog-clarel.imgix.net\/uploads\/2023\/05\/color-de-pelo-para-morenas.png?auto=format%2Ccompress&ixlib=php-3.3.0","type":"image\/png"}],"twitter_card":"summary_large_image","schema":{"@context":"https:\/\/schema.org","@graph":[{"@type":"Article","@id":"https:\/\/www.clarel.es\/blog\/color-pelo-morena\/#article","isPartOf":{"@id":"https:\/\/www.clarel.es\/blog\/color-pelo-morena\/"},"author":{"name":"Clarel","@id":"https:\/\/www.clarel.es\/blog"},"headline":"Tendencias en color de pelo para morenas","datePublished":"2023-05-25T13:50:42+00:00","dateModified":"2025-09-03T11:08:36+00:00","mainEntityOfPage":{"@id":"https:\/\/www.clarel.es\/blog\/color-pelo-morena\/"},"wordCount":918,"publisher":{"@id":"https:\/\/www.clarel.es\/blog\/#organization"},"image":{"@id":"https:\/\/www.clarel.es\/blog\/color-pelo-morena\/#primaryimage"},"thumbnailUrl":"https:\/\/blog-clarel.imgix.net\/uploads\/2023\/05\/color-de-pelo-para-morenas.png?auto=format%2Ccompress&ixlib=php-3.3.0","articleSection":["Cuidado cabello","Tendencias de belleza"],"inLanguage":"es"},{"@type":"WebPage","@id":"https:\/\/www.clarel.es\/blog\/color-pelo-morena\/","url":"https:\/\/www.clarel.es\/blog\/color-pelo-morena\/","name":"Tendencias en color de pelo para morenas | Clarel","isPartOf":{"@id":"https:\/\/www.clarel.es\/blog\/#website"},"primaryImageOfPage":{"@id":"https:\/\/www.clarel.es\/blog\/color-pelo-morena\/#primaryimage"},"image":{"@id":"https:\/\/www.clarel.es\/blog\/color-pelo-morena\/#primaryimage"},"thumbnailUrl":"https:\/\/blog-clarel.imgix.net\/uploads\/2023\/05\/color-de-pelo-para-morenas.png?auto=format%2Ccompress&ixlib=php-3.3.0","datePublished":"2023-05-25T13:50:42+00:00","dateModified":"2025-09-03T11:08:36+00:00","description":"\u00bfEn busca del mejor color de pelo para morenas? Te ayudamos a elegir el tono que m\u00e1s te favorece. Conoce las tendencias m\u00e1s actuales y consigue un look espectacular.","breadcrumb":{"@id":"https:\/\/www.clarel.es\/blog\/color-pelo-morena\/#breadcrumb"},"inLanguage":"es","potentialAction":[{"@type":"ReadAction","target":["https:\/\/www.clarel.es\/blog\/color-pelo-morena\/"]}]},{"@type":"ImageObject","inLanguage":"es","@id":"https:\/\/www.clarel.es\/blog\/color-pelo-morena\/#primaryimage","url":"https:\/\/blog-clarel.imgix.net\/uploads\/2023\/05\/color-de-pelo-para-morenas.png?auto=format%2Ccompress&ixlib=php-3.3.0","contentUrl":"https:\/\/blog-clarel.imgix.net\/uploads\/2023\/05\/color-de-pelo-para-morenas.png?auto=format%2Ccompress&ixlib=php-3.3.0","width":800,"height":500},{"@type":"BreadcrumbList","@id":"https:\/\/www.clarel.es\/blog\/color-pelo-morena\/#breadcrumb","itemListElement":[{"@type":"ListItem","position":1,"name":"Portada","item":"https:\/\/www.clarel.es\/blog\/"},{"@type":"ListItem","position":2,"name":"Tendencias en color de pelo para morenas"}]},{"@type":"WebSite","@id":"https:\/\/www.clarel.es\/blog\/#website","url":"https:\/\/www.clarel.es\/blog\/","name":"Clarel","description":"Tienda Online de perfumeria, cosmetica, maquillaje y hogar.","publisher":{"@id":"https:\/\/www.clarel.es\/blog\/#organization"},"potentialAction":[{"@type":"SearchAction","target":{"@type":"EntryPoint","urlTemplate":"https:\/\/www.clarel.es\/blog\/?s={search_term_string}"},"query-input":{"@type":"PropertyValueSpecification","valueRequired":true,"valueName":"search_term_string"}}],"inLanguage":"es"},{"@type":"Organization","@id":"https:\/\/www.clarel.es\/blog\/#organization","name":"Clarel","url":"https:\/\/www.clarel.es\/blog\/","logo":{"@type":"ImageObject","inLanguage":"es","@id":"https:\/\/www.clarel.es\/blog\/#\/schema\/logo\/image\/","url":"https:\/\/clarel-test.ezenit.link\/blog\/wp-content\/uploads\/2022\/08\/logo_clarel.png","contentUrl":"https:\/\/clarel-test.ezenit.link\/blog\/wp-content\/uploads\/2022\/08\/logo_clarel.png","width":432,"height":101,"caption":"Clarel"},"image":{"@id":"https:\/\/www.clarel.es\/blog\/#\/schema\/logo\/image\/"}}]}},"_links":{"self":[{"href":"https:\/\/www.clarel.es\/blog\/wp-json\/wp\/v2\/posts\/5366","targetHints":{"allow":["GET"]}}],"collection":[{"href":"https:\/\/www.clarel.es\/blog\/wp-json\/wp\/v2\/posts"}],"about":[{"href":"https:\/\/www.clarel.es\/blog\/wp-json\/wp\/v2\/types\/post"}],"author":[{"embeddable":true,"href":"https:\/\/www.clarel.es\/blog\/wp-json\/wp\/v2\/users\/5"}],"replies":[{"embeddable":true,"href":"https:\/\/www.clarel.es\/blog\/wp-json\/wp\/v2\/comments?post=5366"}],"version-history":[{"count":45,"href":"https:\/\/www.clarel.es\/blog\/wp-json\/wp\/v2\/posts\/5366\/revisions"}],"predecessor-version":[{"id":15175,"href":"https:\/\/www.clarel.es\/blog\/wp-json\/wp\/v2\/posts\/5366\/revisions\/15175"}],"wp:featuredmedia":[{"embeddable":true,"href":"https:\/\/www.clarel.es\/blog\/wp-json\/wp\/v2\/media\/5373"}],"wp:attachment":[{"href":"https:\/\/www.clarel.es\/blog\/wp-json\/wp\/v2\/media?parent=5366"}],"wp:term":[{"taxonomy":"category","embeddable":true,"href":"https:\/\/www.clarel.es\/blog\/wp-json\/wp\/v2\/categories?post=5366"},{"taxonomy":"post_tag","embeddable":true,"href":"https:\/\/www.clarel.es\/blog\/wp-json\/wp\/v2\/tags?post=5366"}],"curies":[{"name":"wp","href":"https:\/\/api.w.org\/{rel}","templated":true}]}}