{"id":4818,"date":"2023-05-11T09:04:56","date_gmt":"2023-05-11T09:04:56","guid":{"rendered":"https:\/\/www.clarel.es\/blog\/?p=4818"},"modified":"2025-09-03T11:08:20","modified_gmt":"2025-09-03T11:08:20","slug":"decolorar-cejas","status":"publish","type":"post","link":"https:\/\/www.clarel.es\/blog\/decolorar-cejas\/","title":{"rendered":"\u00bfDecolorar cejas? Consigue un look atrevido y audaz"},"content":{"rendered":"\t\t<div data-elementor-type=\"wp-post\" data-elementor-id=\"4818\" class=\"elementor elementor-4818\" data-elementor-post-type=\"post\">\n\t\t\t\t<div class=\"elementor-element elementor-element-2c2bc58c e-flex e-con-boxed e-con e-parent\" data-id=\"2c2bc58c\" data-element_type=\"container\">\n\t\t\t\t\t<div class=\"e-con-inner\">\n\t\t\t\t<div class=\"elementor-element elementor-element-64fab93 elementor-widget elementor-widget-text-editor\" data-id=\"64fab93\" data-element_type=\"widget\" data-widget_type=\"text-editor.default\">\n\t\t\t\t<div class=\"elementor-widget-container\">\n\t\t\t\t\t\t\t\t\t<div style=\"margin: 0px;padding: 0px;border: 0px;font-size: 14px;vertical-align: baseline;background: 50% center \/ cover no-repeat #ffffff;position: relative;font-family: Poppins, Helvetica, Arial, Lucida, sans-serif;text-align: left;color: #666666;font-style: normal;font-weight: 500;letter-spacing: normal;text-indent: 0px;text-transform: none\"><div style=\"margin: 0px;padding: 0px;border: 0px;font-size: 14px;vertical-align: baseline;background: transparent;position: relative\"><span style=\"background-color: transparent;font-family: 'Gelica Light', Helvetica, Arial, Lucida, sans-serif;font-size: 26px;color: #ef7a50;text-align: center\">Adi\u00f3s a lo convencional: aprende a decolorar cejas y crea un estilo \u00fanico<\/span><\/div><\/div>\t\t\t\t\t\t\t\t<\/div>\n\t\t\t\t<\/div>\n\t\t\t\t<div class=\"elementor-element elementor-element-8a45882 elementor-widget elementor-widget-text-editor\" data-id=\"8a45882\" data-element_type=\"widget\" data-widget_type=\"text-editor.default\">\n\t\t\t\t<div class=\"elementor-widget-container\">\n\t\t\t\t\t\t\t\t\t<div><div><div><div><p><span style=\"color: #666666;font-family: Poppins, Helvetica, Arial, Lucida, sans-serif;font-size: 14px;background: transparent;text-align: justify;margin: 0px;padding: 0px;border: 0px;vertical-align: baseline\">Han sido protagonistas de todas las alfombras rojas recientes, elemento clave en las semanas de la moda en Par\u00eds y Nueva York y tendencia viral de Tik Tok. La\u00a0<\/span><b style=\"color: #666666;font-family: Poppins, Helvetica, Arial, Lucida, sans-serif;font-size: 14px;background: transparent;text-align: justify;margin: 0px;padding: 0px;border: 0px;vertical-align: baseline\">decoloraci\u00f3n de cejas<\/b><span style=\"color: #666666;font-family: Poppins, Helvetica, Arial, Lucida, sans-serif;font-size: 14px;background: transparent;text-align: justify;margin: 0px;padding: 0px;border: 0px;vertical-align: baseline\">\u00a0ha ido gan\u00e1ndose su lugar como elemento transgresor y est\u00e9tico.\u00a0<\/span><\/p><p style=\"margin: 0px;padding: 0px 0px 1em;border: 0px;font-size: 14px;vertical-align: baseline;background-image: initial;background-position: initial;background-size: initial;background-repeat: initial;background-attachment: initial;color: #666666;font-family: Poppins, Helvetica, Arial, Lucida, sans-serif;text-align: justify\"><span style=\"margin: 0px;padding: 0px;border: 0px;vertical-align: baseline;background: transparent\">Entre las estrellas en unirse al club de las\u00a0<\/span><i style=\"margin: 0px;padding: 0px;border: 0px;vertical-align: baseline;background: transparent\">bleached eyebrows<\/i><span style=\"margin: 0px;padding: 0px;border: 0px;vertical-align: baseline;background: transparent\">\u00a0tenemos a Rosal\u00eda, que apost\u00f3 por cejas decoloradas y te\u00f1idas de rosa para la promoci\u00f3n de \u2018El Malquerer\u2019 al igual que Tini Stoessel para la presentaci\u00f3n de su album \u2018Cupido\u2019 y Ariana Grande, para presentar R.E.M Beauty, su firma de maquillaje sostenible.\u00a0<\/span><\/p><p style=\"margin: 0px;padding: 0px 0px 1em;border: 0px;font-size: 14px;vertical-align: baseline;background-image: initial;background-position: initial;background-size: initial;background-repeat: initial;background-attachment: initial;color: #666666;font-family: Poppins, Helvetica, Arial, Lucida, sans-serif;text-align: justify\">\u00a0<\/p><p style=\"margin: 0px;padding: 0px;border: 0px;font-size: 14px;vertical-align: baseline;background-image: initial;background-position: initial;background-size: initial;background-repeat: initial;background-attachment: initial;color: #666666;font-family: Poppins, Helvetica, Arial, Lucida, sans-serif;text-align: justify\"><span style=\"margin: 0px;padding: 0px;border: 0px;vertical-align: baseline;background: transparent\">\u00bfEs una tendencia que ha llegado para quedarse? \u00bfNos favorece a todas? Y, lo m\u00e1s importante, \u00bfc\u00f3mo podemos replicar esta tendencia para darle un giro a nuestro look este verano? Respondemos todas tus preguntas y te indicamos qu\u00e9 productos debes comprar en Clarel para hacerlo en casa. \u00a1Busca l\u00e1piz y papel!\u00a0<\/span><\/p><\/div><\/div><\/div><\/div>\t\t\t\t\t\t\t\t<\/div>\n\t\t\t\t<\/div>\n\t\t\t\t<div class=\"elementor-element elementor-element-c33b6e2 elementor-widget elementor-widget-image\" data-id=\"c33b6e2\" data-element_type=\"widget\" data-widget_type=\"image.default\">\n\t\t\t\t<div class=\"elementor-widget-container\">\n\t\t\t\t\t\t\t\t\t\t\t\t\t\t\t<img decoding=\"async\" src=\"https:\/\/blog-clarel.imgix.net\/2023\/04\/Tini-Stoessel-pink-eyebrows.png\" title=\"\" alt=\"\" loading=\"lazy\" \/>\t\t\t\t\t\t\t\t\t\t\t\t\t\t\t<\/div>\n\t\t\t\t<\/div>\n\t\t\t\t<div class=\"elementor-element elementor-element-257e141 elementor-widget elementor-widget-text-editor\" data-id=\"257e141\" data-element_type=\"widget\" data-widget_type=\"text-editor.default\">\n\t\t\t\t<div class=\"elementor-widget-container\">\n\t\t\t\t\t\t\t\t\t<div style=\"margin: 0px;padding: 0px;border: 0px;font-size: 14px;vertical-align: baseline;background: 50% center \/ cover no-repeat #ffffff;position: relative;font-family: Poppins, Helvetica, Arial, Lucida, sans-serif;text-align: left;color: #666666;font-style: normal;font-weight: 500;letter-spacing: normal;text-indent: 0px;text-transform: none\"><div style=\"margin: 0px;padding: 0px;border: 0px;font-size: 14px;vertical-align: baseline;background: transparent;position: relative\"><span style=\"color: #ef7a50;font-family: 'Gelica Light', Helvetica, Arial, Lucida, sans-serif;font-size: 26px;text-align: center\">\u00bfQu\u00e9 es la decoloraci\u00f3n de cejas y por qu\u00e9 se ha vuelto popular?<\/span><\/div><\/div>\t\t\t\t\t\t\t\t<\/div>\n\t\t\t\t<\/div>\n\t\t\t\t<div class=\"elementor-element elementor-element-1ad8b6a elementor-widget elementor-widget-text-editor\" data-id=\"1ad8b6a\" data-element_type=\"widget\" data-widget_type=\"text-editor.default\">\n\t\t\t\t<div class=\"elementor-widget-container\">\n\t\t\t\t\t\t\t\t\t<div><div><div><div><p><span style=\"color: #666666;font-family: Poppins, Helvetica, Arial, Lucida, sans-serif;font-size: 14px;text-align: justify;background-color: transparent\">La decoloraci\u00f3n es un proceso qu\u00edmico que barre el pigmento del tono de base del pelo usando decolorantes con per\u00f3xido de carbono. Es necesario seguir, durante su aplicaci\u00f3n, las normas de seguridad indicadas para evitar da\u00f1ar el pelo irreversiblemente o lastimar el cuero cabelludo.\u00a0\u00a0<\/span><\/p><p style=\"margin: 0px;padding: 0px 0px 1em;border: 0px;font-size: 14px;vertical-align: baseline;background-image: initial;background-position: initial;background-size: initial;background-repeat: initial;background-attachment: initial;color: #666666;font-family: Poppins, Helvetica, Arial, Lucida, sans-serif;text-align: justify\"><span style=\"margin: 0px;padding: 0px;border: 0px;vertical-align: baseline;background: transparent\">La decoloraci\u00f3n de cejas se ha vuelto popular en los \u00faltimos a\u00f1os. Su auge se ha visto avivado por modelos, celebridades e influencers de tez blanca, que, al hacerlo, obtienen una apariencia futurista y transgresora, algo significativo considerando el poco nivel de esfuerzo que conlleva.<\/span><\/p><\/div><\/div><\/div><\/div>\t\t\t\t\t\t\t\t<\/div>\n\t\t\t\t<\/div>\n\t\t\t\t<div class=\"elementor-element elementor-element-b7d773b elementor-widget elementor-widget-text-editor\" data-id=\"b7d773b\" data-element_type=\"widget\" data-widget_type=\"text-editor.default\">\n\t\t\t\t<div class=\"elementor-widget-container\">\n\t\t\t\t\t\t\t\t\t<div style=\"margin: 0px;padding: 0px;border: 0px;font-size: 14px;vertical-align: baseline;background: 50% center \/ cover no-repeat #ffffff;position: relative;font-family: Poppins, Helvetica, Arial, Lucida, sans-serif;text-align: left;color: #666666;font-style: normal;font-weight: 500;letter-spacing: normal;text-indent: 0px;text-transform: none\"><span style=\"color: #ef7a50;font-family: 'Gelica Light', Helvetica, Arial, Lucida, sans-serif;font-size: 22px\">\u00bfQu\u00e9 debes saber antes de decolorar tus cejas en casa?<\/span><\/div>\t\t\t\t\t\t\t\t<\/div>\n\t\t\t\t<\/div>\n\t\t\t\t<div class=\"elementor-element elementor-element-51cc65c elementor-widget elementor-widget-text-editor\" data-id=\"51cc65c\" data-element_type=\"widget\" data-widget_type=\"text-editor.default\">\n\t\t\t\t<div class=\"elementor-widget-container\">\n\t\t\t\t\t\t\t\t\t<div><div><div><div><p><span style=\"color: #666666;font-family: Poppins, Helvetica, Arial, Lucida, sans-serif;font-size: 14px;background-color: transparent\">Antes de decolorar las cejas en casa, es importante que tengas en cuenta algunos detalles para no salir lastimada:\u00a0\u00a0<\/span><\/p><div style=\"margin: 0px;padding: 0px;border: 0px;font-size: 14px;vertical-align: baseline;background-image: initial;background-position: 50% center;background-size: cover;background-repeat: no-repeat;background-attachment: initial;position: relative;font-family: Poppins, Helvetica, Arial, Lucida, sans-serif;color: #666666\"><div style=\"margin: 0px;padding: 0px;border: 0px;vertical-align: baseline;background: transparent;position: relative\"><p style=\"margin: 0px;padding: 0px;border: 0px;vertical-align: baseline;background: transparent\"><span style=\"margin: 0px;padding: 0px;border: 0px;vertical-align: baseline;background: transparent;font-weight: bold\">1.\u00a0<\/span><b style=\"margin: 0px;padding: 0px;border: 0px;vertical-align: baseline;background: transparent\">Seguridad:<\/b><span style=\"margin: 0px;padding: 0px;border: 0px;vertical-align: baseline;background: transparent\">\u00a0aseg\u00farate de seguir todas las instrucciones de seguridad del producto y lee detenidamente las instrucciones antes de empezar.<\/span><\/p><p style=\"margin: 0px;padding: 0px;border: 0px;vertical-align: baseline;background: transparent\"><span style=\"margin: 0px;padding: 0px;border: 0px;vertical-align: baseline;background: transparent\">\u00a0<\/span><\/p><\/div><\/div><div style=\"margin: 0px 0px 21.8634px;border: 0px;font-size: 14px;vertical-align: baseline;background-image: initial;background-position: 50% center;background-size: cover;background-repeat: no-repeat;background-attachment: initial;position: relative;font-family: Poppins, Helvetica, Arial, Lucida, sans-serif;color: #666666;padding: 23px !important 0px 0px 0px\"><div style=\"margin: 0px;padding: 0px;border: 0px;vertical-align: baseline;background: transparent;position: relative\"><p style=\"margin: 0px;padding: 0px;border: 0px;vertical-align: baseline;background: transparent\"><b style=\"margin: 0px;padding: 0px;border: 0px;vertical-align: baseline;background: transparent\">2. Utiliza un decolorante especialmente dise\u00f1ado para las cejas.<\/b><\/p><\/div><\/div><div style=\"margin: 0px 0px 21.8634px;border: 0px;font-size: 14px;vertical-align: baseline;background-image: initial;background-position: 50% center;background-size: cover;background-repeat: no-repeat;background-attachment: initial;position: relative;font-family: Poppins, Helvetica, Arial, Lucida, sans-serif;color: #666666;padding: 4px !important 0px 0px 0px\"><div style=\"margin: 0px;padding: 0px;border: 0px;vertical-align: baseline;background: transparent;position: relative\"><p style=\"margin: 0px;padding: 0px;border: 0px;vertical-align: baseline;background: transparent\"><b style=\"margin: 0px;padding: 0px;border: 0px;vertical-align: baseline;background: transparent\">3. Color de la piel y cabello:\u00a0<\/b><span style=\"margin: 0px;padding: 0px;border: 0px;vertical-align: baseline;background: transparent\">aseg\u00farate de que el color de decolorante que elijas sea adecuado para el color de tu piel y cabello. Un decolorante demasiado claro o demasiado oscuro puede verse poco natural y poco atractivo.<\/span><span style=\"margin: 0px;padding: 0px;border: 0px;vertical-align: baseline;background: transparent\"><br \/><\/span><\/p><\/div><\/div><div style=\"margin: 0px 0px 21.8634px;border: 0px;font-size: 14px;vertical-align: baseline;background-image: initial;background-position: 50% center;background-size: cover;background-repeat: no-repeat;background-attachment: initial;position: relative;font-family: Poppins, Helvetica, Arial, Lucida, sans-serif;min-height: 69.4px;color: #666666;padding: 0px 0px 0px !important 0px\"><div style=\"margin: 0px;padding: 0px;border: 0px;vertical-align: baseline;background: transparent;position: relative\"><p style=\"margin: 0px;padding: 0px;border: 0px;vertical-align: baseline;background: transparent\"><b style=\"margin: 0px;padding: 0px;border: 0px;vertical-align: baseline;background: transparent\">4. Tiempo de exposici\u00f3n:<\/b><span style=\"margin: 0px;padding: 0px;border: 0px;vertical-align: baseline;background: transparent\">\u00a0no dejes el decolorante en tus cejas durante m\u00e1s tiempo del recomendado porque puede lastimarte la piel y perjudicar las cejas.\u00a0<\/span><\/p><p style=\"margin: 0px;padding: 0px;border: 0px;vertical-align: baseline;background: transparent\"><b style=\"background: transparent;margin: 0px;padding: 0px;border: 0px;vertical-align: baseline\">\u00a0<\/b><\/p><p style=\"margin: 0px;padding: 0px;border: 0px;vertical-align: baseline;background: transparent\"><b style=\"background: transparent;margin: 0px;padding: 0px;border: 0px;vertical-align: baseline\">5. Cuidado posterior:<\/b><span style=\"background: transparent;margin: 0px;padding: 0px;border: 0px;vertical-align: baseline\">\u00a0utiliza un acondicionador o aceite de coco para hidratarlas y evitar que se sequen y se vuelvan quebradizas.<\/span><\/p><\/div><\/div><\/div><\/div><\/div><\/div>\t\t\t\t\t\t\t\t<\/div>\n\t\t\t\t<\/div>\n\t\t\t\t<div class=\"elementor-element elementor-element-1b92bd7 elementor-widget elementor-widget-text-editor\" data-id=\"1b92bd7\" data-element_type=\"widget\" data-widget_type=\"text-editor.default\">\n\t\t\t\t<div class=\"elementor-widget-container\">\n\t\t\t\t\t\t\t\t\t<div style=\"margin: 0px;padding: 0px;border: 0px;font-size: 14px;vertical-align: baseline;background: 50% center \/ cover no-repeat #ffffff;position: relative;font-family: Poppins, Helvetica, Arial, Lucida, sans-serif;text-align: left;color: #666666;font-style: normal;font-weight: 500;letter-spacing: normal;text-indent: 0px;text-transform: none\"><span style=\"color: #ef7a50;font-family: 'Gelica Light', Helvetica, Arial, Lucida, sans-serif;font-size: 22px\">\u00bfPara qui\u00e9n es esta tendencia y c\u00f3mo saber si te queda bien?<\/span><\/div>\t\t\t\t\t\t\t\t<\/div>\n\t\t\t\t<\/div>\n\t\t\t\t<div class=\"elementor-element elementor-element-a6a9984 elementor-widget elementor-widget-text-editor\" data-id=\"a6a9984\" data-element_type=\"widget\" data-widget_type=\"text-editor.default\">\n\t\t\t\t<div class=\"elementor-widget-container\">\n\t\t\t\t\t\t\t\t\t<div><div><div><div><p><span style=\"color: #666666;font-family: Poppins, Helvetica, Arial, Lucida, sans-serif;font-size: 14px;text-align: justify;background: transparent;margin: 0px;padding: 0px;border: 0px;vertical-align: baseline\">La\u00a0<\/span><b style=\"color: #666666;font-family: Poppins, Helvetica, Arial, Lucida, sans-serif;font-size: 14px;text-align: justify;background: transparent;margin: 0px;padding: 0px;border: 0px;vertical-align: baseline\">decoloraci\u00f3n de las cejas suele favorecer a las personas con cabello claro;\u00a0<\/b><span style=\"color: #666666;font-family: Poppins, Helvetica, Arial, Lucida, sans-serif;font-size: 14px;text-align: justify;background: transparent;margin: 0px;padding: 0px;border: 0px;vertical-align: baseline\">tambi\u00e9n puede ser una buena opci\u00f3n para personas con piel clara o bronceada porque crean un contraste suave y natural.\u00a0<\/span><\/p><p style=\"margin: 0px;padding: 0px 0px 1em;border: 0px;font-size: 14px;vertical-align: baseline;background-image: initial;background-position: initial;background-size: initial;background-repeat: initial;background-attachment: initial;color: #666666;font-family: Poppins, Helvetica, Arial, Lucida, sans-serif;text-align: justify\"><span style=\"margin: 0px;padding: 0px;border: 0px;vertical-align: baseline;background: transparent\">En las personas con cabello oscuro, la decoloraci\u00f3n puede crear un contraste demasiado fuerte y hacer que las cejas parezcan poco naturales. Por lo tanto, es importante tener en cuenta el color natural del cabello y la piel antes de decidir decolorar las cejas.<\/span><\/p><p style=\"margin: 0px;padding: 0px;border: 0px;font-size: 14px;vertical-align: baseline;background-image: initial;background-position: initial;background-size: initial;background-repeat: initial;background-attachment: initial;color: #666666;font-family: Poppins, Helvetica, Arial, Lucida, sans-serif;text-align: justify\"><span style=\"margin: 0px;padding: 0px;border: 0px;vertical-align: baseline;background: transparent\">La mejor manera de saber si te quedan bien es usar\u00a0<\/span><a style=\"margin: 0px;padding: 0px;border: 0px;vertical-align: baseline;background-image: initial;background-position: initial;background-size: initial;background-repeat: initial;background-attachment: initial;color: #edb059\" href=\"https:\/\/andro4all.com\/aplicaciones-gratis\/apps-probar-cortes-pelo\">aplicaciones de edici\u00f3n de fotos<\/a><span style=\"margin: 0px;padding: 0px;border: 0px;vertical-align: baseline;background: transparent\">\u00a0para ver c\u00f3mo te quedar\u00eda el cambio antes de hacerlo de manera definitiva.<\/span><\/p><\/div><\/div><\/div><\/div>\t\t\t\t\t\t\t\t<\/div>\n\t\t\t\t<\/div>\n\t\t\t\t<div class=\"elementor-element elementor-element-5952a78 elementor-widget elementor-widget-text-editor\" data-id=\"5952a78\" data-element_type=\"widget\" data-widget_type=\"text-editor.default\">\n\t\t\t\t<div class=\"elementor-widget-container\">\n\t\t\t\t\t\t\t\t\t<div style=\"margin: 0px;padding: 0px;border: 0px;font-size: 14px;vertical-align: baseline;background: 50% center \/ cover no-repeat #ffffff;position: relative;font-family: Poppins, Helvetica, Arial, Lucida, sans-serif;text-align: left;color: #666666;font-style: normal;font-weight: 500;letter-spacing: normal;text-indent: 0px;text-transform: none\"><span style=\"color: #ef7a50;font-family: 'Gelica Light', Helvetica, Arial, Lucida, sans-serif;font-size: 22px\">Mitos y verdades sobre esta t\u00e9cnica de belleza<\/span><\/div>\t\t\t\t\t\t\t\t<\/div>\n\t\t\t\t<\/div>\n\t\t\t\t<div class=\"elementor-element elementor-element-adf7a98 elementor-widget elementor-widget-text-editor\" data-id=\"adf7a98\" data-element_type=\"widget\" data-widget_type=\"text-editor.default\">\n\t\t\t\t<div class=\"elementor-widget-container\">\n\t\t\t\t\t\t\t\t\t<div><div><div><div><p><span style=\"color: #666666;font-family: Poppins, Helvetica, Arial, Lucida, sans-serif;font-size: 14px;text-align: justify\">Hay quienes dicen que es da\u00f1ina, aunque no es completamente cierto. Tampoco es cierto que sea permanente: dura de 4 a 6 semanas, despu\u00e9s las cejas recuperar\u00e1n su color natural. Lo que s\u00ed podemos afirmar es que decolorar las cejas crea un contraste suave y natural en tu rostro, especialmente si eres de piel blanca y cejas gruesas o abundantes.<\/span><\/p><\/div><\/div><\/div><\/div>\t\t\t\t\t\t\t\t<\/div>\n\t\t\t\t<\/div>\n\t\t\t\t<div class=\"elementor-element elementor-element-c34d0e8 elementor-widget elementor-widget-text-editor\" data-id=\"c34d0e8\" data-element_type=\"widget\" data-widget_type=\"text-editor.default\">\n\t\t\t\t<div class=\"elementor-widget-container\">\n\t\t\t\t\t\t\t\t\t<div style=\"margin: 0px;padding: 0px;border: 0px;font-size: 14px;vertical-align: baseline;background: 50% center \/ cover no-repeat #ffffff;position: relative;font-family: Poppins, Helvetica, Arial, Lucida, sans-serif;text-align: left;color: #666666;font-style: normal;font-weight: 500;letter-spacing: normal;text-indent: 0px;text-transform: none\"><span style=\"color: #ef7950;font-family: 'Gelica Light', Helvetica, Arial, Lucida, sans-serif;font-size: 18px\">\u00bfEs seguro decolorar tus cejas durante el embarazo o la lactancia?<\/span><\/div>\t\t\t\t\t\t\t\t<\/div>\n\t\t\t\t<\/div>\n\t\t\t\t<div class=\"elementor-element elementor-element-dfafae0 elementor-widget elementor-widget-text-editor\" data-id=\"dfafae0\" data-element_type=\"widget\" data-widget_type=\"text-editor.default\">\n\t\t\t\t<div class=\"elementor-widget-container\">\n\t\t\t\t\t\t\t\t\t<div><div><div><div><p><span style=\"color: #666666;font-family: Poppins, Helvetica, Arial, Lucida, sans-serif;font-size: 14px;text-align: justify\">No recomendamos decolorar las cejas durante el embarazo o el periodo de lactancia, ya que algunos de los productos utilizados pueden ser absorbidos por la piel y entrar en el torrente sangu\u00edneo, siendo potencialmente da\u00f1ino para el feto o el beb\u00e9 en desarrollo. Lo mejor en estos casos es consultar con un dermat\u00f3logo o un obstetra sobre los productos m\u00e1s seguros para usar.<\/span><\/p><\/div><\/div><\/div><\/div>\t\t\t\t\t\t\t\t<\/div>\n\t\t\t\t<\/div>\n\t\t\t\t<div class=\"elementor-element elementor-element-845df12 elementor-widget elementor-widget-text-editor\" data-id=\"845df12\" data-element_type=\"widget\" data-widget_type=\"text-editor.default\">\n\t\t\t\t<div class=\"elementor-widget-container\">\n\t\t\t\t\t\t\t\t\t<div style=\"margin: 0px;padding: 0px;border: 0px;font-size: 14px;vertical-align: baseline;background: 50% center \/ cover no-repeat #ffffff;position: relative;font-family: Poppins, Helvetica, Arial, Lucida, sans-serif;text-align: left;color: #666666;font-style: normal;font-weight: 500;letter-spacing: normal;text-indent: 0px;text-transform: none\"><div style=\"margin: 0px;padding: 0px;border: 0px;font-size: 14px;vertical-align: baseline;background: transparent;position: relative\"><span style=\"color: #ef7a50;font-family: 'Gelica Light', Helvetica, Arial, Lucida, sans-serif;font-size: 26px;text-align: center\">Deja que tus cejas brillen: los mejores productos para decolorar tus cejas en casa<\/span><\/div><\/div>\t\t\t\t\t\t\t\t<\/div>\n\t\t\t\t<\/div>\n\t\t\t\t<div class=\"elementor-element elementor-element-206c6f8 elementor-widget elementor-widget-text-editor\" data-id=\"206c6f8\" data-element_type=\"widget\" data-widget_type=\"text-editor.default\">\n\t\t\t\t<div class=\"elementor-widget-container\">\n\t\t\t\t\t\t\t\t\t<div><div><div><div><ul style=\"margin: 0px;padding: 0px 0px 23px 1em;font-size: 14px;background-color: #ffffff;line-height: 26px;color: #666666;font-family: Poppins, Helvetica, Arial, Lucida, sans-serif\"><li style=\"margin: 0px;padding: 0px;font-size: 14px\"><b style=\"margin: 0px;padding: 0px;border: 0px;vertical-align: baseline;background: transparent\">Crema decolorante para cejas:\u00a0<\/b><span style=\"margin: 0px;padding: 0px;border: 0px;vertical-align: baseline;background: transparent\">puedes encontrar cremas decolorantes espec\u00edficas para cejas, o puedes usar una crema decolorante para cabello si es que es segura para su uso en la piel. Nuestras recomendadas: la\u00a0<\/span><span style=\"margin: 0px;padding: 0px;border: 0px;vertical-align: baseline;background: transparent\">crema decolorante para vello facial y corporal Cyngetic<\/span><span style=\"margin: 0px;padding: 0px;border: 0px;vertical-align: baseline;background: transparent\">\u00a0y esta crema\u00a0<\/span><span style=\"margin: 0px;padding: 0px;border: 0px;vertical-align: baseline;background: transparent\">decolorante de Colorcream<\/span><span style=\"margin: 0px;padding: 0px;border: 0px;vertical-align: baseline;background: transparent\">\u00a0(para el cabello).<\/span><\/li><li style=\"margin: 0px;padding: 0px;font-size: 14px\"><b style=\"margin: 0px;padding: 0px;border: 0px;vertical-align: baseline;background: transparent\">Aplica el producto con un cepillo de\u00a0<\/b><span style=\"margin: 0px;padding: 0px;border: 0px;vertical-align: baseline;background: transparent\">cejas de forma precisa y uniforme.<\/span><\/li><li style=\"margin: 0px;padding: 0px;font-size: 14px\"><b style=\"margin: 0px;padding: 0px;border: 0px;vertical-align: baseline;background: transparent\">Puedes decolorar las cejas con agua oxigenada\u00a0<\/b><span style=\"margin: 0px;padding: 0px;border: 0px;vertical-align: baseline;background: transparent\">como<\/span>\u00a0<span style=\"margin: 0px;padding: 0px;border: 0px;vertical-align: baseline;background: transparent\">alternativa casera. Para hacerlo, debes mezclarla con agua tibia en una proporci\u00f3n 1:1, y aplicar la mezcla con un hisopo. D\u00e9jala actuar por unos 15 minutos y retira con agua tibia.<\/span><\/li><\/ul><\/div><\/div><\/div><\/div>\t\t\t\t\t\t\t\t<\/div>\n\t\t\t\t<\/div>\n\t\t<div class=\"elementor-element elementor-element-28d09fe e-con-full e-flex e-con e-child\" data-id=\"28d09fe\" data-element_type=\"container\">\n\t\t<div class=\"elementor-element elementor-element-3b6d18e e-con-full e-flex e-con e-child\" data-id=\"3b6d18e\" data-element_type=\"container\">\n\t\t\t\t<div class=\"elementor-element elementor-element-b62e67d elementor-cta--layout-image-right elementor-widget__width-initial elementor-cta--skin-classic elementor-animated-content elementor-widget elementor-widget-call-to-action\" data-id=\"b62e67d\" data-element_type=\"widget\" data-widget_type=\"call-to-action.default\">\n\t\t\t\t<div class=\"elementor-widget-container\">\n\t\t\t\t\t\t\t<a class=\"elementor-cta\" href=\"https:\/\/www.clarel.es\/es\/cara-cuidado-facial-hidratantes-y-nutritivas-p-151801\" target=\"_blank\">\n\t\t\t\t\t\t\t<div class=\"elementor-cta__content\">\n\t\t\t\t\t\t\t\t\t<div class=\"elementor-content-item elementor-cta__content-item elementor-cta__image\">\n\t\t\t\t\t\t<img decoding=\"async\" src=\"https:\/\/clarel.imgix.net\/media\/catalog\/product\/1\/5\/151801_1_1d92.jpg\" title=\"\" alt=\"\" loading=\"lazy\" \/>\t\t\t\t\t<\/div>\n\t\t\t\t\n\t\t\t\t\t\t\t\t\t<div class=\"elementor-cta__title elementor-cta__content-item elementor-content-item\">\n\t\t\t\t\t\tCYNGETIC\t\t\t\t\t<\/div>\n\t\t\t\t\n\t\t\t\t\t\t\t\t\t<div class=\"elementor-cta__description elementor-cta__content-item elementor-content-item\">\n\t\t\t\t\t\tDecolorante Vello Facial y Corporal<BR> <BR>\n<span style=\"font-size: 13pt\"><b>6,89\u20ac<\/span> <\/b>\t\t\t\t\t<\/div>\n\t\t\t\t\n\t\t\t\t\t\t\t\t\t<div class=\"elementor-cta__button-wrapper elementor-cta__content-item elementor-content-item \">\n\t\t\t\t\t<span class=\"elementor-cta__button elementor-button elementor-size-\">\n\t\t\t\t\t\tCOMPRAR\t\t\t\t\t<\/span>\n\t\t\t\t\t<\/div>\n\t\t\t\t\t\t\t<\/div>\n\t\t\t\t\t\t<\/a>\n\t\t\t\t\t\t<\/div>\n\t\t\t\t<\/div>\n\t\t\t\t<\/div>\n\t\t\t\t<\/div>\n\t\t<div class=\"elementor-element elementor-element-27a094c e-con-full e-flex e-con e-child\" data-id=\"27a094c\" data-element_type=\"container\">\n\t\t\t\t<div class=\"elementor-element elementor-element-edeae06 elementor-widget elementor-widget-text-editor\" data-id=\"edeae06\" data-element_type=\"widget\" data-widget_type=\"text-editor.default\">\n\t\t\t\t<div class=\"elementor-widget-container\">\n\t\t\t\t\t\t\t\t\t<div style=\"margin: 0px;padding: 0px;border: 0px;font-size: 14px;vertical-align: baseline;background: 50% center \/ cover no-repeat #ffffff;position: relative;font-family: Poppins, Helvetica, Arial, Lucida, sans-serif;text-align: left;color: #666666;font-style: normal;font-weight: 500;letter-spacing: normal;text-indent: 0px;text-transform: none\"><div style=\"margin: 0px;padding: 0px;border: 0px;font-size: 14px;vertical-align: baseline;background: transparent;position: relative\"><span style=\"color: #ef7a50;font-family: 'Gelica Light', Helvetica, Arial, Lucida, sans-serif;font-size: 26px;text-align: center\">Gu\u00eda paso a paso para decolorar tus cejas en casa de manera segura<\/span><\/div><\/div>\t\t\t\t\t\t\t\t<\/div>\n\t\t\t\t<\/div>\n\t\t\t\t<div class=\"elementor-element elementor-element-82188e3 elementor-widget elementor-widget-text-editor\" data-id=\"82188e3\" data-element_type=\"widget\" data-widget_type=\"text-editor.default\">\n\t\t\t\t<div class=\"elementor-widget-container\">\n\t\t\t\t\t\t\t\t\t<div><div><div><div><p><span style=\"background-color: transparent;color: #666666;font-family: Poppins, Helvetica, Arial, Lucida, sans-serif;font-size: 14px\">Ahora que ya tenemos todos los y productos que necesitamos, es momento de ponernos manos a la obra:\u00a0<\/span><\/p><div style=\"margin: 0px 0px 21.8634px;padding: 0px;border: 0px;font-size: 14px;vertical-align: baseline;background-image: initial;background-position: 50% center;background-size: cover;background-repeat: no-repeat;background-attachment: initial;position: relative;font-family: Poppins, Helvetica, Arial, Lucida, sans-serif;color: #666666\"><div style=\"margin: 0px;padding: 0px;border: 0px;vertical-align: baseline;background: transparent;position: relative\"><p style=\"margin: 0px;padding: 0px;border: 0px;vertical-align: baseline;background: transparent\"><b style=\"margin: 0px;padding: 0px;border: 0px;vertical-align: baseline;background: transparent\">1. Realiza una prueba de alergia en la piel antes de comenzar.\u00a0<\/b><span style=\"margin: 0px;padding: 0px;border: 0px;vertical-align: baseline;background: transparent\">Aplica una peque\u00f1a cantidad de producto detr\u00e1s de la oreja y espera 24 horas para asegurarte de que no eres al\u00e9rgico.<\/span><span style=\"margin: 0px;padding: 0px;border: 0px;vertical-align: baseline;background: transparent\"><br \/><\/span><\/p><\/div><\/div><div style=\"margin: 0px 0px 21.8634px;border: 0px;font-size: 14px;vertical-align: baseline;background-image: initial;background-position: 50% center;background-size: cover;background-repeat: no-repeat;background-attachment: initial;position: relative;font-family: Poppins, Helvetica, Arial, Lucida, sans-serif;color: #666666;padding: 0px !important 0px 0px !important 0px\"><div style=\"margin: 0px;padding: 0px;border: 0px;vertical-align: baseline;background: transparent;position: relative\"><p style=\"margin: 0px;padding: 0px 0px 1em;border: 0px;vertical-align: baseline;background: transparent\"><b style=\"margin: 0px;padding: 0px;border: 0px;vertical-align: baseline;background: transparent\">2. Limpia tus cejas y la piel circundante con agua tibia y jab\u00f3n suave.<\/b><\/p><\/div><\/div><div style=\"border: 0px;font-size: 14px;vertical-align: baseline;background-image: initial;background-position: 50% center;background-size: cover;background-repeat: no-repeat;background-attachment: initial;position: relative;font-family: Poppins, Helvetica, Arial, Lucida, sans-serif;color: #666666;padding: 0px 0px 1px !important 0px;margin: -28px !important 0px -6px 0px\"><div style=\"margin: 0px;padding: 0px;border: 0px;vertical-align: baseline;background: transparent;position: relative\"><p style=\"margin: 0px;padding: 0px 0px 1em;border: 0px;vertical-align: baseline;background: transparent\"><b style=\"margin: 0px;padding: 0px;border: 0px;vertical-align: baseline;background: transparent\">3.Mezcla el decolorante seg\u00fan las instrucciones del paquete<span style=\"margin: 0px;padding: 0px;border: 0px;vertical-align: baseline;background: transparent;font-weight: 400\">\u00a0en un recipiente peque\u00f1o (suele ser una medida de 1:1). Sigue cuidadosamente las instrucciones y las proporciones adecuadas para evitar cualquier irritaci\u00f3n en la piel.<\/span><\/b><\/p><p style=\"margin: 0px;padding: 0px;border: 0px;vertical-align: baseline;background: transparent\">\u00a0<\/p><\/div><\/div><div style=\"margin: 0px 0px 21.8634px;border: 0px;font-size: 14px;vertical-align: baseline;background-image: initial;background-position: 50% center;background-size: cover;background-repeat: no-repeat;background-attachment: initial;position: relative;font-family: Poppins, Helvetica, Arial, Lucida, sans-serif;color: #666666;padding: 0px !important 0px 0px !important 0px\"><div style=\"margin: 0px;padding: 0px;border: 0px;vertical-align: baseline;background: transparent;position: relative\"><p style=\"margin: 0px;padding: 0px;border: 0px;vertical-align: baseline;background: transparent\"><b style=\"margin: 0px;padding: 0px;border: 0px;vertical-align: baseline;background: transparent\">4. Aplica el producto con el cepillo del kit.\u00a0<\/b><span style=\"margin: 0px;padding: 0px;border: 0px;vertical-align: baseline;background: transparent\">Comienza por la parte interior y trabaja hacia el exterior, asegur\u00e1ndote de cubrirlas completamente con una capa uniforme de producto. Si lo consideras necesario, usa guantes para protegerte las manos.<\/span><\/p><\/div><\/div><div style=\"margin: 0px 0px 21.8634px;border: 0px;font-size: 14px;vertical-align: baseline;background-image: initial;background-position: 50% center;background-size: cover;background-repeat: no-repeat;background-attachment: initial;position: relative;font-family: Poppins, Helvetica, Arial, Lucida, sans-serif;color: #666666;padding: 0px !important 0px 0px !important 0px\"><div style=\"margin: 0px;padding: 0px;border: 0px;vertical-align: baseline;background: transparent;position: relative\"><p style=\"margin: 0px;padding: 0px;border: 0px;vertical-align: baseline;background: transparent\"><span style=\"margin: 0px;padding: 0px;border: 0px;vertical-align: baseline;background: transparent\">5.\u00a0<span style=\"margin: 0px;padding: 0px;border: 0px;vertical-align: baseline;background: transparent;font-weight: bold\">Deja el producto el tiempo indicado en las instrucciones del paquete.<\/span>\u00a0Si deseas que tus cejas sean a\u00fan m\u00e1s claras, puedes aplicar una segunda capa de decolorante siguiendo los mismos pasos.<\/span><\/p><\/div><\/div><div style=\"margin: 0px 0px 21.8634px;border: 0px;font-size: 14px;vertical-align: baseline;background-image: initial;background-position: 50% center;background-size: cover;background-repeat: no-repeat;background-attachment: initial;position: relative;font-family: Poppins, Helvetica, Arial, Lucida, sans-serif;color: #666666;padding: 0px !important 0px 0px !important 0px\"><div style=\"margin: 0px;padding: 0px;border: 0px;vertical-align: baseline;background: transparent;position: relative\"><p style=\"margin: 0px;padding: 0px;border: 0px;vertical-align: baseline;background: transparent\">6.\u00a0<span style=\"margin: 0px;padding: 0px;border: 0px;vertical-align: baseline;background: transparent\"><span style=\"margin: 0px;padding: 0px;border: 0px;vertical-align: baseline;background: transparent;font-weight: bold\">Retira el producto completamente<\/span>\u00a0con un\u00a0<\/span><span style=\"margin: 0px;padding: 0px;border: 0px;vertical-align: baseline;background: transparent\"><a style=\"margin: 0px;padding: 0px;border: 0px;vertical-align: baseline;background-image: initial;background-position: initial;background-size: initial;background-repeat: initial;background-attachment: initial;color: #edb059\" href=\"https:\/\/www.clarel.es\/es\/cara-limpieza-facial-toallitas-y-discos-desmaquilladores-p-49506\">algod\u00f3n h\u00famedo<\/a><\/span><span style=\"margin: 0px;padding: 0px;border: 0px;vertical-align: baseline;background: transparent\">\u00a0o una toallita suave. Enjuaga bien tus cejas con agua tibia.<\/span><\/p><\/div><\/div><div style=\"margin: 0px;border: 0px;font-size: 14px;vertical-align: baseline;background-image: initial;background-position: 50% center;background-size: cover;background-repeat: no-repeat;background-attachment: initial;position: relative;font-family: Poppins, Helvetica, Arial, Lucida, sans-serif;color: #666666;padding: 0px !important 0px 0px !important 0px\"><div style=\"margin: 0px;padding: 0px;border: 0px;vertical-align: baseline;background: transparent;position: relative\"><p style=\"margin: 0px;padding: 0px;border: 0px;vertical-align: baseline;background: transparent\"><span style=\"margin: 0px;padding: 0px;border: 0px;vertical-align: baseline;background: transparent\">7. Aplica una crema o\u00a0<\/span><span style=\"margin: 0px;padding: 0px;border: 0px;vertical-align: baseline;background: transparent\"><a style=\"margin: 0px;padding: 0px;border: 0px;vertical-align: baseline;background-image: initial;background-position: initial;background-size: initial;background-repeat: initial;background-attachment: initial;color: #edb059\" href=\"https:\/\/www.clarel.es\/es\/aceite-de-noche-multi-reparador-garnier-bio-noche-30-ml\">aceite hidratante\u00a0<\/a><\/span><span style=\"margin: 0px;padding: 0px;border: 0px;vertical-align: baseline;background: transparent\">en las cejas para mantenerlas hidratadas.<\/span><\/p><\/div><\/div><\/div><\/div><\/div><\/div>\t\t\t\t\t\t\t\t<\/div>\n\t\t\t\t<\/div>\n\t\t\t\t<div class=\"elementor-element elementor-element-100ed88 elementor-widget elementor-widget-text-editor\" data-id=\"100ed88\" data-element_type=\"widget\" data-widget_type=\"text-editor.default\">\n\t\t\t\t<div class=\"elementor-widget-container\">\n\t\t\t\t\t\t\t\t\t<div style=\"margin: 0px;padding: 0px;border: 0px;font-size: 14px;vertical-align: baseline;background: 50% center \/ cover no-repeat #ffffff;position: relative;font-family: Poppins, Helvetica, Arial, Lucida, sans-serif;text-align: left;color: #666666;font-style: normal;font-weight: 500;letter-spacing: normal;text-indent: 0px;text-transform: none\"><div style=\"margin: 0px;padding: 0px;border: 0px;font-size: 14px;vertical-align: baseline;background: transparent;position: relative\"><span style=\"color: #ef7a50;font-family: 'Gelica Light', Helvetica, Arial, Lucida, sans-serif;font-size: 26px;text-align: center\">\u00bfC\u00f3mo mantener tus cejas decoloradas y cuidarlas adecuadamente?<\/span><\/div><\/div>\t\t\t\t\t\t\t\t<\/div>\n\t\t\t\t<\/div>\n\t\t\t\t<div class=\"elementor-element elementor-element-f85848e elementor-widget elementor-widget-text-editor\" data-id=\"f85848e\" data-element_type=\"widget\" data-widget_type=\"text-editor.default\">\n\t\t\t\t<div class=\"elementor-widget-container\">\n\t\t\t\t\t\t\t\t\t<div><div><div><div><p><span style=\"color: #666666;font-family: Poppins, Helvetica, Arial, Lucida, sans-serif;font-size: 14px;text-align: justify\">Puede ser un proceso delicado y requiere de cuidados espec\u00edficos para evitar da\u00f1ar los vellos o la piel. Lo mejor es usar un acondicionador suave para cejas que mantenga los vellos suaves, evitar la exposici\u00f3n al sol y el uso de agua caliente, pues hacen que el decolorado de las cejas se desvanezca r\u00e1pidamente.\u00a0\u00a0<\/span><\/p><\/div><\/div><\/div><\/div>\t\t\t\t\t\t\t\t<\/div>\n\t\t\t\t<\/div>\n\t\t\t\t<div class=\"elementor-element elementor-element-712b00a elementor-widget elementor-widget-text-editor\" data-id=\"712b00a\" data-element_type=\"widget\" data-widget_type=\"text-editor.default\">\n\t\t\t\t<div class=\"elementor-widget-container\">\n\t\t\t\t\t\t\t\t\t<div style=\"margin: 0px;padding: 0px;border: 0px;font-size: 14px;vertical-align: baseline;background: 50% center \/ cover no-repeat #ffffff;position: relative;font-family: Poppins, Helvetica, Arial, Lucida, sans-serif;text-align: left;color: #666666;font-style: normal;font-weight: 500;letter-spacing: normal;text-indent: 0px;text-transform: none\"><div style=\"margin: 0px;padding: 0px;border: 0px;font-size: 14px;vertical-align: baseline;background: transparent;position: relative\"><span style=\"color: #ef7a50;font-family: 'Gelica Light', Helvetica, Arial, Lucida, sans-serif;font-size: 26px;text-align: center\">Cejas decoloradas: \u00bfqu\u00e9 colores son tendencia y c\u00f3mo lograrlos?<\/span><\/div><\/div>\t\t\t\t\t\t\t\t<\/div>\n\t\t\t\t<\/div>\n\t\t\t\t<div class=\"elementor-element elementor-element-2eebc16 elementor-widget elementor-widget-text-editor\" data-id=\"2eebc16\" data-element_type=\"widget\" data-widget_type=\"text-editor.default\">\n\t\t\t\t<div class=\"elementor-widget-container\">\n\t\t\t\t\t\t\t\t\t<div><div><div><div><p><span style=\"color: #666666;font-family: Poppins, Helvetica, Arial, Lucida, sans-serif;font-size: 14px;text-align: justify\">1.\u00a0<\/span><b style=\"background-image: initial;background-position: initial;background-size: initial;background-repeat: initial;background-attachment: initial;margin: 0px;padding: 0px;border: 0px;font-size: 14px;vertical-align: baseline;color: #666666;font-family: Poppins, Helvetica, Arial, Lucida, sans-serif;text-align: justify\">Rubio platino:<\/b><span style=\"color: #666666;font-family: Poppins, Helvetica, Arial, Lucida, sans-serif;font-size: 14px;text-align: justify\">\u00a0el color m\u00e1s popular para las cejas decoloradas, ideal para tonos de piel m\u00e1s claros. Para lograr este color, utiliza un decolorante en crema suave para cejas.<\/span><\/p><\/div><\/div><\/div><\/div>\t\t\t\t\t\t\t\t<\/div>\n\t\t\t\t<\/div>\n\t\t\t\t<div class=\"elementor-element elementor-element-e51d6fd elementor-widget elementor-widget-image\" data-id=\"e51d6fd\" data-element_type=\"widget\" data-widget_type=\"image.default\">\n\t\t\t\t<div class=\"elementor-widget-container\">\n\t\t\t\t\t\t\t\t\t\t\t\t\t\t\t<img decoding=\"async\" src=\"https:\/\/blog-clarel.imgix.net\/2023\/05\/cejas-decoloradas-platino-oriana-sabatini.png\" title=\"\" alt=\"\" loading=\"lazy\" \/>\t\t\t\t\t\t\t\t\t\t\t\t\t\t\t<\/div>\n\t\t\t\t<\/div>\n\t\t\t\t<div class=\"elementor-element elementor-element-2b01062 elementor-widget elementor-widget-text-editor\" data-id=\"2b01062\" data-element_type=\"widget\" data-widget_type=\"text-editor.default\">\n\t\t\t\t<div class=\"elementor-widget-container\">\n\t\t\t\t\t\t\t\t\t<div><div><div><div><p><span style=\"color: #666666;font-family: Poppins, Helvetica, Arial, Lucida, sans-serif;font-size: 14px;text-align: justify\">2.<\/span><b style=\"background-image: initial;background-position: initial;background-size: initial;background-repeat: initial;background-attachment: initial;margin: 0px;padding: 0px;border: 0px;font-size: 14px;vertical-align: baseline;color: #666666;font-family: Poppins, Helvetica, Arial, Lucida, sans-serif;text-align: justify\">\u00a0Beige:<\/b><span style=\"background-image: initial;background-position: initial;background-size: initial;background-repeat: initial;background-attachment: initial;margin: 0px;padding: 0px;border: 0px;font-size: 14px;vertical-align: baseline;color: #666666;font-family: Poppins, Helvetica, Arial, Lucida, sans-serif;text-align: justify\">\u00a0para lograr este color, utiliza una mezcla de decolorante para cejas y tinte en tonos beige. Si tus cejas son muy oscuras, es posible que necesites varias capas para obtener el tono deseado.<\/span><\/p><\/div><\/div><\/div><\/div>\t\t\t\t\t\t\t\t<\/div>\n\t\t\t\t<\/div>\n\t\t\t\t<div class=\"elementor-element elementor-element-4e22c20 elementor-widget elementor-widget-image\" data-id=\"4e22c20\" data-element_type=\"widget\" data-widget_type=\"image.default\">\n\t\t\t\t<div class=\"elementor-widget-container\">\n\t\t\t\t\t\t\t\t\t\t\t\t\t\t\t<img decoding=\"async\" src=\"https:\/\/blog-clarel.imgix.net\/2023\/05\/beige-cejas-decoloradas.png\" title=\"\" alt=\"\" loading=\"lazy\" \/>\t\t\t\t\t\t\t\t\t\t\t\t\t\t\t<\/div>\n\t\t\t\t<\/div>\n\t\t\t\t<div class=\"elementor-element elementor-element-70322b6 elementor-widget elementor-widget-text-editor\" data-id=\"70322b6\" data-element_type=\"widget\" data-widget_type=\"text-editor.default\">\n\t\t\t\t<div class=\"elementor-widget-container\">\n\t\t\t\t\t\t\t\t\t<div><div><div><div><p><span style=\"color: #666666;font-family: Poppins, Helvetica, Arial, Lucida, sans-serif;font-size: 14px\">3.<\/span><b style=\"background-image: initial;background-position: initial;background-size: initial;background-repeat: initial;background-attachment: initial;margin: 0px;padding: 0px;border: 0px;font-size: 14px;vertical-align: baseline;color: #666666;font-family: Poppins, Helvetica, Arial, Lucida, sans-serif\">\u00a0Rosa p\u00e1lido:<\/b><span style=\"background-image: initial;background-position: initial;background-size: initial;background-repeat: initial;background-attachment: initial;margin: 0px;padding: 0px;border: 0px;font-size: 14px;vertical-align: baseline;color: #666666;font-family: Poppins, Helvetica, Arial, Lucida, sans-serif\">\u00a0el rosa p\u00e1lido es un color atrevido y llamativo para las cejas decoloradas, y puede ser una buena opci\u00f3n si quieres hacer una declaraci\u00f3n de moda.\u00a0<\/span><\/p><\/div><\/div><\/div><\/div>\t\t\t\t\t\t\t\t<\/div>\n\t\t\t\t<\/div>\n\t\t\t\t<div class=\"elementor-element elementor-element-9cda03f elementor-widget elementor-widget-image\" data-id=\"9cda03f\" data-element_type=\"widget\" data-widget_type=\"image.default\">\n\t\t\t\t<div class=\"elementor-widget-container\">\n\t\t\t\t\t\t\t\t\t\t\t\t\t\t\t<img decoding=\"async\" src=\"https:\/\/blog-clarel.imgix.net\/2023\/05\/cejas-decoloradas-rosas.png\" title=\"\" alt=\"\" loading=\"lazy\" \/>\t\t\t\t\t\t\t\t\t\t\t\t\t\t\t<\/div>\n\t\t\t\t<\/div>\n\t\t\t\t<div class=\"elementor-element elementor-element-6ed097f elementor-widget elementor-widget-text-editor\" data-id=\"6ed097f\" data-element_type=\"widget\" data-widget_type=\"text-editor.default\">\n\t\t\t\t<div class=\"elementor-widget-container\">\n\t\t\t\t\t\t\t\t\t<div><div><div><div><p><span style=\"color: #666666;font-family: Poppins, Helvetica, Arial, Lucida, sans-serif;font-size: 14px;text-align: justify\">Ahora que sabes lo que hay que hacer, \u00bfte animas a hacer este cambio en tu look?\u00a0<\/span><\/p><\/div><\/div><\/div><\/div>\t\t\t\t\t\t\t\t<\/div>\n\t\t\t\t<\/div>\n\t\t\t\t<\/div>\n\t\t\t\t\t<\/div>\n\t\t\t\t<\/div>\n\t\t\t\t<\/div>\n\t\t","protected":false},"excerpt":{"rendered":"<p>Gu\u00eda definitiva para decolorar cejas. Si quieres probar algo diferente, sigue nuestros consejos para hacerlo de manera segura y lograr un resultado espectacular.    <\/p>\n","protected":false},"author":5,"featured_media":4819,"comment_status":"closed","ping_status":"open","sticky":false,"template":"","format":"standard","meta":{"footnotes":""},"categories":[31],"tags":[],"class_list":["post-4818","post","type-post","status-publish","format-standard","has-post-thumbnail","hentry","category-tendencias-de-belleza"],"yoast_head":"<!-- This site is optimized with the Yoast SEO plugin v25.4 - https:\/\/yoast.com\/wordpress\/plugins\/seo\/ -->\n<title>\u00bfDecolorar cejas? Consigue un look atrevido y audaz | Clarel<\/title>\n<meta name=\"description\" content=\"Gu\u00eda definitiva para decolorar cejas. Si quieres probar algo diferente, sigue nuestros consejos para hacerlo de manera segura y lograr un resultado espectacular.\" \/>\n<meta name=\"robots\" content=\"index, follow, max-snippet:-1, max-image-preview:large, max-video-preview:-1\" \/>\n<link rel=\"canonical\" href=\"https:\/\/www.clarel.es\/blog\/decolorar-cejas\/\" \/>\n<meta property=\"og:locale\" content=\"es_ES\" \/>\n<meta property=\"og:type\" content=\"article\" \/>\n<meta property=\"og:title\" content=\"\u00bfDecolorar cejas? Consigue un look atrevido y audaz | Clarel\" \/>\n<meta property=\"og:description\" content=\"Gu\u00eda definitiva para decolorar cejas. Si quieres probar algo diferente, sigue nuestros consejos para hacerlo de manera segura y lograr un resultado espectacular.\" \/>\n<meta property=\"og:url\" content=\"https:\/\/www.clarel.es\/blog\/decolorar-cejas\/\" \/>\n<meta property=\"og:site_name\" content=\"Clarel\" \/>\n<meta property=\"article:published_time\" content=\"2023-05-11T09:04:56+00:00\" \/>\n<meta property=\"article:modified_time\" content=\"2025-09-03T11:08:20+00:00\" \/>\n<meta property=\"og:image\" content=\"https:\/\/blog-clarel.imgix.net\/uploads\/2023\/04\/bleached-eyebrows.png?auto=format%2Ccompress&ixlib=php-3.3.0\" \/>\n\t<meta property=\"og:image:width\" content=\"800\" \/>\n\t<meta property=\"og:image:height\" content=\"500\" \/>\n\t<meta property=\"og:image:type\" content=\"image\/png\" \/>\n<meta name=\"twitter:card\" content=\"summary_large_image\" \/>\n<script type=\"application\/ld+json\" class=\"yoast-schema-graph\">{\"@context\":\"https:\/\/schema.org\",\"@graph\":[{\"@type\":\"Article\",\"@id\":\"https:\/\/www.clarel.es\/blog\/decolorar-cejas\/#article\",\"isPartOf\":{\"@id\":\"https:\/\/www.clarel.es\/blog\/decolorar-cejas\/\"},\"author\":{\"name\":\"Clarel\",\"@id\":\"https:\/\/www.clarel.es\/blog\"},\"headline\":\"\u00bfDecolorar cejas? Consigue un look atrevido y audaz\",\"datePublished\":\"2023-05-11T09:04:56+00:00\",\"dateModified\":\"2025-09-03T11:08:20+00:00\",\"mainEntityOfPage\":{\"@id\":\"https:\/\/www.clarel.es\/blog\/decolorar-cejas\/\"},\"wordCount\":1242,\"publisher\":{\"@id\":\"https:\/\/www.clarel.es\/blog\/#organization\"},\"image\":{\"@id\":\"https:\/\/www.clarel.es\/blog\/decolorar-cejas\/#primaryimage\"},\"thumbnailUrl\":\"https:\/\/blog-clarel.imgix.net\/uploads\/2023\/04\/bleached-eyebrows.png?auto=format%2Ccompress&ixlib=php-3.3.0\",\"articleSection\":[\"Tendencias de belleza\"],\"inLanguage\":\"es\"},{\"@type\":\"WebPage\",\"@id\":\"https:\/\/www.clarel.es\/blog\/decolorar-cejas\/\",\"url\":\"https:\/\/www.clarel.es\/blog\/decolorar-cejas\/\",\"name\":\"\u00bfDecolorar cejas? Consigue un look atrevido y audaz | Clarel\",\"isPartOf\":{\"@id\":\"https:\/\/www.clarel.es\/blog\/#website\"},\"primaryImageOfPage\":{\"@id\":\"https:\/\/www.clarel.es\/blog\/decolorar-cejas\/#primaryimage\"},\"image\":{\"@id\":\"https:\/\/www.clarel.es\/blog\/decolorar-cejas\/#primaryimage\"},\"thumbnailUrl\":\"https:\/\/blog-clarel.imgix.net\/uploads\/2023\/04\/bleached-eyebrows.png?auto=format%2Ccompress&ixlib=php-3.3.0\",\"datePublished\":\"2023-05-11T09:04:56+00:00\",\"dateModified\":\"2025-09-03T11:08:20+00:00\",\"description\":\"Gu\u00eda definitiva para decolorar cejas. Si quieres probar algo diferente, sigue nuestros consejos para hacerlo de manera segura y lograr un resultado espectacular.\",\"breadcrumb\":{\"@id\":\"https:\/\/www.clarel.es\/blog\/decolorar-cejas\/#breadcrumb\"},\"inLanguage\":\"es\",\"potentialAction\":[{\"@type\":\"ReadAction\",\"target\":[\"https:\/\/www.clarel.es\/blog\/decolorar-cejas\/\"]}]},{\"@type\":\"ImageObject\",\"inLanguage\":\"es\",\"@id\":\"https:\/\/www.clarel.es\/blog\/decolorar-cejas\/#primaryimage\",\"url\":\"https:\/\/blog-clarel.imgix.net\/uploads\/2023\/04\/bleached-eyebrows.png?auto=format%2Ccompress&ixlib=php-3.3.0\",\"contentUrl\":\"https:\/\/blog-clarel.imgix.net\/uploads\/2023\/04\/bleached-eyebrows.png?auto=format%2Ccompress&ixlib=php-3.3.0\",\"width\":800,\"height\":500},{\"@type\":\"BreadcrumbList\",\"@id\":\"https:\/\/www.clarel.es\/blog\/decolorar-cejas\/#breadcrumb\",\"itemListElement\":[{\"@type\":\"ListItem\",\"position\":1,\"name\":\"Portada\",\"item\":\"https:\/\/www.clarel.es\/blog\/\"},{\"@type\":\"ListItem\",\"position\":2,\"name\":\"\u00bfDecolorar cejas? Consigue un look atrevido y audaz\"}]},{\"@type\":\"WebSite\",\"@id\":\"https:\/\/www.clarel.es\/blog\/#website\",\"url\":\"https:\/\/www.clarel.es\/blog\/\",\"name\":\"Clarel\",\"description\":\"Tienda Online de perfumeria, cosmetica, maquillaje y hogar.\",\"publisher\":{\"@id\":\"https:\/\/www.clarel.es\/blog\/#organization\"},\"potentialAction\":[{\"@type\":\"SearchAction\",\"target\":{\"@type\":\"EntryPoint\",\"urlTemplate\":\"https:\/\/www.clarel.es\/blog\/?s={search_term_string}\"},\"query-input\":{\"@type\":\"PropertyValueSpecification\",\"valueRequired\":true,\"valueName\":\"search_term_string\"}}],\"inLanguage\":\"es\"},{\"@type\":\"Organization\",\"@id\":\"https:\/\/www.clarel.es\/blog\/#organization\",\"name\":\"Clarel\",\"url\":\"https:\/\/www.clarel.es\/blog\/\",\"logo\":{\"@type\":\"ImageObject\",\"inLanguage\":\"es\",\"@id\":\"https:\/\/www.clarel.es\/blog\/#\/schema\/logo\/image\/\",\"url\":\"https:\/\/clarel-test.ezenit.link\/blog\/wp-content\/uploads\/2022\/08\/logo_clarel.png\",\"contentUrl\":\"https:\/\/clarel-test.ezenit.link\/blog\/wp-content\/uploads\/2022\/08\/logo_clarel.png\",\"width\":432,\"height\":101,\"caption\":\"Clarel\"},\"image\":{\"@id\":\"https:\/\/www.clarel.es\/blog\/#\/schema\/logo\/image\/\"}}]}<\/script>\n<!-- \/ Yoast SEO plugin. -->","yoast_head_json":{"title":"\u00bfDecolorar cejas? Consigue un look atrevido y audaz | Clarel","description":"Gu\u00eda definitiva para decolorar cejas. Si quieres probar algo diferente, sigue nuestros consejos para hacerlo de manera segura y lograr un resultado espectacular.","robots":{"index":"index","follow":"follow","max-snippet":"max-snippet:-1","max-image-preview":"max-image-preview:large","max-video-preview":"max-video-preview:-1"},"canonical":"https:\/\/www.clarel.es\/blog\/decolorar-cejas\/","og_locale":"es_ES","og_type":"article","og_title":"\u00bfDecolorar cejas? Consigue un look atrevido y audaz | Clarel","og_description":"Gu\u00eda definitiva para decolorar cejas. Si quieres probar algo diferente, sigue nuestros consejos para hacerlo de manera segura y lograr un resultado espectacular.","og_url":"https:\/\/www.clarel.es\/blog\/decolorar-cejas\/","og_site_name":"Clarel","article_published_time":"2023-05-11T09:04:56+00:00","article_modified_time":"2025-09-03T11:08:20+00:00","og_image":[{"width":800,"height":500,"url":"https:\/\/blog-clarel.imgix.net\/uploads\/2023\/04\/bleached-eyebrows.png?auto=format%2Ccompress&ixlib=php-3.3.0","type":"image\/png"}],"twitter_card":"summary_large_image","schema":{"@context":"https:\/\/schema.org","@graph":[{"@type":"Article","@id":"https:\/\/www.clarel.es\/blog\/decolorar-cejas\/#article","isPartOf":{"@id":"https:\/\/www.clarel.es\/blog\/decolorar-cejas\/"},"author":{"name":"Clarel","@id":"https:\/\/www.clarel.es\/blog"},"headline":"\u00bfDecolorar cejas? Consigue un look atrevido y audaz","datePublished":"2023-05-11T09:04:56+00:00","dateModified":"2025-09-03T11:08:20+00:00","mainEntityOfPage":{"@id":"https:\/\/www.clarel.es\/blog\/decolorar-cejas\/"},"wordCount":1242,"publisher":{"@id":"https:\/\/www.clarel.es\/blog\/#organization"},"image":{"@id":"https:\/\/www.clarel.es\/blog\/decolorar-cejas\/#primaryimage"},"thumbnailUrl":"https:\/\/blog-clarel.imgix.net\/uploads\/2023\/04\/bleached-eyebrows.png?auto=format%2Ccompress&ixlib=php-3.3.0","articleSection":["Tendencias de belleza"],"inLanguage":"es"},{"@type":"WebPage","@id":"https:\/\/www.clarel.es\/blog\/decolorar-cejas\/","url":"https:\/\/www.clarel.es\/blog\/decolorar-cejas\/","name":"\u00bfDecolorar cejas? Consigue un look atrevido y audaz | Clarel","isPartOf":{"@id":"https:\/\/www.clarel.es\/blog\/#website"},"primaryImageOfPage":{"@id":"https:\/\/www.clarel.es\/blog\/decolorar-cejas\/#primaryimage"},"image":{"@id":"https:\/\/www.clarel.es\/blog\/decolorar-cejas\/#primaryimage"},"thumbnailUrl":"https:\/\/blog-clarel.imgix.net\/uploads\/2023\/04\/bleached-eyebrows.png?auto=format%2Ccompress&ixlib=php-3.3.0","datePublished":"2023-05-11T09:04:56+00:00","dateModified":"2025-09-03T11:08:20+00:00","description":"Gu\u00eda definitiva para decolorar cejas. Si quieres probar algo diferente, sigue nuestros consejos para hacerlo de manera segura y lograr un resultado espectacular.","breadcrumb":{"@id":"https:\/\/www.clarel.es\/blog\/decolorar-cejas\/#breadcrumb"},"inLanguage":"es","potentialAction":[{"@type":"ReadAction","target":["https:\/\/www.clarel.es\/blog\/decolorar-cejas\/"]}]},{"@type":"ImageObject","inLanguage":"es","@id":"https:\/\/www.clarel.es\/blog\/decolorar-cejas\/#primaryimage","url":"https:\/\/blog-clarel.imgix.net\/uploads\/2023\/04\/bleached-eyebrows.png?auto=format%2Ccompress&ixlib=php-3.3.0","contentUrl":"https:\/\/blog-clarel.imgix.net\/uploads\/2023\/04\/bleached-eyebrows.png?auto=format%2Ccompress&ixlib=php-3.3.0","width":800,"height":500},{"@type":"BreadcrumbList","@id":"https:\/\/www.clarel.es\/blog\/decolorar-cejas\/#breadcrumb","itemListElement":[{"@type":"ListItem","position":1,"name":"Portada","item":"https:\/\/www.clarel.es\/blog\/"},{"@type":"ListItem","position":2,"name":"\u00bfDecolorar cejas? Consigue un look atrevido y audaz"}]},{"@type":"WebSite","@id":"https:\/\/www.clarel.es\/blog\/#website","url":"https:\/\/www.clarel.es\/blog\/","name":"Clarel","description":"Tienda Online de perfumeria, cosmetica, maquillaje y hogar.","publisher":{"@id":"https:\/\/www.clarel.es\/blog\/#organization"},"potentialAction":[{"@type":"SearchAction","target":{"@type":"EntryPoint","urlTemplate":"https:\/\/www.clarel.es\/blog\/?s={search_term_string}"},"query-input":{"@type":"PropertyValueSpecification","valueRequired":true,"valueName":"search_term_string"}}],"inLanguage":"es"},{"@type":"Organization","@id":"https:\/\/www.clarel.es\/blog\/#organization","name":"Clarel","url":"https:\/\/www.clarel.es\/blog\/","logo":{"@type":"ImageObject","inLanguage":"es","@id":"https:\/\/www.clarel.es\/blog\/#\/schema\/logo\/image\/","url":"https:\/\/clarel-test.ezenit.link\/blog\/wp-content\/uploads\/2022\/08\/logo_clarel.png","contentUrl":"https:\/\/clarel-test.ezenit.link\/blog\/wp-content\/uploads\/2022\/08\/logo_clarel.png","width":432,"height":101,"caption":"Clarel"},"image":{"@id":"https:\/\/www.clarel.es\/blog\/#\/schema\/logo\/image\/"}}]}},"_links":{"self":[{"href":"https:\/\/www.clarel.es\/blog\/wp-json\/wp\/v2\/posts\/4818","targetHints":{"allow":["GET"]}}],"collection":[{"href":"https:\/\/www.clarel.es\/blog\/wp-json\/wp\/v2\/posts"}],"about":[{"href":"https:\/\/www.clarel.es\/blog\/wp-json\/wp\/v2\/types\/post"}],"author":[{"embeddable":true,"href":"https:\/\/www.clarel.es\/blog\/wp-json\/wp\/v2\/users\/5"}],"replies":[{"embeddable":true,"href":"https:\/\/www.clarel.es\/blog\/wp-json\/wp\/v2\/comments?post=4818"}],"version-history":[{"count":35,"href":"https:\/\/www.clarel.es\/blog\/wp-json\/wp\/v2\/posts\/4818\/revisions"}],"predecessor-version":[{"id":15172,"href":"https:\/\/www.clarel.es\/blog\/wp-json\/wp\/v2\/posts\/4818\/revisions\/15172"}],"wp:featuredmedia":[{"embeddable":true,"href":"https:\/\/www.clarel.es\/blog\/wp-json\/wp\/v2\/media\/4819"}],"wp:attachment":[{"href":"https:\/\/www.clarel.es\/blog\/wp-json\/wp\/v2\/media?parent=4818"}],"wp:term":[{"taxonomy":"category","embeddable":true,"href":"https:\/\/www.clarel.es\/blog\/wp-json\/wp\/v2\/categories?post=4818"},{"taxonomy":"post_tag","embeddable":true,"href":"https:\/\/www.clarel.es\/blog\/wp-json\/wp\/v2\/tags?post=4818"}],"curies":[{"name":"wp","href":"https:\/\/api.w.org\/{rel}","templated":true}]}}