{"id":4142,"date":"2023-01-26T16:44:51","date_gmt":"2023-01-26T16:44:51","guid":{"rendered":"https:\/\/www.clarel.es\/blog\/?p=4142"},"modified":"2025-09-03T11:13:34","modified_gmt":"2025-09-03T11:13:34","slug":"revoluciona-tu-rutina-skincare-con-estos-consejos","status":"publish","type":"post","link":"https:\/\/www.clarel.es\/blog\/revoluciona-tu-rutina-skincare-con-estos-consejos\/","title":{"rendered":"Transforma tu piel en una sensaci\u00f3n de envidia con estos consejos para la rutina skincare"},"content":{"rendered":"\t\t<div data-elementor-type=\"wp-post\" data-elementor-id=\"4142\" class=\"elementor elementor-4142\" data-elementor-post-type=\"post\">\n\t\t\t\t<div class=\"elementor-element elementor-element-16696a2 e-flex e-con-boxed e-con e-parent\" data-id=\"16696a2\" data-element_type=\"container\">\n\t\t\t\t\t<div class=\"e-con-inner\">\n\t\t\t\t<div class=\"elementor-element elementor-element-c8662f9 elementor-widget elementor-widget-text-editor\" data-id=\"c8662f9\" data-element_type=\"widget\" data-widget_type=\"text-editor.default\">\n\t\t\t\t<div class=\"elementor-widget-container\">\n\t\t\t\t\t\t\t\t\t<div><div><div><div><p><span style=\"color: #666666;font-family: Poppins, Helvetica, Arial, Lucida, sans-serif;font-size: 14px;text-align: justify;background: transparent;margin: 0px;padding: 0px;border: 0px;vertical-align: baseline\">Con tan solo pasar unos minutos al d\u00eda en Internet, habr\u00e1s podido ver miles de posts e informaci\u00f3n en torno la importancia de una buena<\/span><b style=\"color: #666666;font-family: Poppins, Helvetica, Arial, Lucida, sans-serif;font-size: 14px;text-align: justify;background: transparent;margin: 0px;padding: 0px;border: 0px;vertical-align: baseline\">\u00a0rutina skincare<\/b><span style=\"color: #666666;font-family: Poppins, Helvetica, Arial, Lucida, sans-serif;font-size: 14px;text-align: justify;background: transparent;margin: 0px;padding: 0px;border: 0px;vertical-align: baseline\">\u00a0para mantener una piel sana, joven y cuidada.<\/span><\/p><p style=\"margin: 0px;padding: 0px 0px 1em;border: 0px;font-size: 14px;vertical-align: baseline;background-image: initial;background-position: initial;background-size: initial;background-repeat: initial;background-attachment: initial;color: #666666;font-family: Poppins, Helvetica, Arial, Lucida, sans-serif;text-align: justify\"><span style=\"margin: 0px;padding: 0px;border: 0px;vertical-align: baseline;background: transparent\">Y es que<\/span><b style=\"margin: 0px;padding: 0px;border: 0px;vertical-align: baseline;background: transparent\">\u00a0la limpieza y el cuidado de la piel ha dejado de ser una cosa solo destinada a los expertos<\/b><span style=\"margin: 0px;padding: 0px;border: 0px;vertical-align: baseline;background: transparent\">, precisamente por el auge de redes sociales como Youtube y TikTok, que han democratizado el acceso a la informaci\u00f3n en el campo de la cosm\u00e9tica y la belleza.<\/span><\/p><p style=\"margin: 0px;padding: 0px 0px 1em;border: 0px;font-size: 14px;vertical-align: baseline;background-image: initial;background-position: initial;background-size: initial;background-repeat: initial;background-attachment: initial;color: #666666;font-family: Poppins, Helvetica, Arial, Lucida, sans-serif;text-align: justify\"><span style=\"margin: 0px;padding: 0px;border: 0px;vertical-align: baseline;background: transparent\">Estudios como los desarrollados por expertas y dermat\u00f3logas como Cyril Messaraa, Nicola Robertson, Melissa Walsh, Sarah Hurley y Leah Doyle han demostrado las evidencias cl\u00ednicas de los<\/span><a style=\"margin: 0px;padding: 0px;border: 0px;vertical-align: baseline;background-image: initial;background-position: initial;background-size: initial;background-repeat: initial;background-attachment: initial;color: #edb059\" href=\"https:\/\/pubmed.ncbi.nlm.nih.gov\/31840424\/\">\u00a0beneficios de una rutina skincare\u00a0<\/a><span style=\"margin: 0px;padding: 0px;border: 0px;vertical-align: baseline;background: transparent\">en profundidad frente a quienes utilizan uno o ning\u00fan producto.<\/span><\/p><p style=\"margin: 0px;padding: 0px;border: 0px;font-size: 14px;vertical-align: baseline;background-image: initial;background-position: initial;background-size: initial;background-repeat: initial;background-attachment: initial;color: #666666;font-family: Poppins, Helvetica, Arial, Lucida, sans-serif;text-align: justify\"><span style=\"margin: 0px;padding: 0px;border: 0px;vertical-align: baseline;background: transparent\">Pero, \u00bfen qu\u00e9 consiste realmente una rutina skincare?, \u00bfpor qu\u00e9 es importante?, \u00bfcu\u00e1les son sus beneficios y el orden correcto de aplicaci\u00f3n? De todos estas cuestiones hablamos en el siguiente post, as\u00ed que coge papel y boli y toma nota de nuestras recomendaciones.<\/span><\/p><\/div><\/div><\/div><\/div>\t\t\t\t\t\t\t\t<\/div>\n\t\t\t\t<\/div>\n\t\t\t\t<div class=\"elementor-element elementor-element-4d89c4d elementor-widget elementor-widget-text-editor\" data-id=\"4d89c4d\" data-element_type=\"widget\" data-widget_type=\"text-editor.default\">\n\t\t\t\t<div class=\"elementor-widget-container\">\n\t\t\t\t\t\t\t\t\t<div style=\"margin: 0px;padding: 0px;border: 0px;font-size: 14px;vertical-align: baseline;background: 50% center \/ cover no-repeat #ffffff;position: relative;font-family: Poppins, Helvetica, Arial, Lucida, sans-serif;text-align: left;color: #666666;font-style: normal;font-weight: 500;letter-spacing: normal;text-indent: 0px;text-transform: none\"><div style=\"margin: 0px;padding: 0px;border: 0px;font-size: 14px;vertical-align: baseline;background: transparent;position: relative\"><span style=\"background-color: transparent;font-family: 'Gelica Light', Helvetica, Arial, Lucida, sans-serif;font-size: 26px;color: #ef7a50;text-align: center\">\u00bfQu\u00e9 es una rutina de cuidado de la piel y por qu\u00e9 es importante?<\/span><\/div><\/div>\t\t\t\t\t\t\t\t<\/div>\n\t\t\t\t<\/div>\n\t\t\t\t<div class=\"elementor-element elementor-element-da67472 elementor-widget elementor-widget-text-editor\" data-id=\"da67472\" data-element_type=\"widget\" data-widget_type=\"text-editor.default\">\n\t\t\t\t<div class=\"elementor-widget-container\">\n\t\t\t\t\t\t\t\t\t<div><div><div><div><p><span style=\"color: #666666;font-family: Poppins, Helvetica, Arial, Lucida, sans-serif;font-size: 14px;text-align: justify;background: transparent;margin: 0px;padding: 0px;border: 0px;vertical-align: baseline\">Cuando hablamos de una rutina skincare o una\u00a0<\/span><b style=\"color: #666666;font-family: Poppins, Helvetica, Arial, Lucida, sans-serif;font-size: 14px;text-align: justify;background: transparent;margin: 0px;padding: 0px;border: 0px;vertical-align: baseline\">rutina de cuidado de la piel\u00a0<\/b><span style=\"color: #666666;font-family: Poppins, Helvetica, Arial, Lucida, sans-serif;font-size: 14px;text-align: justify;background: transparent;margin: 0px;padding: 0px;border: 0px;vertical-align: baseline\">estamos hablando de una serie de pasos que seguimos en nuestro d\u00eda a d\u00eda para conseguir que nuestra piel luzca y est\u00e9 saludable.<\/span><\/p><p style=\"margin: 0px;padding: 0px 0px 1em;border: 0px;font-size: 14px;vertical-align: baseline;background-image: initial;background-position: initial;background-size: initial;background-repeat: initial;background-attachment: initial;color: #666666;font-family: Poppins, Helvetica, Arial, Lucida, sans-serif;text-align: justify\"><span style=\"margin: 0px;padding: 0px;border: 0px;vertical-align: baseline;background: transparent\">En este sentido,<\/span><b style=\"margin: 0px;padding: 0px;border: 0px;vertical-align: baseline;background: transparent\">\u00a0implica la utilizaci\u00f3n de una serie de productos\u00a0<\/b><span style=\"margin: 0px;padding: 0px;border: 0px;vertical-align: baseline;background: transparent\">que buscan cumplir tres funciones b\u00e1sicas: la<\/span><b style=\"margin: 0px;padding: 0px;border: 0px;vertical-align: baseline;background: transparent\">\u00a0limpieza<\/b><span style=\"margin: 0px;padding: 0px;border: 0px;vertical-align: baseline;background: transparent\">, la<\/span><b style=\"margin: 0px;padding: 0px;border: 0px;vertical-align: baseline;background: transparent\">\u00a0hidrataci\u00f3n\u00a0<\/b><span style=\"margin: 0px;padding: 0px;border: 0px;vertical-align: baseline;background: transparent\">y la<\/span><b style=\"margin: 0px;padding: 0px;border: 0px;vertical-align: baseline;background: transparent\">\u00a0protecci\u00f3n frente a la exposici\u00f3n al sol\u00a0<\/b><span style=\"margin: 0px;padding: 0px;border: 0px;vertical-align: baseline;background: transparent\">(en el caso de una rutina de d\u00eda).<\/span><\/p><p style=\"margin: 0px;padding: 0px;border: 0px;font-size: 14px;vertical-align: baseline;background-image: initial;background-position: initial;background-size: initial;background-repeat: initial;background-attachment: initial;color: #666666;font-family: Poppins, Helvetica, Arial, Lucida, sans-serif;text-align: justify\"><span style=\"margin: 0px;padding: 0px;border: 0px;vertical-align: baseline;background: transparent\">Desarrollar una rutina de cuidado facial es importante precisamente para conseguir una piel sana, hidratada y joven;<\/span><b style=\"margin: 0px;padding: 0px;border: 0px;vertical-align: baseline;background: transparent\">\u00a0evitando el envejecimiento prematuro de la piel\u00a0<\/b><span style=\"margin: 0px;padding: 0px;border: 0px;vertical-align: baseline;background: transparent\">y la aparici\u00f3n (y control) de los signos de la edad. Una piel sana es una piel luminosa, y siguiendo nuestros consejos podr\u00e1s conseguir todos estos resultados.<\/span><\/p><\/div><\/div><\/div><\/div>\t\t\t\t\t\t\t\t<\/div>\n\t\t\t\t<\/div>\n\t\t\t\t<div class=\"elementor-element elementor-element-feafc17 elementor-widget elementor-widget-text-editor\" data-id=\"feafc17\" data-element_type=\"widget\" data-widget_type=\"text-editor.default\">\n\t\t\t\t<div class=\"elementor-widget-container\">\n\t\t\t\t\t\t\t\t\t<div style=\"margin: 0px;padding: 0px;border: 0px;font-size: 14px;vertical-align: baseline;background: 50% center \/ cover no-repeat #ffffff;position: relative;font-family: Poppins, Helvetica, Arial, Lucida, sans-serif;text-align: left;color: #666666;font-style: normal;font-weight: 500;letter-spacing: normal;text-indent: 0px;text-transform: none\"><div style=\"margin: 0px;padding: 0px;border: 0px;font-size: 14px;vertical-align: baseline;background: transparent;position: relative\"><span style=\"background-color: transparent;color: #ef7a50;font-family: 'Gelica Light', Helvetica, Arial, Lucida, sans-serif;font-size: 24px;text-align: center\">Consejos para crear tu propia rutina skincare<\/span><\/div><\/div>\t\t\t\t\t\t\t\t<\/div>\n\t\t\t\t<\/div>\n\t\t\t\t<div class=\"elementor-element elementor-element-ab656bd elementor-widget elementor-widget-text-editor\" data-id=\"ab656bd\" data-element_type=\"widget\" data-widget_type=\"text-editor.default\">\n\t\t\t\t<div class=\"elementor-widget-container\">\n\t\t\t\t\t\t\t\t\t<div><div><div><div><p><span style=\"color: #666666;font-family: Poppins, Helvetica, Arial, Lucida, sans-serif;font-size: 14px;text-align: center\">A la hora de establecer tu propia rutina facial, deber\u00e1s tener en cuenta los siguientes consejos:<\/span><\/p><\/div><\/div><\/div><\/div>\t\t\t\t\t\t\t\t<\/div>\n\t\t\t\t<\/div>\n\t\t\t\t<div class=\"elementor-element elementor-element-23c3d87 elementor-widget elementor-widget-text-editor\" data-id=\"23c3d87\" data-element_type=\"widget\" data-widget_type=\"text-editor.default\">\n\t\t\t\t<div class=\"elementor-widget-container\">\n\t\t\t\t\t\t\t\t\t<div style=\"margin: 0px;padding: 0px;border: 0px;font-size: 14px;vertical-align: baseline;background: 50% center \/ cover no-repeat #ffffff;position: relative;font-family: Poppins, Helvetica, Arial, Lucida, sans-serif;text-align: left;color: #666666;font-style: normal;font-weight: 500;letter-spacing: normal;text-indent: 0px;text-transform: none\"><div style=\"margin: 0px;padding: 0px;border: 0px;font-size: 14px;vertical-align: baseline;background: transparent;position: relative\"><span style=\"background-color: transparent;color: #ef7a50;font-family: 'Gelica Light', Helvetica, Arial, Lucida, sans-serif;font-size: 22px;text-align: center\">Conoce tu tipo de piel<\/span><\/div><\/div>\t\t\t\t\t\t\t\t<\/div>\n\t\t\t\t<\/div>\n\t\t\t\t<div class=\"elementor-element elementor-element-043c946 elementor-widget elementor-widget-text-editor\" data-id=\"043c946\" data-element_type=\"widget\" data-widget_type=\"text-editor.default\">\n\t\t\t\t<div class=\"elementor-widget-container\">\n\t\t\t\t\t\t\t\t\t<div><div><div><div><p><b style=\"color: #666666;font-family: Poppins, Helvetica, Arial, Lucida, sans-serif;font-size: 14px;text-align: justify;background: transparent;margin: 0px;padding: 0px;border: 0px;vertical-align: baseline\">Lo m\u00e1s importante para que una rutina facial funcione es que se adecue a tu tipo de piel.<\/b><span style=\"color: #666666;font-family: Poppins, Helvetica, Arial, Lucida, sans-serif;font-size: 14px;text-align: justify;background: transparent;margin: 0px;padding: 0px;border: 0px;vertical-align: baseline\">\u00a0No tiene las mismas necesidades una piel seca que una piel mixta o una piel grasa. Una piel joven o una piel madura. Una piel hidratada frente a una deshidratada.<\/span><\/p><p style=\"margin: 0px;padding: 0px;border: 0px;font-size: 14px;vertical-align: baseline;background-image: initial;background-position: initial;background-size: initial;background-repeat: initial;background-attachment: initial;color: #666666;font-family: Poppins, Helvetica, Arial, Lucida, sans-serif;text-align: justify\"><span style=\"margin: 0px;padding: 0px;border: 0px;vertical-align: baseline;background: transparent\">En este sentido, es importante acudir a un profesional (un dermat\u00f3logo, un experto en cosm\u00e9tica) para que analice tu tipo de piel. A partir de ah\u00ed, podr\u00e1s\u00a0<\/span><b style=\"margin: 0px;padding: 0px;border: 0px;vertical-align: baseline;background: transparent\">orientar tu compra en torno a unos productos de rutina skincare u otros.<\/b><\/p><\/div><\/div><\/div><\/div>\t\t\t\t\t\t\t\t<\/div>\n\t\t\t\t<\/div>\n\t\t\t\t<div class=\"elementor-element elementor-element-554e58f elementor-widget elementor-widget-text-editor\" data-id=\"554e58f\" data-element_type=\"widget\" data-widget_type=\"text-editor.default\">\n\t\t\t\t<div class=\"elementor-widget-container\">\n\t\t\t\t\t\t\t\t\t<div style=\"margin: 0px;padding: 0px;border: 0px;font-size: 14px;vertical-align: baseline;background: 50% center \/ cover no-repeat #ffffff;position: relative;font-family: Poppins, Helvetica, Arial, Lucida, sans-serif;text-align: left;color: #666666;font-style: normal;font-weight: 500;letter-spacing: normal;text-indent: 0px;text-transform: none\"><div style=\"margin: 0px;padding: 0px;border: 0px;font-size: 14px;vertical-align: baseline;background: transparent;position: relative\"><span style=\"background-color: transparent;color: #ef7a50;font-family: 'Gelica Light', Helvetica, Arial, Lucida, sans-serif;font-size: 22px;text-align: center\">Conoce los ingredientes de los productos que compras<\/span><\/div><\/div>\t\t\t\t\t\t\t\t<\/div>\n\t\t\t\t<\/div>\n\t\t\t\t<div class=\"elementor-element elementor-element-6cfc3a9 elementor-widget elementor-widget-text-editor\" data-id=\"6cfc3a9\" data-element_type=\"widget\" data-widget_type=\"text-editor.default\">\n\t\t\t\t<div class=\"elementor-widget-container\">\n\t\t\t\t\t\t\t\t\t<div><div><div><div><p><span style=\"color: #666666;font-family: Poppins, Helvetica, Arial, Lucida, sans-serif;font-size: 14px;text-align: justify;background: transparent;margin: 0px;padding: 0px;border: 0px;vertical-align: baseline\">Ded\u00edcate a informarte y<\/span><b style=\"color: #666666;font-family: Poppins, Helvetica, Arial, Lucida, sans-serif;font-size: 14px;text-align: justify;background: transparent;margin: 0px;padding: 0px;border: 0px;vertical-align: baseline\">\u00a0leer con detenimiento la formulaci\u00f3n y los ingredientes<\/b><span style=\"color: #666666;font-family: Poppins, Helvetica, Arial, Lucida, sans-serif;font-size: 14px;text-align: justify;background: transparent;margin: 0px;padding: 0px;border: 0px;vertical-align: baseline\">\u00a0con los que se han realizado los productos que vas a comprar. Muchas veces nos dejamos llevar por campa\u00f1as de marketing que son enga\u00f1osas y que pretenden convencernos de que un producto tendr\u00e1 unos resultados sobre nuestra piel que no son realistas.<\/span><\/p><p><span style=\"background-color: transparent;color: #666666;font-family: Poppins, Helvetica, Arial, Lucida, sans-serif;font-size: 14px\">El conocimiento es poder y nuestro mejor aliado a la hora de hacer una buena compra.<\/span><\/p><\/div><\/div><\/div><\/div>\t\t\t\t\t\t\t\t<\/div>\n\t\t\t\t<\/div>\n\t\t\t\t<div class=\"elementor-element elementor-element-898ccbf elementor-widget elementor-widget-text-editor\" data-id=\"898ccbf\" data-element_type=\"widget\" data-widget_type=\"text-editor.default\">\n\t\t\t\t<div class=\"elementor-widget-container\">\n\t\t\t\t\t\t\t\t\t<div style=\"margin: 0px;padding: 0px;border: 0px;font-size: 14px;vertical-align: baseline;background: 50% center \/ cover no-repeat #ffffff;position: relative;font-family: Poppins, Helvetica, Arial, Lucida, sans-serif;text-align: left;color: #666666;font-style: normal;font-weight: 500;letter-spacing: normal;text-indent: 0px;text-transform: none\"><div style=\"margin: 0px;padding: 0px;border: 0px;font-size: 14px;vertical-align: baseline;background: transparent;position: relative\"><span style=\"background-color: transparent;color: #ef7a50;font-family: 'Gelica Light', Helvetica, Arial, Lucida, sans-serif;font-size: 22px;text-align: center\">Aplica tu rutina facial en el orden correcto<\/span><\/div><\/div>\t\t\t\t\t\t\t\t<\/div>\n\t\t\t\t<\/div>\n\t\t\t\t<div class=\"elementor-element elementor-element-cc79aa8 elementor-widget elementor-widget-text-editor\" data-id=\"cc79aa8\" data-element_type=\"widget\" data-widget_type=\"text-editor.default\">\n\t\t\t\t<div class=\"elementor-widget-container\">\n\t\t\t\t\t\t\t\t\t<div><div><div><div><p><span style=\"color: #666666;font-family: Poppins, Helvetica, Arial, Lucida, sans-serif;font-size: 14px\">Conoce los pasos a seguir en tu rutina facial para conseguir los resultados esperados. En esta ocasi\u00f3n, el orden de los factores s\u00ed altera el producto final. As\u00ed que utiliza los productos de tu rutina en el orden correcto.<\/span><\/p><\/div><\/div><\/div><\/div>\t\t\t\t\t\t\t\t<\/div>\n\t\t\t\t<\/div>\n\t\t\t\t<div class=\"elementor-element elementor-element-e6ca688 elementor-widget elementor-widget-text-editor\" data-id=\"e6ca688\" data-element_type=\"widget\" data-widget_type=\"text-editor.default\">\n\t\t\t\t<div class=\"elementor-widget-container\">\n\t\t\t\t\t\t\t\t\t<div style=\"margin: 0px;padding: 0px;border: 0px;font-size: 14px;vertical-align: baseline;background: 50% center \/ cover no-repeat #ffffff;position: relative;font-family: Poppins, Helvetica, Arial, Lucida, sans-serif;text-align: left;color: #666666;font-style: normal;font-weight: 500;letter-spacing: normal;text-indent: 0px;text-transform: none\"><div style=\"margin: 0px;padding: 0px;border: 0px;font-size: 14px;vertical-align: baseline;background: transparent;position: relative\"><span style=\"background-color: transparent;color: #ef7a50;font-family: 'Gelica Light', Helvetica, Arial, Lucida, sans-serif;font-size: 26px;text-align: center\">Productos esenciales para una rutina de skincare efectiva<\/span><\/div><\/div>\t\t\t\t\t\t\t\t<\/div>\n\t\t\t\t<\/div>\n\t\t\t\t<div class=\"elementor-element elementor-element-331a64b elementor-widget elementor-widget-text-editor\" data-id=\"331a64b\" data-element_type=\"widget\" data-widget_type=\"text-editor.default\">\n\t\t\t\t<div class=\"elementor-widget-container\">\n\t\t\t\t\t\t\t\t\t<div><div><div><div><p><span style=\"background-image: initial;background-position: initial;background-size: initial;background-repeat: initial;background-attachment: initial;margin: 0px;padding: 0px;border: 0px;font-size: 14px;vertical-align: baseline;color: #666666;font-family: Poppins, Helvetica, Arial, Lucida, sans-serif;text-align: justify\">Ya hemos comentado que el \u201csota, caballo y rey\u201d de los pasos de la rutina facial son la limpieza, la hidrataci\u00f3n y la protecci\u00f3n frente a los rayos del sol. Sin embargo, si queremos ser m\u00e1s precisos, encontraremos que\u00a0<\/span><b style=\"background-image: initial;background-position: initial;background-size: initial;background-repeat: initial;background-attachment: initial;margin: 0px;padding: 0px;border: 0px;font-size: 14px;vertical-align: baseline;color: #666666;font-family: Poppins, Helvetica, Arial, Lucida, sans-serif;text-align: justify\">estos pasos se ampl\u00edan y pueden desgranarse en otros m\u00e1s concretos.<\/b><\/p><\/div><\/div><\/div><\/div>\t\t\t\t\t\t\t\t<\/div>\n\t\t\t\t<\/div>\n\t\t\t\t<div class=\"elementor-element elementor-element-14d59b1 elementor-widget elementor-widget-text-editor\" data-id=\"14d59b1\" data-element_type=\"widget\" data-widget_type=\"text-editor.default\">\n\t\t\t\t<div class=\"elementor-widget-container\">\n\t\t\t\t\t\t\t\t\t<div style=\"margin: 0px;padding: 0px;border: 0px;font-size: 14px;vertical-align: baseline;background: 50% center \/ cover no-repeat #ffffff;position: relative;font-family: Poppins, Helvetica, Arial, Lucida, sans-serif;text-align: left;color: #666666;font-style: normal;font-weight: 500;letter-spacing: normal;text-indent: 0px;text-transform: none\"><div style=\"margin: 0px;padding: 0px;border: 0px;font-size: 14px;vertical-align: baseline;background: transparent;position: relative\"><span style=\"background-color: transparent;color: #ef7a50;font-family: 'Gelica Light', Helvetica, Arial, Lucida, sans-serif;font-size: 22px;text-align: center\">Limpiador facial<\/span><\/div><\/div>\t\t\t\t\t\t\t\t<\/div>\n\t\t\t\t<\/div>\n\t\t\t\t<div class=\"elementor-element elementor-element-3a24a93 elementor-widget elementor-widget-text-editor\" data-id=\"3a24a93\" data-element_type=\"widget\" data-widget_type=\"text-editor.default\">\n\t\t\t\t<div class=\"elementor-widget-container\">\n\t\t\t\t\t\t\t\t\t<div><div><div><div><p><span style=\"color: #666666;font-family: Poppins, Helvetica, Arial, Lucida, sans-serif;font-size: 14px;text-align: justify;background: transparent;margin: 0px;padding: 0px;border: 0px;vertical-align: baseline\">Muchos expertos recomiendan la utilizaci\u00f3n de\u00a0<span style=\"margin: 0px;padding: 0px;border: 0px;vertical-align: baseline;background: transparent;font-weight: bold\">un<\/span><\/span><b style=\"color: #666666;font-family: Poppins, Helvetica, Arial, Lucida, sans-serif;font-size: 14px;text-align: justify;background: transparent;margin: 0px;padding: 0px;border: 0px;vertical-align: baseline\">a doble limpieza para limpiar tu piel en profundidad<\/b><span style=\"color: #666666;font-family: Poppins, Helvetica, Arial, Lucida, sans-serif;font-size: 14px;text-align: justify;background: transparent;margin: 0px;padding: 0px;border: 0px;vertical-align: baseline\">, con productos con formulaciones diferentes para atacar las diferentes necesidades de nuestra piel.<\/span><\/p><p><span style=\"color: #666666;font-family: Poppins, Helvetica, Arial, Lucida, sans-serif;font-size: 14px;text-align: justify;background: transparent;margin: 0px;padding: 0px;border: 0px;vertical-align: baseline\">En primer lugar, partimos de un<\/span><b style=\"color: #666666;font-family: Poppins, Helvetica, Arial, Lucida, sans-serif;font-size: 14px;text-align: justify;background: transparent;margin: 0px;padding: 0px;border: 0px;vertical-align: baseline\">\u00a0limpiador con base oleosa<\/b><span style=\"color: #666666;font-family: Poppins, Helvetica, Arial, Lucida, sans-serif;font-size: 14px;text-align: justify;background: transparent;margin: 0px;padding: 0px;border: 0px;vertical-align: baseline\">\u00a0(o en aceite), que ser\u00e1 el encargado de\u00a0<\/span><b style=\"color: #666666;font-family: Poppins, Helvetica, Arial, Lucida, sans-serif;font-size: 14px;text-align: justify;background: transparent;margin: 0px;padding: 0px;border: 0px;vertical-align: baseline\">destruir el maquillaje<\/b><span style=\"color: #666666;font-family: Poppins, Helvetica, Arial, Lucida, sans-serif;font-size: 14px;text-align: justify;background: transparent;margin: 0px;padding: 0px;border: 0px;vertical-align: baseline\">, los<\/span><b style=\"color: #666666;font-family: Poppins, Helvetica, Arial, Lucida, sans-serif;font-size: 14px;text-align: justify;background: transparent;margin: 0px;padding: 0px;border: 0px;vertical-align: baseline\">\u00a0efectos de la poluci\u00f3n<\/b><span style=\"color: #666666;font-family: Poppins, Helvetica, Arial, Lucida, sans-serif;font-size: 14px;text-align: justify;background: transparent;margin: 0px;padding: 0px;border: 0px;vertical-align: baseline\">, el\u00a0<\/span><b style=\"color: #666666;font-family: Poppins, Helvetica, Arial, Lucida, sans-serif;font-size: 14px;text-align: justify;background: transparent;margin: 0px;padding: 0px;border: 0px;vertical-align: baseline\">polvo<\/b><span style=\"color: #666666;font-family: Poppins, Helvetica, Arial, Lucida, sans-serif;font-size: 14px;text-align: justify;background: transparent;margin: 0px;padding: 0px;border: 0px;vertical-align: baseline\">\u00a0y el\u00a0<\/span><b style=\"color: #666666;font-family: Poppins, Helvetica, Arial, Lucida, sans-serif;font-size: 14px;text-align: justify;background: transparent;margin: 0px;padding: 0px;border: 0px;vertical-align: baseline\">protector solar.\u00a0<\/b><\/p><p><span style=\"color: #666666;font-family: Poppins, Helvetica, Arial, Lucida, sans-serif;font-size: 14px;text-align: justify;background: transparent;margin: 0px;padding: 0px;border: 0px;vertical-align: baseline\">En segundo lugar, un\u00a0<\/span><b style=\"color: #666666;font-family: Poppins, Helvetica, Arial, Lucida, sans-serif;font-size: 14px;text-align: justify;background: transparent;margin: 0px;padding: 0px;border: 0px;vertical-align: baseline\">limpiador con base acuosa\u00a0<\/b><span style=\"color: #666666;font-family: Poppins, Helvetica, Arial, Lucida, sans-serif;font-size: 14px;text-align: justify;background: transparent;margin: 0px;padding: 0px;border: 0px;vertical-align: baseline\">nos ayudar\u00e1 a retirar los restos del primer limpiador y limpiar en profundidad la suciedad acumulada en los poros de la piel, dejando el rostro preparado para el siguiente paso de la rutina.<\/span><\/p><p style=\"margin: 0px;padding: 0px 0px 1em;border: 0px;font-size: 14px;vertical-align: baseline;background-image: initial;background-position: initial;background-size: initial;background-repeat: initial;background-attachment: initial;color: #666666;font-family: Poppins, Helvetica, Arial, Lucida, sans-serif;text-align: justify\"><span style=\"margin: 0px;padding: 0px;border: 0px;vertical-align: baseline;background: transparent\"><span style=\"margin: 0px;padding: 0px;border: 0px;vertical-align: baseline;background-image: initial;background-position: initial;background-size: initial;background-repeat: initial;background-attachment: initial\">Nuestra recomendaci\u00f3n:<\/span><a style=\"margin: 0px;padding: 0px;border: 0px;vertical-align: baseline;background: #ffffff;color: #edb059\" href=\"https:\/\/www.clarel.es\/es\/limpiador-facial-triple-accion-aceite-planet-skin-150-ml\"><span style=\"margin: 0px;padding: 0px;border: 0px;vertical-align: baseline;background: transparent\">\u00a0Limpiador Facial Triple Acci\u00f3n Aceite PLANET SKIN 150 ml<\/span><\/a><span style=\"margin: 0px;padding: 0px;border: 0px;vertical-align: baseline;background-image: initial;background-position: initial;background-size: initial;background-repeat: initial;background-attachment: initial\">\u00a0<\/span><\/span><\/p><\/div><\/div><\/div><\/div>\t\t\t\t\t\t\t\t<\/div>\n\t\t\t\t<\/div>\n\t\t<div class=\"elementor-element elementor-element-e8e3ff5 e-con-full e-flex e-con e-child\" data-id=\"e8e3ff5\" data-element_type=\"container\">\n\t\t<div class=\"elementor-element elementor-element-372c6d1 e-con-full e-flex e-con e-child\" data-id=\"372c6d1\" data-element_type=\"container\">\n\t\t\t\t<div class=\"elementor-element elementor-element-7a3c9e3 elementor-cta--layout-image-right elementor-widget__width-initial elementor-cta--skin-classic elementor-animated-content elementor-widget elementor-widget-call-to-action\" data-id=\"7a3c9e3\" data-element_type=\"widget\" data-widget_type=\"call-to-action.default\">\n\t\t\t\t<div class=\"elementor-widget-container\">\n\t\t\t\t\t\t\t<a class=\"elementor-cta\" href=\"https:\/\/www.clarel.es\/es\/limpiador-facial-triple-accion-aceite-planet-skin-150-ml\" target=\"_blank\">\n\t\t\t\t\t\t\t<div class=\"elementor-cta__content\">\n\t\t\t\t\t\t\t\t\t<div class=\"elementor-content-item elementor-cta__content-item elementor-cta__image\">\n\t\t\t\t\t\t<img decoding=\"async\" src=\"https:\/\/clarel.imgix.net\/media\/catalog\/product\/2\/8\/285170_1_f282.jpg\" title=\"\" alt=\"\" loading=\"lazy\" \/>\t\t\t\t\t<\/div>\n\t\t\t\t\n\t\t\t\t\t\t\t\t\t<div class=\"elementor-cta__title elementor-cta__content-item elementor-content-item\">\n\t\t\t\t\t\tPLANET SKIN\t\t\t\t\t<\/div>\n\t\t\t\t\n\t\t\t\t\t\t\t\t\t<div class=\"elementor-cta__description elementor-cta__content-item elementor-content-item\">\n\t\t\t\t\t\tLimpiador Facial<BR> <BR>\n<span style=\"font-size: 13pt\"><b>16,50\u20ac<\/span> <\/b>\t\t\t\t\t<\/div>\n\t\t\t\t\n\t\t\t\t\t\t\t\t\t<div class=\"elementor-cta__button-wrapper elementor-cta__content-item elementor-content-item \">\n\t\t\t\t\t<span class=\"elementor-cta__button elementor-button elementor-size-\">\n\t\t\t\t\t\tCOMPRAR\t\t\t\t\t<\/span>\n\t\t\t\t\t<\/div>\n\t\t\t\t\t\t\t<\/div>\n\t\t\t\t\t\t<\/a>\n\t\t\t\t\t\t<\/div>\n\t\t\t\t<\/div>\n\t\t\t\t<div class=\"elementor-element elementor-element-54abe43 elementor-cta--skin-classic elementor-animated-content elementor-widget elementor-widget-call-to-action\" data-id=\"54abe43\" data-element_type=\"widget\" data-widget_type=\"call-to-action.default\">\n\t\t\t\t<div class=\"elementor-widget-container\">\n\t\t\t\t\t\t\t<div class=\"elementor-cta\">\n\t\t\t\t\t\t\t<div class=\"elementor-cta__content\">\n\t\t\t\t\t\t\t\t\t<div class=\"elementor-content-item elementor-cta__content-item elementor-cta__image\">\n\t\t\t\t\t\t<img decoding=\"async\" src=\"https:\/\/blog-clarel.imgix.net\/2024\/09\/Crema-reafirmante-NIVEA-Body-milk-Q10-energy-piel-seca-400-ml.jpg\" title=\"\" alt=\"\" loading=\"lazy\" \/>\t\t\t\t\t<\/div>\n\t\t\t\t\n\t\t\t\t\t\t\t\t\t<h2 class=\"elementor-cta__title elementor-cta__content-item elementor-content-item\">\n\t\t\t\t\t\tThis is the heading\t\t\t\t\t<\/h2>\n\t\t\t\t\n\t\t\t\t\t\t\t\t\t<div class=\"elementor-cta__description elementor-cta__content-item elementor-content-item\">\n\t\t\t\t\t\tLorem ipsum dolor sit amet consectetur adipiscing elit dolor\t\t\t\t\t<\/div>\n\t\t\t\t\n\t\t\t\t\t\t\t\t\t<div class=\"elementor-cta__button-wrapper elementor-cta__content-item elementor-content-item \">\n\t\t\t\t\t<a class=\"elementor-cta__button elementor-button elementor-size-\">\n\t\t\t\t\t\tCOMPRAR\t\t\t\t\t<\/a>\n\t\t\t\t\t<\/div>\n\t\t\t\t\t\t\t<\/div>\n\t\t\t\t\t\t<\/div>\n\t\t\t\t\t\t<\/div>\n\t\t\t\t<\/div>\n\t\t\t\t<\/div>\n\t\t\t\t<\/div>\n\t\t<div class=\"elementor-element elementor-element-baf442b e-con-full e-flex e-con e-child\" data-id=\"baf442b\" data-element_type=\"container\">\n\t\t\t\t<div class=\"elementor-element elementor-element-43999f3 elementor-widget elementor-widget-text-editor\" data-id=\"43999f3\" data-element_type=\"widget\" data-widget_type=\"text-editor.default\">\n\t\t\t\t<div class=\"elementor-widget-container\">\n\t\t\t\t\t\t\t\t\t<div style=\"margin: 0px;padding: 0px;border: 0px;font-size: 14px;vertical-align: baseline;background: 50% center \/ cover no-repeat #ffffff;position: relative;font-family: Poppins, Helvetica, Arial, Lucida, sans-serif;text-align: left;color: #666666;font-style: normal;font-weight: 500;letter-spacing: normal;text-indent: 0px;text-transform: none\"><div style=\"margin: 0px;padding: 0px;border: 0px;font-size: 14px;vertical-align: baseline;background: transparent;position: relative\"><span style=\"background-color: transparent;color: #ef7a50;font-family: 'Gelica Light', Helvetica, Arial, Lucida, sans-serif;font-size: 22px;text-align: center\">Exfoliante<\/span><\/div><\/div>\t\t\t\t\t\t\t\t<\/div>\n\t\t\t\t<\/div>\n\t\t\t\t<div class=\"elementor-element elementor-element-4d636cb elementor-widget elementor-widget-text-editor\" data-id=\"4d636cb\" data-element_type=\"widget\" data-widget_type=\"text-editor.default\">\n\t\t\t\t<div class=\"elementor-widget-container\">\n\t\t\t\t\t\t\t\t\t<div><div><div><div><p><span style=\"background: transparent;color: #666666;font-family: Poppins, Helvetica, Arial, Lucida, sans-serif;font-size: 14px;text-align: justify;margin: 0px;padding: 0px;border: 0px;vertical-align: baseline\">Una o dos veces por semana es necesario utilizar un\u00a0<\/span><b style=\"background: transparent;color: #666666;font-family: Poppins, Helvetica, Arial, Lucida, sans-serif;font-size: 14px;text-align: justify;margin: 0px;padding: 0px;border: 0px;vertical-align: baseline\">exfoliante f\u00edsico o qu\u00edmico<\/b><span style=\"background: transparent;color: #666666;font-family: Poppins, Helvetica, Arial, Lucida, sans-serif;font-size: 14px;text-align: justify;margin: 0px;padding: 0px;border: 0px;vertical-align: baseline\">, que nos ayudar\u00e1 a<\/span><b style=\"background: transparent;color: #666666;font-family: Poppins, Helvetica, Arial, Lucida, sans-serif;font-size: 14px;text-align: justify;margin: 0px;padding: 0px;border: 0px;vertical-align: baseline\">\u00a0seguir limpiando nuestra piel en profundidad, retirando impurezas y c\u00e9lulas muertas<\/b><span style=\"background: transparent;color: #666666;font-family: Poppins, Helvetica, Arial, Lucida, sans-serif;font-size: 14px;text-align: justify;margin: 0px;padding: 0px;border: 0px;vertical-align: baseline\">, haciendo que nuestra piel sea capaz de absorber mejor los siguientes productos de tratamiento.<\/span><\/p><p style=\"margin: 0px;padding: 0px;border: 0px;font-size: 14px;vertical-align: baseline;background-image: initial;background-position: initial;background-size: initial;background-repeat: initial;background-attachment: initial;color: #666666;font-family: Poppins, Helvetica, Arial, Lucida, sans-serif\"><span style=\"margin: 0px;padding: 0px;border: 0px;vertical-align: baseline;background: transparent\">Nuestra recomendaci\u00f3n:<\/span><a style=\"margin: 0px;padding: 0px;border: 0px;vertical-align: baseline;background-image: initial;background-position: initial;background-size: initial;background-repeat: initial;background-attachment: initial;color: #edb059\" href=\"https:\/\/www.clarel.es\/es\/exfoliante-facial-calendula-y-camomila-bioglow-100-ml\">\u00a0Exfoliante Facial Cal\u00e9ndula y Camomila BIOGLOW<\/a><\/p><\/div><\/div><\/div><\/div>\t\t\t\t\t\t\t\t<\/div>\n\t\t\t\t<\/div>\n\t\t\t\t<\/div>\n\t\t<div class=\"elementor-element elementor-element-5c661d5 e-con-full e-flex e-con e-child\" data-id=\"5c661d5\" data-element_type=\"container\">\n\t\t<div class=\"elementor-element elementor-element-3f31a7a e-con-full e-flex e-con e-child\" data-id=\"3f31a7a\" data-element_type=\"container\">\n\t\t\t\t<div class=\"elementor-element elementor-element-1d72152 elementor-cta--layout-image-right elementor-widget__width-initial elementor-cta--skin-classic elementor-animated-content elementor-widget elementor-widget-call-to-action\" data-id=\"1d72152\" data-element_type=\"widget\" data-widget_type=\"call-to-action.default\">\n\t\t\t\t<div class=\"elementor-widget-container\">\n\t\t\t\t\t\t\t<a class=\"elementor-cta\" href=\"https:\/\/www.clarel.es\/es\/exfoliante-facial-calendula-y-camomila-bioglow-100-ml\" target=\"_blank\">\n\t\t\t\t\t\t\t<div class=\"elementor-cta__content\">\n\t\t\t\t\t\t\t\t\t<div class=\"elementor-content-item elementor-cta__content-item elementor-cta__image\">\n\t\t\t\t\t\t<img decoding=\"async\" src=\"https:\/\/clarel.imgix.net\/media\/catalog\/product\/E\/x\/Exfoliante_Facial_Calendula_Y_Camomila_Bioglow_100Ml_9f97937d1c6893d1b688d6da6c03ba889a7e3fb4_262627_1.jpg\" title=\"\" alt=\"\" loading=\"lazy\" \/>\t\t\t\t\t<\/div>\n\t\t\t\t\n\t\t\t\t\t\t\t\t\t<div class=\"elementor-cta__title elementor-cta__content-item elementor-content-item\">\n\t\t\t\t\t\tBIOGLOW\t\t\t\t\t<\/div>\n\t\t\t\t\n\t\t\t\t\t\t\t\t\t<div class=\"elementor-cta__description elementor-cta__content-item elementor-content-item\">\n\t\t\t\t\t\tExfoliante Facial Cal\u00e9ndula y Camomila<BR> <BR>\n<span style=\"font-size: 13pt\"><b>2,99\u20ac<\/span> <\/b>\t\t\t\t\t<\/div>\n\t\t\t\t\n\t\t\t\t\t\t\t\t\t<div class=\"elementor-cta__button-wrapper elementor-cta__content-item elementor-content-item \">\n\t\t\t\t\t<span class=\"elementor-cta__button elementor-button elementor-size-\">\n\t\t\t\t\t\tCOMPRAR\t\t\t\t\t<\/span>\n\t\t\t\t\t<\/div>\n\t\t\t\t\t\t\t<\/div>\n\t\t\t\t\t\t<\/a>\n\t\t\t\t\t\t<\/div>\n\t\t\t\t<\/div>\n\t\t\t\t<div class=\"elementor-element elementor-element-cb50b1d elementor-cta--skin-classic elementor-animated-content elementor-widget elementor-widget-call-to-action\" data-id=\"cb50b1d\" data-element_type=\"widget\" data-widget_type=\"call-to-action.default\">\n\t\t\t\t<div class=\"elementor-widget-container\">\n\t\t\t\t\t\t\t<div class=\"elementor-cta\">\n\t\t\t\t\t\t\t<div class=\"elementor-cta__content\">\n\t\t\t\t\t\t\t\t\t<div class=\"elementor-content-item elementor-cta__content-item elementor-cta__image\">\n\t\t\t\t\t\t<img decoding=\"async\" src=\"https:\/\/blog-clarel.imgix.net\/2024\/09\/Crema-reafirmante-NIVEA-Body-milk-Q10-energy-piel-seca-400-ml.jpg\" title=\"\" alt=\"\" loading=\"lazy\" \/>\t\t\t\t\t<\/div>\n\t\t\t\t\n\t\t\t\t\t\t\t\t\t<h2 class=\"elementor-cta__title elementor-cta__content-item elementor-content-item\">\n\t\t\t\t\t\tThis is the heading\t\t\t\t\t<\/h2>\n\t\t\t\t\n\t\t\t\t\t\t\t\t\t<div class=\"elementor-cta__description elementor-cta__content-item elementor-content-item\">\n\t\t\t\t\t\tLorem ipsum dolor sit amet consectetur adipiscing elit dolor\t\t\t\t\t<\/div>\n\t\t\t\t\n\t\t\t\t\t\t\t\t\t<div class=\"elementor-cta__button-wrapper elementor-cta__content-item elementor-content-item \">\n\t\t\t\t\t<a class=\"elementor-cta__button elementor-button elementor-size-\">\n\t\t\t\t\t\tCOMPRAR\t\t\t\t\t<\/a>\n\t\t\t\t\t<\/div>\n\t\t\t\t\t\t\t<\/div>\n\t\t\t\t\t\t<\/div>\n\t\t\t\t\t\t<\/div>\n\t\t\t\t<\/div>\n\t\t\t\t<\/div>\n\t\t\t\t<\/div>\n\t\t<div class=\"elementor-element elementor-element-35e96e1 e-con-full e-flex e-con e-child\" data-id=\"35e96e1\" data-element_type=\"container\">\n\t\t\t\t<div class=\"elementor-element elementor-element-57e77bb elementor-widget elementor-widget-text-editor\" data-id=\"57e77bb\" data-element_type=\"widget\" data-widget_type=\"text-editor.default\">\n\t\t\t\t<div class=\"elementor-widget-container\">\n\t\t\t\t\t\t\t\t\t<div style=\"margin: 0px;padding: 0px;border: 0px;font-size: 14px;vertical-align: baseline;background: 50% center \/ cover no-repeat #ffffff;position: relative;font-family: Poppins, Helvetica, Arial, Lucida, sans-serif;text-align: left;color: #666666;font-style: normal;font-weight: 500;letter-spacing: normal;text-indent: 0px;text-transform: none\"><div style=\"margin: 0px;padding: 0px;border: 0px;font-size: 14px;vertical-align: baseline;background: transparent;position: relative\"><span style=\"background-color: transparent;color: #ef7a50;font-family: 'Gelica Light', Helvetica, Arial, Lucida, sans-serif;font-size: 22px;text-align: center\">T\u00f3nico facial<\/span><\/div><\/div>\t\t\t\t\t\t\t\t<\/div>\n\t\t\t\t<\/div>\n\t\t\t\t<div class=\"elementor-element elementor-element-4d848a1 elementor-widget elementor-widget-text-editor\" data-id=\"4d848a1\" data-element_type=\"widget\" data-widget_type=\"text-editor.default\">\n\t\t\t\t<div class=\"elementor-widget-container\">\n\t\t\t\t\t\t\t\t\t<div><div><div><div><p><span style=\"color: #666666;font-family: Poppins, Helvetica, Arial, Lucida, sans-serif;font-size: 14px;text-align: justify;background: transparent;margin: 0px;padding: 0px;border: 0px;vertical-align: baseline\">El<\/span><b style=\"color: #666666;font-family: Poppins, Helvetica, Arial, Lucida, sans-serif;font-size: 14px;text-align: justify;background: transparent;margin: 0px;padding: 0px;border: 0px;vertical-align: baseline\">\u00a0t\u00f3nico facial\u00a0<\/b><span style=\"color: #666666;font-family: Poppins, Helvetica, Arial, Lucida, sans-serif;font-size: 14px;text-align: justify;background: transparent;margin: 0px;padding: 0px;border: 0px;vertical-align: baseline\">es un paso muy importante en nuestra rutina de limpieza y cuidado de la piel porque\u00a0<\/span><b style=\"color: #666666;font-family: Poppins, Helvetica, Arial, Lucida, sans-serif;font-size: 14px;text-align: justify;background: transparent;margin: 0px;padding: 0px;border: 0px;vertical-align: baseline\">ayuda a cerrar los poros que se han abierto durante la limpieza y exfoliaci\u00f3n de la piel; as\u00ed como recuperar el PH natural del rostro\u00a0<\/b><span style=\"color: #666666;font-family: Poppins, Helvetica, Arial, Lucida, sans-serif;font-size: 14px;text-align: justify;background: transparent;margin: 0px;padding: 0px;border: 0px;vertical-align: baseline\">que se ha podido ver alterado por los productos de limpieza.\u00a0<\/span><\/p><p><span style=\"background-color: transparent;color: #666666;font-family: Poppins, Helvetica, Arial, Lucida, sans-serif;font-size: 14px;text-align: justify\">Podemos utilizar t\u00f3nicos que simplemente hidraten o decantarnos por otros formulados para empezar con tratamientos concretos, como t\u00f3nicos de Vitamina C.<\/span><\/p><p style=\"margin: 0px;padding: 0px;border: 0px;font-size: 14px;vertical-align: baseline;background-image: initial;background-position: initial;background-size: initial;background-repeat: initial;background-attachment: initial;color: #666666;font-family: Poppins, Helvetica, Arial, Lucida, sans-serif;text-align: justify\"><span style=\"margin: 0px;padding: 0px;border: 0px;vertical-align: baseline;background: transparent\">Nuestra recomendaci\u00f3n:<\/span><a style=\"margin: 0px;padding: 0px;border: 0px;vertical-align: baseline;background-image: initial;background-position: initial;background-size: initial;background-repeat: initial;background-attachment: initial;color: #edb059\" href=\"https:\/\/www.clarel.es\/es\/tonico-facial-ziaja-manuka\">\u00a0T\u00f3nico facial ZIAJA Manuka<\/a><\/p><\/div><\/div><\/div><\/div>\t\t\t\t\t\t\t\t<\/div>\n\t\t\t\t<\/div>\n\t\t\t\t<\/div>\n\t\t<div class=\"elementor-element elementor-element-f199595 e-con-full e-flex e-con e-child\" data-id=\"f199595\" data-element_type=\"container\">\n\t\t<div class=\"elementor-element elementor-element-5216f23 e-con-full e-flex e-con e-child\" data-id=\"5216f23\" data-element_type=\"container\">\n\t\t\t\t<div class=\"elementor-element elementor-element-6341051 elementor-cta--layout-image-right elementor-widget__width-initial elementor-cta--skin-classic elementor-animated-content elementor-widget elementor-widget-call-to-action\" data-id=\"6341051\" data-element_type=\"widget\" data-widget_type=\"call-to-action.default\">\n\t\t\t\t<div class=\"elementor-widget-container\">\n\t\t\t\t\t\t\t<a class=\"elementor-cta\" href=\"https:\/\/www.clarel.es\/es\/tonico-facial-ziaja-manuka\" target=\"_blank\">\n\t\t\t\t\t\t\t<div class=\"elementor-cta__content\">\n\t\t\t\t\t\t\t\t\t<div class=\"elementor-content-item elementor-cta__content-item elementor-cta__image\">\n\t\t\t\t\t\t<img decoding=\"async\" src=\"https:\/\/clarel.imgix.net\/media\/catalog\/product\/2\/8\/285231_1_3cda.jpg\" title=\"\" alt=\"\" loading=\"lazy\" \/>\t\t\t\t\t<\/div>\n\t\t\t\t\n\t\t\t\t\t\t\t\t\t<div class=\"elementor-cta__title elementor-cta__content-item elementor-content-item\">\n\t\t\t\t\t\tZIAJA\t\t\t\t\t<\/div>\n\t\t\t\t\n\t\t\t\t\t\t\t\t\t<div class=\"elementor-cta__description elementor-cta__content-item elementor-content-item\">\n\t\t\t\t\t\tT\u00f3nico Facial Manuka<BR> <BR>\n<span style=\"font-size: 13pt\"><b>3,49\u20ac<\/span> <\/b>\t\t\t\t\t<\/div>\n\t\t\t\t\n\t\t\t\t\t\t\t\t\t<div class=\"elementor-cta__button-wrapper elementor-cta__content-item elementor-content-item \">\n\t\t\t\t\t<span class=\"elementor-cta__button elementor-button elementor-size-\">\n\t\t\t\t\t\tCOMPRAR\t\t\t\t\t<\/span>\n\t\t\t\t\t<\/div>\n\t\t\t\t\t\t\t<\/div>\n\t\t\t\t\t\t<\/a>\n\t\t\t\t\t\t<\/div>\n\t\t\t\t<\/div>\n\t\t\t\t<div class=\"elementor-element elementor-element-a086e72 elementor-cta--skin-classic elementor-animated-content elementor-widget elementor-widget-call-to-action\" data-id=\"a086e72\" data-element_type=\"widget\" data-widget_type=\"call-to-action.default\">\n\t\t\t\t<div class=\"elementor-widget-container\">\n\t\t\t\t\t\t\t<div class=\"elementor-cta\">\n\t\t\t\t\t\t\t<div class=\"elementor-cta__content\">\n\t\t\t\t\t\t\t\t\t<div class=\"elementor-content-item elementor-cta__content-item elementor-cta__image\">\n\t\t\t\t\t\t<img decoding=\"async\" src=\"https:\/\/blog-clarel.imgix.net\/2024\/09\/Crema-reafirmante-NIVEA-Body-milk-Q10-energy-piel-seca-400-ml.jpg\" title=\"\" alt=\"\" loading=\"lazy\" \/>\t\t\t\t\t<\/div>\n\t\t\t\t\n\t\t\t\t\t\t\t\t\t<h2 class=\"elementor-cta__title elementor-cta__content-item elementor-content-item\">\n\t\t\t\t\t\tThis is the heading\t\t\t\t\t<\/h2>\n\t\t\t\t\n\t\t\t\t\t\t\t\t\t<div class=\"elementor-cta__description elementor-cta__content-item elementor-content-item\">\n\t\t\t\t\t\tLorem ipsum dolor sit amet consectetur adipiscing elit dolor\t\t\t\t\t<\/div>\n\t\t\t\t\n\t\t\t\t\t\t\t\t\t<div class=\"elementor-cta__button-wrapper elementor-cta__content-item elementor-content-item \">\n\t\t\t\t\t<a class=\"elementor-cta__button elementor-button elementor-size-\">\n\t\t\t\t\t\tCOMPRAR\t\t\t\t\t<\/a>\n\t\t\t\t\t<\/div>\n\t\t\t\t\t\t\t<\/div>\n\t\t\t\t\t\t<\/div>\n\t\t\t\t\t\t<\/div>\n\t\t\t\t<\/div>\n\t\t\t\t<\/div>\n\t\t\t\t<\/div>\n\t\t<div class=\"elementor-element elementor-element-818a7ee e-con-full e-flex e-con e-child\" data-id=\"818a7ee\" data-element_type=\"container\">\n\t\t\t\t<div class=\"elementor-element elementor-element-22f7c5a elementor-widget elementor-widget-text-editor\" data-id=\"22f7c5a\" data-element_type=\"widget\" data-widget_type=\"text-editor.default\">\n\t\t\t\t<div class=\"elementor-widget-container\">\n\t\t\t\t\t\t\t\t\t<div style=\"margin: 0px;padding: 0px;border: 0px;font-size: 14px;vertical-align: baseline;background: 50% center \/ cover no-repeat #ffffff;position: relative;font-family: Poppins, Helvetica, Arial, Lucida, sans-serif;text-align: left;color: #666666;font-style: normal;font-weight: 500;letter-spacing: normal;text-indent: 0px;text-transform: none\"><div style=\"margin: 0px;padding: 0px;border: 0px;font-size: 14px;vertical-align: baseline;background: transparent;position: relative\"><span style=\"background-color: transparent;color: #ef7a50;font-family: 'Gelica Light', Helvetica, Arial, Lucida, sans-serif;font-size: 22px;text-align: center\">S\u00e9rum<\/span><\/div><\/div>\t\t\t\t\t\t\t\t<\/div>\n\t\t\t\t<\/div>\n\t\t\t\t<div class=\"elementor-element elementor-element-c6c257f elementor-widget elementor-widget-text-editor\" data-id=\"c6c257f\" data-element_type=\"widget\" data-widget_type=\"text-editor.default\">\n\t\t\t\t<div class=\"elementor-widget-container\">\n\t\t\t\t\t\t\t\t\t<div><div><div><div><p><span style=\"background-color: transparent;color: #666666;font-family: Poppins, Helvetica, Arial, Lucida, sans-serif;font-size: 14px;text-align: justify\">En funci\u00f3n de las necesidades de tu piel y los resultados que quieras conseguir, podr\u00e1s utilizar unos serums u otros: productos con una alta concentraci\u00f3n de ingredientes que te ayudar\u00e1n a conseguir beneficios concretos. Ya tengas la piel con tendencia acn\u00e9ica, la piel deshidratada o la piel apagada, hay un producto para ti.<\/span><\/p><p style=\"margin: 0px;padding: 0px;border: 0px;font-size: 14px;vertical-align: baseline;background-image: initial;background-position: initial;background-size: initial;background-repeat: initial;background-attachment: initial;color: #666666;font-family: Poppins, Helvetica, Arial, Lucida, sans-serif;text-align: justify\"><span style=\"margin: 0px;padding: 0px;border: 0px;vertical-align: baseline;background: transparent\">Nuestra recomendaci\u00f3n:<\/span><a style=\"margin: 0px;padding: 0px;border: 0px;vertical-align: baseline;background-image: initial;background-position: initial;background-size: initial;background-repeat: initial;background-attachment: initial;color: #edb059\" href=\"https:\/\/www.clarel.es\/es\/serum-facial-acido-hialuronico-nesk-ultra-effects\">\u00a0S\u00e9rum Facial \u00c1cido Hialur\u00f3nico beNeSk Ultra Effects<\/a><\/p><\/div><\/div><\/div><\/div>\t\t\t\t\t\t\t\t<\/div>\n\t\t\t\t<\/div>\n\t\t\t\t<\/div>\n\t\t<div class=\"elementor-element elementor-element-5cfa001 e-con-full e-flex e-con e-child\" data-id=\"5cfa001\" data-element_type=\"container\">\n\t\t<div class=\"elementor-element elementor-element-0ae4e7d e-con-full e-flex e-con e-child\" data-id=\"0ae4e7d\" data-element_type=\"container\">\n\t\t\t\t<div class=\"elementor-element elementor-element-8c3f1c7 elementor-cta--layout-image-right elementor-widget__width-initial elementor-cta--skin-classic elementor-animated-content elementor-widget elementor-widget-call-to-action\" data-id=\"8c3f1c7\" data-element_type=\"widget\" data-widget_type=\"call-to-action.default\">\n\t\t\t\t<div class=\"elementor-widget-container\">\n\t\t\t\t\t\t\t<a class=\"elementor-cta\" href=\"https:\/\/www.clarel.es\/es\/serum-facial-antienvejecimiento-q10-benesk-30ml-303958\" target=\"_blank\">\n\t\t\t\t\t\t\t<div class=\"elementor-cta__content\">\n\t\t\t\t\t\t\t\t\t<div class=\"elementor-content-item elementor-cta__content-item elementor-cta__image\">\n\t\t\t\t\t\t<img decoding=\"async\" src=\"https:\/\/clarel.imgix.net\/media\/catalog\/product\/S\/_\/S_rum_Facial_Antienvejecimiento_Q10_Benesk_30Ml_3ea788a50cb2856a072b3a31774180a5592cc69d_303958_1_PERSEIDA_BELLEZA_S.L.JPG.jpg\" title=\"\" alt=\"\" loading=\"lazy\" \/>\t\t\t\t\t<\/div>\n\t\t\t\t\n\t\t\t\t\t\t\t\t\t<div class=\"elementor-cta__title elementor-cta__content-item elementor-content-item\">\n\t\t\t\t\t\tBENESK\t\t\t\t\t<\/div>\n\t\t\t\t\n\t\t\t\t\t\t\t\t\t<div class=\"elementor-cta__description elementor-cta__content-item elementor-content-item\">\n\t\t\t\t\t\tS\u00e9rum Facial Antienvejecimiento Q10<BR> <BR>\n<span style=\"font-size: 13pt\"><b>6,29\u20ac<\/span> <\/b>\t\t\t\t\t<\/div>\n\t\t\t\t\n\t\t\t\t\t\t\t\t\t<div class=\"elementor-cta__button-wrapper elementor-cta__content-item elementor-content-item \">\n\t\t\t\t\t<span class=\"elementor-cta__button elementor-button elementor-size-\">\n\t\t\t\t\t\tCOMPRAR\t\t\t\t\t<\/span>\n\t\t\t\t\t<\/div>\n\t\t\t\t\t\t\t<\/div>\n\t\t\t\t\t\t<\/a>\n\t\t\t\t\t\t<\/div>\n\t\t\t\t<\/div>\n\t\t\t\t<div class=\"elementor-element elementor-element-7ec0d7f elementor-cta--skin-classic elementor-animated-content elementor-widget elementor-widget-call-to-action\" data-id=\"7ec0d7f\" data-element_type=\"widget\" data-widget_type=\"call-to-action.default\">\n\t\t\t\t<div class=\"elementor-widget-container\">\n\t\t\t\t\t\t\t<div class=\"elementor-cta\">\n\t\t\t\t\t\t\t<div class=\"elementor-cta__content\">\n\t\t\t\t\t\t\t\t\t<div class=\"elementor-content-item elementor-cta__content-item elementor-cta__image\">\n\t\t\t\t\t\t<img decoding=\"async\" src=\"https:\/\/blog-clarel.imgix.net\/2024\/09\/Crema-reafirmante-NIVEA-Body-milk-Q10-energy-piel-seca-400-ml.jpg\" title=\"\" alt=\"\" loading=\"lazy\" \/>\t\t\t\t\t<\/div>\n\t\t\t\t\n\t\t\t\t\t\t\t\t\t<h2 class=\"elementor-cta__title elementor-cta__content-item elementor-content-item\">\n\t\t\t\t\t\tThis is the heading\t\t\t\t\t<\/h2>\n\t\t\t\t\n\t\t\t\t\t\t\t\t\t<div class=\"elementor-cta__description elementor-cta__content-item elementor-content-item\">\n\t\t\t\t\t\tLorem ipsum dolor sit amet consectetur adipiscing elit dolor\t\t\t\t\t<\/div>\n\t\t\t\t\n\t\t\t\t\t\t\t\t\t<div class=\"elementor-cta__button-wrapper elementor-cta__content-item elementor-content-item \">\n\t\t\t\t\t<a class=\"elementor-cta__button elementor-button elementor-size-\">\n\t\t\t\t\t\tCOMPRAR\t\t\t\t\t<\/a>\n\t\t\t\t\t<\/div>\n\t\t\t\t\t\t\t<\/div>\n\t\t\t\t\t\t<\/div>\n\t\t\t\t\t\t<\/div>\n\t\t\t\t<\/div>\n\t\t\t\t<\/div>\n\t\t\t\t<\/div>\n\t\t<div class=\"elementor-element elementor-element-2974ed5 e-con-full e-flex e-con e-child\" data-id=\"2974ed5\" data-element_type=\"container\">\n\t\t\t\t<div class=\"elementor-element elementor-element-825c900 elementor-widget elementor-widget-text-editor\" data-id=\"825c900\" data-element_type=\"widget\" data-widget_type=\"text-editor.default\">\n\t\t\t\t<div class=\"elementor-widget-container\">\n\t\t\t\t\t\t\t\t\t<div style=\"margin: 0px;padding: 0px;border: 0px;font-size: 14px;vertical-align: baseline;background: 50% center \/ cover no-repeat #ffffff;position: relative;font-family: Poppins, Helvetica, Arial, Lucida, sans-serif;text-align: left;color: #666666;font-style: normal;font-weight: 500;letter-spacing: normal;text-indent: 0px;text-transform: none\"><div style=\"margin: 0px;padding: 0px;border: 0px;font-size: 14px;vertical-align: baseline;background: transparent;position: relative\"><span style=\"background-color: transparent;color: #ef7a50;font-family: 'Gelica Light', Helvetica, Arial, Lucida, sans-serif;font-size: 22px;text-align: center\">Contorno de ojos<\/span><\/div><\/div>\t\t\t\t\t\t\t\t<\/div>\n\t\t\t\t<\/div>\n\t\t\t\t<div class=\"elementor-element elementor-element-ecdbe3a elementor-widget elementor-widget-text-editor\" data-id=\"ecdbe3a\" data-element_type=\"widget\" data-widget_type=\"text-editor.default\">\n\t\t\t\t<div class=\"elementor-widget-container\">\n\t\t\t\t\t\t\t\t\t<div><div><div><div><p><span style=\"color: #666666;font-family: Poppins, Helvetica, Arial, Lucida, sans-serif;font-size: 14px;text-align: justify;background: transparent;margin: 0px;padding: 0px;border: 0px;vertical-align: baseline\">La piel que rodea nuestros ojos es<\/span><b style=\"color: #666666;font-family: Poppins, Helvetica, Arial, Lucida, sans-serif;font-size: 14px;text-align: justify;background: transparent;margin: 0px;padding: 0px;border: 0px;vertical-align: baseline\">\u00a0cinco veces m\u00e1s fina que la del resto de nuestra cara<\/b><span style=\"color: #666666;font-family: Poppins, Helvetica, Arial, Lucida, sans-serif;font-size: 14px;text-align: justify;background: transparent;margin: 0px;padding: 0px;border: 0px;vertical-align: baseline\">, por ello su cuidado constituye un paso en s\u00ed mismo. Adem\u00e1s, es uno de los primeros lugares donde son visibles los signos de la edad. Mantenerlos hidratados y cuidados es clave para una rutina facial exitosa.<\/span><\/p><p style=\"margin: 0px;padding: 0px;border: 0px;font-size: 14px;vertical-align: baseline;background-image: initial;background-position: initial;background-size: initial;background-repeat: initial;background-attachment: initial;color: #666666;font-family: Poppins, Helvetica, Arial, Lucida, sans-serif;text-align: justify\"><span style=\"margin: 0px;padding: 0px;border: 0px;vertical-align: baseline;background: transparent\">Nuestra recomendaci\u00f3n:\u00a0<\/span><a style=\"margin: 0px;padding: 0px;border: 0px;vertical-align: baseline;background-image: initial;background-position: initial;background-size: initial;background-repeat: initial;background-attachment: initial;color: #edb059\" href=\"https:\/\/www.clarel.es\/es\/contorno-de-ojos-regenerist-retinol-24-max-olay-15-ml\">Contorno de ojos Regenerist Retinol 24 max OLAY 15 ml<\/a><\/p><\/div><\/div><\/div><\/div>\t\t\t\t\t\t\t\t<\/div>\n\t\t\t\t<\/div>\n\t\t\t\t<\/div>\n\t\t<div class=\"elementor-element elementor-element-b67343c e-con-full e-flex e-con e-child\" data-id=\"b67343c\" data-element_type=\"container\">\n\t\t<div class=\"elementor-element elementor-element-060b324 e-con-full e-flex e-con e-child\" data-id=\"060b324\" data-element_type=\"container\">\n\t\t\t\t<div class=\"elementor-element elementor-element-8ceb823 elementor-cta--layout-image-right elementor-widget__width-initial elementor-cta--skin-classic elementor-animated-content elementor-widget elementor-widget-call-to-action\" data-id=\"8ceb823\" data-element_type=\"widget\" data-widget_type=\"call-to-action.default\">\n\t\t\t\t<div class=\"elementor-widget-container\">\n\t\t\t\t\t\t\t<a class=\"elementor-cta\" href=\"https:\/\/www.clarel.es\/es\/contorno-de-ojos-regenerist-retinol-24-max-olay-15ml-283736\" target=\"_blank\">\n\t\t\t\t\t\t\t<div class=\"elementor-cta__content\">\n\t\t\t\t\t\t\t\t\t<div class=\"elementor-content-item elementor-cta__content-item elementor-cta__image\">\n\t\t\t\t\t\t<img decoding=\"async\" src=\"https:\/\/clarel.imgix.net\/media\/catalog\/product\/2\/8\/283736_1_3605.jpg\" title=\"\" alt=\"\" loading=\"lazy\" \/>\t\t\t\t\t<\/div>\n\t\t\t\t\n\t\t\t\t\t\t\t\t\t<div class=\"elementor-cta__title elementor-cta__content-item elementor-content-item\">\n\t\t\t\t\t\tOLAY\t\t\t\t\t<\/div>\n\t\t\t\t\n\t\t\t\t\t\t\t\t\t<div class=\"elementor-cta__description elementor-cta__content-item elementor-content-item\">\n\t\t\t\t\t\tContorno De Ojos Regenerist Retinol 24 Max<BR> <BR>\n<span style=\"font-size: 13pt\"><b>39,99\u20ac<\/span> <\/b>\t\t\t\t\t<\/div>\n\t\t\t\t\n\t\t\t\t\t\t\t\t\t<div class=\"elementor-cta__button-wrapper elementor-cta__content-item elementor-content-item \">\n\t\t\t\t\t<span class=\"elementor-cta__button elementor-button elementor-size-\">\n\t\t\t\t\t\tCOMPRAR\t\t\t\t\t<\/span>\n\t\t\t\t\t<\/div>\n\t\t\t\t\t\t\t<\/div>\n\t\t\t\t\t\t<\/a>\n\t\t\t\t\t\t<\/div>\n\t\t\t\t<\/div>\n\t\t\t\t<div class=\"elementor-element elementor-element-057cd51 elementor-cta--skin-classic elementor-animated-content elementor-widget elementor-widget-call-to-action\" data-id=\"057cd51\" data-element_type=\"widget\" data-widget_type=\"call-to-action.default\">\n\t\t\t\t<div class=\"elementor-widget-container\">\n\t\t\t\t\t\t\t<div class=\"elementor-cta\">\n\t\t\t\t\t\t\t<div class=\"elementor-cta__content\">\n\t\t\t\t\t\t\t\t\t<div class=\"elementor-content-item elementor-cta__content-item elementor-cta__image\">\n\t\t\t\t\t\t<img decoding=\"async\" src=\"https:\/\/blog-clarel.imgix.net\/2024\/09\/Crema-reafirmante-NIVEA-Body-milk-Q10-energy-piel-seca-400-ml.jpg\" title=\"\" alt=\"\" loading=\"lazy\" \/>\t\t\t\t\t<\/div>\n\t\t\t\t\n\t\t\t\t\t\t\t\t\t<h2 class=\"elementor-cta__title elementor-cta__content-item elementor-content-item\">\n\t\t\t\t\t\tThis is the heading\t\t\t\t\t<\/h2>\n\t\t\t\t\n\t\t\t\t\t\t\t\t\t<div class=\"elementor-cta__description elementor-cta__content-item elementor-content-item\">\n\t\t\t\t\t\tLorem ipsum dolor sit amet consectetur adipiscing elit dolor\t\t\t\t\t<\/div>\n\t\t\t\t\n\t\t\t\t\t\t\t\t\t<div class=\"elementor-cta__button-wrapper elementor-cta__content-item elementor-content-item \">\n\t\t\t\t\t<a class=\"elementor-cta__button elementor-button elementor-size-\">\n\t\t\t\t\t\tCOMPRAR\t\t\t\t\t<\/a>\n\t\t\t\t\t<\/div>\n\t\t\t\t\t\t\t<\/div>\n\t\t\t\t\t\t<\/div>\n\t\t\t\t\t\t<\/div>\n\t\t\t\t<\/div>\n\t\t\t\t<\/div>\n\t\t\t\t<\/div>\n\t\t<div class=\"elementor-element elementor-element-7f6dc27 e-con-full e-flex e-con e-child\" data-id=\"7f6dc27\" data-element_type=\"container\">\n\t\t\t\t<div class=\"elementor-element elementor-element-477b0f1 elementor-widget elementor-widget-text-editor\" data-id=\"477b0f1\" data-element_type=\"widget\" data-widget_type=\"text-editor.default\">\n\t\t\t\t<div class=\"elementor-widget-container\">\n\t\t\t\t\t\t\t\t\t<div style=\"margin: 0px;padding: 0px;border: 0px;font-size: 14px;vertical-align: baseline;background: 50% center \/ cover no-repeat #ffffff;position: relative;font-family: Poppins, Helvetica, Arial, Lucida, sans-serif;text-align: left;color: #666666;font-style: normal;font-weight: 500;letter-spacing: normal;text-indent: 0px;text-transform: none\"><div style=\"margin: 0px;padding: 0px;border: 0px;font-size: 14px;vertical-align: baseline;background: transparent;position: relative\"><span style=\"background-color: transparent;color: #ef7a50;font-family: 'Gelica Light', Helvetica, Arial, Lucida, sans-serif;font-size: 22px;text-align: center\">Crema hidratante<\/span><\/div><\/div>\t\t\t\t\t\t\t\t<\/div>\n\t\t\t\t<\/div>\n\t\t\t\t<div class=\"elementor-element elementor-element-9466ba0 elementor-widget elementor-widget-text-editor\" data-id=\"9466ba0\" data-element_type=\"widget\" data-widget_type=\"text-editor.default\">\n\t\t\t\t<div class=\"elementor-widget-container\">\n\t\t\t\t\t\t\t\t\t<div><div><div><div><p><span style=\"color: #666666;font-family: Poppins, Helvetica, Arial, Lucida, sans-serif;font-size: 14px;text-align: justify;background: transparent;margin: 0px;padding: 0px;border: 0px;vertical-align: baseline\">El uso de una crema hidratante adecuada para nuestro tipo de piel ser\u00e1<\/span><b style=\"color: #666666;font-family: Poppins, Helvetica, Arial, Lucida, sans-serif;font-size: 14px;text-align: justify;background: transparent;margin: 0px;padding: 0px;border: 0px;vertical-align: baseline\">\u00a0la encargada de mantener la hidrataci\u00f3n y flexibilidad del rostro<\/b><span style=\"color: #666666;font-family: Poppins, Helvetica, Arial, Lucida, sans-serif;font-size: 14px;text-align: justify;background: transparent;margin: 0px;padding: 0px;border: 0px;vertical-align: baseline\">\u00a0en su justa medida.<\/span><\/p><p><span style=\"color: #666666;font-family: Poppins, Helvetica, Arial, Lucida, sans-serif;font-size: 14px;text-align: justify;background: transparent;margin: 0px;padding: 0px;border: 0px;vertical-align: baseline\">Nuestra recomendaci\u00f3n:\u00a0<\/span><a style=\"font-family: Poppins, Helvetica, Arial, Lucida, sans-serif;font-size: 14px;text-align: justify;background: #ffffff;margin: 0px;padding: 0px;border: 0px;vertical-align: baseline;color: #edb059\" href=\"https:\/\/www.clarel.es\/es\/crema-hidratante-ba-o-de-suavidad-de-nesk-50-ml\">Crema Hidratante \u00abBa\u00f1o de Suavidad\u00bb de BeNeSk 50 ml<\/a><\/p><\/div><\/div><\/div><\/div>\t\t\t\t\t\t\t\t<\/div>\n\t\t\t\t<\/div>\n\t\t\t\t<\/div>\n\t\t<div class=\"elementor-element elementor-element-981febd e-con-full e-flex e-con e-child\" data-id=\"981febd\" data-element_type=\"container\">\n\t\t<div class=\"elementor-element elementor-element-214fe25 e-con-full e-flex e-con e-child\" data-id=\"214fe25\" data-element_type=\"container\">\n\t\t\t\t<div class=\"elementor-element elementor-element-71d42b8 elementor-cta--layout-image-right elementor-widget__width-initial elementor-cta--skin-classic elementor-animated-content elementor-widget elementor-widget-call-to-action\" data-id=\"71d42b8\" data-element_type=\"widget\" data-widget_type=\"call-to-action.default\">\n\t\t\t\t<div class=\"elementor-widget-container\">\n\t\t\t\t\t\t\t<a class=\"elementor-cta\" href=\"https:\/\/www.clarel.es\/es\/crema-facial-bano-de-suavidad-benesk-50ml-303922\" target=\"_blank\">\n\t\t\t\t\t\t\t<div class=\"elementor-cta__content\">\n\t\t\t\t\t\t\t\t\t<div class=\"elementor-content-item elementor-cta__content-item elementor-cta__image\">\n\t\t\t\t\t\t<img decoding=\"async\" src=\"https:\/\/clarel.imgix.net\/media\/catalog\/product\/C\/r\/Crema_Facial_Ba_o_De_Suavidad_Benesk_50Ml_b72baa31a645901893144bec461c8f3eb8974ff3_303922_1_PERSEIDA_BELLEZA_SL.JPG.jpg\" title=\"\" alt=\"\" loading=\"lazy\" \/>\t\t\t\t\t<\/div>\n\t\t\t\t\n\t\t\t\t\t\t\t\t\t<div class=\"elementor-cta__title elementor-cta__content-item elementor-content-item\">\n\t\t\t\t\t\tBENESK\t\t\t\t\t<\/div>\n\t\t\t\t\n\t\t\t\t\t\t\t\t\t<div class=\"elementor-cta__description elementor-cta__content-item elementor-content-item\">\n\t\t\t\t\t\tCrema Facial Ba\u00f1o De Suavidad<BR> <BR>\n<span style=\"font-size: 13pt\"><b>6,99\u20ac<\/span> <\/b>\t\t\t\t\t<\/div>\n\t\t\t\t\n\t\t\t\t\t\t\t\t\t<div class=\"elementor-cta__button-wrapper elementor-cta__content-item elementor-content-item \">\n\t\t\t\t\t<span class=\"elementor-cta__button elementor-button elementor-size-\">\n\t\t\t\t\t\tCOMPRAR\t\t\t\t\t<\/span>\n\t\t\t\t\t<\/div>\n\t\t\t\t\t\t\t<\/div>\n\t\t\t\t\t\t<\/a>\n\t\t\t\t\t\t<\/div>\n\t\t\t\t<\/div>\n\t\t\t\t<div class=\"elementor-element elementor-element-033998a elementor-cta--skin-classic elementor-animated-content elementor-widget elementor-widget-call-to-action\" data-id=\"033998a\" data-element_type=\"widget\" data-widget_type=\"call-to-action.default\">\n\t\t\t\t<div class=\"elementor-widget-container\">\n\t\t\t\t\t\t\t<div class=\"elementor-cta\">\n\t\t\t\t\t\t\t<div class=\"elementor-cta__content\">\n\t\t\t\t\t\t\t\t\t<div class=\"elementor-content-item elementor-cta__content-item elementor-cta__image\">\n\t\t\t\t\t\t<img decoding=\"async\" src=\"https:\/\/blog-clarel.imgix.net\/2024\/09\/Crema-reafirmante-NIVEA-Body-milk-Q10-energy-piel-seca-400-ml.jpg\" title=\"\" alt=\"\" loading=\"lazy\" \/>\t\t\t\t\t<\/div>\n\t\t\t\t\n\t\t\t\t\t\t\t\t\t<h2 class=\"elementor-cta__title elementor-cta__content-item elementor-content-item\">\n\t\t\t\t\t\tThis is the heading\t\t\t\t\t<\/h2>\n\t\t\t\t\n\t\t\t\t\t\t\t\t\t<div class=\"elementor-cta__description elementor-cta__content-item elementor-content-item\">\n\t\t\t\t\t\tLorem ipsum dolor sit amet consectetur adipiscing elit dolor\t\t\t\t\t<\/div>\n\t\t\t\t\n\t\t\t\t\t\t\t\t\t<div class=\"elementor-cta__button-wrapper elementor-cta__content-item elementor-content-item \">\n\t\t\t\t\t<a class=\"elementor-cta__button elementor-button elementor-size-\">\n\t\t\t\t\t\tCOMPRAR\t\t\t\t\t<\/a>\n\t\t\t\t\t<\/div>\n\t\t\t\t\t\t\t<\/div>\n\t\t\t\t\t\t<\/div>\n\t\t\t\t\t\t<\/div>\n\t\t\t\t<\/div>\n\t\t\t\t<\/div>\n\t\t\t\t<\/div>\n\t\t<div class=\"elementor-element elementor-element-da995c2 e-con-full e-flex e-con e-child\" data-id=\"da995c2\" data-element_type=\"container\">\n\t\t\t\t<div class=\"elementor-element elementor-element-e6ec5e4 elementor-widget elementor-widget-text-editor\" data-id=\"e6ec5e4\" data-element_type=\"widget\" data-widget_type=\"text-editor.default\">\n\t\t\t\t<div class=\"elementor-widget-container\">\n\t\t\t\t\t\t\t\t\t<div style=\"margin: 0px;padding: 0px;border: 0px;font-size: 14px;vertical-align: baseline;background: 50% center \/ cover no-repeat #ffffff;position: relative;font-family: Poppins, Helvetica, Arial, Lucida, sans-serif;text-align: left;color: #666666;font-style: normal;font-weight: 500;letter-spacing: normal;text-indent: 0px;text-transform: none\"><div style=\"margin: 0px;padding: 0px;border: 0px;font-size: 14px;vertical-align: baseline;background: transparent;position: relative\"><span style=\"background-color: transparent;color: #ef7a50;font-family: 'Gelica Light', Helvetica, Arial, Lucida, sans-serif;font-size: 22px;text-align: center\">Mascarilla<\/span><\/div><\/div>\t\t\t\t\t\t\t\t<\/div>\n\t\t\t\t<\/div>\n\t\t\t\t<div class=\"elementor-element elementor-element-571f979 elementor-widget elementor-widget-text-editor\" data-id=\"571f979\" data-element_type=\"widget\" data-widget_type=\"text-editor.default\">\n\t\t\t\t<div class=\"elementor-widget-container\">\n\t\t\t\t\t\t\t\t\t<div>\n<div>\n<div>\n<div>\n<p><span style=\"color: #666666;font-family: Poppins, Helvetica, Arial, Lucida, sans-serif;font-size: 14px;text-align: justify;background: transparent;margin: 0px;padding: 0px;border: 0px;vertical-align: baseline\">Una vez por semana es recomendable utilizar una mascarilla, ya sea de tejido o en formato tarro. La oportunidad perfecta para darle un&nbsp;<\/span><b style=\"color: #666666;font-family: Poppins, Helvetica, Arial, Lucida, sans-serif;font-size: 14px;text-align: justify;background: transparent;margin: 0px;padding: 0px;border: 0px;vertical-align: baseline\">chute de hidrataci\u00f3n a nuestra piel y atacar problemas concretos de nuestro rostro.<\/b><\/p><p><span style=\"font-family: Poppins, Helvetica, Arial, Lucida, sans-serif;font-size: 14px;text-align: justify;background: transparent;margin: 0px;padding: 0px;border: 0px;vertical-align: baseline\">Nuestra recomendaci\u00f3n:&nbsp;<\/span><a href=\"https:\/\/www.clarel.es\/es\/neutrogena-hydro-boost-mascarilla-de-noche-hidratante-50-ml\" style=\"font-family: Poppins, Helvetica, Arial, Lucida, sans-serif;font-size: 14px;text-align: justify;margin: 0px;padding: 0px;border: 0px;vertical-align: baseline\">Neutrogena Hydro Boost Mascarilla de Noche Hidratante<\/a><\/p>\n<\/div>\n<\/div>\n<\/div>\n<\/div>\t\t\t\t\t\t\t\t<\/div>\n\t\t\t\t<\/div>\n\t\t\t\t<\/div>\n\t\t<div class=\"elementor-element elementor-element-c1cf15d e-con-full e-flex e-con e-child\" data-id=\"c1cf15d\" data-element_type=\"container\">\n\t\t<div class=\"elementor-element elementor-element-3580f19 e-con-full e-flex e-con e-child\" data-id=\"3580f19\" data-element_type=\"container\">\n\t\t\t\t<div class=\"elementor-element elementor-element-8f23910 elementor-cta--layout-image-right elementor-widget__width-initial elementor-cta--skin-classic elementor-animated-content elementor-widget elementor-widget-call-to-action\" data-id=\"8f23910\" data-element_type=\"widget\" data-widget_type=\"call-to-action.default\">\n\t\t\t\t<div class=\"elementor-widget-container\">\n\t\t\t\t\t\t\t<a class=\"elementor-cta\" href=\"https:\/\/www.clarel.es\/es\/neutrogena-hydro-boost-mascarilla-de-noche-hidratante-50-ml\" target=\"_blank\">\n\t\t\t\t\t\t\t<div class=\"elementor-cta__content\">\n\t\t\t\t\t\t\t\t\t<div class=\"elementor-content-item elementor-cta__content-item elementor-cta__image\">\n\t\t\t\t\t\t<img decoding=\"async\" src=\"https:\/\/clarel.imgix.net\/media\/catalog\/product\/2\/8\/282291_1_d384.jpg\" title=\"\" alt=\"\" loading=\"lazy\" \/>\t\t\t\t\t<\/div>\n\t\t\t\t\n\t\t\t\t\t\t\t\t\t<div class=\"elementor-cta__title elementor-cta__content-item elementor-content-item\">\n\t\t\t\t\t\tNEUTROGENA\t\t\t\t\t<\/div>\n\t\t\t\t\n\t\t\t\t\t\t\t\t\t<div class=\"elementor-cta__description elementor-cta__content-item elementor-content-item\">\n\t\t\t\t\t\tHydro Boost Mascarilla de Noche Hidratante<BR> <BR>\n<span style=\"font-size: 13pt\"><b>20,99\u20ac<\/span> <\/b>\t\t\t\t\t<\/div>\n\t\t\t\t\n\t\t\t\t\t\t\t\t\t<div class=\"elementor-cta__button-wrapper elementor-cta__content-item elementor-content-item \">\n\t\t\t\t\t<span class=\"elementor-cta__button elementor-button elementor-size-\">\n\t\t\t\t\t\tCOMPRAR\t\t\t\t\t<\/span>\n\t\t\t\t\t<\/div>\n\t\t\t\t\t\t\t<\/div>\n\t\t\t\t\t\t<\/a>\n\t\t\t\t\t\t<\/div>\n\t\t\t\t<\/div>\n\t\t\t\t<div class=\"elementor-element elementor-element-d56e4ad elementor-cta--skin-classic elementor-animated-content elementor-widget elementor-widget-call-to-action\" data-id=\"d56e4ad\" data-element_type=\"widget\" data-widget_type=\"call-to-action.default\">\n\t\t\t\t<div class=\"elementor-widget-container\">\n\t\t\t\t\t\t\t<div class=\"elementor-cta\">\n\t\t\t\t\t\t\t<div class=\"elementor-cta__content\">\n\t\t\t\t\t\t\t\t\t<div class=\"elementor-content-item elementor-cta__content-item elementor-cta__image\">\n\t\t\t\t\t\t<img decoding=\"async\" src=\"https:\/\/blog-clarel.imgix.net\/2024\/09\/Crema-reafirmante-NIVEA-Body-milk-Q10-energy-piel-seca-400-ml.jpg\" title=\"\" alt=\"\" loading=\"lazy\" \/>\t\t\t\t\t<\/div>\n\t\t\t\t\n\t\t\t\t\t\t\t\t\t<h2 class=\"elementor-cta__title elementor-cta__content-item elementor-content-item\">\n\t\t\t\t\t\tThis is the heading\t\t\t\t\t<\/h2>\n\t\t\t\t\n\t\t\t\t\t\t\t\t\t<div class=\"elementor-cta__description elementor-cta__content-item elementor-content-item\">\n\t\t\t\t\t\tLorem ipsum dolor sit amet consectetur adipiscing elit dolor\t\t\t\t\t<\/div>\n\t\t\t\t\n\t\t\t\t\t\t\t\t\t<div class=\"elementor-cta__button-wrapper elementor-cta__content-item elementor-content-item \">\n\t\t\t\t\t<a class=\"elementor-cta__button elementor-button elementor-size-\">\n\t\t\t\t\t\tCOMPRAR\t\t\t\t\t<\/a>\n\t\t\t\t\t<\/div>\n\t\t\t\t\t\t\t<\/div>\n\t\t\t\t\t\t<\/div>\n\t\t\t\t\t\t<\/div>\n\t\t\t\t<\/div>\n\t\t\t\t<\/div>\n\t\t\t\t<\/div>\n\t\t<div class=\"elementor-element elementor-element-2c5df8d e-con-full e-flex e-con e-child\" data-id=\"2c5df8d\" data-element_type=\"container\">\n\t\t\t\t<div class=\"elementor-element elementor-element-a22d720 elementor-widget elementor-widget-text-editor\" data-id=\"a22d720\" data-element_type=\"widget\" data-widget_type=\"text-editor.default\">\n\t\t\t\t<div class=\"elementor-widget-container\">\n\t\t\t\t\t\t\t\t\t<div style=\"margin: 0px;padding: 0px;border: 0px;font-size: 14px;vertical-align: baseline;background: 50% center \/ cover no-repeat #ffffff;position: relative;font-family: Poppins, Helvetica, Arial, Lucida, sans-serif;text-align: left;color: #666666;font-style: normal;font-weight: 500;letter-spacing: normal;text-indent: 0px;text-transform: none\"><div style=\"margin: 0px;padding: 0px;border: 0px;font-size: 14px;vertical-align: baseline;background: transparent;position: relative\"><span style=\"background-color: transparent;color: #ef7a50;font-family: 'Gelica Light', Helvetica, Arial, Lucida, sans-serif;font-size: 22px;text-align: center\">Protecci\u00f3n solar<\/span><\/div><\/div>\t\t\t\t\t\t\t\t<\/div>\n\t\t\t\t<\/div>\n\t\t\t\t<div class=\"elementor-element elementor-element-d28d9b7 elementor-widget elementor-widget-text-editor\" data-id=\"d28d9b7\" data-element_type=\"widget\" data-widget_type=\"text-editor.default\">\n\t\t\t\t<div class=\"elementor-widget-container\">\n\t\t\t\t\t\t\t\t\t<div><div><div><div><p><span style=\"color: #666666;font-family: Poppins, Helvetica, Arial, Lucida, sans-serif;font-size: 14px;text-align: justify;background: transparent;margin: 0px;padding: 0px;border: 0px;vertical-align: baseline\">Independientemente de la \u00e9poca del a\u00f1o y el tiempo que haga en un d\u00eda concreto, la protecci\u00f3n solar es uno de los pasos m\u00e1s importantes de la rutina skincare. La exposici\u00f3n al sol es una de las principales\u00a0<\/span><b style=\"color: #666666;font-family: Poppins, Helvetica, Arial, Lucida, sans-serif;font-size: 14px;text-align: justify;background: transparent;margin: 0px;padding: 0px;border: 0px;vertical-align: baseline\">causas responsables del envejecimiento prematuro de la piel<\/b><span style=\"color: #666666;font-family: Poppins, Helvetica, Arial, Lucida, sans-serif;font-size: 14px;text-align: justify;background: transparent;margin: 0px;padding: 0px;border: 0px;vertical-align: baseline\">, la aparici\u00f3n de manchas y el inicio de problemas como el c\u00e1ncer de piel.<\/span><\/p><p style=\"margin: 0px;padding: 0px;border: 0px;font-size: 14px;vertical-align: baseline;background-image: initial;background-position: initial;background-size: initial;background-repeat: initial;background-attachment: initial;color: #666666;font-family: Poppins, Helvetica, Arial, Lucida, sans-serif;text-align: justify\"><span style=\"margin: 0px;padding: 0px;border: 0px;vertical-align: baseline;background: transparent\">Nuestra recomendaci\u00f3n:<\/span><a style=\"margin: 0px;padding: 0px;border: 0px;vertical-align: baseline;background-image: initial;background-position: initial;background-size: initial;background-repeat: initial;background-attachment: initial;color: #edb059\" href=\"https:\/\/www.clarel.es\/es\/protector-solar-facial-spf50-todo-tipo-piel-suntique-50-ml\">\u00a0Protector solar facial spf50+ todo tipo piel SUNTIQUE<\/a><\/p><\/div><\/div><\/div><\/div>\t\t\t\t\t\t\t\t<\/div>\n\t\t\t\t<\/div>\n\t\t\t\t<\/div>\n\t\t<div class=\"elementor-element elementor-element-3a9db84 e-con-full e-flex e-con e-child\" data-id=\"3a9db84\" data-element_type=\"container\">\n\t\t<div class=\"elementor-element elementor-element-f8e5f58 e-con-full e-flex e-con e-child\" data-id=\"f8e5f58\" data-element_type=\"container\">\n\t\t\t\t<div class=\"elementor-element elementor-element-7d2eb70 elementor-cta--layout-image-right elementor-widget__width-initial elementor-cta--skin-classic elementor-animated-content elementor-widget elementor-widget-call-to-action\" data-id=\"7d2eb70\" data-element_type=\"widget\" data-widget_type=\"call-to-action.default\">\n\t\t\t\t<div class=\"elementor-widget-container\">\n\t\t\t\t\t\t\t<a class=\"elementor-cta\" href=\"https:\/\/www.clarel.es\/es\/protector-solar-facial-spf-50-todo-tipo-piel-suntique-50ml-278813\" target=\"_blank\">\n\t\t\t\t\t\t\t<div class=\"elementor-cta__content\">\n\t\t\t\t\t\t\t\t\t<div class=\"elementor-content-item elementor-cta__content-item elementor-cta__image\">\n\t\t\t\t\t\t<img decoding=\"async\" src=\"https:\/\/clarel.imgix.net\/media\/catalog\/product\/2\/7\/278813_1_cbc9.jpg\" title=\"\" alt=\"\" loading=\"lazy\" \/>\t\t\t\t\t<\/div>\n\t\t\t\t\n\t\t\t\t\t\t\t\t\t<div class=\"elementor-cta__title elementor-cta__content-item elementor-content-item\">\n\t\t\t\t\t\tSUNTIQUE\t\t\t\t\t<\/div>\n\t\t\t\t\n\t\t\t\t\t\t\t\t\t<div class=\"elementor-cta__description elementor-cta__content-item elementor-content-item\">\n\t\t\t\t\t\tProtector Solar Facial SPF 50+ Todo Tipo Piel <BR> <BR>\n<span style=\"font-size: 13pt\"><b>22,95\u20ac<\/span> <\/b>\t\t\t\t\t<\/div>\n\t\t\t\t\n\t\t\t\t\t\t\t\t\t<div class=\"elementor-cta__button-wrapper elementor-cta__content-item elementor-content-item \">\n\t\t\t\t\t<span class=\"elementor-cta__button elementor-button elementor-size-\">\n\t\t\t\t\t\tCOMPRAR\t\t\t\t\t<\/span>\n\t\t\t\t\t<\/div>\n\t\t\t\t\t\t\t<\/div>\n\t\t\t\t\t\t<\/a>\n\t\t\t\t\t\t<\/div>\n\t\t\t\t<\/div>\n\t\t\t\t<div class=\"elementor-element elementor-element-5f2c25b elementor-cta--skin-classic elementor-animated-content elementor-widget elementor-widget-call-to-action\" data-id=\"5f2c25b\" data-element_type=\"widget\" data-widget_type=\"call-to-action.default\">\n\t\t\t\t<div class=\"elementor-widget-container\">\n\t\t\t\t\t\t\t<div class=\"elementor-cta\">\n\t\t\t\t\t\t\t<div class=\"elementor-cta__content\">\n\t\t\t\t\t\t\t\t\t<div class=\"elementor-content-item elementor-cta__content-item elementor-cta__image\">\n\t\t\t\t\t\t<img decoding=\"async\" src=\"https:\/\/blog-clarel.imgix.net\/2024\/09\/Crema-reafirmante-NIVEA-Body-milk-Q10-energy-piel-seca-400-ml.jpg\" title=\"\" alt=\"\" loading=\"lazy\" \/>\t\t\t\t\t<\/div>\n\t\t\t\t\n\t\t\t\t\t\t\t\t\t<h2 class=\"elementor-cta__title elementor-cta__content-item elementor-content-item\">\n\t\t\t\t\t\tThis is the heading\t\t\t\t\t<\/h2>\n\t\t\t\t\n\t\t\t\t\t\t\t\t\t<div class=\"elementor-cta__description elementor-cta__content-item elementor-content-item\">\n\t\t\t\t\t\tLorem ipsum dolor sit amet consectetur adipiscing elit dolor\t\t\t\t\t<\/div>\n\t\t\t\t\n\t\t\t\t\t\t\t\t\t<div class=\"elementor-cta__button-wrapper elementor-cta__content-item elementor-content-item \">\n\t\t\t\t\t<a class=\"elementor-cta__button elementor-button elementor-size-\">\n\t\t\t\t\t\tCOMPRAR\t\t\t\t\t<\/a>\n\t\t\t\t\t<\/div>\n\t\t\t\t\t\t\t<\/div>\n\t\t\t\t\t\t<\/div>\n\t\t\t\t\t\t<\/div>\n\t\t\t\t<\/div>\n\t\t\t\t<\/div>\n\t\t\t\t<\/div>\n\t\t\t\t\t<\/div>\n\t\t\t\t<\/div>\n\t\t\t\t<\/div>\n\t\t","protected":false},"excerpt":{"rendered":"<p>Descubre c\u00f3mo mejorar tu rutina de cuidado de piel y conseguir una piel radiante con estos simples pero efectivos tips. \u00a1Empieza a ver resultados en tu piel hoy mismo!<\/p>\n","protected":false},"author":5,"featured_media":4229,"comment_status":"closed","ping_status":"open","sticky":false,"template":"","format":"standard","meta":{"footnotes":""},"categories":[32,34],"tags":[],"class_list":["post-4142","post","type-post","status-publish","format-standard","has-post-thumbnail","hentry","category-cuidado-facial","category-tips-rutinas"],"yoast_head":"<!-- This site is optimized with the Yoast SEO plugin v25.4 - https:\/\/yoast.com\/wordpress\/plugins\/seo\/ -->\n<title>Revoluciona tu rutina skincare con estos consejos | Clarel<\/title>\n<meta name=\"description\" content=\"Descubre c\u00f3mo mejorar tu rutina de cuidado de piel y conseguir una piel radiante con estos simples pero efectivos tips. \u00a1Empieza a ver resultados en tu piel hoy mismo!\" \/>\n<meta name=\"robots\" content=\"index, follow, max-snippet:-1, max-image-preview:large, max-video-preview:-1\" \/>\n<link rel=\"canonical\" href=\"https:\/\/www.clarel.es\/blog\/revoluciona-tu-rutina-skincare-con-estos-consejos\/\" \/>\n<meta property=\"og:locale\" content=\"es_ES\" \/>\n<meta property=\"og:type\" content=\"article\" \/>\n<meta property=\"og:title\" content=\"Revoluciona tu rutina skincare con estos consejos | Clarel\" \/>\n<meta property=\"og:description\" content=\"Descubre c\u00f3mo mejorar tu rutina de cuidado de piel y conseguir una piel radiante con estos simples pero efectivos tips. \u00a1Empieza a ver resultados en tu piel hoy mismo!\" \/>\n<meta property=\"og:url\" content=\"https:\/\/www.clarel.es\/blog\/revoluciona-tu-rutina-skincare-con-estos-consejos\/\" \/>\n<meta property=\"og:site_name\" content=\"Clarel\" \/>\n<meta property=\"article:published_time\" content=\"2023-01-26T16:44:51+00:00\" \/>\n<meta property=\"article:modified_time\" content=\"2025-09-03T11:13:34+00:00\" \/>\n<meta property=\"og:image\" content=\"https:\/\/blog-clarel.imgix.net\/uploads\/2023\/01\/skincare.png?auto=format%2Ccompress&ixlib=php-3.3.0\" \/>\n\t<meta property=\"og:image:width\" content=\"800\" \/>\n\t<meta property=\"og:image:height\" content=\"500\" \/>\n\t<meta property=\"og:image:type\" content=\"image\/png\" \/>\n<meta name=\"twitter:card\" content=\"summary_large_image\" \/>\n<script type=\"application\/ld+json\" class=\"yoast-schema-graph\">{\"@context\":\"https:\/\/schema.org\",\"@graph\":[{\"@type\":[\"Article\",\"BlogPosting\"],\"@id\":\"https:\/\/www.clarel.es\/blog\/revoluciona-tu-rutina-skincare-con-estos-consejos\/#article\",\"isPartOf\":{\"@id\":\"https:\/\/www.clarel.es\/blog\/revoluciona-tu-rutina-skincare-con-estos-consejos\/\"},\"author\":{\"name\":\"Clarel\",\"@id\":\"https:\/\/www.clarel.es\/blog\"},\"headline\":\"Transforma tu piel en una sensaci\u00f3n de envidia con estos consejos para la rutina skincare\",\"datePublished\":\"2023-01-26T16:44:51+00:00\",\"dateModified\":\"2025-09-03T11:13:34+00:00\",\"mainEntityOfPage\":{\"@id\":\"https:\/\/www.clarel.es\/blog\/revoluciona-tu-rutina-skincare-con-estos-consejos\/\"},\"wordCount\":1400,\"publisher\":{\"@id\":\"https:\/\/www.clarel.es\/blog\/#organization\"},\"image\":{\"@id\":\"https:\/\/www.clarel.es\/blog\/revoluciona-tu-rutina-skincare-con-estos-consejos\/#primaryimage\"},\"thumbnailUrl\":\"https:\/\/blog-clarel.imgix.net\/uploads\/2023\/01\/skincare.png?auto=format%2Ccompress&ixlib=php-3.3.0\",\"articleSection\":[\"Cuidado facial\",\"Tips y rutinas\"],\"inLanguage\":\"es\"},{\"@type\":[\"WebPage\",\"ItemPage\"],\"@id\":\"https:\/\/www.clarel.es\/blog\/revoluciona-tu-rutina-skincare-con-estos-consejos\/\",\"url\":\"https:\/\/www.clarel.es\/blog\/revoluciona-tu-rutina-skincare-con-estos-consejos\/\",\"name\":\"Revoluciona tu rutina skincare con estos consejos | Clarel\",\"isPartOf\":{\"@id\":\"https:\/\/www.clarel.es\/blog\/#website\"},\"primaryImageOfPage\":{\"@id\":\"https:\/\/www.clarel.es\/blog\/revoluciona-tu-rutina-skincare-con-estos-consejos\/#primaryimage\"},\"image\":{\"@id\":\"https:\/\/www.clarel.es\/blog\/revoluciona-tu-rutina-skincare-con-estos-consejos\/#primaryimage\"},\"thumbnailUrl\":\"https:\/\/blog-clarel.imgix.net\/uploads\/2023\/01\/skincare.png?auto=format%2Ccompress&ixlib=php-3.3.0\",\"datePublished\":\"2023-01-26T16:44:51+00:00\",\"dateModified\":\"2025-09-03T11:13:34+00:00\",\"description\":\"Descubre c\u00f3mo mejorar tu rutina de cuidado de piel y conseguir una piel radiante con estos simples pero efectivos tips. \u00a1Empieza a ver resultados en tu piel hoy mismo!\",\"breadcrumb\":{\"@id\":\"https:\/\/www.clarel.es\/blog\/revoluciona-tu-rutina-skincare-con-estos-consejos\/#breadcrumb\"},\"inLanguage\":\"es\",\"potentialAction\":[{\"@type\":\"ReadAction\",\"target\":[\"https:\/\/www.clarel.es\/blog\/revoluciona-tu-rutina-skincare-con-estos-consejos\/\"]}]},{\"@type\":\"ImageObject\",\"inLanguage\":\"es\",\"@id\":\"https:\/\/www.clarel.es\/blog\/revoluciona-tu-rutina-skincare-con-estos-consejos\/#primaryimage\",\"url\":\"https:\/\/blog-clarel.imgix.net\/uploads\/2023\/01\/skincare.png?auto=format%2Ccompress&ixlib=php-3.3.0\",\"contentUrl\":\"https:\/\/blog-clarel.imgix.net\/uploads\/2023\/01\/skincare.png?auto=format%2Ccompress&ixlib=php-3.3.0\",\"width\":800,\"height\":500},{\"@type\":\"BreadcrumbList\",\"@id\":\"https:\/\/www.clarel.es\/blog\/revoluciona-tu-rutina-skincare-con-estos-consejos\/#breadcrumb\",\"itemListElement\":[{\"@type\":\"ListItem\",\"position\":1,\"name\":\"Portada\",\"item\":\"https:\/\/www.clarel.es\/blog\/\"},{\"@type\":\"ListItem\",\"position\":2,\"name\":\"Transforma tu piel en una sensaci\u00f3n de envidia con estos consejos para la rutina skincare\"}]},{\"@type\":\"WebSite\",\"@id\":\"https:\/\/www.clarel.es\/blog\/#website\",\"url\":\"https:\/\/www.clarel.es\/blog\/\",\"name\":\"Clarel\",\"description\":\"Tienda Online de perfumeria, cosmetica, maquillaje y hogar.\",\"publisher\":{\"@id\":\"https:\/\/www.clarel.es\/blog\/#organization\"},\"potentialAction\":[{\"@type\":\"SearchAction\",\"target\":{\"@type\":\"EntryPoint\",\"urlTemplate\":\"https:\/\/www.clarel.es\/blog\/?s={search_term_string}\"},\"query-input\":{\"@type\":\"PropertyValueSpecification\",\"valueRequired\":true,\"valueName\":\"search_term_string\"}}],\"inLanguage\":\"es\"},{\"@type\":\"Organization\",\"@id\":\"https:\/\/www.clarel.es\/blog\/#organization\",\"name\":\"Clarel\",\"url\":\"https:\/\/www.clarel.es\/blog\/\",\"logo\":{\"@type\":\"ImageObject\",\"inLanguage\":\"es\",\"@id\":\"https:\/\/www.clarel.es\/blog\/#\/schema\/logo\/image\/\",\"url\":\"https:\/\/clarel-test.ezenit.link\/blog\/wp-content\/uploads\/2022\/08\/logo_clarel.png\",\"contentUrl\":\"https:\/\/clarel-test.ezenit.link\/blog\/wp-content\/uploads\/2022\/08\/logo_clarel.png\",\"width\":432,\"height\":101,\"caption\":\"Clarel\"},\"image\":{\"@id\":\"https:\/\/www.clarel.es\/blog\/#\/schema\/logo\/image\/\"}}]}<\/script>\n<!-- \/ Yoast SEO plugin. -->","yoast_head_json":{"title":"Revoluciona tu rutina skincare con estos consejos | Clarel","description":"Descubre c\u00f3mo mejorar tu rutina de cuidado de piel y conseguir una piel radiante con estos simples pero efectivos tips. \u00a1Empieza a ver resultados en tu piel hoy mismo!","robots":{"index":"index","follow":"follow","max-snippet":"max-snippet:-1","max-image-preview":"max-image-preview:large","max-video-preview":"max-video-preview:-1"},"canonical":"https:\/\/www.clarel.es\/blog\/revoluciona-tu-rutina-skincare-con-estos-consejos\/","og_locale":"es_ES","og_type":"article","og_title":"Revoluciona tu rutina skincare con estos consejos | Clarel","og_description":"Descubre c\u00f3mo mejorar tu rutina de cuidado de piel y conseguir una piel radiante con estos simples pero efectivos tips. \u00a1Empieza a ver resultados en tu piel hoy mismo!","og_url":"https:\/\/www.clarel.es\/blog\/revoluciona-tu-rutina-skincare-con-estos-consejos\/","og_site_name":"Clarel","article_published_time":"2023-01-26T16:44:51+00:00","article_modified_time":"2025-09-03T11:13:34+00:00","og_image":[{"width":800,"height":500,"url":"https:\/\/blog-clarel.imgix.net\/uploads\/2023\/01\/skincare.png?auto=format%2Ccompress&ixlib=php-3.3.0","type":"image\/png"}],"twitter_card":"summary_large_image","schema":{"@context":"https:\/\/schema.org","@graph":[{"@type":["Article","BlogPosting"],"@id":"https:\/\/www.clarel.es\/blog\/revoluciona-tu-rutina-skincare-con-estos-consejos\/#article","isPartOf":{"@id":"https:\/\/www.clarel.es\/blog\/revoluciona-tu-rutina-skincare-con-estos-consejos\/"},"author":{"name":"Clarel","@id":"https:\/\/www.clarel.es\/blog"},"headline":"Transforma tu piel en una sensaci\u00f3n de envidia con estos consejos para la rutina skincare","datePublished":"2023-01-26T16:44:51+00:00","dateModified":"2025-09-03T11:13:34+00:00","mainEntityOfPage":{"@id":"https:\/\/www.clarel.es\/blog\/revoluciona-tu-rutina-skincare-con-estos-consejos\/"},"wordCount":1400,"publisher":{"@id":"https:\/\/www.clarel.es\/blog\/#organization"},"image":{"@id":"https:\/\/www.clarel.es\/blog\/revoluciona-tu-rutina-skincare-con-estos-consejos\/#primaryimage"},"thumbnailUrl":"https:\/\/blog-clarel.imgix.net\/uploads\/2023\/01\/skincare.png?auto=format%2Ccompress&ixlib=php-3.3.0","articleSection":["Cuidado facial","Tips y rutinas"],"inLanguage":"es"},{"@type":["WebPage","ItemPage"],"@id":"https:\/\/www.clarel.es\/blog\/revoluciona-tu-rutina-skincare-con-estos-consejos\/","url":"https:\/\/www.clarel.es\/blog\/revoluciona-tu-rutina-skincare-con-estos-consejos\/","name":"Revoluciona tu rutina skincare con estos consejos | Clarel","isPartOf":{"@id":"https:\/\/www.clarel.es\/blog\/#website"},"primaryImageOfPage":{"@id":"https:\/\/www.clarel.es\/blog\/revoluciona-tu-rutina-skincare-con-estos-consejos\/#primaryimage"},"image":{"@id":"https:\/\/www.clarel.es\/blog\/revoluciona-tu-rutina-skincare-con-estos-consejos\/#primaryimage"},"thumbnailUrl":"https:\/\/blog-clarel.imgix.net\/uploads\/2023\/01\/skincare.png?auto=format%2Ccompress&ixlib=php-3.3.0","datePublished":"2023-01-26T16:44:51+00:00","dateModified":"2025-09-03T11:13:34+00:00","description":"Descubre c\u00f3mo mejorar tu rutina de cuidado de piel y conseguir una piel radiante con estos simples pero efectivos tips. \u00a1Empieza a ver resultados en tu piel hoy mismo!","breadcrumb":{"@id":"https:\/\/www.clarel.es\/blog\/revoluciona-tu-rutina-skincare-con-estos-consejos\/#breadcrumb"},"inLanguage":"es","potentialAction":[{"@type":"ReadAction","target":["https:\/\/www.clarel.es\/blog\/revoluciona-tu-rutina-skincare-con-estos-consejos\/"]}]},{"@type":"ImageObject","inLanguage":"es","@id":"https:\/\/www.clarel.es\/blog\/revoluciona-tu-rutina-skincare-con-estos-consejos\/#primaryimage","url":"https:\/\/blog-clarel.imgix.net\/uploads\/2023\/01\/skincare.png?auto=format%2Ccompress&ixlib=php-3.3.0","contentUrl":"https:\/\/blog-clarel.imgix.net\/uploads\/2023\/01\/skincare.png?auto=format%2Ccompress&ixlib=php-3.3.0","width":800,"height":500},{"@type":"BreadcrumbList","@id":"https:\/\/www.clarel.es\/blog\/revoluciona-tu-rutina-skincare-con-estos-consejos\/#breadcrumb","itemListElement":[{"@type":"ListItem","position":1,"name":"Portada","item":"https:\/\/www.clarel.es\/blog\/"},{"@type":"ListItem","position":2,"name":"Transforma tu piel en una sensaci\u00f3n de envidia con estos consejos para la rutina skincare"}]},{"@type":"WebSite","@id":"https:\/\/www.clarel.es\/blog\/#website","url":"https:\/\/www.clarel.es\/blog\/","name":"Clarel","description":"Tienda Online de perfumeria, cosmetica, maquillaje y hogar.","publisher":{"@id":"https:\/\/www.clarel.es\/blog\/#organization"},"potentialAction":[{"@type":"SearchAction","target":{"@type":"EntryPoint","urlTemplate":"https:\/\/www.clarel.es\/blog\/?s={search_term_string}"},"query-input":{"@type":"PropertyValueSpecification","valueRequired":true,"valueName":"search_term_string"}}],"inLanguage":"es"},{"@type":"Organization","@id":"https:\/\/www.clarel.es\/blog\/#organization","name":"Clarel","url":"https:\/\/www.clarel.es\/blog\/","logo":{"@type":"ImageObject","inLanguage":"es","@id":"https:\/\/www.clarel.es\/blog\/#\/schema\/logo\/image\/","url":"https:\/\/clarel-test.ezenit.link\/blog\/wp-content\/uploads\/2022\/08\/logo_clarel.png","contentUrl":"https:\/\/clarel-test.ezenit.link\/blog\/wp-content\/uploads\/2022\/08\/logo_clarel.png","width":432,"height":101,"caption":"Clarel"},"image":{"@id":"https:\/\/www.clarel.es\/blog\/#\/schema\/logo\/image\/"}}]}},"_links":{"self":[{"href":"https:\/\/www.clarel.es\/blog\/wp-json\/wp\/v2\/posts\/4142","targetHints":{"allow":["GET"]}}],"collection":[{"href":"https:\/\/www.clarel.es\/blog\/wp-json\/wp\/v2\/posts"}],"about":[{"href":"https:\/\/www.clarel.es\/blog\/wp-json\/wp\/v2\/types\/post"}],"author":[{"embeddable":true,"href":"https:\/\/www.clarel.es\/blog\/wp-json\/wp\/v2\/users\/5"}],"replies":[{"embeddable":true,"href":"https:\/\/www.clarel.es\/blog\/wp-json\/wp\/v2\/comments?post=4142"}],"version-history":[{"count":51,"href":"https:\/\/www.clarel.es\/blog\/wp-json\/wp\/v2\/posts\/4142\/revisions"}],"predecessor-version":[{"id":15214,"href":"https:\/\/www.clarel.es\/blog\/wp-json\/wp\/v2\/posts\/4142\/revisions\/15214"}],"wp:featuredmedia":[{"embeddable":true,"href":"https:\/\/www.clarel.es\/blog\/wp-json\/wp\/v2\/media\/4229"}],"wp:attachment":[{"href":"https:\/\/www.clarel.es\/blog\/wp-json\/wp\/v2\/media?parent=4142"}],"wp:term":[{"taxonomy":"category","embeddable":true,"href":"https:\/\/www.clarel.es\/blog\/wp-json\/wp\/v2\/categories?post=4142"},{"taxonomy":"post_tag","embeddable":true,"href":"https:\/\/www.clarel.es\/blog\/wp-json\/wp\/v2\/tags?post=4142"}],"curies":[{"name":"wp","href":"https:\/\/api.w.org\/{rel}","templated":true}]}}