{"id":3288,"date":"2022-12-13T11:01:56","date_gmt":"2022-12-13T11:01:56","guid":{"rendered":"https:\/\/www.clarel.es\/info\/?p=3288"},"modified":"2025-09-03T11:12:20","modified_gmt":"2025-09-03T11:12:20","slug":"mejores-marcas-cosmeticos-veganos","status":"publish","type":"post","link":"https:\/\/www.clarel.es\/blog\/mejores-marcas-cosmeticos-veganos\/","title":{"rendered":"Regala las mejores marcas de cosm\u00e9ticos veganos | Clarel"},"content":{"rendered":"\t\t<div data-elementor-type=\"wp-post\" data-elementor-id=\"3288\" class=\"elementor elementor-3288\" data-elementor-post-type=\"post\">\n\t\t\t\t<div class=\"elementor-element elementor-element-6f7c052f e-flex e-con-boxed e-con e-parent\" data-id=\"6f7c052f\" data-element_type=\"container\">\n\t\t\t\t\t<div class=\"e-con-inner\">\n\t\t\t\t<div class=\"elementor-element elementor-element-285497c elementor-widget elementor-widget-text-editor\" data-id=\"285497c\" data-element_type=\"widget\" data-widget_type=\"text-editor.default\">\n\t\t\t\t<div class=\"elementor-widget-container\">\n\t\t\t\t\t\t\t\t\t<div><div><div><div><p><span style=\"color: #666666;font-family: Poppins, Helvetica, Arial, Lucida, sans-serif;font-size: 14px;text-align: justify\">Con un planeta que pide a gritos una reducci\u00f3n de nuestro consumo de carne y de productos de origen animal por su impacto directo en el cambio clim\u00e1tico, cada vez se hace m\u00e1s necesario que tomemos conciencia de las necesidades del mundo en el que vivimos y llevemos a cabo acciones con las que poder aportar nuestro granito de arena.<\/span><\/p><p style=\"margin: 0px;padding: 0px 0px 1em;border: 0px;font-size: 14px;vertical-align: baseline;background-image: initial;background-position: initial;background-size: initial;background-repeat: initial;background-attachment: initial;color: #666666;font-family: Poppins, Helvetica, Arial, Lucida, sans-serif;text-align: justify\">En este sentido, el mundo de la belleza lleva unos a\u00f1os desarrollando marcas y\u00a0<a style=\"margin: 0px;padding: 0px;border: 0px;vertical-align: baseline;background-image: initial;background-position: initial;background-size: initial;background-repeat: initial;background-attachment: initial;color: #edb059\" href=\"https:\/\/www.clarel.es\/es\/cosmetica\/cosmetica-natural\">cosm\u00e9ticos veganos<\/a>:\u00a0<span style=\"margin: 0px;padding: 0px;border: 0px;vertical-align: baseline;background: transparent;font-weight: bold\">libres en su formulaci\u00f3n de cualquier ingrediente de origen animal o derivados de los mismos.<\/span>\u00a0Una iniciativa a la que cada vez se suman m\u00e1s y m\u00e1s consumidores.<\/p><p style=\"margin: 0px;padding: 0px 0px 1em;border: 0px;font-size: 14px;vertical-align: baseline;background-image: initial;background-position: initial;background-size: initial;background-repeat: initial;background-attachment: initial;color: #666666;font-family: Poppins, Helvetica, Arial, Lucida, sans-serif;text-align: justify\">Se calcula que en Espa\u00f1a (seg\u00fan los datos recogidos por el estudio\u00a0<a style=\"margin: 0px;padding: 0px;border: 0px;vertical-align: baseline;background-image: initial;background-position: initial;background-size: initial;background-repeat: initial;background-attachment: initial;color: #edb059\" href=\"https:\/\/www.lantern.es\/papers\/the-green-revolution-entendiendo-el-auge-del-mundo-veggie\">The Green Revolution<\/a>\u00a0en el a\u00f1o 2020),\u00a0<span style=\"margin: 0px;padding: 0px;border: 0px;vertical-align: baseline;background: transparent;font-weight: bold\">un 7,8% de la poblaci\u00f3n lleva una dieta de origen vegeta<\/span>l, incluy\u00e9ndose en este grupo a las personas flexivegetarias, vegetarianas y veganas.<\/p><p style=\"margin: 0px;padding: 0px;border: 0px;font-size: 14px;vertical-align: baseline;background-image: initial;background-position: initial;background-size: initial;background-repeat: initial;background-attachment: initial;color: #666666;font-family: Poppins, Helvetica, Arial, Lucida, sans-serif;text-align: justify\">Por encima de ellas,\u00a0<span style=\"margin: 0px;padding: 0px;border: 0px;vertical-align: baseline;background: transparent;font-weight: bold\">un porcentaje mayor de consumidores busca contribuir a la reducci\u00f3n de su impacto medioambiental a trav\u00e9s de la compra de productos veganos<\/span>\u00a0y libres de crueldad animal. La raz\u00f3n es clara: no hay un planeta B.<\/p><\/div><\/div><\/div><\/div>\t\t\t\t\t\t\t\t<\/div>\n\t\t\t\t<\/div>\n\t\t\t\t<div class=\"elementor-element elementor-element-4946a60 elementor-widget elementor-widget-text-editor\" data-id=\"4946a60\" data-element_type=\"widget\" data-widget_type=\"text-editor.default\">\n\t\t\t\t<div class=\"elementor-widget-container\">\n\t\t\t\t\t\t\t\t\t<div style=\"margin: 0px;padding: 0px;border: 0px;font-size: 14px;vertical-align: baseline;background: 50% center \/ cover no-repeat #ffffff;position: relative;font-family: Poppins, Helvetica, Arial, Lucida, sans-serif;text-align: left;color: #666666;font-style: normal;font-weight: 500;letter-spacing: normal;text-indent: 0px;text-transform: none\"><div style=\"margin: 0px;padding: 0px;border: 0px;font-size: 14px;vertical-align: baseline;background: transparent;position: relative\"><span style=\"background-color: transparent;color: #f5a573;font-family: 'Gelica Light', Helvetica, Arial, Lucida, sans-serif;font-size: 30px;text-align: center\">\u00bfPor qu\u00e9 es buena idea regalar cosm\u00e9tica vegana y natural?<\/span><\/div><\/div>\t\t\t\t\t\t\t\t<\/div>\n\t\t\t\t<\/div>\n\t\t\t\t<div class=\"elementor-element elementor-element-e20f27f elementor-widget elementor-widget-text-editor\" data-id=\"e20f27f\" data-element_type=\"widget\" data-widget_type=\"text-editor.default\">\n\t\t\t\t<div class=\"elementor-widget-container\">\n\t\t\t\t\t\t\t\t\t<div><div><div><div><p><span style=\"color: #666666;font-family: Poppins, Helvetica, Arial, Lucida, sans-serif;font-size: 14px;text-align: justify\">Existen\u00a0<\/span><span style=\"background-image: initial;background-position: initial;background-size: initial;background-repeat: initial;background-attachment: initial;margin: 0px;padding: 0px;border: 0px;font-size: 14px;vertical-align: baseline;font-weight: bold;color: #666666;font-family: Poppins, Helvetica, Arial, Lucida, sans-serif;text-align: justify\">multitud de razones por las que elegir la cosm\u00e9tica vegana<\/span><span style=\"color: #666666;font-family: Poppins, Helvetica, Arial, Lucida, sans-serif;font-size: 14px;text-align: justify\">\u00a0a la hora de hacer un regalo:<\/span><\/p><\/div><\/div><\/div><\/div>\t\t\t\t\t\t\t\t<\/div>\n\t\t\t\t<\/div>\n\t\t\t\t<div class=\"elementor-element elementor-element-37f0708 elementor-widget elementor-widget-text-editor\" data-id=\"37f0708\" data-element_type=\"widget\" data-widget_type=\"text-editor.default\">\n\t\t\t\t<div class=\"elementor-widget-container\">\n\t\t\t\t\t\t\t\t\t<div style=\"margin: 0px;padding: 0px;border: 0px;font-size: 14px;vertical-align: baseline;background: 50% center \/ cover no-repeat #ffffff;position: relative;font-family: Poppins, Helvetica, Arial, Lucida, sans-serif;text-align: left;color: #666666;font-style: normal;font-weight: 500;letter-spacing: normal;text-indent: 0px;text-transform: none\"><span style=\"color: #f5a573;font-family: 'Gelica Light', Helvetica, Arial, Lucida, sans-serif;font-size: 20px\">Ingredientes naturales<\/span><\/div>\t\t\t\t\t\t\t\t<\/div>\n\t\t\t\t<\/div>\n\t\t\t\t<div class=\"elementor-element elementor-element-47bee43 elementor-widget elementor-widget-text-editor\" data-id=\"47bee43\" data-element_type=\"widget\" data-widget_type=\"text-editor.default\">\n\t\t\t\t<div class=\"elementor-widget-container\">\n\t\t\t\t\t\t\t\t\t<div><div><div><div><p><span style=\"color: #666666;font-family: Poppins, Helvetica, Arial, Lucida, sans-serif;font-size: 14px;text-align: justify\">Los ingredientes de origen vegetal y mineral que se utilizan en la composici\u00f3n de la cosm\u00e9tica natural vegana, por norma general, tienen una\u00a0<\/span><span style=\"background-image: initial;background-position: initial;background-size: initial;background-repeat: initial;background-attachment: initial;margin: 0px;padding: 0px;border: 0px;font-size: 14px;vertical-align: baseline;font-weight: bold;color: #666666;font-family: Poppins, Helvetica, Arial, Lucida, sans-serif;text-align: justify\">mayor concentraci\u00f3n de activos que los ingredientes de origen animal<\/span><span style=\"color: #666666;font-family: Poppins, Helvetica, Arial, Lucida, sans-serif;font-size: 14px;text-align: justify\">, lo que permite una mayor penetraci\u00f3n en las capas de la piel y un efecto m\u00e1s duradero.<\/span><\/p><\/div><\/div><\/div><\/div>\t\t\t\t\t\t\t\t<\/div>\n\t\t\t\t<\/div>\n\t\t\t\t<div class=\"elementor-element elementor-element-ad4107b elementor-widget elementor-widget-text-editor\" data-id=\"ad4107b\" data-element_type=\"widget\" data-widget_type=\"text-editor.default\">\n\t\t\t\t<div class=\"elementor-widget-container\">\n\t\t\t\t\t\t\t\t\t<div style=\"margin: 0px;padding: 0px;border: 0px;font-size: 14px;vertical-align: baseline;background: 50% center \/ cover no-repeat #ffffff;position: relative;font-family: Poppins, Helvetica, Arial, Lucida, sans-serif;text-align: left;color: #666666;font-style: normal;font-weight: 500;letter-spacing: normal;text-indent: 0px;text-transform: none\"><span style=\"color: #f5a573;font-family: 'Gelica Light', Helvetica, Arial, Lucida, sans-serif;font-size: 20px\">Vitaminas y antioxidantes<\/span><\/div>\t\t\t\t\t\t\t\t<\/div>\n\t\t\t\t<\/div>\n\t\t\t\t<div class=\"elementor-element elementor-element-6f29980 elementor-widget elementor-widget-text-editor\" data-id=\"6f29980\" data-element_type=\"widget\" data-widget_type=\"text-editor.default\">\n\t\t\t\t<div class=\"elementor-widget-container\">\n\t\t\t\t\t\t\t\t\t<div><div><div><div><p><span style=\"color: #666666;font-family: Poppins, Helvetica, Arial, Lucida, sans-serif;font-size: 14px;text-align: justify\">En el mismo sentido, son una\u00a0<\/span><span style=\"background-image: initial;background-position: initial;background-size: initial;background-repeat: initial;background-attachment: initial;margin: 0px;padding: 0px;border: 0px;font-size: 14px;vertical-align: baseline;font-weight: bold;color: #666666;font-family: Poppins, Helvetica, Arial, Lucida, sans-serif;text-align: justify\">fuente de vitaminas y antioxidantes<\/span><span style=\"color: #666666;font-family: Poppins, Helvetica, Arial, Lucida, sans-serif;font-size: 14px;text-align: justify\">\u00a0muy beneficiosos para el organismo.<\/span><\/p><\/div><\/div><\/div><\/div>\t\t\t\t\t\t\t\t<\/div>\n\t\t\t\t<\/div>\n\t\t\t\t<div class=\"elementor-element elementor-element-39a1543 elementor-widget elementor-widget-text-editor\" data-id=\"39a1543\" data-element_type=\"widget\" data-widget_type=\"text-editor.default\">\n\t\t\t\t<div class=\"elementor-widget-container\">\n\t\t\t\t\t\t\t\t\t<div style=\"margin: 0px;padding: 0px;border: 0px;font-size: 14px;vertical-align: baseline;background: 50% center \/ cover no-repeat #ffffff;position: relative;font-family: Poppins, Helvetica, Arial, Lucida, sans-serif;text-align: left;color: #666666;font-style: normal;font-weight: 500;letter-spacing: normal;text-indent: 0px;text-transform: none\"><span style=\"color: #f5a573;font-family: 'Gelica Light', Helvetica, Arial, Lucida, sans-serif;font-size: 20px\">Compras respetuosas con el medioambiente<\/span><\/div>\t\t\t\t\t\t\t\t<\/div>\n\t\t\t\t<\/div>\n\t\t\t\t<div class=\"elementor-element elementor-element-bbd7d0c elementor-widget elementor-widget-text-editor\" data-id=\"bbd7d0c\" data-element_type=\"widget\" data-widget_type=\"text-editor.default\">\n\t\t\t\t<div class=\"elementor-widget-container\">\n\t\t\t\t\t\t\t\t\t<div><div><div><div><p><span style=\"color: #666666;font-family: Poppins, Helvetica, Arial, Lucida, sans-serif;font-size: 14px;text-align: justify\">En muchas ocasiones las marcas preocupadas por ofrecer a sus clientes productos veganos y libres de crueldad animal van un paso m\u00e1s all\u00e1 y\u00a0<\/span><span style=\"background-image: initial;background-position: initial;background-size: initial;background-repeat: initial;background-attachment: initial;margin: 0px;padding: 0px;border: 0px;font-size: 14px;vertical-align: baseline;font-weight: bold;color: #666666;font-family: Poppins, Helvetica, Arial, Lucida, sans-serif;text-align: justify\">empaquetan sus productos utilizando materiales reciclados y reciclables<\/span><span style=\"color: #666666;font-family: Poppins, Helvetica, Arial, Lucida, sans-serif;font-size: 14px;text-align: justify\">, incluyendo en su filosof\u00eda la etiqueta \u201ceco-friendly\u201d y, por tanto, siendo a\u00fan m\u00e1s respetuosas con el planeta.<\/span><\/p><\/div><\/div><\/div><\/div>\t\t\t\t\t\t\t\t<\/div>\n\t\t\t\t<\/div>\n\t\t\t\t<div class=\"elementor-element elementor-element-ae22b9d elementor-widget elementor-widget-text-editor\" data-id=\"ae22b9d\" data-element_type=\"widget\" data-widget_type=\"text-editor.default\">\n\t\t\t\t<div class=\"elementor-widget-container\">\n\t\t\t\t\t\t\t\t\t<div style=\"margin: 0px;padding: 0px;border: 0px;font-size: 14px;vertical-align: baseline;background: 50% center \/ cover no-repeat #ffffff;position: relative;font-family: Poppins, Helvetica, Arial, Lucida, sans-serif;text-align: left;color: #666666;font-style: normal;font-weight: 500;letter-spacing: normal;text-indent: 0px;text-transform: none\"><span style=\"color: #f5a573;font-family: 'Gelica Light', Helvetica, Arial, Lucida, sans-serif;font-size: 20px\">Apta para todo tipo de pieles<\/span><\/div>\t\t\t\t\t\t\t\t<\/div>\n\t\t\t\t<\/div>\n\t\t\t\t<div class=\"elementor-element elementor-element-bd80930 elementor-widget elementor-widget-text-editor\" data-id=\"bd80930\" data-element_type=\"widget\" data-widget_type=\"text-editor.default\">\n\t\t\t\t<div class=\"elementor-widget-container\">\n\t\t\t\t\t\t\t\t\t<div><div><div><div><p><span style=\"color: #666666;font-family: Poppins, Helvetica, Arial, Lucida, sans-serif;font-size: 14px;text-align: justify\">La cosm\u00e9tica vegana y natural es\u00a0<\/span><span style=\"background-image: initial;background-position: initial;background-size: initial;background-repeat: initial;background-attachment: initial;margin: 0px;padding: 0px;border: 0px;font-size: 14px;vertical-align: baseline;font-weight: bold;color: #666666;font-family: Poppins, Helvetica, Arial, Lucida, sans-serif;text-align: justify\">apta para todo tipo de pieles<\/span><span style=\"color: #666666;font-family: Poppins, Helvetica, Arial, Lucida, sans-serif;font-size: 14px;text-align: justify\">, al estar elaborada con ingredientes que respetan el pH natural de la piel.<\/span><\/p><\/div><\/div><\/div><\/div>\t\t\t\t\t\t\t\t<\/div>\n\t\t\t\t<\/div>\n\t\t\t\t<div class=\"elementor-element elementor-element-f883c8e elementor-widget elementor-widget-text-editor\" data-id=\"f883c8e\" data-element_type=\"widget\" data-widget_type=\"text-editor.default\">\n\t\t\t\t<div class=\"elementor-widget-container\">\n\t\t\t\t\t\t\t\t\t<div style=\"margin: 0px;padding: 0px;border: 0px;font-size: 14px;vertical-align: baseline;background: 50% center \/ cover no-repeat #ffffff;position: relative;font-family: Poppins, Helvetica, Arial, Lucida, sans-serif;text-align: left;color: #666666;font-style: normal;font-weight: 500;letter-spacing: normal;text-indent: 0px;text-transform: none\"><div style=\"margin: 0px;padding: 0px;border: 0px;font-size: 14px;vertical-align: baseline;background: transparent;position: relative\"><span style=\"color: #f5a573;font-family: 'Gelica Light', Helvetica, Arial, Lucida, sans-serif;font-size: 30px;text-align: center\">Cuidados responsables, beneficios de la cosm\u00e9tica vegana<\/span><\/div><\/div>\t\t\t\t\t\t\t\t<\/div>\n\t\t\t\t<\/div>\n\t\t\t\t<div class=\"elementor-element elementor-element-784605e elementor-widget elementor-widget-text-editor\" data-id=\"784605e\" data-element_type=\"widget\" data-widget_type=\"text-editor.default\">\n\t\t\t\t<div class=\"elementor-widget-container\">\n\t\t\t\t\t\t\t\t\t<div><div><div><div><p><span style=\"color: #666666;font-family: Poppins, Helvetica, Arial, Lucida, sans-serif;font-size: 14px\">Adem\u00e1s, la cosm\u00e9tica vegana y natural en tu vida posee muchas otras ventajas:<\/span><\/p><\/div><\/div><\/div><\/div>\t\t\t\t\t\t\t\t<\/div>\n\t\t\t\t<\/div>\n\t\t\t\t<div class=\"elementor-element elementor-element-639633a elementor-widget elementor-widget-text-editor\" data-id=\"639633a\" data-element_type=\"widget\" data-widget_type=\"text-editor.default\">\n\t\t\t\t<div class=\"elementor-widget-container\">\n\t\t\t\t\t\t\t\t\t<div style=\"margin: 0px;padding: 0px;border: 0px;font-size: 14px;vertical-align: baseline;background: 50% center \/ cover no-repeat #ffffff;position: relative;font-family: Poppins, Helvetica, Arial, Lucida, sans-serif;text-align: left;color: #666666;font-style: normal;font-weight: 500;letter-spacing: normal;text-indent: 0px;text-transform: none\"><span style=\"color: #f5a573;font-family: 'Gelica Light', Helvetica, Arial, Lucida, sans-serif;font-size: 20px\">Reduce el impacto medioambiental<\/span><\/div>\t\t\t\t\t\t\t\t<\/div>\n\t\t\t\t<\/div>\n\t\t\t\t<div class=\"elementor-element elementor-element-fe912a9 elementor-widget elementor-widget-text-editor\" data-id=\"fe912a9\" data-element_type=\"widget\" data-widget_type=\"text-editor.default\">\n\t\t\t\t<div class=\"elementor-widget-container\">\n\t\t\t\t\t\t\t\t\t<div><div><div><div><p><span style=\"background-image: initial;background-position: initial;background-size: initial;background-repeat: initial;background-attachment: initial;margin: 0px;padding: 0px;border: 0px;font-size: 14px;vertical-align: baseline;font-weight: bold;color: #666666;font-family: Poppins, Helvetica, Arial, Lucida, sans-serif\">Ayuda a reducir el impacto medioambiental de una industria<\/span><span style=\"color: #666666;font-family: Poppins, Helvetica, Arial, Lucida, sans-serif;font-size: 14px\">\u00a0como la de la belleza y la cosm\u00e9tica en nuestro planeta.<\/span><\/p><\/div><\/div><\/div><\/div>\t\t\t\t\t\t\t\t<\/div>\n\t\t\t\t<\/div>\n\t\t\t\t<div class=\"elementor-element elementor-element-a51591b elementor-widget elementor-widget-text-editor\" data-id=\"a51591b\" data-element_type=\"widget\" data-widget_type=\"text-editor.default\">\n\t\t\t\t<div class=\"elementor-widget-container\">\n\t\t\t\t\t\t\t\t\t<div style=\"margin: 0px;padding: 0px;border: 0px;font-size: 14px;vertical-align: baseline;background: 50% center \/ cover no-repeat #ffffff;position: relative;font-family: Poppins, Helvetica, Arial, Lucida, sans-serif;text-align: left;color: #666666;font-style: normal;font-weight: 500;letter-spacing: normal;text-indent: 0px;text-transform: none\"><span style=\"color: #f5a573;font-family: 'Gelica Light', Helvetica, Arial, Lucida, sans-serif;font-size: 20px\">Acciones que sirven de ejemplo<\/span><\/div>\t\t\t\t\t\t\t\t<\/div>\n\t\t\t\t<\/div>\n\t\t\t\t<div class=\"elementor-element elementor-element-deeb616 elementor-widget elementor-widget-text-editor\" data-id=\"deeb616\" data-element_type=\"widget\" data-widget_type=\"text-editor.default\">\n\t\t\t\t<div class=\"elementor-widget-container\">\n\t\t\t\t\t\t\t\t\t<div><div><div><div><p><span style=\"background-image: initial;background-position: initial;background-size: initial;background-repeat: initial;background-attachment: initial;margin: 0px;padding: 0px;border: 0px;font-size: 14px;vertical-align: baseline;font-weight: bold;color: #666666;font-family: Poppins, Helvetica, Arial, Lucida, sans-serif\">Nuestras acciones pueden servir de ejemplo<\/span><span style=\"color: #666666;font-family: Poppins, Helvetica, Arial, Lucida, sans-serif;font-size: 14px\">\u00a0a los dem\u00e1s, sobre todo a nuestro c\u00edrculo m\u00e1s cercano.<\/span><\/p><\/div><\/div><\/div><\/div>\t\t\t\t\t\t\t\t<\/div>\n\t\t\t\t<\/div>\n\t\t\t\t<div class=\"elementor-element elementor-element-607c803 elementor-widget elementor-widget-text-editor\" data-id=\"607c803\" data-element_type=\"widget\" data-widget_type=\"text-editor.default\">\n\t\t\t\t<div class=\"elementor-widget-container\">\n\t\t\t\t\t\t\t\t\t<div style=\"margin: 0px;padding: 0px;border: 0px;font-size: 14px;vertical-align: baseline;background: 50% center \/ cover no-repeat #ffffff;position: relative;font-family: Poppins, Helvetica, Arial, Lucida, sans-serif;text-align: left;color: #666666;font-style: normal;font-weight: 500;letter-spacing: normal;text-indent: 0px;text-transform: none\"><span style=\"color: #f5a573;font-family: 'Gelica Light', Helvetica, Arial, Lucida, sans-serif;font-size: 20px\">Aumenta la oferta y la demanda<\/span><\/div>\t\t\t\t\t\t\t\t<\/div>\n\t\t\t\t<\/div>\n\t\t\t\t<div class=\"elementor-element elementor-element-1852504 elementor-widget elementor-widget-text-editor\" data-id=\"1852504\" data-element_type=\"widget\" data-widget_type=\"text-editor.default\">\n\t\t\t\t<div class=\"elementor-widget-container\">\n\t\t\t\t\t\t\t\t\t<div><div><div><div><p><span style=\"color: #666666;font-family: Poppins, Helvetica, Arial, Lucida, sans-serif;font-size: 14px\">Cuanto mayor es la demanda de productos veganos, mayores marcas se van a interesar por ofrecer productos de calidad a sus clientes. Iniciamos as\u00ed\u00a0<\/span><span style=\"background-image: initial;background-position: initial;background-size: initial;background-repeat: initial;background-attachment: initial;margin: 0px;padding: 0px;border: 0px;font-size: 14px;vertical-align: baseline;font-weight: bold;color: #666666;font-family: Poppins, Helvetica, Arial, Lucida, sans-serif\">una reacci\u00f3n en cadena donde la ley de la oferta y la demanda que rige los mercados propicia la creaci\u00f3n de m\u00e1s productos<\/span><span style=\"color: #666666;font-family: Poppins, Helvetica, Arial, Lucida, sans-serif;font-size: 14px\">\u00a0disponibles para los consumidores.<\/span><\/p><\/div><\/div><\/div><\/div>\t\t\t\t\t\t\t\t<\/div>\n\t\t\t\t<\/div>\n\t\t\t\t<div class=\"elementor-element elementor-element-a6333e2 elementor-widget elementor-widget-text-editor\" data-id=\"a6333e2\" data-element_type=\"widget\" data-widget_type=\"text-editor.default\">\n\t\t\t\t<div class=\"elementor-widget-container\">\n\t\t\t\t\t\t\t\t\t<div style=\"margin: 0px;padding: 0px;border: 0px;font-size: 14px;vertical-align: baseline;background: 50% center \/ cover no-repeat #ffffff;position: relative;font-family: Poppins, Helvetica, Arial, Lucida, sans-serif;text-align: left;color: #666666;font-style: normal;font-weight: 500;letter-spacing: normal;text-indent: 0px;text-transform: none\"><span style=\"color: #f5a573;font-family: 'Gelica Light', Helvetica, Arial, Lucida, sans-serif;font-size: 20px\">Cosm\u00e9ticos Cruelty Free<\/span><\/div>\t\t\t\t\t\t\t\t<\/div>\n\t\t\t\t<\/div>\n\t\t\t\t<div class=\"elementor-element elementor-element-554b422 elementor-widget elementor-widget-text-editor\" data-id=\"554b422\" data-element_type=\"widget\" data-widget_type=\"text-editor.default\">\n\t\t\t\t<div class=\"elementor-widget-container\">\n\t\t\t\t\t\t\t\t\t<div><div><div><div><p><span style=\"color: #666666;font-family: Poppins, Helvetica, Arial, Lucida, sans-serif;font-size: 14px\">Normalmente las marcas y productos de cosm\u00e9tica vegana\u00a0<\/span><span style=\"background-image: initial;background-position: initial;background-size: initial;background-repeat: initial;background-attachment: initial;margin: 0px;padding: 0px;border: 0px;font-size: 14px;vertical-align: baseline;font-weight: bold;color: #666666;font-family: Poppins, Helvetica, Arial, Lucida, sans-serif\">tambi\u00e9n son cosm\u00e9ticos cruelty free<\/span><span style=\"color: #666666;font-family: Poppins, Helvetica, Arial, Lucida, sans-serif;font-size: 14px\">, garantizando en su creaci\u00f3n que ning\u00fan ingrediente haya sido testado en animales.<\/span><\/p><\/div><\/div><\/div><\/div>\t\t\t\t\t\t\t\t<\/div>\n\t\t\t\t<\/div>\n\t\t\t\t<div class=\"elementor-element elementor-element-013157e elementor-widget elementor-widget-text-editor\" data-id=\"013157e\" data-element_type=\"widget\" data-widget_type=\"text-editor.default\">\n\t\t\t\t<div class=\"elementor-widget-container\">\n\t\t\t\t\t\t\t\t\t<div style=\"margin: 0px;padding: 0px;border: 0px;font-size: 14px;vertical-align: baseline;background: 50% center \/ cover no-repeat #ffffff;position: relative;font-family: Poppins, Helvetica, Arial, Lucida, sans-serif;text-align: left;color: #666666;font-style: normal;font-weight: 500;letter-spacing: normal;text-indent: 0px;text-transform: none\"><div style=\"margin: 0px;padding: 0px;border: 0px;font-size: 14px;vertical-align: baseline;background: transparent;position: relative\"><span style=\"color: #f5a573;font-family: 'Gelica Light', Helvetica, Arial, Lucida, sans-serif;font-size: 30px;text-align: center\">Diferencias entre cosm\u00e9tica vegana y cruelty free<\/span><\/div><\/div>\t\t\t\t\t\t\t\t<\/div>\n\t\t\t\t<\/div>\n\t\t\t\t<div class=\"elementor-element elementor-element-ac1e0fa elementor-widget elementor-widget-text-editor\" data-id=\"ac1e0fa\" data-element_type=\"widget\" data-widget_type=\"text-editor.default\">\n\t\t\t\t<div class=\"elementor-widget-container\">\n\t\t\t\t\t\t\t\t\t<div><div><div><div><p><span style=\"color: #666666;font-family: Poppins, Helvetica, Arial, Lucida, sans-serif;font-size: 14px;text-align: justify\">Pese a que son conceptos que normalmente van de la mano, la cosm\u00e9tica vegana y cruelty free o libre de crueldad animal hacen referencia a realidades distintas.<\/span><\/p><\/div><\/div><\/div><\/div>\t\t\t\t\t\t\t\t<\/div>\n\t\t\t\t<\/div>\n\t\t\t\t<div class=\"elementor-element elementor-element-f0a9681 elementor-widget elementor-widget-text-editor\" data-id=\"f0a9681\" data-element_type=\"widget\" data-widget_type=\"text-editor.default\">\n\t\t\t\t<div class=\"elementor-widget-container\">\n\t\t\t\t\t\t\t\t\t<div style=\"margin: 0px;padding: 0px;border: 0px;font-size: 14px;vertical-align: baseline;background: 50% center \/ cover no-repeat #ffffff;position: relative;font-family: Poppins, Helvetica, Arial, Lucida, sans-serif;text-align: left;color: #666666;font-style: normal;font-weight: 500;letter-spacing: normal;text-indent: 0px;text-transform: none\"><span style=\"color: #f5a573;font-family: 'Gelica Light', Helvetica, Arial, Lucida, sans-serif;font-size: 20px\">Cosm\u00e9tica vegana<\/span><\/div>\t\t\t\t\t\t\t\t<\/div>\n\t\t\t\t<\/div>\n\t\t\t\t<div class=\"elementor-element elementor-element-c72be7f elementor-widget elementor-widget-text-editor\" data-id=\"c72be7f\" data-element_type=\"widget\" data-widget_type=\"text-editor.default\">\n\t\t\t\t<div class=\"elementor-widget-container\">\n\t\t\t\t\t\t\t\t\t<div><div><div><div><p><span style=\"color: #666666;font-family: Poppins, Helvetica, Arial, Lucida, sans-serif;font-size: 14px;text-align: justify\">Por un lado, como hemos mencionado, la cosm\u00e9tica vegana es aquella que no utiliza en su formulaci\u00f3n productos de origen animal o derivados de los animales. Ingredientes como el\u00a0<\/span><span style=\"background-image: initial;background-position: initial;background-size: initial;background-repeat: initial;background-attachment: initial;margin: 0px;padding: 0px;border: 0px;font-size: 14px;vertical-align: baseline;font-weight: bold;color: #666666;font-family: Poppins, Helvetica, Arial, Lucida, sans-serif;text-align: justify\">col\u00e1geno<\/span><span style=\"color: #666666;font-family: Poppins, Helvetica, Arial, Lucida, sans-serif;font-size: 14px;text-align: justify\">, la\u00a0<\/span><span style=\"background-image: initial;background-position: initial;background-size: initial;background-repeat: initial;background-attachment: initial;margin: 0px;padding: 0px;border: 0px;font-size: 14px;vertical-align: baseline;font-weight: bold;color: #666666;font-family: Poppins, Helvetica, Arial, Lucida, sans-serif;text-align: justify\">miel<\/span><span style=\"color: #666666;font-family: Poppins, Helvetica, Arial, Lucida, sans-serif;font-size: 14px;text-align: justify\">\u00a0o la\u00a0<\/span><span style=\"background-image: initial;background-position: initial;background-size: initial;background-repeat: initial;background-attachment: initial;margin: 0px;padding: 0px;border: 0px;font-size: 14px;vertical-align: baseline;font-weight: bold;color: #666666;font-family: Poppins, Helvetica, Arial, Lucida, sans-serif;text-align: justify\">leche<\/span><span style=\"color: #666666;font-family: Poppins, Helvetica, Arial, Lucida, sans-serif;font-size: 14px;text-align: justify\">, por tanto, no pueden formar parte de un cosm\u00e9tico vegano.<\/span><\/p><\/div><\/div><\/div><\/div>\t\t\t\t\t\t\t\t<\/div>\n\t\t\t\t<\/div>\n\t\t\t\t<div class=\"elementor-element elementor-element-9fff743 elementor-widget elementor-widget-text-editor\" data-id=\"9fff743\" data-element_type=\"widget\" data-widget_type=\"text-editor.default\">\n\t\t\t\t<div class=\"elementor-widget-container\">\n\t\t\t\t\t\t\t\t\t<div style=\"margin: 0px;padding: 0px;border: 0px;font-size: 14px;vertical-align: baseline;background: 50% center \/ cover no-repeat #ffffff;position: relative;font-family: Poppins, Helvetica, Arial, Lucida, sans-serif;text-align: left;color: #666666;font-style: normal;font-weight: 500;letter-spacing: normal;text-indent: 0px;text-transform: none\"><span style=\"color: #f5a573;font-family: 'Gelica Light', Helvetica, Arial, Lucida, sans-serif;font-size: 20px\">Cosm\u00e9tica cruelty free<\/span><\/div>\t\t\t\t\t\t\t\t<\/div>\n\t\t\t\t<\/div>\n\t\t\t\t<div class=\"elementor-element elementor-element-20724a8 elementor-widget elementor-widget-text-editor\" data-id=\"20724a8\" data-element_type=\"widget\" data-widget_type=\"text-editor.default\">\n\t\t\t\t<div class=\"elementor-widget-container\">\n\t\t\t\t\t\t\t\t\t<div><div><div><div><p><span style=\"color: #666666;font-family: Poppins, Helvetica, Arial, Lucida, sans-serif;font-size: 14px;text-align: justify\">Por otro lado, un cosm\u00e9tico es<\/span><span style=\"color: #666666;font-family: Poppins, Helvetica, Arial, Lucida, sans-serif;font-size: 14px;text-align: justify\">\u00a0<\/span><span style=\"color: #666666;font-family: Poppins, Helvetica, Arial, Lucida, sans-serif;font-size: 14px;text-align: justify;background: transparent;margin: 0px;padding: 0px;border: 0px;vertical-align: baseline;font-weight: bold\">cruelty free<\/span><span style=\"color: #666666;font-family: Poppins, Helvetica, Arial, Lucida, sans-serif;font-size: 14px;text-align: justify\">\u00a0<\/span><span style=\"color: #666666;font-family: Poppins, Helvetica, Arial, Lucida, sans-serif;font-size: 14px;text-align: justify\">cuando ni el producto final ni ninguno de sus ingredientes ha sido testado en animales. Unas pr\u00e1cticas habituales, y en ocasiones obligatorias, en pa\u00edses que no se encuentran bajo la legislaci\u00f3n de<\/span><span style=\"color: #666666;font-family: Poppins, Helvetica, Arial, Lucida, sans-serif;font-size: 14px;text-align: justify\">\u00a0<\/span><span style=\"color: #666666;font-family: Poppins, Helvetica, Arial, Lucida, sans-serif;font-size: 14px;text-align: justify;background: transparent;margin: 0px;padding: 0px;border: 0px;vertical-align: baseline;font-weight: bold\">la Uni\u00f3n Europea, que desde el a\u00f1o 2013 proh\u00edbe la venta de productos testados en animales<\/span><span style=\"color: #666666;font-family: Poppins, Helvetica, Arial, Lucida, sans-serif;font-size: 14px;text-align: justify\">.<\/span><\/p><p style=\"margin: 0px;padding: 0px;border: 0px;font-size: 14px;vertical-align: baseline;background-image: initial;background-position: initial;background-size: initial;background-repeat: initial;background-attachment: initial;color: #666666;font-family: Poppins, Helvetica, Arial, Lucida, sans-serif;text-align: justify\">De esta manera nos podemos encontrar con paradojas en las que un cosm\u00e9tico puede ser cruelty free pero no vegano, o vegano pero no cruelty free.<\/p><\/div><\/div><\/div><\/div>\t\t\t\t\t\t\t\t<\/div>\n\t\t\t\t<\/div>\n\t\t\t\t<div class=\"elementor-element elementor-element-1be406e elementor-widget elementor-widget-text-editor\" data-id=\"1be406e\" data-element_type=\"widget\" data-widget_type=\"text-editor.default\">\n\t\t\t\t<div class=\"elementor-widget-container\">\n\t\t\t\t\t\t\t\t\t<div style=\"margin: 0px;padding: 0px;border: 0px;font-size: 14px;vertical-align: baseline;background: 50% center \/ cover no-repeat #ffffff;position: relative;font-family: Poppins, Helvetica, Arial, Lucida, sans-serif;text-align: left;color: #666666;font-style: normal;font-weight: 500;letter-spacing: normal;text-indent: 0px;text-transform: none\"><div style=\"margin: 0px;padding: 0px;border: 0px;font-size: 14px;vertical-align: baseline;background: transparent;position: relative\"><span style=\"color: #f5a573;font-family: 'Gelica Light', Helvetica, Arial, Lucida, sans-serif;font-size: 30px;text-align: center\">Marcas veganas estrellas para hacer el mejor regalo<\/span><\/div><\/div>\t\t\t\t\t\t\t\t<\/div>\n\t\t\t\t<\/div>\n\t\t\t\t<div class=\"elementor-element elementor-element-e6fb092 elementor-widget elementor-widget-text-editor\" data-id=\"e6fb092\" data-element_type=\"widget\" data-widget_type=\"text-editor.default\">\n\t\t\t\t<div class=\"elementor-widget-container\">\n\t\t\t\t\t\t\t\t\t<div><div><div><div><p><span style=\"color: #666666;font-family: Poppins, Helvetica, Arial, Lucida, sans-serif;font-size: 14px;text-align: justify\">\u00bfQuieres conocer marcas cosm\u00e9ticos veganos concretos? Aqu\u00ed te presentamos tres:<\/span><\/p><\/div><\/div><\/div><\/div>\t\t\t\t\t\t\t\t<\/div>\n\t\t\t\t<\/div>\n\t\t\t\t<div class=\"elementor-element elementor-element-62a32d3 elementor-widget elementor-widget-text-editor\" data-id=\"62a32d3\" data-element_type=\"widget\" data-widget_type=\"text-editor.default\">\n\t\t\t\t<div class=\"elementor-widget-container\">\n\t\t\t\t\t\t\t\t\t<div style=\"margin: 0px;padding: 0px;border: 0px;font-size: 14px;vertical-align: baseline;background: 50% center \/ cover no-repeat #ffffff;position: relative;font-family: Poppins, Helvetica, Arial, Lucida, sans-serif;text-align: left;color: #666666;font-style: normal;font-weight: 500;letter-spacing: normal;text-indent: 0px;text-transform: none\"><span style=\"color: #f5a573;font-family: 'Gelica Light', Helvetica, Arial, Lucida, sans-serif;font-size: 20px\">Babaria<\/span><\/div>\t\t\t\t\t\t\t\t<\/div>\n\t\t\t\t<\/div>\n\t\t\t\t<div class=\"elementor-element elementor-element-cd713ed elementor-widget elementor-widget-text-editor\" data-id=\"cd713ed\" data-element_type=\"widget\" data-widget_type=\"text-editor.default\">\n\t\t\t\t<div class=\"elementor-widget-container\">\n\t\t\t\t\t\t\t\t\t<div><div><div><div><p><span style=\"color: #666666;font-family: Poppins, Helvetica, Arial, Lucida, sans-serif;font-size: 14px;text-align: justify\">Con la firme convicci\u00f3n de cuidar de las personas y del planeta,\u00a0<\/span><a style=\"margin: 0px;padding: 0px;border: 0px;font-size: 14px;vertical-align: baseline;background: #ffffff;color: #edb059;font-family: Poppins, Helvetica, Arial, Lucida, sans-serif;text-align: justify\" href=\"https:\/\/www.clarel.es\/es\/marcas\/babaria\">Babaria<\/a><span style=\"color: #666666;font-family: Poppins, Helvetica, Arial, Lucida, sans-serif;font-size: 14px;text-align: justify\">\u00a0se presenta como una marca que prioriza en su cat\u00e1logo la cosm\u00e9tica natural, saludable y de calidad. Dentro de Clarel podr\u00e1s encontrar su\u00a0<\/span><a style=\"margin: 0px;padding: 0px;border: 0px;font-size: 14px;vertical-align: baseline;background: #ffffff;color: #edb059;font-family: Poppins, Helvetica, Arial, Lucida, sans-serif;text-align: justify\" href=\"https:\/\/www.clarel.es\/es\/crema-facial-dia-bio-babaria-50-ml\">crema hidratante facial de d\u00eda<\/a><span style=\"color: #666666;font-family: Poppins, Helvetica, Arial, Lucida, sans-serif;font-size: 14px;text-align: justify\">,\u00a0<\/span><a style=\"margin: 0px;padding: 0px;border: 0px;font-size: 14px;vertical-align: baseline;background: #ffffff;color: #edb059;font-family: Poppins, Helvetica, Arial, Lucida, sans-serif;text-align: justify\" href=\"https:\/\/www.clarel.es\/es\/crema-facial-noche-bio-babaria-50ml\">de noche<\/a><span style=\"color: #666666;font-family: Poppins, Helvetica, Arial, Lucida, sans-serif;font-size: 14px;text-align: justify\">\u00a0y su\u00a0<\/span><a style=\"margin: 0px;padding: 0px;border: 0px;font-size: 14px;vertical-align: baseline;background: #ffffff;color: #edb059;font-family: Poppins, Helvetica, Arial, Lucida, sans-serif;text-align: justify\" href=\"https:\/\/www.clarel.es\/es\/contorno-de-ojos-babaria-bio-15ml\">contorno de ojos<\/a><span style=\"color: #666666;font-family: Poppins, Helvetica, Arial, Lucida, sans-serif;font-size: 14px;text-align: justify\">\u00a0a precios muy asequibles para cuidar de tu piel y de tu bolsillo con las m\u00e1ximas garant\u00edas de calidad.<\/span><\/p><\/div><\/div><\/div><\/div>\t\t\t\t\t\t\t\t<\/div>\n\t\t\t\t<\/div>\n\t\t<div class=\"elementor-element elementor-element-7e1cec0 e-con-full e-flex e-con e-child\" data-id=\"7e1cec0\" data-element_type=\"container\">\n\t\t<div class=\"elementor-element elementor-element-8679911 e-con-full e-flex e-con e-child\" data-id=\"8679911\" data-element_type=\"container\">\n\t\t\t\t<div class=\"elementor-element elementor-element-579e194 elementor-cta--layout-image-right elementor-widget__width-initial elementor-cta--skin-classic elementor-animated-content elementor-widget elementor-widget-call-to-action\" data-id=\"579e194\" data-element_type=\"widget\" data-widget_type=\"call-to-action.default\">\n\t\t\t\t<div class=\"elementor-widget-container\">\n\t\t\t\t\t\t\t<a class=\"elementor-cta\" href=\"https:\/\/www.clarel.es\/es\/crema-dia-acido-hialuronico-babaria-50ml-303905\" target=\"_blank\">\n\t\t\t\t\t\t\t<div class=\"elementor-cta__content\">\n\t\t\t\t\t\t\t\t\t<div class=\"elementor-content-item elementor-cta__content-item elementor-cta__image\">\n\t\t\t\t\t\t<img decoding=\"async\" src=\"https:\/\/clarel.imgix.net\/media\/catalog\/product\/3\/0\/303905_babaria_CREMA_DIA_ACIDO_HIALURONICO_BABARIA_50ML_1_e00e.jpg\" title=\"\" alt=\"\" loading=\"lazy\" \/>\t\t\t\t\t<\/div>\n\t\t\t\t\n\t\t\t\t\t\t\t\t\t<div class=\"elementor-cta__title elementor-cta__content-item elementor-content-item\">\n\t\t\t\t\t\tBABARIA\t\t\t\t\t<\/div>\n\t\t\t\t\n\t\t\t\t\t\t\t\t\t<div class=\"elementor-cta__description elementor-cta__content-item elementor-content-item\">\n\t\t\t\t\t\tCrema Facial \u00c1cido Hialur\u00f3nico <BR> <BR>\n<span style=\"font-size: 13pt\"><b>4,49\u20ac<\/span> <\/b>\t\t\t\t\t<\/div>\n\t\t\t\t\n\t\t\t\t\t\t\t\t\t<div class=\"elementor-cta__button-wrapper elementor-cta__content-item elementor-content-item \">\n\t\t\t\t\t<span class=\"elementor-cta__button elementor-button elementor-size-\">\n\t\t\t\t\t\tCOMPRAR\t\t\t\t\t<\/span>\n\t\t\t\t\t<\/div>\n\t\t\t\t\t\t\t<\/div>\n\t\t\t\t\t\t<\/a>\n\t\t\t\t\t\t<\/div>\n\t\t\t\t<\/div>\n\t\t\t\t<\/div>\n\t\t\t\t<\/div>\n\t\t<div class=\"elementor-element elementor-element-7320c65 e-con-full e-flex e-con e-child\" data-id=\"7320c65\" data-element_type=\"container\">\n\t\t\t\t<div class=\"elementor-element elementor-element-e8ba5c1 elementor-widget elementor-widget-text-editor\" data-id=\"e8ba5c1\" data-element_type=\"widget\" data-widget_type=\"text-editor.default\">\n\t\t\t\t<div class=\"elementor-widget-container\">\n\t\t\t\t\t\t\t\t\t<div style=\"margin: 0px;padding: 0px;border: 0px;font-size: 14px;vertical-align: baseline;background: 50% center \/ cover no-repeat #ffffff;position: relative;font-family: Poppins, Helvetica, Arial, Lucida, sans-serif;text-align: left;color: #666666;font-style: normal;font-weight: 500;letter-spacing: normal;text-indent: 0px;text-transform: none\"><span style=\"color: #f5a573;font-family: 'Gelica Light', Helvetica, Arial, Lucida, sans-serif;font-size: 20px\">Bioglow<\/span><\/div>\t\t\t\t\t\t\t\t<\/div>\n\t\t\t\t<\/div>\n\t\t\t\t<div class=\"elementor-element elementor-element-83a5b9c elementor-widget elementor-widget-text-editor\" data-id=\"83a5b9c\" data-element_type=\"widget\" data-widget_type=\"text-editor.default\">\n\t\t\t\t<div class=\"elementor-widget-container\">\n\t\t\t\t\t\t\t\t\t<div><div><div><div><p><span style=\"color: #666666;font-family: Poppins, Helvetica, Arial, Lucida, sans-serif;font-size: 14px\">Descubre con\u00a0<\/span><a style=\"margin: 0px;padding: 0px;border: 0px;font-size: 14px;vertical-align: baseline;background: #ffffff;color: #edb059;font-family: Poppins, Helvetica, Arial, Lucida, sans-serif\" href=\"https:\/\/www.clarel.es\/es\/marcas\/bioglow\">Bioglow<\/a><span style=\"color: #666666;font-family: Poppins, Helvetica, Arial, Lucida, sans-serif;font-size: 14px\">\u00a0y los\u00a0<\/span><a style=\"margin: 0px;padding: 0px;border: 0px;font-size: 14px;vertical-align: baseline;background: #ffffff;color: #edb059;font-family: Poppins, Helvetica, Arial, Lucida, sans-serif\" href=\"https:\/\/www.clarel.es\/es\/desodorante-natural-alumbre-polvo-bioglow-bio-100-gr\">desodorantes naturales en polvo<\/a><span style=\"color: #666666;font-family: Poppins, Helvetica, Arial, Lucida, sans-serif;font-size: 14px\">\u00a0o en\u00a0<\/span><a style=\"margin: 0px;padding: 0px;border: 0px;font-size: 14px;vertical-align: baseline;background: #ffffff;color: #edb059;font-family: Poppins, Helvetica, Arial, Lucida, sans-serif\" href=\"https:\/\/www.clarel.es\/es\/desodorante-100-natural-de-alumbre-en-stick-bioglow-120-gr\">stick<\/a><span style=\"color: #666666;font-family: Poppins, Helvetica, Arial, Lucida, sans-serif;font-size: 14px\">\u00a0una alternativa de cosm\u00e9tica natural alejada de los qu\u00edmicos y el alcohol en su composici\u00f3n. Con propiedades fungicidas y antibacterianas para mantener la higiene en las axilas y eliminar el olor corporal, Bioglow se convertir\u00e1 en tu mejor aliado dentro de la cosm\u00e9tica vegana con precios realmente incre\u00edbles.<\/span><\/p><\/div><\/div><\/div><\/div>\t\t\t\t\t\t\t\t<\/div>\n\t\t\t\t<\/div>\n\t\t\t\t<\/div>\n\t\t<div class=\"elementor-element elementor-element-029b3a1 e-con-full e-flex e-con e-child\" data-id=\"029b3a1\" data-element_type=\"container\">\n\t\t<div class=\"elementor-element elementor-element-caa47ff e-con-full e-flex e-con e-child\" data-id=\"caa47ff\" data-element_type=\"container\">\n\t\t\t\t<div class=\"elementor-element elementor-element-16fb2dd elementor-cta--layout-image-right elementor-widget__width-initial elementor-cta--skin-classic elementor-animated-content elementor-widget elementor-widget-call-to-action\" data-id=\"16fb2dd\" data-element_type=\"widget\" data-widget_type=\"call-to-action.default\">\n\t\t\t\t<div class=\"elementor-widget-container\">\n\t\t\t\t\t\t\t<a class=\"elementor-cta\" href=\"https:\/\/www.clarel.es\/es\/desodorante-100-natural-de-alumbre-en-stick-bioglow-120-gr\" target=\"_blank\">\n\t\t\t\t\t\t\t<div class=\"elementor-cta__content\">\n\t\t\t\t\t\t\t\t\t<div class=\"elementor-content-item elementor-cta__content-item elementor-cta__image\">\n\t\t\t\t\t\t<img decoding=\"async\" src=\"https:\/\/clarel.imgix.net\/media\/catalog\/product\/D\/e\/Desodorante_En_Stick_Mineral_De_Alumbre_Bioglow_120_G_17306022dce37c53d7799e86a5408c2681fc65b4_265002_1.png\" title=\"\" alt=\"\" loading=\"lazy\" \/>\t\t\t\t\t<\/div>\n\t\t\t\t\n\t\t\t\t\t\t\t\t\t<div class=\"elementor-cta__title elementor-cta__content-item elementor-content-item\">\n\t\t\t\t\t\tBIOGLOW\t\t\t\t\t<\/div>\n\t\t\t\t\n\t\t\t\t\t\t\t\t\t<div class=\"elementor-cta__description elementor-cta__content-item elementor-content-item\">\n\t\t\t\t\t\tDesodorante En Stick Mineral De Alumbre <BR> <BR>\n<span style=\"font-size: 13pt\"><b>2,29\u20ac<\/span> <\/b>\t\t\t\t\t<\/div>\n\t\t\t\t\n\t\t\t\t\t\t\t\t\t<div class=\"elementor-cta__button-wrapper elementor-cta__content-item elementor-content-item \">\n\t\t\t\t\t<span class=\"elementor-cta__button elementor-button elementor-size-\">\n\t\t\t\t\t\tCOMPRAR\t\t\t\t\t<\/span>\n\t\t\t\t\t<\/div>\n\t\t\t\t\t\t\t<\/div>\n\t\t\t\t\t\t<\/a>\n\t\t\t\t\t\t<\/div>\n\t\t\t\t<\/div>\n\t\t\t\t<\/div>\n\t\t\t\t<\/div>\n\t\t<div class=\"elementor-element elementor-element-53f8a83 e-con-full e-flex e-con e-child\" data-id=\"53f8a83\" data-element_type=\"container\">\n\t\t\t\t<div class=\"elementor-element elementor-element-b997985 elementor-widget elementor-widget-text-editor\" data-id=\"b997985\" data-element_type=\"widget\" data-widget_type=\"text-editor.default\">\n\t\t\t\t<div class=\"elementor-widget-container\">\n\t\t\t\t\t\t\t\t\t<div style=\"margin: 0px;padding: 0px;border: 0px;font-size: 14px;vertical-align: baseline;background: 50% center \/ cover no-repeat #ffffff;position: relative;font-family: Poppins, Helvetica, Arial, Lucida, sans-serif;text-align: left;color: #666666;font-style: normal;font-weight: 500;letter-spacing: normal;text-indent: 0px;text-transform: none\"><span style=\"color: #f5a573;font-family: 'Gelica Light', Helvetica, Arial, Lucida, sans-serif;font-size: 20px\">Bioten<\/span><\/div>\t\t\t\t\t\t\t\t<\/div>\n\t\t\t\t<\/div>\n\t\t\t\t<div class=\"elementor-element elementor-element-73e0340 elementor-widget elementor-widget-text-editor\" data-id=\"73e0340\" data-element_type=\"widget\" data-widget_type=\"text-editor.default\">\n\t\t\t\t<div class=\"elementor-widget-container\">\n\t\t\t\t\t\t\t\t\t<div><div><div><div><p><span style=\"color: #666666;font-family: Poppins, Helvetica, Arial, Lucida, sans-serif;font-size: 14px\">Con productos 100% veganos y naturales de\u00a0<\/span><a style=\"margin: 0px;padding: 0px;border: 0px;font-size: 14px;vertical-align: baseline;background: #ffffff;color: #edb059;font-family: Poppins, Helvetica, Arial, Lucida, sans-serif\" href=\"https:\/\/www.clarel.es\/es\/crema-antiarrugas-multico-bioten-50-ml\">tratamiento<\/a><span style=\"color: #666666;font-family: Poppins, Helvetica, Arial, Lucida, sans-serif;font-size: 14px\">,\u00a0<\/span><a style=\"margin: 0px;padding: 0px;border: 0px;font-size: 14px;vertical-align: baseline;background: #ffffff;color: #edb059;font-family: Poppins, Helvetica, Arial, Lucida, sans-serif\" href=\"https:\/\/www.clarel.es\/es\/crema-facial-de-dia-con-vitamina-c-bioten-50ml\">cuidado facial<\/a><span style=\"color: #666666;font-family: Poppins, Helvetica, Arial, Lucida, sans-serif;font-size: 14px\">\u00a0y\u00a0<\/span><a style=\"margin: 0px;padding: 0px;border: 0px;font-size: 14px;vertical-align: baseline;background: #ffffff;color: #edb059;font-family: Poppins, Helvetica, Arial, Lucida, sans-serif\" href=\"https:\/\/www.clarel.es\/es\/crema-manos-nutritiva-bioten-100-ml\">corporal<\/a><span style=\"color: #666666;font-family: Poppins, Helvetica, Arial, Lucida, sans-serif;font-size: 14px\">, encontrar\u00e1s dentro de\u00a0<\/span><a style=\"margin: 0px;padding: 0px;border: 0px;font-size: 14px;vertical-align: baseline;background: #ffffff;color: #edb059;font-family: Poppins, Helvetica, Arial, Lucida, sans-serif\" href=\"https:\/\/www.clarel.es\/es\/marcas\/bioten\">Bioten<\/a><span style=\"color: #666666;font-family: Poppins, Helvetica, Arial, Lucida, sans-serif;font-size: 14px\">\u00a0un amplio cat\u00e1logo donde elegir sin miedo los cosm\u00e9ticos que m\u00e1s se ajusten a tus necesidades del d\u00eda a d\u00eda y a tu tipo de piel para empezar a triunfar con tu\u00a0<\/span><span style=\"color: #666666;font-family: Poppins, Helvetica, Arial, Lucida, sans-serif;font-size: 14px\">rutina de ma\u00f1ana y de noche.<\/span><\/p><\/div><\/div><\/div><\/div>\t\t\t\t\t\t\t\t<\/div>\n\t\t\t\t<\/div>\n\t\t\t\t<\/div>\n\t\t<div class=\"elementor-element elementor-element-aff5dc2 e-con-full e-flex e-con e-child\" data-id=\"aff5dc2\" data-element_type=\"container\">\n\t\t<div class=\"elementor-element elementor-element-97d8ca5 e-con-full e-flex e-con e-child\" data-id=\"97d8ca5\" data-element_type=\"container\">\n\t\t\t\t<div class=\"elementor-element elementor-element-7ff819f elementor-cta--layout-image-right elementor-widget__width-initial elementor-cta--skin-classic elementor-animated-content elementor-widget elementor-widget-call-to-action\" data-id=\"7ff819f\" data-element_type=\"widget\" data-widget_type=\"call-to-action.default\">\n\t\t\t\t<div class=\"elementor-widget-container\">\n\t\t\t\t\t\t\t<a class=\"elementor-cta\" href=\"https:\/\/www.clarel.es\/es\/crema-hidratante-piel-normalmixta-bioten-50ml-265624\" target=\"_blank\">\n\t\t\t\t\t\t\t<div class=\"elementor-cta__content\">\n\t\t\t\t\t\t\t\t\t<div class=\"elementor-content-item elementor-cta__content-item elementor-cta__image\">\n\t\t\t\t\t\t<img decoding=\"async\" src=\"https:\/\/clarel.imgix.net\/media\/catalog\/product\/2\/6\/265624_1_2f00.jpg\" title=\"\" alt=\"\" loading=\"lazy\" \/>\t\t\t\t\t<\/div>\n\t\t\t\t\n\t\t\t\t\t\t\t\t\t<div class=\"elementor-cta__title elementor-cta__content-item elementor-content-item\">\n\t\t\t\t\t\tBIOTEN\t\t\t\t\t<\/div>\n\t\t\t\t\n\t\t\t\t\t\t\t\t\t<div class=\"elementor-cta__description elementor-cta__content-item elementor-content-item\">\n\t\t\t\t\t\tCrema Hidratante Piel Normal\/Mixta<BR> <BR>\n<span style=\"font-size: 13pt\"><b>4,49\u20ac<\/span> <\/b>\t\t\t\t\t<\/div>\n\t\t\t\t\n\t\t\t\t\t\t\t\t\t<div class=\"elementor-cta__button-wrapper elementor-cta__content-item elementor-content-item \">\n\t\t\t\t\t<span class=\"elementor-cta__button elementor-button elementor-size-\">\n\t\t\t\t\t\tCOMPRAR\t\t\t\t\t<\/span>\n\t\t\t\t\t<\/div>\n\t\t\t\t\t\t\t<\/div>\n\t\t\t\t\t\t<\/a>\n\t\t\t\t\t\t<\/div>\n\t\t\t\t<\/div>\n\t\t\t\t<\/div>\n\t\t\t\t<\/div>\n\t\t<div class=\"elementor-element elementor-element-868ce47 e-con-full e-flex e-con e-child\" data-id=\"868ce47\" data-element_type=\"container\">\n\t\t\t\t<div class=\"elementor-element elementor-element-eb17444 elementor-widget elementor-widget-text-editor\" data-id=\"eb17444\" data-element_type=\"widget\" data-widget_type=\"text-editor.default\">\n\t\t\t\t<div class=\"elementor-widget-container\">\n\t\t\t\t\t\t\t\t\t<div style=\"margin: 0px;padding: 0px;border: 0px;font-size: 14px;vertical-align: baseline;background: 50% center \/ cover no-repeat #ffffff;position: relative;font-family: Poppins, Helvetica, Arial, Lucida, sans-serif;text-align: left;color: #666666;font-style: normal;font-weight: 500;letter-spacing: normal;text-indent: 0px;text-transform: none\"><div style=\"margin: 0px;padding: 0px;border: 0px;font-size: 14px;vertical-align: baseline;background: transparent;position: relative\"><span style=\"color: #f5a573;font-family: 'Gelica Light', Helvetica, Arial, Lucida, sans-serif;font-size: 30px;text-align: center\">\u00bfC\u00f3mo saber si una marca es vegana?<\/span><\/div><\/div>\t\t\t\t\t\t\t\t<\/div>\n\t\t\t\t<\/div>\n\t\t\t\t<div class=\"elementor-element elementor-element-41fffdb elementor-widget elementor-widget-text-editor\" data-id=\"41fffdb\" data-element_type=\"widget\" data-widget_type=\"text-editor.default\">\n\t\t\t\t<div class=\"elementor-widget-container\">\n\t\t\t\t\t\t\t\t\t<div><div><div><div><p><span style=\"color: #666666;font-family: Poppins, Helvetica, Arial, Lucida, sans-serif;font-size: 14px;text-align: justify\">Si has decidido llevar a cabo un consumo responsable de productos y optar por la cosm\u00e9tica vegana,<\/span><span style=\"color: #666666;font-family: Poppins, Helvetica, Arial, Lucida, sans-serif;font-size: 14px;text-align: justify\">\u00a0<\/span><span style=\"color: #666666;font-family: Poppins, Helvetica, Arial, Lucida, sans-serif;font-size: 14px;text-align: justify;background: transparent;margin: 0px;padding: 0px;border: 0px;vertical-align: baseline;font-weight: bold\">puedes encontrar dificultades a la hora de mirar la composici\u00f3n de un producto<\/span><span style=\"color: #666666;font-family: Poppins, Helvetica, Arial, Lucida, sans-serif;font-size: 14px;text-align: justify\">\u00a0<\/span><span style=\"color: #666666;font-family: Poppins, Helvetica, Arial, Lucida, sans-serif;font-size: 14px;text-align: justify\">detectar si alguno de sus ingredientes es de origen animal o no.<\/span><\/p><p style=\"margin: 0px;padding: 0px;border: 0px;font-size: 14px;vertical-align: baseline;background-image: initial;background-position: initial;background-size: initial;background-repeat: initial;background-attachment: initial;color: #666666;font-family: Poppins, Helvetica, Arial, Lucida, sans-serif;text-align: justify\">Como puede resultar muy cansado buscar en Google la procedencia de cada uno de ellos, nosotros te recomendamos utilizar\u00a0<span style=\"margin: 0px;padding: 0px;border: 0px;vertical-align: baseline;background: transparent;font-weight: bold\">aplicaciones como<\/span>\u00a0<a style=\"margin: 0px;padding: 0px;border: 0px;vertical-align: baseline;background-image: initial;background-position: initial;background-size: initial;background-repeat: initial;background-attachment: initial;color: #edb059\" href=\"https:\/\/incibeauty.com\/es\">INCI Beauty<\/a>, que desde un punto de vista cient\u00edfico y alejada de la influencia de las marcas y los grandes laboratorios, te ayudar\u00e1 a conocer la composici\u00f3n de tus compras y conocer su origen para que tomes la rienda de tu consumo.<\/p><p style=\"margin: 0px;padding: 0px;border: 0px;font-size: 14px;vertical-align: baseline;background-image: initial;background-position: initial;background-size: initial;background-repeat: initial;background-attachment: initial;color: #666666;font-family: Poppins, Helvetica, Arial, Lucida, sans-serif;text-align: justify\">\u00a0<\/p><p style=\"margin: 0px;padding: 0px;border: 0px;font-size: 14px;vertical-align: baseline;background-image: initial;background-position: initial;background-size: initial;background-repeat: initial;background-attachment: initial;color: #666666;font-family: Poppins, Helvetica, Arial, Lucida, sans-serif;text-align: justify\">Adem\u00e1s, a nivel europeo existen dos etiquetas diferentes que garantizan que los productos son veganos:<\/p><p style=\"margin: 0px;padding: 0px;border: 0px;font-size: 14px;vertical-align: baseline;background-image: initial;background-position: initial;background-size: initial;background-repeat: initial;background-attachment: initial;color: #666666;font-family: Poppins, Helvetica, Arial, Lucida, sans-serif;text-align: justify\">\u00a0<\/p><p style=\"margin: 0px;padding: 0px 0px 1em;border: 0px;font-size: 14px;vertical-align: baseline;background-image: initial;background-position: initial;background-size: initial;background-repeat: initial;background-attachment: initial;color: #666666;font-family: Poppins, Helvetica, Arial, Lucida, sans-serif;text-align: justify\">\u00a0 \u00a0 \u2022\u00a0<span style=\"margin: 0px;padding: 0px;border: 0px;vertical-align: baseline;background: transparent;font-weight: bold\">V-Label<\/span>: certifica que los productos son veganos y libres de crueldad animal.<\/p><p style=\"margin: 0px;padding: 0px;border: 0px;font-size: 14px;vertical-align: baseline;background-image: initial;background-position: initial;background-size: initial;background-repeat: initial;background-attachment: initial;color: #666666;font-family: Poppins, Helvetica, Arial, Lucida, sans-serif;text-align: justify\">\u00a0 \u2022\u00a0<span style=\"margin: 0px;padding: 0px;border: 0px;vertical-align: baseline;background: transparent;font-weight: bold\">The Vegan Society<\/span>: se aplica tanto dentro del campo de la cosm\u00e9tica como de la alimentaci\u00f3n para garantizar que ning\u00fan producto contiene ingredientes de origen animal.<\/p><\/div><\/div><\/div><\/div>\t\t\t\t\t\t\t\t<\/div>\n\t\t\t\t<\/div>\n\t\t\t\t<div class=\"elementor-element elementor-element-0fd90ca elementor-widget elementor-widget-text-editor\" data-id=\"0fd90ca\" data-element_type=\"widget\" data-widget_type=\"text-editor.default\">\n\t\t\t\t<div class=\"elementor-widget-container\">\n\t\t\t\t\t\t\t\t\t<div style=\"margin: 0px;padding: 0px;border: 0px;font-size: 14px;vertical-align: baseline;background: 50% center \/ cover no-repeat #ffffff;position: relative;font-family: Poppins, Helvetica, Arial, Lucida, sans-serif;text-align: left;color: #666666;font-style: normal;font-weight: 500;letter-spacing: normal;text-indent: 0px;text-transform: none\"><div style=\"margin: 0px;padding: 0px;border: 0px;font-size: 14px;vertical-align: baseline;background: transparent;position: relative\"><span style=\"color: #f5a573;font-family: 'Gelica Light', Helvetica, Arial, Lucida, sans-serif;font-size: 30px;text-align: center\">\u00bfQu\u00e9 significa un producto cosm\u00e9tico 100% vegano?<\/span><\/div><\/div>\t\t\t\t\t\t\t\t<\/div>\n\t\t\t\t<\/div>\n\t\t\t\t<div class=\"elementor-element elementor-element-9513a18 elementor-widget elementor-widget-text-editor\" data-id=\"9513a18\" data-element_type=\"widget\" data-widget_type=\"text-editor.default\">\n\t\t\t\t<div class=\"elementor-widget-container\">\n\t\t\t\t\t\t\t\t\t<div><div><div><div><p><span style=\"color: #666666;font-family: Poppins, Helvetica, Arial, Lucida, sans-serif;font-size: 14px;text-align: justify;background: transparent;margin: 0px;padding: 0px;border: 0px;vertical-align: baseline;font-weight: bold\">Un producto cosm\u00e9tico ser\u00e1 100% vegano cuando junte en s\u00ed mismo las etiquetas de \u201cvegano\u201d y \u201ccruelty free\u201d<\/span><span style=\"color: #666666;font-family: Poppins, Helvetica, Arial, Lucida, sans-serif;font-size: 14px;text-align: justify\">, es decir, cuando no est\u00e9 formulado con ingredientes de origen animal ni derivados y cuando no haya sido testado en animales.<\/span><\/p><p><span style=\"color: #666666;font-family: Poppins, Helvetica, Arial, Lucida, sans-serif;font-size: 14px;text-align: justify\">Con toda esta informaci\u00f3n, ahora te toca a ti. Elige la cosm\u00e9tica vegana de entre una gran variedad de productos y marcas disponibles en Clarel y contribuye a mejorar el planeta al mismo tiempo que apuestas por el cuidado de tu piel sin contribuir al uso de ingredientes de origen animal.<\/span><\/p><p style=\"margin: 0px;padding: 0px;border: 0px;font-size: 14px;vertical-align: baseline;background-image: initial;background-position: initial;background-size: initial;background-repeat: initial;background-attachment: initial;color: #666666;font-family: Poppins, Helvetica, Arial, Lucida, sans-serif;text-align: justify\"><span style=\"margin: 0px;padding: 0px;border: 0px;vertical-align: baseline;background: transparent;font-weight: bold\">Descubre con nosotros un amplio abanico de productos que regalar estas navidades o en cualquier otra ocasi\u00f3n especial del a\u00f1o a trav\u00e9s de nuestra p\u00e1gina web.<\/span><\/p><\/div><\/div><\/div><\/div>\t\t\t\t\t\t\t\t<\/div>\n\t\t\t\t<\/div>\n\t\t\t\t<\/div>\n\t\t\t\t\t<\/div>\n\t\t\t\t<\/div>\n\t\t\t\t<\/div>\n\t\t","protected":false},"excerpt":{"rendered":"<p>\u00bfNo sabes que regalar? \u00bfConoces los cosm\u00e9ticos veganos? En Clarel te damos los mejores tips para que sorprendas a tus seres queridos \u00a1Entra y l\u00e9enos!<\/p>\n","protected":false},"author":5,"featured_media":3296,"comment_status":"closed","ping_status":"closed","sticky":false,"template":"","format":"standard","meta":{"footnotes":""},"categories":[31],"tags":[],"class_list":["post-3288","post","type-post","status-publish","format-standard","has-post-thumbnail","hentry","category-tendencias-de-belleza"],"yoast_head":"<!-- This site is optimized with the Yoast SEO plugin v25.4 - https:\/\/yoast.com\/wordpress\/plugins\/seo\/ -->\n<title>Regala las mejores marcas de cosm\u00e9ticos veganos | Clarel<\/title>\n<meta name=\"description\" content=\"\u00bfNo sabes que regalar? \u00bfConoces los cosm\u00e9ticos veganos? En Clarel te damos los mejores tips para que sorprendas a tus seres queridos \u00a1Entra y l\u00e9enos!\" \/>\n<meta name=\"robots\" content=\"index, follow, max-snippet:-1, max-image-preview:large, max-video-preview:-1\" \/>\n<link rel=\"canonical\" href=\"https:\/\/www.clarel.es\/blog\/mejores-marcas-cosmeticos-veganos\/\" \/>\n<meta property=\"og:locale\" content=\"es_ES\" \/>\n<meta property=\"og:type\" content=\"article\" \/>\n<meta property=\"og:title\" content=\"Regala las mejores marcas de cosm\u00e9ticos veganos | Clarel\" \/>\n<meta property=\"og:description\" content=\"\u00bfNo sabes que regalar? \u00bfConoces los cosm\u00e9ticos veganos? En Clarel te damos los mejores tips para que sorprendas a tus seres queridos \u00a1Entra y l\u00e9enos!\" \/>\n<meta property=\"og:url\" content=\"https:\/\/www.clarel.es\/blog\/mejores-marcas-cosmeticos-veganos\/\" \/>\n<meta property=\"og:site_name\" content=\"Clarel\" \/>\n<meta property=\"article:published_time\" content=\"2022-12-13T11:01:56+00:00\" \/>\n<meta property=\"article:modified_time\" content=\"2025-09-03T11:12:20+00:00\" \/>\n<meta property=\"og:image\" content=\"https:\/\/blog-clarel.imgix.net\/uploads\/2022\/12\/beneficios-cosmeticos-veganos-e1670939047875.jpg?auto=format%2Ccompress&ixlib=php-3.3.0\" \/>\n\t<meta property=\"og:image:width\" content=\"988\" \/>\n\t<meta property=\"og:image:height\" content=\"978\" \/>\n\t<meta property=\"og:image:type\" content=\"image\/jpeg\" \/>\n<meta name=\"twitter:card\" content=\"summary_large_image\" \/>\n<script type=\"application\/ld+json\" class=\"yoast-schema-graph\">{\"@context\":\"https:\/\/schema.org\",\"@graph\":[{\"@type\":\"Article\",\"@id\":\"https:\/\/www.clarel.es\/blog\/mejores-marcas-cosmeticos-veganos\/#article\",\"isPartOf\":{\"@id\":\"https:\/\/www.clarel.es\/blog\/mejores-marcas-cosmeticos-veganos\/\"},\"author\":{\"name\":\"Clarel\",\"@id\":\"https:\/\/www.clarel.es\/blog\"},\"headline\":\"Regala las mejores marcas de cosm\u00e9ticos veganos | Clarel\",\"datePublished\":\"2022-12-13T11:01:56+00:00\",\"dateModified\":\"2025-09-03T11:12:20+00:00\",\"mainEntityOfPage\":{\"@id\":\"https:\/\/www.clarel.es\/blog\/mejores-marcas-cosmeticos-veganos\/\"},\"wordCount\":1282,\"publisher\":{\"@id\":\"https:\/\/www.clarel.es\/blog\/#organization\"},\"image\":{\"@id\":\"https:\/\/www.clarel.es\/blog\/mejores-marcas-cosmeticos-veganos\/#primaryimage\"},\"thumbnailUrl\":\"https:\/\/blog-clarel.imgix.net\/uploads\/2022\/12\/beneficios-cosmeticos-veganos-e1670939047875.jpg?auto=format%2Ccompress&ixlib=php-3.3.0\",\"articleSection\":[\"Tendencias de belleza\"],\"inLanguage\":\"es\"},{\"@type\":\"WebPage\",\"@id\":\"https:\/\/www.clarel.es\/blog\/mejores-marcas-cosmeticos-veganos\/\",\"url\":\"https:\/\/www.clarel.es\/blog\/mejores-marcas-cosmeticos-veganos\/\",\"name\":\"Regala las mejores marcas de cosm\u00e9ticos veganos | Clarel\",\"isPartOf\":{\"@id\":\"https:\/\/www.clarel.es\/blog\/#website\"},\"primaryImageOfPage\":{\"@id\":\"https:\/\/www.clarel.es\/blog\/mejores-marcas-cosmeticos-veganos\/#primaryimage\"},\"image\":{\"@id\":\"https:\/\/www.clarel.es\/blog\/mejores-marcas-cosmeticos-veganos\/#primaryimage\"},\"thumbnailUrl\":\"https:\/\/blog-clarel.imgix.net\/uploads\/2022\/12\/beneficios-cosmeticos-veganos-e1670939047875.jpg?auto=format%2Ccompress&ixlib=php-3.3.0\",\"datePublished\":\"2022-12-13T11:01:56+00:00\",\"dateModified\":\"2025-09-03T11:12:20+00:00\",\"description\":\"\u00bfNo sabes que regalar? \u00bfConoces los cosm\u00e9ticos veganos? En Clarel te damos los mejores tips para que sorprendas a tus seres queridos \u00a1Entra y l\u00e9enos!\",\"breadcrumb\":{\"@id\":\"https:\/\/www.clarel.es\/blog\/mejores-marcas-cosmeticos-veganos\/#breadcrumb\"},\"inLanguage\":\"es\",\"potentialAction\":[{\"@type\":\"ReadAction\",\"target\":[\"https:\/\/www.clarel.es\/blog\/mejores-marcas-cosmeticos-veganos\/\"]}]},{\"@type\":\"ImageObject\",\"inLanguage\":\"es\",\"@id\":\"https:\/\/www.clarel.es\/blog\/mejores-marcas-cosmeticos-veganos\/#primaryimage\",\"url\":\"https:\/\/blog-clarel.imgix.net\/uploads\/2022\/12\/beneficios-cosmeticos-veganos-e1670939047875.jpg?auto=format%2Ccompress&ixlib=php-3.3.0\",\"contentUrl\":\"https:\/\/blog-clarel.imgix.net\/uploads\/2022\/12\/beneficios-cosmeticos-veganos-e1670939047875.jpg?auto=format%2Ccompress&ixlib=php-3.3.0\",\"width\":988,\"height\":978,\"caption\":\"Foto mascarillas veganas\"},{\"@type\":\"BreadcrumbList\",\"@id\":\"https:\/\/www.clarel.es\/blog\/mejores-marcas-cosmeticos-veganos\/#breadcrumb\",\"itemListElement\":[{\"@type\":\"ListItem\",\"position\":1,\"name\":\"Portada\",\"item\":\"https:\/\/www.clarel.es\/blog\/\"},{\"@type\":\"ListItem\",\"position\":2,\"name\":\"Regala las mejores marcas de cosm\u00e9ticos veganos | Clarel\"}]},{\"@type\":\"WebSite\",\"@id\":\"https:\/\/www.clarel.es\/blog\/#website\",\"url\":\"https:\/\/www.clarel.es\/blog\/\",\"name\":\"Clarel\",\"description\":\"Tienda Online de perfumeria, cosmetica, maquillaje y hogar.\",\"publisher\":{\"@id\":\"https:\/\/www.clarel.es\/blog\/#organization\"},\"potentialAction\":[{\"@type\":\"SearchAction\",\"target\":{\"@type\":\"EntryPoint\",\"urlTemplate\":\"https:\/\/www.clarel.es\/blog\/?s={search_term_string}\"},\"query-input\":{\"@type\":\"PropertyValueSpecification\",\"valueRequired\":true,\"valueName\":\"search_term_string\"}}],\"inLanguage\":\"es\"},{\"@type\":\"Organization\",\"@id\":\"https:\/\/www.clarel.es\/blog\/#organization\",\"name\":\"Clarel\",\"url\":\"https:\/\/www.clarel.es\/blog\/\",\"logo\":{\"@type\":\"ImageObject\",\"inLanguage\":\"es\",\"@id\":\"https:\/\/www.clarel.es\/blog\/#\/schema\/logo\/image\/\",\"url\":\"https:\/\/clarel-test.ezenit.link\/blog\/wp-content\/uploads\/2022\/08\/logo_clarel.png\",\"contentUrl\":\"https:\/\/clarel-test.ezenit.link\/blog\/wp-content\/uploads\/2022\/08\/logo_clarel.png\",\"width\":432,\"height\":101,\"caption\":\"Clarel\"},\"image\":{\"@id\":\"https:\/\/www.clarel.es\/blog\/#\/schema\/logo\/image\/\"}}]}<\/script>\n<!-- \/ Yoast SEO plugin. -->","yoast_head_json":{"title":"Regala las mejores marcas de cosm\u00e9ticos veganos | Clarel","description":"\u00bfNo sabes que regalar? \u00bfConoces los cosm\u00e9ticos veganos? En Clarel te damos los mejores tips para que sorprendas a tus seres queridos \u00a1Entra y l\u00e9enos!","robots":{"index":"index","follow":"follow","max-snippet":"max-snippet:-1","max-image-preview":"max-image-preview:large","max-video-preview":"max-video-preview:-1"},"canonical":"https:\/\/www.clarel.es\/blog\/mejores-marcas-cosmeticos-veganos\/","og_locale":"es_ES","og_type":"article","og_title":"Regala las mejores marcas de cosm\u00e9ticos veganos | Clarel","og_description":"\u00bfNo sabes que regalar? \u00bfConoces los cosm\u00e9ticos veganos? En Clarel te damos los mejores tips para que sorprendas a tus seres queridos \u00a1Entra y l\u00e9enos!","og_url":"https:\/\/www.clarel.es\/blog\/mejores-marcas-cosmeticos-veganos\/","og_site_name":"Clarel","article_published_time":"2022-12-13T11:01:56+00:00","article_modified_time":"2025-09-03T11:12:20+00:00","og_image":[{"width":988,"height":978,"url":"https:\/\/blog-clarel.imgix.net\/uploads\/2022\/12\/beneficios-cosmeticos-veganos-e1670939047875.jpg?auto=format%2Ccompress&ixlib=php-3.3.0","type":"image\/jpeg"}],"twitter_card":"summary_large_image","schema":{"@context":"https:\/\/schema.org","@graph":[{"@type":"Article","@id":"https:\/\/www.clarel.es\/blog\/mejores-marcas-cosmeticos-veganos\/#article","isPartOf":{"@id":"https:\/\/www.clarel.es\/blog\/mejores-marcas-cosmeticos-veganos\/"},"author":{"name":"Clarel","@id":"https:\/\/www.clarel.es\/blog"},"headline":"Regala las mejores marcas de cosm\u00e9ticos veganos | Clarel","datePublished":"2022-12-13T11:01:56+00:00","dateModified":"2025-09-03T11:12:20+00:00","mainEntityOfPage":{"@id":"https:\/\/www.clarel.es\/blog\/mejores-marcas-cosmeticos-veganos\/"},"wordCount":1282,"publisher":{"@id":"https:\/\/www.clarel.es\/blog\/#organization"},"image":{"@id":"https:\/\/www.clarel.es\/blog\/mejores-marcas-cosmeticos-veganos\/#primaryimage"},"thumbnailUrl":"https:\/\/blog-clarel.imgix.net\/uploads\/2022\/12\/beneficios-cosmeticos-veganos-e1670939047875.jpg?auto=format%2Ccompress&ixlib=php-3.3.0","articleSection":["Tendencias de belleza"],"inLanguage":"es"},{"@type":"WebPage","@id":"https:\/\/www.clarel.es\/blog\/mejores-marcas-cosmeticos-veganos\/","url":"https:\/\/www.clarel.es\/blog\/mejores-marcas-cosmeticos-veganos\/","name":"Regala las mejores marcas de cosm\u00e9ticos veganos | Clarel","isPartOf":{"@id":"https:\/\/www.clarel.es\/blog\/#website"},"primaryImageOfPage":{"@id":"https:\/\/www.clarel.es\/blog\/mejores-marcas-cosmeticos-veganos\/#primaryimage"},"image":{"@id":"https:\/\/www.clarel.es\/blog\/mejores-marcas-cosmeticos-veganos\/#primaryimage"},"thumbnailUrl":"https:\/\/blog-clarel.imgix.net\/uploads\/2022\/12\/beneficios-cosmeticos-veganos-e1670939047875.jpg?auto=format%2Ccompress&ixlib=php-3.3.0","datePublished":"2022-12-13T11:01:56+00:00","dateModified":"2025-09-03T11:12:20+00:00","description":"\u00bfNo sabes que regalar? \u00bfConoces los cosm\u00e9ticos veganos? En Clarel te damos los mejores tips para que sorprendas a tus seres queridos \u00a1Entra y l\u00e9enos!","breadcrumb":{"@id":"https:\/\/www.clarel.es\/blog\/mejores-marcas-cosmeticos-veganos\/#breadcrumb"},"inLanguage":"es","potentialAction":[{"@type":"ReadAction","target":["https:\/\/www.clarel.es\/blog\/mejores-marcas-cosmeticos-veganos\/"]}]},{"@type":"ImageObject","inLanguage":"es","@id":"https:\/\/www.clarel.es\/blog\/mejores-marcas-cosmeticos-veganos\/#primaryimage","url":"https:\/\/blog-clarel.imgix.net\/uploads\/2022\/12\/beneficios-cosmeticos-veganos-e1670939047875.jpg?auto=format%2Ccompress&ixlib=php-3.3.0","contentUrl":"https:\/\/blog-clarel.imgix.net\/uploads\/2022\/12\/beneficios-cosmeticos-veganos-e1670939047875.jpg?auto=format%2Ccompress&ixlib=php-3.3.0","width":988,"height":978,"caption":"Foto mascarillas veganas"},{"@type":"BreadcrumbList","@id":"https:\/\/www.clarel.es\/blog\/mejores-marcas-cosmeticos-veganos\/#breadcrumb","itemListElement":[{"@type":"ListItem","position":1,"name":"Portada","item":"https:\/\/www.clarel.es\/blog\/"},{"@type":"ListItem","position":2,"name":"Regala las mejores marcas de cosm\u00e9ticos veganos | Clarel"}]},{"@type":"WebSite","@id":"https:\/\/www.clarel.es\/blog\/#website","url":"https:\/\/www.clarel.es\/blog\/","name":"Clarel","description":"Tienda Online de perfumeria, cosmetica, maquillaje y hogar.","publisher":{"@id":"https:\/\/www.clarel.es\/blog\/#organization"},"potentialAction":[{"@type":"SearchAction","target":{"@type":"EntryPoint","urlTemplate":"https:\/\/www.clarel.es\/blog\/?s={search_term_string}"},"query-input":{"@type":"PropertyValueSpecification","valueRequired":true,"valueName":"search_term_string"}}],"inLanguage":"es"},{"@type":"Organization","@id":"https:\/\/www.clarel.es\/blog\/#organization","name":"Clarel","url":"https:\/\/www.clarel.es\/blog\/","logo":{"@type":"ImageObject","inLanguage":"es","@id":"https:\/\/www.clarel.es\/blog\/#\/schema\/logo\/image\/","url":"https:\/\/clarel-test.ezenit.link\/blog\/wp-content\/uploads\/2022\/08\/logo_clarel.png","contentUrl":"https:\/\/clarel-test.ezenit.link\/blog\/wp-content\/uploads\/2022\/08\/logo_clarel.png","width":432,"height":101,"caption":"Clarel"},"image":{"@id":"https:\/\/www.clarel.es\/blog\/#\/schema\/logo\/image\/"}}]}},"_links":{"self":[{"href":"https:\/\/www.clarel.es\/blog\/wp-json\/wp\/v2\/posts\/3288","targetHints":{"allow":["GET"]}}],"collection":[{"href":"https:\/\/www.clarel.es\/blog\/wp-json\/wp\/v2\/posts"}],"about":[{"href":"https:\/\/www.clarel.es\/blog\/wp-json\/wp\/v2\/types\/post"}],"author":[{"embeddable":true,"href":"https:\/\/www.clarel.es\/blog\/wp-json\/wp\/v2\/users\/5"}],"replies":[{"embeddable":true,"href":"https:\/\/www.clarel.es\/blog\/wp-json\/wp\/v2\/comments?post=3288"}],"version-history":[{"count":53,"href":"https:\/\/www.clarel.es\/blog\/wp-json\/wp\/v2\/posts\/3288\/revisions"}],"predecessor-version":[{"id":15205,"href":"https:\/\/www.clarel.es\/blog\/wp-json\/wp\/v2\/posts\/3288\/revisions\/15205"}],"wp:featuredmedia":[{"embeddable":true,"href":"https:\/\/www.clarel.es\/blog\/wp-json\/wp\/v2\/media\/3296"}],"wp:attachment":[{"href":"https:\/\/www.clarel.es\/blog\/wp-json\/wp\/v2\/media?parent=3288"}],"wp:term":[{"taxonomy":"category","embeddable":true,"href":"https:\/\/www.clarel.es\/blog\/wp-json\/wp\/v2\/categories?post=3288"},{"taxonomy":"post_tag","embeddable":true,"href":"https:\/\/www.clarel.es\/blog\/wp-json\/wp\/v2\/tags?post=3288"}],"curies":[{"name":"wp","href":"https:\/\/api.w.org\/{rel}","templated":true}]}}