{"id":18002,"date":"2026-04-15T16:40:24","date_gmt":"2026-04-15T16:40:24","guid":{"rendered":"https:\/\/www.clarel.es\/blog\/biotina-no-cabelo-para-que-serve\/"},"modified":"2026-04-30T11:10:42","modified_gmt":"2026-04-30T11:10:42","slug":"biotina-no-cabelo-para-que-serve","status":"publish","type":"post","link":"https:\/\/www.clarel.es\/blog\/pt-pt\/biotina-no-cabelo-para-que-serve\/","title":{"rendered":"Biotina no cabelo: para que serve?"},"content":{"rendered":"\t\t<div data-elementor-type=\"wp-post\" data-elementor-id=\"18002\" class=\"elementor elementor-18002 elementor-17707\" data-elementor-post-type=\"post\">\n\t\t\t\t<div class=\"elementor-element elementor-element-b481bc3 e-flex e-con-boxed e-con e-parent\" data-id=\"b481bc3\" data-element_type=\"container\">\n\t\t\t\t\t<div class=\"e-con-inner\">\n\t\t\t\t<div class=\"elementor-element elementor-element-457a5f8 elementor-widget elementor-widget-text-editor\" data-id=\"457a5f8\" data-element_type=\"widget\" data-widget_type=\"text-editor.default\">\n\t\t\t\t<div class=\"elementor-widget-container\">\n\t\t\t\t\t\t\t\t\t<p dir=\"ltr\" style=\"line-height: 1.2; text-align: justify; margin-top: 14pt; margin-bottom: 14pt;\"><span style=\"color: #767171; font-family: Poppins; text-align: start;\">Se alguma vez procurou informa\u00e7\u00e3o sobre o cuidado do cabelo, \u00e9 muito <\/span><span style=\"color: #767171; font-family: Poppins; text-align: start;\">prov\u00e1vel que a biotina tenha aparecido no seu radar. Champ\u00f4s, suplementos,  <\/span><span style=\"color: #767171; font-family: Poppins; text-align: start;\">tratamentos capilares\u2026 parece estar em todo o lado. <\/span><\/p><p dir=\"ltr\" style=\"line-height: 1.2; text-align: justify; margin-top: 14pt; margin-bottom: 14pt;\"><span style=\"color: #767171; font-family: Poppins; text-align: start;\">E com isto surge a grande quest\u00e3o: para que serve realmente a biotina <\/span><span style=\"color: #767171; font-family: Poppins; text-align: start;\">no cabelo?<\/span> Funciona mesmo ou \u00e9 apenas mais uma moda?<\/p><p dir=\"ltr\" style=\"line-height: 1.2; text-align: justify; margin-top: 14pt; margin-bottom: 14pt;\"><span style=\"color: #767171; font-family: Poppins; text-align: start;\">A biotina, tamb\u00e9m conhecida como<\/span> <b style=\"color: #767171; font-family: Poppins; text-align: start;\">vitamina B7 ou vitamina H<\/b><span style=\"color: #767171; font-family: Poppins; text-align: start;\">, \u00e9 uma<\/span> <span style=\"color: #767171; font-family: Poppins; text-align: start;\">vitamina do complexo B que participa em processos fundamentais do organismo. A sua rela\u00e7\u00e3o com o cabelo n\u00e3o \u00e9 casual, mas tamb\u00e9m n\u00e3o \u00e9 t\u00e3o simples como muitas vezes se apresenta.  <\/span><span style=\"color: #767171; font-family: Poppins; text-align: start;\">com o cabelo n\u00e3o \u00e9 casual, mas tamb\u00e9m n\u00e3o \u00e9 t\u00e3o simples como muitas vezes se<\/span> <span style=\"color: #767171; font-family: Poppins; text-align: start;\">apresenta.<\/span> <\/p><p dir=\"ltr\" style=\"line-height: 1.2; text-align: justify; margin-top: 14pt; margin-bottom: 14pt;\"><span style=\"color: #767171; font-family: Poppins; text-align: start;\">Por isso, neste guia vamos explicar-lhe de forma clara, honesta e sem <\/span><span style=\"color: #767171; font-family: Poppins; text-align: start;\">exageros<\/span> <b style=\"color: #767171; font-family: Poppins; text-align: start;\">como a biotina ajuda o cabelo<\/b><span style=\"color: #767171; font-family: Poppins; text-align: start;\">, quando pode ser \u00fatil <\/span><span style=\"color: #767171; font-family: Poppins; text-align: start;\">e quando conv\u00e9m n\u00e3o esperar milagres.<\/span><\/p>\t\t\t\t\t\t\t\t<\/div>\n\t\t\t\t<\/div>\n\t\t\t\t<div class=\"elementor-element elementor-element-ddc5653 elementor-widget elementor-widget-text-editor\" data-id=\"ddc5653\" data-element_type=\"widget\" data-widget_type=\"text-editor.default\">\n\t\t\t\t<div class=\"elementor-widget-container\">\n\t\t\t\t\t\t\t\t\t<div style=\"margin: 0px; padding: 0px; border: 0px; font-size: 14px; vertical-align: baseline; background: 50% center \/ cover no-repeat #ffffff; position: relative; font-family: Gelica Light Italic, Poppins, Helvetica, Arial, Lucida, sans-serif; text-align: left; color: #666666; font-style: normal; font-weight: 500; letter-spacing: normal; text-indent: 0px; text-transform: none;\"><div style=\"margin: 0px; padding: 0px; border: 0px; font-size: 14px; vertical-align: baseline; background: transparent; position: relative;\"><span style=\"background-color: transparent; color: #f5a573; font-family: 'Gelica Light', Helvetica, Arial, Lucida, sans-serif; font-size: 26px;\">O que \u00e9 a biotina e como funciona no cabelo<\/span><\/div><\/div>\t\t\t\t\t\t\t\t<\/div>\n\t\t\t\t<\/div>\n\t\t\t\t<div class=\"elementor-element elementor-element-6745b3c elementor-widget elementor-widget-text-editor\" data-id=\"6745b3c\" data-element_type=\"widget\" data-widget_type=\"text-editor.default\">\n\t\t\t\t<div class=\"elementor-widget-container\">\n\t\t\t\t\t\t\t\t\t<p dir=\"ltr\" style=\"line-height: 1.2; text-align: justify; margin-top: 14pt; margin-bottom: 14pt;\"><span style=\"color: #767171; font-family: Poppins; text-align: start;\">A biotina \u00e9 uma<\/span> <b style=\"color: #767171; font-family: Poppins; text-align: start;\">vitamina hidrossol\u00favel<\/b> <span style=\"color: #767171; font-family: Poppins; text-align: start;\">essencial para o metabolismo<\/span> <span style=\"color: #767171; font-family: Poppins; text-align: start;\">de grasas, hidratos de carbono y prote\u00ednas. En t\u00e9rminos sencillos, ayuda a que  <\/span><span style=\"color: #767171; font-family: Poppins; text-align: start;\">nosso corpo a transformar os nutrientes em energia e a manter em bom estado<\/span> <span style=\"color: #767171; font-family: Poppins; text-align: start;\">tecidos como a pele, as unhas e o cabelo.<\/span><\/p><p class=\"MsoNormal\" style=\"margin-bottom: 0cm; line-height: normal;\"><span style=\"color: #767171; font-family: Poppins;\">O seu v\u00ednculo com o cabelo est\u00e1 relacionado com a<\/span> <b style=\"color: #767171; font-family: Poppins;\">queratina, a prote\u00edna<\/b> <b style=\"color: #767171; font-family: Poppins;\">principal<\/b> <span style=\"color: #767171; font-family: Poppins;\">que forma a fibra capilar. Quando o organismo n\u00e3o disp\u00f5e de biotina  <\/span><span style=\"color: #767171; font-family: Poppins;\">suficiente, podem surgir sintomas como cabelo mais fraco, perda de<\/span> <span style=\"color: #767171; font-family: Poppins;\">densidade ou at\u00e9 mesmo queda.<\/span> <\/p><p class=\"MsoNormal\" style=\"margin-bottom: 0cm; line-height: normal;\"><span style=\"font-family: Poppins; mso-fareast-font-family: 'Times New Roman'; color: #767171; mso-themecolor: background2; mso-themeshade: 128; mso-fareast-language: ES;\"> <\/span><\/p><p class=\"MsoNormal\" style=\"margin-bottom: 0cm; line-height: normal;\"><span style=\"font-family: Poppins; mso-fareast-font-family: 'Times New Roman'; color: #767171; mso-themecolor: background2; mso-themeshade: 128; mso-fareast-language: ES;\">No entanto, isto acontece sobretudo em <b>casos de d\u00e9fice<\/b>, algo que n\u00e3o \u00e9 t\u00e3o frequente como por vezes se pensa.<\/span><\/p><p class=\"MsoNormal\" style=\"margin-bottom: 0cm; line-height: normal;\"><span style=\"font-family: Poppins; mso-fareast-font-family: 'Times New Roman'; color: #767171; mso-themecolor: background2; mso-themeshade: 128; mso-fareast-language: ES;\"> <\/span><\/p><p class=\"MsoNormal\" style=\"margin-bottom: 0cm; line-height: normal;\"><span style=\"color: #767171; font-family: Poppins;\">Em pessoas com uma alimenta\u00e7\u00e3o equilibrada, a biotina costuma estar <\/span><span style=\"color: #767171; font-family: Poppins;\">presente em quantidades adequadas. Por isso, \u00e9 importante perceber que a biotina  <\/span><span style=\"color: #767171; font-family: Poppins;\">n\u00e3o \u201ccria\u201d cabelo novo por si s\u00f3, mas sim que<\/span> <b style=\"color: #767171; font-family: Poppins;\">contribui<\/b> <span style=\"color: #767171; font-family: Poppins;\">para que o<\/span> <span style=\"color: #767171; font-family: Poppins;\">cabelo se forme e se mantenha em melhores condi\u00e7\u00f5es quando existe uma<\/span> necessidade real.<\/p>\t\t\t\t\t\t\t\t<\/div>\n\t\t\t\t<\/div>\n\t\t\t\t<div class=\"elementor-element elementor-element-57c7996 elementor-widget elementor-widget-text-editor\" data-id=\"57c7996\" data-element_type=\"widget\" data-widget_type=\"text-editor.default\">\n\t\t\t\t<div class=\"elementor-widget-container\">\n\t\t\t\t\t\t\t\t\t<div style=\"margin: 0px; padding: 0px; border: 0px; font-size: 14px; vertical-align: baseline; background: 50% center \/ cover no-repeat #ffffff; position: relative; font-family: Poppins, Helvetica, Arial, Lucida, sans-serif; text-align: left; color: #666666; font-style: normal; font-weight: 500; letter-spacing: normal; text-indent: 0px; text-transform: none;\"><span style=\"background-color: transparent; color: #f5a573; font-size: 19px;\">Fortalecimento da fibra capilar<\/span><\/div>\t\t\t\t\t\t\t\t<\/div>\n\t\t\t\t<\/div>\n\t\t\t\t<div class=\"elementor-element elementor-element-273c7d4 elementor-widget elementor-widget-text-editor\" data-id=\"273c7d4\" data-element_type=\"widget\" data-widget_type=\"text-editor.default\">\n\t\t\t\t<div class=\"elementor-widget-container\">\n\t\t\t\t\t\t\t\t\t<p dir=\"ltr\" style=\"line-height: 1.2; text-align: justify; margin-top: 14pt; margin-bottom: 14pt;\"><span style=\"color: #767171; font-family: Poppins; text-align: start;\">Um dos benef\u00edcios mais associados \u00e0 biotina capilar \u00e9 o fortalecimento do cabelo. Isto significa que pode ajudar a tornar a fibra mais resistente, menos quebradi\u00e7a e com um melhor aspeto geral, especialmente quando o cabelo est\u00e1  <\/span><b style=\"color: #767171; font-family: Poppins; text-align: start;\">debilitado por car\u00eancias<\/b> <span style=\"color: #767171; font-family: Poppins; text-align: start;\">nutricionais, stresse prolongado ou fases de maior fragilidade.<\/span><\/p><p dir=\"ltr\" style=\"line-height: 1.2; text-align: justify; margin-top: 14pt; margin-bottom: 14pt;\"><span style=\"color: #767171; font-family: Poppins; text-align: start;\">No entanto, conv\u00e9m diferenciar entre fortalecer o cabelo a partir do interior e melhorar o seu aspeto externo. A biotina atua principalmente <\/span><b style=\"color: #767171; font-family: Poppins; text-align: start;\"> a n\u00edvel interno<\/b><span style=\"color: #767171; font-family: Poppins; text-align: start;\">, favorecendo processos metab\u00f3licos que influenciam a qualidade do cabelo que cresce. Para o cabelo j\u00e1 vis\u00edvel, o cuidado di\u00e1rio, a hidrata\u00e7\u00e3o e os produtos adequados continuam a ser igualmente importantes. <\/span><\/p>\t\t\t\t\t\t\t\t<\/div>\n\t\t\t\t<\/div>\n\t\t\t\t<div class=\"elementor-element elementor-element-1d93697 elementor-widget elementor-widget-text-editor\" data-id=\"1d93697\" data-element_type=\"widget\" data-widget_type=\"text-editor.default\">\n\t\t\t\t<div class=\"elementor-widget-container\">\n\t\t\t\t\t\t\t\t\t<div style=\"margin: 0px; padding: 0px; border: 0px; font-size: 14px; vertical-align: baseline; background: 50% center \/ cover no-repeat #ffffff; position: relative; font-family: Poppins, Helvetica, Arial, Lucida, sans-serif; text-align: left; color: #666666; font-style: normal; font-weight: 500; letter-spacing: normal; text-indent: 0px; text-transform: none;\"><span style=\"background-color: transparent; color: #f5a573; font-size: 19px;\">Melhoria da textura e do brilho do cabelo<\/span><\/div>\t\t\t\t\t\t\t\t<\/div>\n\t\t\t\t<\/div>\n\t\t\t\t<div class=\"elementor-element elementor-element-c5978cf elementor-widget elementor-widget-text-editor\" data-id=\"c5978cf\" data-element_type=\"widget\" data-widget_type=\"text-editor.default\">\n\t\t\t\t<div class=\"elementor-widget-container\">\n\t\t\t\t\t\t\t\t\t<p dir=\"ltr\" style=\"line-height: 1.2; text-align: justify; margin-top: 14pt; margin-bottom: 14pt;\"><span style=\"color: #767171; font-family: Poppins; text-align: start;\">Quando o cabelo se forma em melhores condi\u00e7\u00f5es, costuma notar-se mais suave, com menos tend\u00eancia para se partir e com uma textura mais uniforme. Isto pode traduzir-se num cabelo com mais brilho e maior maleabilidade.  <\/span><b style=\"color: #767171; font-family: Poppins; text-align: start;\">maior maleabilidade<\/b><span style=\"color: #767171; font-family: Poppins; text-align: start;\">.<\/span><\/p><p dir=\"ltr\" style=\"line-height: 1.2; text-align: justify; margin-top: 14pt; margin-bottom: 14pt;\"><span style=\"text-align: start; font-family: Poppins; color: #767171;\">Ainda assim, o brilho imediato costuma depender mais de fatores cosm\u00e9ticos, como o estado da cut\u00edcula, a utiliza\u00e7\u00e3o de <\/span><a style=\"text-align: start; background-color: #ffffff;\" href=\"https:\/\/www.clarel.es\/es\/cabello\/acondicionador\"><span style=\"font-family: Poppins; mso-fareast-font-family: 'Times New Roman'; color: #767171; mso-themecolor: background2; mso-themeshade: 128; mso-fareast-language: ES;\"><span style=\"text-decoration: underline;\">condicionadores<\/span><\/span><\/a><span style=\"text-align: start; font-family: Poppins; color: #767171;\"> ou <\/span><a style=\"text-align: start; background-color: #ffffff;\" href=\"https:\/\/www.clarel.es\/es\/cabello\/tratamiento-cabello\/serum\"><span style=\"font-family: Poppins; mso-fareast-font-family: 'Times New Roman'; color: #767171; mso-themecolor: background2; mso-themeshade: 128; mso-fareast-language: ES;\"><span style=\"text-decoration: underline;\">s\u00e9runs capilares <\/span><\/span><\/a><span style=\"text-align: start; font-family: Poppins; color: #767171;\">, e uma rotina capilar adequada. A biotina n\u00e3o substitui estes cuidados, mas pode ser um bom complemento dentro de uma abordagem global. <\/span><\/p>\t\t\t\t\t\t\t\t<\/div>\n\t\t\t\t<\/div>\n\t\t\t\t<div class=\"elementor-element elementor-element-314313d elementor-widget elementor-widget-text-editor\" data-id=\"314313d\" data-element_type=\"widget\" data-widget_type=\"text-editor.default\">\n\t\t\t\t<div class=\"elementor-widget-container\">\n\t\t\t\t\t\t\t\t\t<div style=\"margin: 0px; padding: 0px; border: 0px; font-size: 14px; vertical-align: baseline; background: 50% center \/ cover no-repeat #ffffff; position: relative; font-family: Gelica Light Italic, Poppins, Helvetica, Arial, Lucida, sans-serif; text-align: left; color: #666666; font-style: normal; font-weight: 500; letter-spacing: normal; text-indent: 0px; text-transform: none;\"><div style=\"margin: 0px; padding: 0px; border: 0px; font-size: 14px; vertical-align: baseline; background: transparent; position: relative;\"><span style=\"background-color: transparent; color: #f5a573; font-family: 'Gelica Light', Helvetica, Arial, Lucida, sans-serif; font-size: 26px;\">Benef\u00edcios e propriedades da biotina capilar<\/span><\/div><\/div>\t\t\t\t\t\t\t\t<\/div>\n\t\t\t\t<\/div>\n\t\t\t\t<div class=\"elementor-element elementor-element-f090923 elementor-widget elementor-widget-text-editor\" data-id=\"f090923\" data-element_type=\"widget\" data-widget_type=\"text-editor.default\">\n\t\t\t\t<div class=\"elementor-widget-container\">\n\t\t\t\t\t\t\t\t\t<p dir=\"ltr\" style=\"line-height: 1.2; text-align: justify; margin-top: 14pt; margin-bottom: 14pt;\"><span style=\"color: #767171; font-family: Poppins; text-align: start;\">Falar sobre os benef\u00edcios da biotina no cabelo implica separar o que est\u00e1<\/span> <b style=\"color: #767171; font-family: Poppins; text-align: start;\">bem fundamentado<\/b> daquilo que foi exagerado com fins comerciais.<\/p><p dir=\"ltr\" style=\"line-height: 1.2; text-align: justify; margin-top: 14pt; margin-bottom: 14pt;\"><span style=\"color: #767171; font-family: Poppins; text-align: start;\">Entre as propriedades mais reconhecidas da biotina capilar encontram-se o seu papel na manuten\u00e7\u00e3o normal do cabelo e a sua contribui\u00e7\u00e3o para uma fibra capilar<\/span> <b style=\"color: #767171; font-family: Poppins; text-align: start;\">mais resistente<\/b> <span style=\"color: #767171; font-family: Poppins; text-align: start;\">quando existe uma car\u00eancia pr\u00e9via.<\/span> <\/p><p dir=\"ltr\" style=\"line-height: 1.2; text-align: justify; margin-top: 14pt; margin-bottom: 14pt;\"><span style=\"color: #767171; font-family: Poppins; text-align: start;\">Tamb\u00e9m participa em processos que influenciam a<\/span> <b style=\"color: #767171; font-family: Poppins; text-align: start;\">renova\u00e7\u00e3o celular<\/b><span style=\"color: #767171; font-family: Poppins; text-align: start;\">, algo especialmente relevante em tecidos como o cabelo, que est\u00e3o em constante crescimento.<\/span><\/p><p dir=\"ltr\" style=\"line-height: 1.2; text-align: justify; margin-top: 14pt; margin-bottom: 14pt;\"><span style=\"color: #767171; font-family: Poppins; text-align: start;\">No entanto, nem todas as pessoas sentem os mesmos efeitos. Na aus\u00eancia de d\u00e9fice, a biotina nem sempre produz altera\u00e7\u00f5es vis\u00edveis. Por isso, mais do que questionar se a biotina \u201cfunciona\u201d em geral, a chave est\u00e1 em avaliar se funciona para o seu  <\/span> <b style=\"color: #767171; font-family: Poppins; text-align: start;\">caso espec\u00edfico<\/b><span style=\"color: #767171; font-family: Poppins; text-align: start;\">.<\/span><\/p>\t\t\t\t\t\t\t\t<\/div>\n\t\t\t\t<\/div>\n\t\t\t\t<div class=\"elementor-element elementor-element-96427aa elementor-widget elementor-widget-text-editor\" data-id=\"96427aa\" data-element_type=\"widget\" data-widget_type=\"text-editor.default\">\n\t\t\t\t<div class=\"elementor-widget-container\">\n\t\t\t\t\t\t\t\t\t<div style=\"margin: 0px; padding: 0px; border: 0px; font-size: 14px; vertical-align: baseline; background: 50% center \/ cover no-repeat #ffffff; position: relative; font-family: Gelica Light Italic, Poppins, Helvetica, Arial, Lucida, sans-serif; text-align: left; color: #666666; font-style: normal; font-weight: 500; letter-spacing: normal; text-indent: 0px; text-transform: none;\"><div style=\"margin: 0px; padding: 0px; border: 0px; font-size: 14px; vertical-align: baseline; background: transparent; position: relative;\"><span style=\"background-color: transparent; color: #f5a573; font-family: 'Gelica Light', Helvetica, Arial, Lucida, sans-serif; font-size: 26px;\">Biotina para o crescimento do cabelo: funciona?<\/span><\/div><\/div>\t\t\t\t\t\t\t\t<\/div>\n\t\t\t\t<\/div>\n\t\t\t\t<div class=\"elementor-element elementor-element-96b1a77 elementor-widget elementor-widget-text-editor\" data-id=\"96b1a77\" data-element_type=\"widget\" data-widget_type=\"text-editor.default\">\n\t\t\t\t<div class=\"elementor-widget-container\">\n\t\t\t\t\t\t\t\t\t<p dir=\"ltr\" style=\"line-height: 1.2; text-align: justify; margin-top: 14pt; margin-bottom: 14pt;\"><span style=\"color: #767171; font-family: Poppins; text-align: start;\">Uma das d\u00favidas mais comuns \u00e9 se a biotina serve para fazer crescer o cabelo ou acelerar o seu crescimento. A resposta curta \u00e9 que  <\/span><b style=\"color: #767171; font-family: Poppins; text-align: start;\">pode ajudar indiretamente<\/b>, mas n\u00e3o atua como um acelerador milagroso.<\/p><p dir=\"ltr\" style=\"line-height: 1.2; text-align: justify; margin-top: 14pt; margin-bottom: 14pt;\"><span style=\"color: #767171; font-family: Poppins; text-align: start;\">O cabelo cresce em m\u00e9dia cerca de um cent\u00edmetro por m\u00eas. Quando existe uma defici\u00eancia de biotina, corrigi-la pode favorecer um crescimento mais  <\/span><b style=\"color: #767171; font-family: Poppins; text-align: start;\">saud\u00e1vel e cont\u00ednuo<\/b><span style=\"color: #767171; font-family: Poppins; text-align: start;\">. Por outro lado, se os n\u00edveis j\u00e1 s\u00e3o adequados, aumentar a ingest\u00e3o n\u00e3o costuma traduzir-se num crescimento mais r\u00e1pido.<\/span><\/p><p dir=\"ltr\" style=\"line-height: 1.2; text-align: justify; margin-top: 14pt; margin-bottom: 14pt;\"><span style=\"color: #767171; font-family: Poppins; text-align: start;\">O que se pode notar com o tempo \u00e9 uma<\/span> <b style=\"color: #767171; font-family: Poppins; text-align: start;\">melhoria na qualidade<\/b><span style=\"color: #767171; font-family: Poppins; text-align: start;\"> do cabelo: menos quebra, mais resist\u00eancia e uma sensa\u00e7\u00e3o geral de cabelo mais forte. Isto faz com que o comprimento se conserve melhor e que o cabelo pare\u00e7a crescer mais, embora o ritmo biol\u00f3gico seja o mesmo. <\/span><\/p>\t\t\t\t\t\t\t\t<\/div>\n\t\t\t\t<\/div>\n\t\t\t\t<div class=\"elementor-element elementor-element-9e700b7 elementor-widget elementor-widget-text-editor\" data-id=\"9e700b7\" data-element_type=\"widget\" data-widget_type=\"text-editor.default\">\n\t\t\t\t<div class=\"elementor-widget-container\">\n\t\t\t\t\t\t\t\t\t<div style=\"margin: 0px; padding: 0px; border: 0px; font-size: 14px; vertical-align: baseline; background: 50% center \/ cover no-repeat #ffffff; position: relative; font-family: Gelica Light Italic, Poppins, Helvetica, Arial, Lucida, sans-serif; text-align: left; color: #666666; font-style: normal; font-weight: 500; letter-spacing: normal; text-indent: 0px; text-transform: none;\"><div style=\"margin: 0px; padding: 0px; border: 0px; font-size: 14px; vertical-align: baseline; background: transparent; position: relative;\"><span style=\"background-color: transparent; color: #f5a573; font-family: 'Gelica Light', Helvetica, Arial, Lucida, sans-serif; font-size: 26px;\">Biotina para a queda de cabelo: preven\u00e7\u00e3o e tratamento<\/span><\/div><\/div>\t\t\t\t\t\t\t\t<\/div>\n\t\t\t\t<\/div>\n\t\t\t\t<div class=\"elementor-element elementor-element-2fc3153 elementor-widget elementor-widget-text-editor\" data-id=\"2fc3153\" data-element_type=\"widget\" data-widget_type=\"text-editor.default\">\n\t\t\t\t<div class=\"elementor-widget-container\">\n\t\t\t\t\t\t\t\t\t<p dir=\"ltr\" style=\"line-height: 1.2; text-align: justify; margin-top: 14pt; margin-bottom: 14pt;\"><span style=\"color: #767171; font-family: Poppins; text-align: start;\">Outra pesquisa muito comum \u00e9 se a biotina serve para a queda de cabelo. Aqui \u00e9 fundamental perceber que a queda capilar tem <\/span><b style=\"color: #767171; font-family: Poppins; text-align: start;\">m\u00faltiplas causas<\/b><span style=\"color: #767171; font-family: Poppins; text-align: start;\">, e nem todas est\u00e3o relacionadas com a biotina. <\/span><\/p><p dir=\"ltr\" style=\"line-height: 1.2; text-align: justify; margin-top: 14pt; margin-bottom: 14pt;\"><span style=\"color: #767171; font-family: Poppins; text-align: start;\">A biotina pode ser \u00fatil quando a queda est\u00e1 associada a uma<\/span> fragilidade geral<span style=\"color: #767171; font-family: Poppins; text-align: start;\"> do cabelo ou a um d\u00e9fice nutricional. Nestes casos, pode fazer parte de uma estrat\u00e9gia para refor\u00e7ar o cabelo a partir do interior. <\/span><\/p><p dir=\"ltr\" style=\"line-height: 1.2; text-align: justify; margin-top: 14pt; margin-bottom: 14pt;\"><span style=\"color: #767171; font-family: Poppins; text-align: start;\">No entanto, h\u00e1 situa\u00e7\u00f5es em que a biotina n\u00e3o \u00e9 suficiente por si s\u00f3. Stresse, altera\u00e7\u00f5es hormonais, problemas de tiroide, d\u00e9fices de ferro ou vitamina D, ou a alopecia androgen\u00e9tica requerem uma  <\/span><b style=\"color: #767171; font-family: Poppins; text-align: start;\">abordagem mais ampla<\/b><span style=\"color: #767171; font-family: Poppins; text-align: start;\">. Nestes casos, a biotina pode acompanhar, mas n\u00e3o substituir, um diagn\u00f3stico adequado nem outros tratamentos espec\u00edficos.<\/span><\/p>\t\t\t\t\t\t\t\t<\/div>\n\t\t\t\t<\/div>\n\t\t\t\t<div class=\"elementor-element elementor-element-13ebee6 elementor-widget elementor-widget-text-editor\" data-id=\"13ebee6\" data-element_type=\"widget\" data-widget_type=\"text-editor.default\">\n\t\t\t\t<div class=\"elementor-widget-container\">\n\t\t\t\t\t\t\t\t\t<div style=\"margin: 0px; padding: 0px; border: 0px; font-size: 14px; vertical-align: baseline; background: 50% center \/ cover no-repeat #ffffff; position: relative; font-family: Gelica Light Italic, Poppins, Helvetica, Arial, Lucida, sans-serif; text-align: left; color: #666666; font-style: normal; font-weight: 500; letter-spacing: normal; text-indent: 0px; text-transform: none;\"><div style=\"margin: 0px; padding: 0px; border: 0px; font-size: 14px; vertical-align: baseline; background: transparent; position: relative;\"><span style=\"background-color: transparent; color: #f5a573; font-family: 'Gelica Light', Helvetica, Arial, Lucida, sans-serif; font-size: 26px;\">Biotina para a alopecia e a calv\u00edcie: pode ajudar?<\/span><\/div><\/div>\t\t\t\t\t\t\t\t<\/div>\n\t\t\t\t<\/div>\n\t\t\t\t<div class=\"elementor-element elementor-element-5f33e93 elementor-widget elementor-widget-text-editor\" data-id=\"5f33e93\" data-element_type=\"widget\" data-widget_type=\"text-editor.default\">\n\t\t\t\t<div class=\"elementor-widget-container\">\n\t\t\t\t\t\t\t\t\t<p dir=\"ltr\" style=\"line-height: 1.2; text-align: justify; margin-top: 14pt; margin-bottom: 14pt;\"><span style=\"color: #767171; font-family: Poppins; text-align: start;\">Quando se fala de alopecia e calv\u00edcie, \u00e9 normal procurar solu\u00e7\u00f5es r\u00e1pidas. Mas conv\u00e9m sermos honestos: a biotina  <\/span><b style=\"color: #767171; font-family: Poppins; text-align: start;\">n\u00e3o cura a alopecia <\/b><span style=\"color: #767171; font-family: Poppins; text-align: start;\">nem reverte a calv\u00edcie por si s\u00f3. <\/span><\/p><p dir=\"ltr\" style=\"line-height: 1.2; text-align: justify; margin-top: 14pt; margin-bottom: 14pt;\"><span style=\"color: #767171; font-family: Poppins; text-align: start;\">Na alopecia androgen\u00e9tica, que \u00e9 a mais comum, o fator principal \u00e9 <\/span><b style=\"color: #767171; font-family: Poppins; text-align: start;\">gen\u00e9tico e hormonal<\/b><span style=\"color: #767171; font-family: Poppins; text-align: start;\">. A biotina pode ajudar a melhorar a qualidade do cabelo existente, mas n\u00e3o costuma travar a miniaturiza\u00e7\u00e3o do fol\u00edculo.<\/span><\/p>\t\t\t\t\t\t\t\t<\/div>\n\t\t\t\t<\/div>\n\t\t\t\t<div class=\"elementor-element elementor-element-26b8ae0 elementor-widget elementor-widget-text-editor\" data-id=\"26b8ae0\" data-element_type=\"widget\" data-widget_type=\"text-editor.default\">\n\t\t\t\t<div class=\"elementor-widget-container\">\n\t\t\t\t\t\t\t\t\t<div style=\"margin: 0px; padding: 0px; border: 0px; font-size: 14px; vertical-align: baseline; background: 50% center \/ cover no-repeat #ffffff; position: relative; font-family: Poppins, Helvetica, Arial, Lucida, sans-serif; text-align: left; color: #666666; font-style: normal; font-weight: 500; letter-spacing: normal; text-indent: 0px; text-transform: none;\"><span style=\"background-color: transparent; color: #f5a573; font-size: 19px;\">Limita\u00e7\u00f5es da biotina na alopecia areata <\/span><\/div>\t\t\t\t\t\t\t\t<\/div>\n\t\t\t\t<\/div>\n\t\t\t\t<div class=\"elementor-element elementor-element-55c8f1e elementor-widget elementor-widget-text-editor\" data-id=\"55c8f1e\" data-element_type=\"widget\" data-widget_type=\"text-editor.default\">\n\t\t\t\t<div class=\"elementor-widget-container\">\n\t\t\t\t\t\t\t\t\t<p dir=\"ltr\" style=\"line-height: 1.2; text-align: justify; margin-top: 14pt; margin-bottom: 14pt;\"><span style=\"color: #767171; font-family: Poppins; text-align: start;\">A alopecia areata \u00e9 uma forma espec\u00edfica de perda de cabelo com<\/span> <b style=\"color: #767171; font-family: Poppins; text-align: start;\">origem autoimune<\/b><span style=\"color: #767171; font-family: Poppins; text-align: start;\">. Isto significa que o pr\u00f3prio sistema imunit\u00e1rio ataca de forma err\u00f3nea os fol\u00edculos pilosos, provocando a queda de cabelo em zonas localizadas, geralmente em forma de placas arredondadas.<\/span><\/p><p dir=\"ltr\" style=\"line-height: 1.2; text-align: justify; margin-top: 14pt; margin-bottom: 14pt;\"><span style=\"color: #767171; font-family: Poppins; text-align: start;\">Neste contexto, \u00e9 importante esclarecer que a biotina n\u00e3o atua sobre o mecanismo principal que desencadeia a alopecia areata. Tratando-se de um problema imunol\u00f3gico, o tratamento costuma focar-se no <\/span> controlo da inflama\u00e7\u00e3o<span style=\"color: #767171; font-family: Poppins; text-align: start;\"> e na modula\u00e7\u00e3o da resposta do sistema imunit\u00e1rio, algo que a biotina n\u00e3o pode fazer por si s\u00f3.<\/span><\/p><p dir=\"ltr\" style=\"line-height: 1.2; text-align: justify; margin-top: 14pt; margin-bottom: 14pt;\"><span style=\"color: #767171; font-family: Poppins; text-align: start;\">No entanto, isto n\u00e3o quer dizer que a biotina n\u00e3o tenha qualquer papel. Em pessoas com alopecia areata, a biotina <\/span> <b style=\"color: #767171; font-family: Poppins; text-align: start;\"> pode ajudar<\/b> a manter o cabelo restante em melhores condi\u00e7\u00f5es, melhorar a sua resist\u00eancia e apoiar a sa\u00fade capilar geral, especialmente se existir fragilidade ou d\u00e9fice nutricional associado. <\/p><p dir=\"ltr\" style=\"line-height: 1.2; text-align: justify; margin-top: 14pt; margin-bottom: 14pt;\"><span style=\"color: #767171; font-family: Poppins; text-align: start;\">Ainda assim, deve ser entendida<\/span> <b style=\"color: #767171; font-family: Poppins; text-align: start;\">como um complemento<\/b><span style=\"color: #767171; font-family: Poppins; text-align: start;\"> e n\u00e3o como um tratamento espec\u00edfico nem curativo para este tipo de alopecia. Se houver suspeita de alopecia areata, o mais recomend\u00e1vel \u00e9 consultar um dermatologista para confirmar o diagn\u00f3stico e avaliar as op\u00e7\u00f5es terap\u00eauticas mais adequadas a cada caso. <\/span><\/p>\t\t\t\t\t\t\t\t<\/div>\n\t\t\t\t<\/div>\n\t\t\t\t<div class=\"elementor-element elementor-element-e8ee068 elementor-widget elementor-widget-text-editor\" data-id=\"e8ee068\" data-element_type=\"widget\" data-widget_type=\"text-editor.default\">\n\t\t\t\t<div class=\"elementor-widget-container\">\n\t\t\t\t\t\t\t\t\t<div style=\"margin: 0px; padding: 0px; border: 0px; font-size: 14px; vertical-align: baseline; background: 50% center \/ cover no-repeat #ffffff; position: relative; font-family: Poppins, Helvetica, Arial, Lucida, sans-serif; text-align: left; color: #666666; font-style: normal; font-weight: 500; letter-spacing: normal; text-indent: 0px; text-transform: none;\"><span style=\"background-color: transparent; color: #f5a573; font-size: 19px;\">Combina\u00e7\u00e3o da biotina com outros tratamentos antiqueda<\/span><\/div>\t\t\t\t\t\t\t\t<\/div>\n\t\t\t\t<\/div>\n\t\t\t\t<div class=\"elementor-element elementor-element-b6d3665 elementor-widget elementor-widget-text-editor\" data-id=\"b6d3665\" data-element_type=\"widget\" data-widget_type=\"text-editor.default\">\n\t\t\t\t<div class=\"elementor-widget-container\">\n\t\t\t\t\t\t\t\t\t<p dir=\"ltr\" style=\"line-height: 1.2; text-align: justify; margin-top: 14pt; margin-bottom: 14pt;\"><span style=\"color: #767171; font-family: Poppins; text-align: start;\">Onde a biotina realmente pode marcar a diferen\u00e7a \u00e9 quando se integra num<\/span> <b style=\"color: #767171; font-family: Poppins; text-align: start;\">foco global<\/b><span style=\"color: #767171; font-family: Poppins; text-align: start;\"> para o cuidado do cabelo e a preven\u00e7\u00e3o da queda. Pensar na biotina como mais uma pe\u00e7a do conjunto, e n\u00e3o como a \u00fanica solu\u00e7\u00e3o, ajuda a obter resultados mais realistas e sustent\u00e1veis ao longo do tempo. <\/span><\/p><p dir=\"ltr\" style=\"line-height: 1.2; text-align: justify; margin-top: 14pt; margin-bottom: 14pt;\"><span style=\"color: #767171; font-family: Poppins; text-align: start;\">Em planos antiqueda, a biotina costuma combinar-se com<\/span> <b style=\"color: #767171; font-family: Poppins; text-align: start;\">outros pilares fundamentais<\/b><span style=\"color: #767171; font-family: Poppins; text-align: start;\">, como uma rotina capilar adequada ao tipo de cabelo e couro cabeludo, uma alimenta\u00e7\u00e3o equilibrada rica em prote\u00ednas, vitaminas e minerais, e a corre\u00e7\u00e3o de poss\u00edveis d\u00e9fices nutricionais que possam estar a influenciar a sa\u00fade capilar.<\/span><\/p><p dir=\"ltr\" style=\"line-height: 1.2; text-align: justify; margin-top: 14pt; margin-bottom: 14pt;\"><span style=\"color: #767171; font-family: Poppins; text-align: start;\">Al\u00e9m disso, em casos de queda persistente ou mais intensa, pode ser necess\u00e1rio complementar esta abordagem com<\/span><b style=\"color: #767171; font-family: Poppins; text-align: start;\"> tratamentos espec\u00edficos<\/b> prescritos por um profissional, como produtos t\u00f3picos, terapias capilares ou ajustes m\u00e9dicos de acordo com a causa subjacente. <\/p><p dir=\"ltr\" style=\"line-height: 1.2; text-align: justify; margin-top: 14pt; margin-bottom: 14pt;\"><span style=\"color: #767171; font-family: Poppins; text-align: start;\">Neste cen\u00e1rio, a biotina atua como um apoio que contribui para melhorar a qualidade do cabelo e refor\u00e7ar o ambiente do fol\u00edculo, mas sempre dentro de uma<\/span> <b style=\"color: #767171; font-family: Poppins; text-align: start;\">estrat\u00e9gia personalizada<\/b><span style=\"color: #767171; font-family: Poppins; text-align: start;\">.<\/span><\/p><p dir=\"ltr\" style=\"line-height: 1.2; text-align: justify; margin-top: 14pt; margin-bottom: 14pt;\"><span style=\"color: #767171; font-family: Poppins; text-align: start;\">Esta combina\u00e7\u00e3o equilibrada \u00e9 a que permite cuidar do cabelo de forma mais eficaz, evitando falsas expectativas e apostando num<\/span> <b style=\"color: #767171; font-family: Poppins; text-align: start;\">cuidado capilar consciente<\/b> <span style=\"color: #767171; font-family: Poppins; text-align: start;\">e bem informado.<\/span><\/p>\t\t\t\t\t\t\t\t<\/div>\n\t\t\t\t<\/div>\n\t\t\t\t<div class=\"elementor-element elementor-element-ba500ce elementor-widget elementor-widget-text-editor\" data-id=\"ba500ce\" data-element_type=\"widget\" data-widget_type=\"text-editor.default\">\n\t\t\t\t<div class=\"elementor-widget-container\">\n\t\t\t\t\t\t\t\t\t<div style=\"margin: 0px; padding: 0px; border: 0px; font-size: 14px; vertical-align: baseline; background: 50% center \/ cover no-repeat #ffffff; position: relative; font-family: Gelica Light Italic, Poppins, Helvetica, Arial, Lucida, sans-serif; text-align: left; color: #666666; font-style: normal; font-weight: 500; letter-spacing: normal; text-indent: 0px; text-transform: none;\"><div style=\"margin: 0px; padding: 0px; border: 0px; font-size: 14px; vertical-align: baseline; background: transparent; position: relative;\"><span style=\"background-color: transparent; color: #f5a573; font-family: 'Gelica Light', Helvetica, Arial, Lucida, sans-serif; font-size: 26px;\">Tipos e formatos de biotina como tratamento capilar<\/span><\/div><\/div>\t\t\t\t\t\t\t\t<\/div>\n\t\t\t\t<\/div>\n\t\t\t\t<div class=\"elementor-element elementor-element-7c355c8 elementor-widget elementor-widget-image\" data-id=\"7c355c8\" data-element_type=\"widget\" data-widget_type=\"image.default\">\n\t\t\t\t<div class=\"elementor-widget-container\">\n\t\t\t\t\t\t\t\t\t\t\t\t\t\t\t<img fetchpriority=\"high\" decoding=\"async\" width=\"800\" height=\"387\" src=\"https:\/\/blog-clarel.imgix.net\/uploads\/2026\/03\/22163607\/biotina-para-el-pelo-1024x495.jpg\" class=\"attachment-large size-large wp-image-17967\" alt=\"\" srcset=\"https:\/\/blog-clarel.imgix.net\/uploads\/2026\/03\/22163607\/biotina-para-el-pelo-1024x495.jpg 1024w, https:\/\/blog-clarel.imgix.net\/uploads\/2026\/03\/22163607\/biotina-para-el-pelo-300x145.jpg 300w, https:\/\/blog-clarel.imgix.net\/uploads\/2026\/03\/22163607\/biotina-para-el-pelo-768x372.jpg 768w, https:\/\/blog-clarel.imgix.net\/uploads\/2026\/03\/22163607\/biotina-para-el-pelo-1536x743.jpg 1536w, https:\/\/blog-clarel.imgix.net\/uploads\/2026\/03\/22163607\/biotina-para-el-pelo.jpg 2032w\" sizes=\"(max-width: 800px) 100vw, 800px\" \/>\t\t\t\t\t\t\t\t\t\t\t\t\t\t\t<\/div>\n\t\t\t\t<\/div>\n\t\t\t\t<div class=\"elementor-element elementor-element-0b65bc1 elementor-widget elementor-widget-text-editor\" data-id=\"0b65bc1\" data-element_type=\"widget\" data-widget_type=\"text-editor.default\">\n\t\t\t\t<div class=\"elementor-widget-container\">\n\t\t\t\t\t\t\t\t\t<p dir=\"ltr\" style=\"line-height: 1.2; text-align: justify; margin-top: 14pt; margin-bottom: 14pt;\"><span style=\"color: #767171; font-family: Poppins; text-align: start;\">Quando falamos de biotina como tratamento capilar, \u00e9 importante saber que nem todos os formatos atuam da mesma maneira nem perseguem o mesmo objetivo. A biotina pode encontrar-se tanto em produtos de uso externo como em suplementos ou tratamentos mais espec\u00edficos, e cada op\u00e7\u00e3o responde a uma  <\/span><b style=\"color: #767171; font-family: Poppins; text-align: start;\">necessidade diferente<\/b><span style=\"color: #767171; font-family: Poppins; text-align: start;\">.<\/span><\/p><p dir=\"ltr\" style=\"line-height: 1.2; text-align: justify; margin-top: 14pt; margin-bottom: 14pt;\"><span style=\"color: #767171; font-family: Poppins; text-align: start;\">Escolher o formato adequado depende de<\/span> <b style=\"color: #767171; font-family: Poppins; text-align: start;\">v\u00e1rios fatores<\/b><span style=\"color: #767171; font-family: Poppins; text-align: start;\">: o estado do cabelo, o tipo de problema que se pretende tratar (fragilidade, queda, falta de brilho), a origem do problema e as expectativas de resultado.<\/span> <\/p><p dir=\"ltr\" style=\"line-height: 1.2; text-align: justify; margin-top: 14pt; margin-bottom: 14pt;\"><b style=\"text-align: start;\"><span style=\"font-family: Poppins; mso-fareast-font-family: 'Times New Roman'; color: #767171; mso-themecolor: background2; mso-themeshade: 128; mso-fareast-language: ES;\">Por exemplo<\/span><\/b><span style=\"text-align: start; font-family: Poppins; color: #767171;\">, n\u00e3o \u00e9 o mesmo procurar uma melhoria vis\u00edvel no aspeto do cabelo do que refor\u00e7ar o fio a partir do interior quando existe fragilidade ou queda associada a outros fatores.<\/span><\/p><p dir=\"ltr\" style=\"line-height: 1.2; text-align: justify; margin-top: 14pt; margin-bottom: 14pt;\"><span style=\"color: #767171; font-family: Poppins; text-align: start;\">Em geral, os formatos t\u00f3picos est\u00e3o pensados para melhorar a apar\u00eancia e o toque do cabelo no dia a dia, enquanto os formatos orais atuam como apoio nutricional. Por sua vez, os <\/span> <b style=\"color: #767171; font-family: Poppins; text-align: start;\"> tratamentos profissionais <\/b>costumam integrar-se dentro de planos mais completos e personalizados.<\/p><p dir=\"ltr\" style=\"line-height: 1.2; text-align: justify; margin-top: 14pt; margin-bottom: 14pt;\"><span style=\"color: #767171; font-family: Poppins; text-align: start;\">Compreender estas diferen\u00e7as ajuda a utilizar a biotina de<\/span> <b style=\"color: #767171; font-family: Poppins; text-align: start;\">forma mais eficaz <\/b><span style=\"color: #767171; font-family: Poppins; text-align: start;\">e a evitar frustra\u00e7\u00f5es por esperar resultados que n\u00e3o correspondem ao tipo de produto escolhido.<\/span><\/p>\t\t\t\t\t\t\t\t<\/div>\n\t\t\t\t<\/div>\n\t\t\t\t<div class=\"elementor-element elementor-element-fe86907 elementor-widget elementor-widget-text-editor\" data-id=\"fe86907\" data-element_type=\"widget\" data-widget_type=\"text-editor.default\">\n\t\t\t\t<div class=\"elementor-widget-container\">\n\t\t\t\t\t\t\t\t\t<div style=\"margin: 0px; padding: 0px; border: 0px; font-size: 14px; vertical-align: baseline; background: 50% center \/ cover no-repeat #ffffff; position: relative; font-family: Poppins, Helvetica, Arial, Lucida, sans-serif; text-align: left; color: #666666; font-style: normal; font-weight: 500; letter-spacing: normal; text-indent: 0px; text-transform: none;\"><span style=\"background-color: transparent; color: #f5a573; font-size: 19px;\">Champ\u00f4s e produtos t\u00f3picos com biotina<\/span><\/div>\t\t\t\t\t\t\t\t<\/div>\n\t\t\t\t<\/div>\n\t\t\t\t<div class=\"elementor-element elementor-element-528579c elementor-widget elementor-widget-text-editor\" data-id=\"528579c\" data-element_type=\"widget\" data-widget_type=\"text-editor.default\">\n\t\t\t\t<div class=\"elementor-widget-container\">\n\t\t\t\t\t\t\t\t\t<p dir=\"ltr\" style=\"line-height: 1.2; text-align: justify; margin-top: 14pt; margin-bottom: 14pt;\"><span style=\"color: #767171; font-family: Poppins; text-align: start;\">Os champ\u00f4s e amaciadores com biotina est\u00e3o pensados sobretudo para melhorar o <\/span><b style=\"color: #767171; font-family: Poppins; text-align: start;\">aspeto do cabelo<\/b><span style=\"color: #767171; font-family: Poppins; text-align: start;\">. Proporcionam uma sensa\u00e7\u00e3o de for\u00e7a, suavidade e corpo, podendo ser uma boa op\u00e7\u00e3o se procura melhorar a textura e o aspeto geral do cabelo dentro da sua rotina di\u00e1ria.<\/span><\/p><p dir=\"ltr\" style=\"line-height: 1.2; text-align: justify; margin-top: 14pt; margin-bottom: 14pt;\"><span style=\"text-align: start; font-family: Poppins; color: #767171;\">Al\u00e9m de escolher ingredientes nutritivos, optar por um champ\u00f4 que combine biotina com outros agentes suavizantes, como o <\/span><a style=\"text-align: start; background-color: #ffffff;\" href=\"https:\/\/www.clarel.es\/es\/champu-coco-con-biotina-babaria-700ml-296470?srsltid=AfmBOooDTZIGRAlaRwsX3oxO8kgy_1x7RN5CsMCTBMk1N8bSeuo0C6na\"><span style=\"font-family: Poppins; mso-fareast-font-family: 'Times New Roman'; color: #767171; mso-themecolor: background2; mso-themeshade: 128; mso-fareast-language: ES;\"><span style=\"text-decoration: underline;\">Champ\u00f4 de Coco com Biotina da Babaria<\/span><\/span><\/a><span style=\"text-align: start; font-family: Poppins; color: #767171;\">, pode ajudar a que o seu cabelo se sinta mais sedoso e male\u00e1vel desde a primeira utiliza\u00e7\u00e3o.<\/span><\/p>\t\t\t\t\t\t\t\t<\/div>\n\t\t\t\t<\/div>\n\t\t<div class=\"elementor-element elementor-element-7d88c8d e-con-full e-flex e-con e-child\" data-id=\"7d88c8d\" data-element_type=\"container\">\n\t\t<div class=\"elementor-element elementor-element-5e2212c e-con-full e-flex e-con e-child\" data-id=\"5e2212c\" data-element_type=\"container\">\n\t\t\t\t<div class=\"elementor-element elementor-element-09e7c42 elementor-cta--layout-image-right elementor-widget__width-initial elementor-cta--skin-classic elementor-animated-content elementor-widget elementor-widget-call-to-action\" data-id=\"09e7c42\" data-element_type=\"widget\" data-widget_type=\"call-to-action.default\">\n\t\t\t\t<div class=\"elementor-widget-container\">\n\t\t\t\t\t\t\t<a class=\"elementor-cta\" href=\"https:\/\/www.clarel.es\/es\/champu-coco-con-biotina-babaria-700ml-296470?srsltid=AfmBOooDTZIGRAlaRwsX3oxO8kgy_1x7RN5CsMCTBMk1N8bSeuo0C6na\" target=\"_blank\">\n\t\t\t\t\t\t\t<div class=\"elementor-cta__content\">\n\t\t\t\t\t\t\t\t\t<div class=\"elementor-content-item elementor-cta__content-item elementor-cta__image\">\n\t\t\t\t\t\t<img decoding=\"async\" src=\"https:\/\/clarel.imgix.net\/media\/catalog\/product\/2\/9\/296470_BABARIA_Champ___Coco_con_Keratina_885a.jpg?auto=format&amp;fit=max&amp;w=750&amp;q=100\" title=\"\" alt=\"\" loading=\"lazy\" \/>\t\t\t\t\t<\/div>\n\t\t\t\t\n\t\t\t\t\t\t\t\t\t<div class=\"elementor-cta__title elementor-cta__content-item elementor-content-item\">\n\t\t\t\t\t\tBABARIA\t\t\t\t\t<\/div>\n\t\t\t\t\n\t\t\t\t\t\t\t\t\t<div class=\"elementor-cta__description elementor-cta__content-item elementor-content-item\">\n\t\t\t\t\t\tChamp\u00f4 de Coco com Biotina<br><br><span style=\"font-size: 13pt\"><b>3,49\u20ac<\/span> <\/b>\t\t\t\t\t<\/div>\n\t\t\t\t\n\t\t\t\t\t\t\t\t\t<div class=\"elementor-cta__button-wrapper elementor-cta__content-item elementor-content-item \">\n\t\t\t\t\t<span class=\"elementor-cta__button elementor-button elementor-size-\">\n\t\t\t\t\t\tCOMPRAR\t\t\t\t\t<\/span>\n\t\t\t\t\t<\/div>\n\t\t\t\t\t\t\t<\/div>\n\t\t\t\t\t\t<\/a>\n\t\t\t\t\t\t<\/div>\n\t\t\t\t<\/div>\n\t\t\t\t<\/div>\n\t\t\t\t<\/div>\n\t\t\t\t<div class=\"elementor-element elementor-element-54847f5 elementor-widget elementor-widget-text-editor\" data-id=\"54847f5\" data-element_type=\"widget\" data-widget_type=\"text-editor.default\">\n\t\t\t\t<div class=\"elementor-widget-container\">\n\t\t\t\t\t\t\t\t\t<p dir=\"ltr\" style=\"line-height: 1.2; text-align: justify; margin-top: 14pt; margin-bottom: 14pt;\"><span style=\"text-align: start; font-family: Poppins; color: #767171;\">\u00c9 importante recordar que os champ\u00f4s s\u00e3o enxaguados, pelo que a sua fun\u00e7\u00e3o principal \u00e9 <b>limpar<\/b>. Para um efeito mais vis\u00edvel na fibra, conv\u00e9m combin\u00e1-lo com produtos de tratamento e cuidado, como o  <\/span><span style=\"text-decoration-line: underline;\"><a style=\"text-align: start; background-color: #ffffff;\" href=\"https:\/\/www.clarel.es\/es\/acondicionador-biotina-y-colageno-cabello-fino-385ml-247749\"><span style=\"font-family: Poppins; color: #767171;\">Amaciador com Biotina e Colag\u00e9nio OGX<\/span><\/a><\/span><span style=\"text-align: start; font-family: Poppins; color: #767171;\"> ou a <\/span><span style=\"text-decoration-line: underline;\"><a style=\"text-align: start; background-color: #ffffff;\" href=\"https:\/\/www.clarel.es\/es\/mascarilla-vitamina-c-fructis-320ml-293452\"><span style=\"font-family: Poppins; color: #767171;\">M\u00e1scara Hair Bomb com Biotina e Vitamina C da Garnier Fructis<\/span><\/a><\/span><span style=\"text-align: start; font-family: Poppins; color: #767171;\">.<\/span><\/p>\t\t\t\t\t\t\t\t<\/div>\n\t\t\t\t<\/div>\n\t\t<div class=\"elementor-element elementor-element-639bd33 e-con-full e-flex e-con e-child\" data-id=\"639bd33\" data-element_type=\"container\">\n\t\t<div class=\"elementor-element elementor-element-94395f9 e-con-full e-flex e-con e-child\" data-id=\"94395f9\" data-element_type=\"container\">\n\t\t\t\t<div class=\"elementor-element elementor-element-c51432a elementor-cta--layout-image-right elementor-widget__width-initial elementor-cta--skin-classic elementor-animated-content elementor-widget elementor-widget-call-to-action\" data-id=\"c51432a\" data-element_type=\"widget\" data-widget_type=\"call-to-action.default\">\n\t\t\t\t<div class=\"elementor-widget-container\">\n\t\t\t\t\t\t\t<a class=\"elementor-cta\" href=\"https:\/\/www.clarel.es\/es\/acondicionador-biotina-y-colageno-cabello-fino-385ml-247749\" target=\"_blank\">\n\t\t\t\t\t\t\t<div class=\"elementor-cta__content\">\n\t\t\t\t\t\t\t\t\t<div class=\"elementor-content-item elementor-cta__content-item elementor-cta__image\">\n\t\t\t\t\t\t<img decoding=\"async\" src=\"https:\/\/clarel.imgix.net\/media\/catalog\/product\/A\/c\/Acondicionador_Biotina_y_Col_geno_Cabello_Fino_385_ml_4fb35509f1c5bb2760b86cc7a03a1b94a8fb276c_247749_OGX_ACONDICIONADOR_BIOTINA_COL__GENO_OGX_385ML_1.jpg?auto=format&amp;fit=max&amp;w=750&amp;q=100\" title=\"\" alt=\"\" loading=\"lazy\" \/>\t\t\t\t\t<\/div>\n\t\t\t\t\n\t\t\t\t\t\t\t\t\t<div class=\"elementor-cta__title elementor-cta__content-item elementor-content-item\">\n\t\t\t\t\t\tOGX\t\t\t\t\t<\/div>\n\t\t\t\t\n\t\t\t\t\t\t\t\t\t<div class=\"elementor-cta__description elementor-cta__content-item elementor-content-item\">\n\t\t\t\t\t\tAmaciador com Biotina e Colag\u00e9nio<br><br><span style=\"font-size: 13pt\"><b>8,75\u20ac<\/span> <\/b>\t\t\t\t\t<\/div>\n\t\t\t\t\n\t\t\t\t\t\t\t\t\t<div class=\"elementor-cta__button-wrapper elementor-cta__content-item elementor-content-item \">\n\t\t\t\t\t<span class=\"elementor-cta__button elementor-button elementor-size-\">\n\t\t\t\t\t\tCOMPRAR\t\t\t\t\t<\/span>\n\t\t\t\t\t<\/div>\n\t\t\t\t\t\t\t<\/div>\n\t\t\t\t\t\t<\/a>\n\t\t\t\t\t\t<\/div>\n\t\t\t\t<\/div>\n\t\t\t\t<\/div>\n\t\t\t\t<\/div>\n\t\t<div class=\"elementor-element elementor-element-60340ea e-con-full e-flex e-con e-child\" data-id=\"60340ea\" data-element_type=\"container\">\n\t\t<div class=\"elementor-element elementor-element-dc0e1bc e-con-full e-flex e-con e-child\" data-id=\"dc0e1bc\" data-element_type=\"container\">\n\t\t\t\t<div class=\"elementor-element elementor-element-11f23f2 elementor-cta--layout-image-right elementor-widget__width-initial elementor-cta--skin-classic elementor-animated-content elementor-widget elementor-widget-call-to-action\" data-id=\"11f23f2\" data-element_type=\"widget\" data-widget_type=\"call-to-action.default\">\n\t\t\t\t<div class=\"elementor-widget-container\">\n\t\t\t\t\t\t\t<a class=\"elementor-cta\" href=\"https:\/\/www.clarel.es\/es\/mascarilla-vitamina-c-fructis-320ml-293452\" target=\"_blank\">\n\t\t\t\t\t\t\t<div class=\"elementor-cta__content\">\n\t\t\t\t\t\t\t\t\t<div class=\"elementor-content-item elementor-cta__content-item elementor-cta__image\">\n\t\t\t\t\t\t<img decoding=\"async\" src=\"https:\/\/clarel.imgix.net\/media\/catalog\/product\/2\/9\/293452_1_2e31.png?auto=format&amp;fit=max&amp;w=750&amp;q=100\" title=\"\" alt=\"\" loading=\"lazy\" \/>\t\t\t\t\t<\/div>\n\t\t\t\t\n\t\t\t\t\t\t\t\t\t<div class=\"elementor-cta__title elementor-cta__content-item elementor-content-item\">\n\t\t\t\t\t\tFRUCTIS\t\t\t\t\t<\/div>\n\t\t\t\t\n\t\t\t\t\t\t\t\t\t<div class=\"elementor-cta__description elementor-cta__content-item elementor-content-item\">\n\t\t\t\t\t\tM\u00e1scara Hair Bomb com Biotina e Vitamina C<br><br><span style=\"font-size: 13pt\"><b>6,49\u20ac<\/span> <\/b>\t\t\t\t\t<\/div>\n\t\t\t\t\n\t\t\t\t\t\t\t\t\t<div class=\"elementor-cta__button-wrapper elementor-cta__content-item elementor-content-item \">\n\t\t\t\t\t<span class=\"elementor-cta__button elementor-button elementor-size-\">\n\t\t\t\t\t\tCOMPRAR\t\t\t\t\t<\/span>\n\t\t\t\t\t<\/div>\n\t\t\t\t\t\t\t<\/div>\n\t\t\t\t\t\t<\/a>\n\t\t\t\t\t\t<\/div>\n\t\t\t\t<\/div>\n\t\t\t\t<\/div>\n\t\t\t\t<\/div>\n\t\t\t\t<div class=\"elementor-element elementor-element-2d9379b elementor-widget elementor-widget-text-editor\" data-id=\"2d9379b\" data-element_type=\"widget\" data-widget_type=\"text-editor.default\">\n\t\t\t\t<div class=\"elementor-widget-container\">\n\t\t\t\t\t\t\t\t\t<div style=\"margin: 0px; padding: 0px; border: 0px; font-size: 14px; vertical-align: baseline; background: 50% center \/ cover no-repeat #ffffff; position: relative; font-family: Poppins, Helvetica, Arial, Lucida, sans-serif; text-align: left; color: #666666; font-style: normal; font-weight: 500; letter-spacing: normal; text-indent: 0px; text-transform: none;\"><span style=\"background-color: transparent; color: #f5a573; font-size: 19px;\">Ampolas e suplementos orais<\/span><\/div>\t\t\t\t\t\t\t\t<\/div>\n\t\t\t\t<\/div>\n\t\t\t\t<div class=\"elementor-element elementor-element-4126933 elementor-widget elementor-widget-text-editor\" data-id=\"4126933\" data-element_type=\"widget\" data-widget_type=\"text-editor.default\">\n\t\t\t\t<div class=\"elementor-widget-container\">\n\t\t\t\t\t\t\t\t\t<p dir=\"ltr\" style=\"line-height: 1.2; text-align: justify; margin-top: 14pt; margin-bottom: 14pt;\"><span style=\"color: #767171; font-family: Poppins; text-align: start;\">Os suplementos de biotina atuam a <\/span><b style=\"color: #767171; font-family: Poppins; text-align: start;\">partir do interior<\/b> <span style=\"color: #767171; font-family: Poppins; text-align: start;\">e costumam ser recomendados quando se suspeita de um d\u00e9fice ou se procura refor\u00e7ar o cabelo em determinadas etapas. Aqui \u00e9 importante n\u00e3o cometer excessos e recordar que maior quantidade nem sempre significa maior benef\u00edcio. <\/span><\/p><p dir=\"ltr\" style=\"line-height: 1.2; text-align: justify; margin-top: 14pt; margin-bottom: 14pt;\"><span style=\"color: #767171; font-family: Poppins; text-align: start;\">Al\u00e9m disso, conv\u00e9m ter em conta que doses elevadas de biotina podem interferir com algumas an\u00e1lises m\u00e9dicas. Se estiver a tomar suplementos e for realizar exames, \u00e9 recomend\u00e1vel  <\/span><b style=\"color: #767171; font-family: Poppins; text-align: start;\">avisar o profissional <\/b>de sa\u00fade.<\/p>\t\t\t\t\t\t\t\t<\/div>\n\t\t\t\t<\/div>\n\t\t\t\t<div class=\"elementor-element elementor-element-0509320 elementor-widget elementor-widget-text-editor\" data-id=\"0509320\" data-element_type=\"widget\" data-widget_type=\"text-editor.default\">\n\t\t\t\t<div class=\"elementor-widget-container\">\n\t\t\t\t\t\t\t\t\t<div style=\"margin: 0px; padding: 0px; border: 0px; font-size: 14px; vertical-align: baseline; background: 50% center \/ cover no-repeat #ffffff; position: relative; font-family: Poppins, Helvetica, Arial, Lucida, sans-serif; text-align: left; color: #666666; font-style: normal; font-weight: 500; letter-spacing: normal; text-indent: 0px; text-transform: none;\"><span style=\"background-color: transparent; color: #f5a573; font-size: 19px;\">Mesoterapia capilar com biotina<\/span><\/div>\t\t\t\t\t\t\t\t<\/div>\n\t\t\t\t<\/div>\n\t\t\t\t<div class=\"elementor-element elementor-element-59c3efe elementor-widget elementor-widget-text-editor\" data-id=\"59c3efe\" data-element_type=\"widget\" data-widget_type=\"text-editor.default\">\n\t\t\t\t<div class=\"elementor-widget-container\">\n\t\t\t\t\t\t\t\t\t<p dir=\"ltr\" style=\"line-height: 1.2; text-align: justify; margin-top: 14pt; margin-bottom: 14pt;\"><span style=\"color: #767171; font-family: Poppins; text-align: start;\">A mesoterapia capilar \u00e9 um tratamento mais avan\u00e7ado que consiste na<\/span> <b style=\"color: #767171; font-family: Poppins; text-align: start;\">aplica\u00e7\u00e3o de microinje\u00e7\u00f5es<\/b> <span style=\"color: #767171; font-family: Poppins; text-align: start;\">no couro cabeludo com uma combina\u00e7\u00e3o de ativos espec\u00edficos. Nestas f\u00f3rmulas, podem incluir-se vitaminas como a biotina, amino\u00e1cidos, minerais e outros componentes destinados a melhorar o ambiente do fol\u00edculo piloso. <\/span><\/p><p dir=\"ltr\" style=\"line-height: 1.2; text-align: justify; margin-top: 14pt; margin-bottom: 14pt;\"><span style=\"color: #767171; font-family: Poppins; text-align: start;\">O<\/span> <b style=\"color: #767171; font-family: Poppins; text-align: start;\">objetivo principal <\/b><span style=\"color: #767171; font-family: Poppins; text-align: start;\">da mesoterapia n\u00e3o \u00e9 apenas fornecer biotina, mas sim estimular o couro cabeludo, favorecer a microcircula\u00e7\u00e3o e criar condi\u00e7\u00f5es mais otimizadas para o crescimento do cabelo.<\/span> <\/p><p dir=\"ltr\" style=\"line-height: 1.2; text-align: justify; margin-top: 14pt; margin-bottom: 14pt;\"><span style=\"color: #767171; font-family: Poppins; text-align: start;\">Por este motivo, a biotina costuma atuar como um<\/span> <b style=\"color: #767171; font-family: Poppins; text-align: start;\">complemento<\/b> <span style=\"color: #767171; font-family: Poppins; text-align: start;\">dentro de um cocktail de ativos, e n\u00e3o como o \u00fanico ingrediente respons\u00e1vel pelo efeito do tratamento.<\/span><\/p><p dir=\"ltr\" style=\"line-height: 1.2; text-align: justify; margin-top: 14pt; margin-bottom: 14pt;\"><span style=\"color: #767171; font-family: Poppins; text-align: start;\">A efic\u00e1cia da mesoterapia capilar com biotina depende em grande medida do <\/span><b style=\"color: #767171; font-family: Poppins; text-align: start;\">diagn\u00f3stico pr\u00e9vio<\/b> <span style=\"color: #767171; font-family: Poppins; text-align: start;\">e do protocolo aplicado. Fatores como o tipo de queda, o estado do fol\u00edculo, a regularidade do tratamento e a combina\u00e7\u00e3o de ativos influenciam diretamente os resultados.  <\/span><\/p><p dir=\"ltr\" style=\"line-height: 1.2; text-align: justify; margin-top: 14pt; margin-bottom: 14pt;\"><span style=\"color: #767171; font-family: Poppins; text-align: start;\">Em alguns casos, pode ajudar a melhorar a <\/span><b style=\"color: #767171; font-family: Poppins; text-align: start;\">qualidade do cabelo<\/b>, reduzir a fragilidade e refor\u00e7ar o crescimento do fio existente, especialmente quando se integra num plano capilar completo.<\/p><p dir=\"ltr\" style=\"line-height: 1.2; text-align: justify; margin-top: 14pt; margin-bottom: 14pt;\"><span style=\"color: #767171; font-family: Poppins; text-align: start;\">\u00c9 importante ter em conta que a mesoterapia n\u00e3o \u00e9 uma solu\u00e7\u00e3o universal nem oferece resultados imediatos. Geralmente requer  <\/span><b style=\"color: #767171; font-family: Poppins; text-align: start;\"> v\u00e1rias sess\u00f5es<\/b> <span style=\"color: #767171; font-family: Poppins; text-align: start;\">e a sua efic\u00e1cia varia de pessoa para pessoa.<\/span><\/p><p dir=\"ltr\" style=\"line-height: 1.2; text-align: justify; margin-top: 14pt; margin-bottom: 14pt;\"><span style=\"color: #767171; font-family: Poppins; text-align: start;\">Por isso, deve ser sempre avaliada de forma individualizada e realizada por profissionais qualificados, que determinem se este tipo de tratamento \u00e9 adequado segundo as<\/span> <b style=\"color: #767171; font-family: Poppins; text-align: start;\">necessidades concretas<\/b> <span style=\"color: #767171; font-family: Poppins; text-align: start;\">do cabelo e do couro cabeludo.<\/span><\/p>\t\t\t\t\t\t\t\t<\/div>\n\t\t\t\t<\/div>\n\t\t\t\t<div class=\"elementor-element elementor-element-ca8eb41 elementor-widget elementor-widget-text-editor\" data-id=\"ca8eb41\" data-element_type=\"widget\" data-widget_type=\"text-editor.default\">\n\t\t\t\t<div class=\"elementor-widget-container\">\n\t\t\t\t\t\t\t\t\t<div style=\"margin: 0px; padding: 0px; border: 0px; font-size: 14px; vertical-align: baseline; background: 50% center \/ cover no-repeat #ffffff; position: relative; font-family: Gelica Light Italic, Poppins, Helvetica, Arial, Lucida, sans-serif; text-align: left; color: #666666; font-style: normal; font-weight: 500; letter-spacing: normal; text-indent: 0px; text-transform: none;\"><div style=\"margin: 0px; padding: 0px; border: 0px; font-size: 14px; vertical-align: baseline; background: transparent; position: relative;\"><span style=\"background-color: transparent; color: #f5a573; font-family: 'Gelica Light', Helvetica, Arial, Lucida, sans-serif; font-size: 26px;\">Quando utilizar biotina para o cabelo<\/span><\/div><\/div>\t\t\t\t\t\t\t\t<\/div>\n\t\t\t\t<\/div>\n\t\t\t\t<div class=\"elementor-element elementor-element-22b4cda elementor-widget elementor-widget-image\" data-id=\"22b4cda\" data-element_type=\"widget\" data-widget_type=\"image.default\">\n\t\t\t\t<div class=\"elementor-widget-container\">\n\t\t\t\t\t\t\t\t\t\t\t\t\t\t\t<img decoding=\"async\" width=\"800\" height=\"387\" src=\"https:\/\/blog-clarel.imgix.net\/uploads\/2026\/04\/22164328\/biotina-crecimiento-cabello-1024x495.jpg\" class=\"attachment-large size-large wp-image-17970\" alt=\"\" srcset=\"https:\/\/blog-clarel.imgix.net\/uploads\/2026\/04\/22164328\/biotina-crecimiento-cabello-1024x495.jpg 1024w, https:\/\/blog-clarel.imgix.net\/uploads\/2026\/04\/22164328\/biotina-crecimiento-cabello-300x145.jpg 300w, https:\/\/blog-clarel.imgix.net\/uploads\/2026\/04\/22164328\/biotina-crecimiento-cabello-768x372.jpg 768w, https:\/\/blog-clarel.imgix.net\/uploads\/2026\/04\/22164328\/biotina-crecimiento-cabello-1536x743.jpg 1536w, https:\/\/blog-clarel.imgix.net\/uploads\/2026\/04\/22164328\/biotina-crecimiento-cabello.jpg 2032w\" sizes=\"(max-width: 800px) 100vw, 800px\" \/>\t\t\t\t\t\t\t\t\t\t\t\t\t\t\t<\/div>\n\t\t\t\t<\/div>\n\t\t\t\t<div class=\"elementor-element elementor-element-79402a6 elementor-widget elementor-widget-text-editor\" data-id=\"79402a6\" data-element_type=\"widget\" data-widget_type=\"text-editor.default\">\n\t\t\t\t<div class=\"elementor-widget-container\">\n\t\t\t\t\t\t\t\t\t<p dir=\"ltr\" style=\"line-height: 1.2; text-align: justify; margin-top: 14pt; margin-bottom: 14pt;\"><span style=\"color: #767171; font-family: Poppins; text-align: start;\">A biotina pode ser uma boa aliada se for <\/span><b style=\"color: #767171; font-family: Poppins; text-align: start;\">utilizada com crit\u00e9rio<\/b><span style=\"color: #767171; font-family: Poppins; text-align: start;\">. Costuma fazer mais sentido quando o cabelo est\u00e1 debilitado, existem sinais de fragilidade ou se atravessam etapas de maior queda associadas a altera\u00e7\u00f5es f\u00edsicas ou emocionais.<\/span><\/p><p dir=\"ltr\" style=\"line-height: 1.2; text-align: justify; margin-top: 14pt; margin-bottom: 14pt;\"><span style=\"color: #767171; font-family: Poppins; text-align: start;\">Se o que procura \u00e9 <\/span><b style=\"color: #767171; font-family: Poppins; text-align: start;\">melhorar o aspeto<\/b> <span style=\"color: #767171; font-family: Poppins; text-align: start;\">geral do cabelo, uma boa rotina cosm\u00e9tica pode oferecer resultados mais r\u00e1pidos. Para problemas de queda persistente ou alopecia, o mais recomend\u00e1vel \u00e9 identificar a causa e agir em conformidade. <\/span><\/p><p dir=\"ltr\" style=\"line-height: 1.2; text-align: justify; margin-top: 14pt; margin-bottom: 14pt;\"><span style=\"color: #767171; font-family: Poppins; text-align: start;\">Em suma, compreender para que serve a biotina no cabelo implica v\u00ea-la como aquilo que realmente \u00e9: um<\/span> <b style=\"color: #767171; font-family: Poppins; text-align: start;\">apoio valioso<\/b><span style=\"color: #767171; font-family: Poppins; text-align: start;\"> dentro de um cuidado capilar completo, mas n\u00e3o uma solu\u00e7\u00e3o milagrosa. Utilizada de forma adequada, pode ajudar a manter um cabelo mais forte, saud\u00e1vel e com melhor aspeto a longo prazo. <\/span><\/p>\t\t\t\t\t\t\t\t<\/div>\n\t\t\t\t<\/div>\n\t\t\t\t\t<\/div>\n\t\t\t\t<\/div>\n\t\t<div class=\"elementor-element elementor-element-a59519b e-flex e-con-boxed e-con e-parent\" data-id=\"a59519b\" data-element_type=\"container\">\n\t\t\t\t\t<div class=\"e-con-inner\">\n\t\t\t\t\t<\/div>\n\t\t\t\t<\/div>\n\t\t\t\t<\/div>\n\t\t","protected":false},"excerpt":{"rendered":"<p>Se alguma vez procurou informa\u00e7\u00e3o sobre o cuidado do cabelo, \u00e9 muito prov\u00e1vel que a biotina tenha aparecido no seu radar. Champ\u00f4s, suplementos, tratamentos capilares\u2026 parece estar em todo o lado. E com isto surge a grande quest\u00e3o: para que serve realmente a biotina no cabelo? Funciona mesmo ou \u00e9 apenas mais uma moda? A [&hellip;]<\/p>\n","protected":false},"author":17,"featured_media":17965,"comment_status":"closed","ping_status":"closed","sticky":false,"template":"","format":"standard","meta":{"footnotes":""},"categories":[62],"tags":[],"class_list":["post-18002","post","type-post","status-publish","format-standard","has-post-thumbnail","hentry","category-cuidado-capilar"],"yoast_head":"<!-- This site is optimized with the Yoast SEO plugin v25.4 - https:\/\/yoast.com\/wordpress\/plugins\/seo\/ -->\n<title>Biotina no cabelo: para que serve? - Clarel<\/title>\n<meta name=\"robots\" content=\"index, follow, max-snippet:-1, max-image-preview:large, max-video-preview:-1\" \/>\n<link rel=\"canonical\" href=\"https:\/\/www.clarel.es\/blog\/pt-pt\/biotina-no-cabelo-para-que-serve\/\" \/>\n<meta property=\"og:locale\" content=\"pt_PT\" \/>\n<meta property=\"og:type\" content=\"article\" \/>\n<meta property=\"og:title\" content=\"Biotina no cabelo: para que serve? - Clarel\" \/>\n<meta property=\"og:description\" content=\"Se alguma vez procurou informa\u00e7\u00e3o sobre o cuidado do cabelo, \u00e9 muito prov\u00e1vel que a biotina tenha aparecido no seu radar. Champ\u00f4s, suplementos, tratamentos capilares\u2026 parece estar em todo o lado. E com isto surge a grande quest\u00e3o: para que serve realmente a biotina no cabelo? Funciona mesmo ou \u00e9 apenas mais uma moda? A [&hellip;]\" \/>\n<meta property=\"og:url\" content=\"https:\/\/www.clarel.es\/blog\/pt-pt\/biotina-no-cabelo-para-que-serve\/\" \/>\n<meta property=\"og:site_name\" content=\"Clarel\" \/>\n<meta property=\"article:published_time\" content=\"2026-04-15T16:40:24+00:00\" \/>\n<meta property=\"article:modified_time\" content=\"2026-04-30T11:10:42+00:00\" \/>\n<meta property=\"og:image\" content=\"https:\/\/blog-clarel.imgix.net\/uploads\/2026\/03\/22163606\/beneficios-biotina-pelo.jpg\" \/>\n\t<meta property=\"og:image:width\" content=\"2032\" \/>\n\t<meta property=\"og:image:height\" content=\"983\" \/>\n\t<meta property=\"og:image:type\" content=\"image\/jpeg\" \/>\n<meta name=\"twitter:card\" content=\"summary_large_image\" \/>\n<script type=\"application\/ld+json\" class=\"yoast-schema-graph\">{\"@context\":\"https:\/\/schema.org\",\"@graph\":[{\"@type\":\"Article\",\"@id\":\"https:\/\/www.clarel.es\/blog\/pt-pt\/biotina-no-cabelo-para-que-serve\/#article\",\"isPartOf\":{\"@id\":\"https:\/\/www.clarel.es\/blog\/pt-pt\/biotina-no-cabelo-para-que-serve\/\"},\"author\":{\"name\":\"Clarel\",\"@id\":\"https:\/\/www.clarel.es\/blog\/pt-pt\/\"},\"headline\":\"Biotina no cabelo: para que serve?\",\"datePublished\":\"2026-04-15T16:40:24+00:00\",\"dateModified\":\"2026-04-30T11:10:42+00:00\",\"mainEntityOfPage\":{\"@id\":\"https:\/\/www.clarel.es\/blog\/pt-pt\/biotina-no-cabelo-para-que-serve\/\"},\"wordCount\":2359,\"publisher\":{\"@id\":\"https:\/\/www.clarel.es\/blog\/#organization\"},\"image\":{\"@id\":\"https:\/\/www.clarel.es\/blog\/pt-pt\/biotina-no-cabelo-para-que-serve\/#primaryimage\"},\"thumbnailUrl\":\"https:\/\/blog-clarel.imgix.net\/uploads\/2026\/03\/22163606\/beneficios-biotina-pelo.jpg\",\"articleSection\":[\"Cuidado capilar\"],\"inLanguage\":\"pt-PT\"},{\"@type\":\"WebPage\",\"@id\":\"https:\/\/www.clarel.es\/blog\/pt-pt\/biotina-no-cabelo-para-que-serve\/\",\"url\":\"https:\/\/www.clarel.es\/blog\/pt-pt\/biotina-no-cabelo-para-que-serve\/\",\"name\":\"Biotina no cabelo: para que serve? - Clarel\",\"isPartOf\":{\"@id\":\"https:\/\/www.clarel.es\/blog\/#website\"},\"primaryImageOfPage\":{\"@id\":\"https:\/\/www.clarel.es\/blog\/pt-pt\/biotina-no-cabelo-para-que-serve\/#primaryimage\"},\"image\":{\"@id\":\"https:\/\/www.clarel.es\/blog\/pt-pt\/biotina-no-cabelo-para-que-serve\/#primaryimage\"},\"thumbnailUrl\":\"https:\/\/blog-clarel.imgix.net\/uploads\/2026\/03\/22163606\/beneficios-biotina-pelo.jpg\",\"datePublished\":\"2026-04-15T16:40:24+00:00\",\"dateModified\":\"2026-04-30T11:10:42+00:00\",\"breadcrumb\":{\"@id\":\"https:\/\/www.clarel.es\/blog\/pt-pt\/biotina-no-cabelo-para-que-serve\/#breadcrumb\"},\"inLanguage\":\"pt-PT\",\"potentialAction\":[{\"@type\":\"ReadAction\",\"target\":[\"https:\/\/www.clarel.es\/blog\/pt-pt\/biotina-no-cabelo-para-que-serve\/\"]}]},{\"@type\":\"ImageObject\",\"inLanguage\":\"pt-PT\",\"@id\":\"https:\/\/www.clarel.es\/blog\/pt-pt\/biotina-no-cabelo-para-que-serve\/#primaryimage\",\"url\":\"https:\/\/blog-clarel.imgix.net\/uploads\/2026\/03\/22163606\/beneficios-biotina-pelo.jpg\",\"contentUrl\":\"https:\/\/blog-clarel.imgix.net\/uploads\/2026\/03\/22163606\/beneficios-biotina-pelo.jpg\",\"width\":2032,\"height\":983},{\"@type\":\"BreadcrumbList\",\"@id\":\"https:\/\/www.clarel.es\/blog\/pt-pt\/biotina-no-cabelo-para-que-serve\/#breadcrumb\",\"itemListElement\":[{\"@type\":\"ListItem\",\"position\":1,\"name\":\"Portada\",\"item\":\"https:\/\/www.clarel.es\/blog\/\"},{\"@type\":\"ListItem\",\"position\":2,\"name\":\"Biotina no cabelo: para que serve?\"}]},{\"@type\":\"WebSite\",\"@id\":\"https:\/\/www.clarel.es\/blog\/#website\",\"url\":\"https:\/\/www.clarel.es\/blog\/\",\"name\":\"Clarel\",\"description\":\"Tienda Online de perfumeria, cosmetica, maquillaje y hogar.\",\"publisher\":{\"@id\":\"https:\/\/www.clarel.es\/blog\/#organization\"},\"potentialAction\":[{\"@type\":\"SearchAction\",\"target\":{\"@type\":\"EntryPoint\",\"urlTemplate\":\"https:\/\/www.clarel.es\/blog\/?s={search_term_string}\"},\"query-input\":{\"@type\":\"PropertyValueSpecification\",\"valueRequired\":true,\"valueName\":\"search_term_string\"}}],\"inLanguage\":\"pt-PT\"},{\"@type\":\"Organization\",\"@id\":\"https:\/\/www.clarel.es\/blog\/#organization\",\"name\":\"Clarel\",\"url\":\"https:\/\/www.clarel.es\/blog\/\",\"logo\":{\"@type\":\"ImageObject\",\"inLanguage\":\"pt-PT\",\"@id\":\"https:\/\/www.clarel.es\/blog\/#\/schema\/logo\/image\/\",\"url\":\"https:\/\/clarel-test.ezenit.link\/blog\/wp-content\/uploads\/2022\/08\/logo_clarel.png\",\"contentUrl\":\"https:\/\/clarel-test.ezenit.link\/blog\/wp-content\/uploads\/2022\/08\/logo_clarel.png\",\"width\":432,\"height\":101,\"caption\":\"Clarel\"},\"image\":{\"@id\":\"https:\/\/www.clarel.es\/blog\/#\/schema\/logo\/image\/\"}}]}<\/script>\n<!-- \/ Yoast SEO plugin. -->","yoast_head_json":{"title":"Biotina no cabelo: para que serve? - Clarel","robots":{"index":"index","follow":"follow","max-snippet":"max-snippet:-1","max-image-preview":"max-image-preview:large","max-video-preview":"max-video-preview:-1"},"canonical":"https:\/\/www.clarel.es\/blog\/pt-pt\/biotina-no-cabelo-para-que-serve\/","og_locale":"pt_PT","og_type":"article","og_title":"Biotina no cabelo: para que serve? - Clarel","og_description":"Se alguma vez procurou informa\u00e7\u00e3o sobre o cuidado do cabelo, \u00e9 muito prov\u00e1vel que a biotina tenha aparecido no seu radar. Champ\u00f4s, suplementos, tratamentos capilares\u2026 parece estar em todo o lado. E com isto surge a grande quest\u00e3o: para que serve realmente a biotina no cabelo? Funciona mesmo ou \u00e9 apenas mais uma moda? A [&hellip;]","og_url":"https:\/\/www.clarel.es\/blog\/pt-pt\/biotina-no-cabelo-para-que-serve\/","og_site_name":"Clarel","article_published_time":"2026-04-15T16:40:24+00:00","article_modified_time":"2026-04-30T11:10:42+00:00","og_image":[{"width":2032,"height":983,"url":"https:\/\/blog-clarel.imgix.net\/uploads\/2026\/03\/22163606\/beneficios-biotina-pelo.jpg","type":"image\/jpeg"}],"twitter_card":"summary_large_image","schema":{"@context":"https:\/\/schema.org","@graph":[{"@type":"Article","@id":"https:\/\/www.clarel.es\/blog\/pt-pt\/biotina-no-cabelo-para-que-serve\/#article","isPartOf":{"@id":"https:\/\/www.clarel.es\/blog\/pt-pt\/biotina-no-cabelo-para-que-serve\/"},"author":{"name":"Clarel","@id":"https:\/\/www.clarel.es\/blog\/pt-pt\/"},"headline":"Biotina no cabelo: para que serve?","datePublished":"2026-04-15T16:40:24+00:00","dateModified":"2026-04-30T11:10:42+00:00","mainEntityOfPage":{"@id":"https:\/\/www.clarel.es\/blog\/pt-pt\/biotina-no-cabelo-para-que-serve\/"},"wordCount":2359,"publisher":{"@id":"https:\/\/www.clarel.es\/blog\/#organization"},"image":{"@id":"https:\/\/www.clarel.es\/blog\/pt-pt\/biotina-no-cabelo-para-que-serve\/#primaryimage"},"thumbnailUrl":"https:\/\/blog-clarel.imgix.net\/uploads\/2026\/03\/22163606\/beneficios-biotina-pelo.jpg","articleSection":["Cuidado capilar"],"inLanguage":"pt-PT"},{"@type":"WebPage","@id":"https:\/\/www.clarel.es\/blog\/pt-pt\/biotina-no-cabelo-para-que-serve\/","url":"https:\/\/www.clarel.es\/blog\/pt-pt\/biotina-no-cabelo-para-que-serve\/","name":"Biotina no cabelo: para que serve? - Clarel","isPartOf":{"@id":"https:\/\/www.clarel.es\/blog\/#website"},"primaryImageOfPage":{"@id":"https:\/\/www.clarel.es\/blog\/pt-pt\/biotina-no-cabelo-para-que-serve\/#primaryimage"},"image":{"@id":"https:\/\/www.clarel.es\/blog\/pt-pt\/biotina-no-cabelo-para-que-serve\/#primaryimage"},"thumbnailUrl":"https:\/\/blog-clarel.imgix.net\/uploads\/2026\/03\/22163606\/beneficios-biotina-pelo.jpg","datePublished":"2026-04-15T16:40:24+00:00","dateModified":"2026-04-30T11:10:42+00:00","breadcrumb":{"@id":"https:\/\/www.clarel.es\/blog\/pt-pt\/biotina-no-cabelo-para-que-serve\/#breadcrumb"},"inLanguage":"pt-PT","potentialAction":[{"@type":"ReadAction","target":["https:\/\/www.clarel.es\/blog\/pt-pt\/biotina-no-cabelo-para-que-serve\/"]}]},{"@type":"ImageObject","inLanguage":"pt-PT","@id":"https:\/\/www.clarel.es\/blog\/pt-pt\/biotina-no-cabelo-para-que-serve\/#primaryimage","url":"https:\/\/blog-clarel.imgix.net\/uploads\/2026\/03\/22163606\/beneficios-biotina-pelo.jpg","contentUrl":"https:\/\/blog-clarel.imgix.net\/uploads\/2026\/03\/22163606\/beneficios-biotina-pelo.jpg","width":2032,"height":983},{"@type":"BreadcrumbList","@id":"https:\/\/www.clarel.es\/blog\/pt-pt\/biotina-no-cabelo-para-que-serve\/#breadcrumb","itemListElement":[{"@type":"ListItem","position":1,"name":"Portada","item":"https:\/\/www.clarel.es\/blog\/"},{"@type":"ListItem","position":2,"name":"Biotina no cabelo: para que serve?"}]},{"@type":"WebSite","@id":"https:\/\/www.clarel.es\/blog\/#website","url":"https:\/\/www.clarel.es\/blog\/","name":"Clarel","description":"Tienda Online de perfumeria, cosmetica, maquillaje y hogar.","publisher":{"@id":"https:\/\/www.clarel.es\/blog\/#organization"},"potentialAction":[{"@type":"SearchAction","target":{"@type":"EntryPoint","urlTemplate":"https:\/\/www.clarel.es\/blog\/?s={search_term_string}"},"query-input":{"@type":"PropertyValueSpecification","valueRequired":true,"valueName":"search_term_string"}}],"inLanguage":"pt-PT"},{"@type":"Organization","@id":"https:\/\/www.clarel.es\/blog\/#organization","name":"Clarel","url":"https:\/\/www.clarel.es\/blog\/","logo":{"@type":"ImageObject","inLanguage":"pt-PT","@id":"https:\/\/www.clarel.es\/blog\/#\/schema\/logo\/image\/","url":"https:\/\/clarel-test.ezenit.link\/blog\/wp-content\/uploads\/2022\/08\/logo_clarel.png","contentUrl":"https:\/\/clarel-test.ezenit.link\/blog\/wp-content\/uploads\/2022\/08\/logo_clarel.png","width":432,"height":101,"caption":"Clarel"},"image":{"@id":"https:\/\/www.clarel.es\/blog\/#\/schema\/logo\/image\/"}}]}},"_links":{"self":[{"href":"https:\/\/www.clarel.es\/blog\/pt-pt\/wp-json\/wp\/v2\/posts\/18002","targetHints":{"allow":["GET"]}}],"collection":[{"href":"https:\/\/www.clarel.es\/blog\/pt-pt\/wp-json\/wp\/v2\/posts"}],"about":[{"href":"https:\/\/www.clarel.es\/blog\/pt-pt\/wp-json\/wp\/v2\/types\/post"}],"author":[{"embeddable":true,"href":"https:\/\/www.clarel.es\/blog\/pt-pt\/wp-json\/wp\/v2\/users\/17"}],"replies":[{"embeddable":true,"href":"https:\/\/www.clarel.es\/blog\/pt-pt\/wp-json\/wp\/v2\/comments?post=18002"}],"version-history":[{"count":1,"href":"https:\/\/www.clarel.es\/blog\/pt-pt\/wp-json\/wp\/v2\/posts\/18002\/revisions"}],"predecessor-version":[{"id":18003,"href":"https:\/\/www.clarel.es\/blog\/pt-pt\/wp-json\/wp\/v2\/posts\/18002\/revisions\/18003"}],"wp:featuredmedia":[{"embeddable":true,"href":"https:\/\/www.clarel.es\/blog\/pt-pt\/wp-json\/wp\/v2\/media\/17965"}],"wp:attachment":[{"href":"https:\/\/www.clarel.es\/blog\/pt-pt\/wp-json\/wp\/v2\/media?parent=18002"}],"wp:term":[{"taxonomy":"category","embeddable":true,"href":"https:\/\/www.clarel.es\/blog\/pt-pt\/wp-json\/wp\/v2\/categories?post=18002"},{"taxonomy":"post_tag","embeddable":true,"href":"https:\/\/www.clarel.es\/blog\/pt-pt\/wp-json\/wp\/v2\/tags?post=18002"}],"curies":[{"name":"wp","href":"https:\/\/api.w.org\/{rel}","templated":true}]}}