{"id":15541,"date":"2024-04-04T10:32:48","date_gmt":"2024-04-04T10:32:48","guid":{"rendered":"https:\/\/clarel-test.ezenit.link\/blog\/combate-a-celulite-com-os-melhores-anticeluliticos\/"},"modified":"2025-10-23T13:56:02","modified_gmt":"2025-10-23T13:56:02","slug":"combate-a-celulite-com-os-melhores-anticeluliticos","status":"publish","type":"post","link":"https:\/\/www.clarel.es\/blog\/pt-pt\/combate-a-celulite-com-os-melhores-anticeluliticos\/","title":{"rendered":"Combate a celulite com os melhores anticelul\u00edticos"},"content":{"rendered":"\t\t<div data-elementor-type=\"wp-post\" data-elementor-id=\"15541\" class=\"elementor elementor-15541 elementor-8015\" data-elementor-post-type=\"post\">\n\t\t\t\t<div class=\"elementor-element elementor-element-7314fcd2 e-flex e-con-boxed e-con e-parent\" data-id=\"7314fcd2\" data-element_type=\"container\">\n\t\t\t\t\t<div class=\"e-con-inner\">\n\t\t\t\t<div class=\"elementor-element elementor-element-a2510d1 elementor-widget elementor-widget-text-editor\" data-id=\"a2510d1\" data-element_type=\"widget\" data-widget_type=\"text-editor.default\">\n\t\t\t\t<div class=\"elementor-widget-container\">\n\t\t\t\t\t\t\t\t\t<div style=\"margin: 0px;padding: 0px;border: 0px;font-size: 14px;vertical-align: baseline;background: 50% center \/ cover no-repeat #ffffff;position: relative;font-family: Poppins, Helvetica, Arial, Lucida, sans-serif;text-align: left;color: #666666;font-style: normal;font-weight: 500;letter-spacing: normal;text-indent: 0px;text-transform: none\"><div style=\"margin: 0px;padding: 0px;border: 0px;font-size: 14px;vertical-align: baseline;background: transparent;position: relative\"><span style=\"background-color: transparent;color: #f5a573;font-family: 'Gelica Light', Helvetica, Arial, Lucida, sans-serif;font-size: 26px\">Combate a celulite com os melhores cremes anticelul\u00edticos<\/span><\/div><\/div>\t\t\t\t\t\t\t\t<\/div>\n\t\t\t\t<\/div>\n\t\t\t\t<div class=\"elementor-element elementor-element-1c9a6d8 elementor-widget elementor-widget-text-editor\" data-id=\"1c9a6d8\" data-element_type=\"widget\" data-widget_type=\"text-editor.default\">\n\t\t\t\t<div class=\"elementor-widget-container\">\n\t\t\t\t\t\t\t\t\t<div><div><div><div><p><span style=\"color: #666666;font-family: Poppins, Helvetica, Arial, Lucida, sans-serif;font-size: 14px;background: transparent;margin: 0px;padding: 0px;border: 0px;vertical-align: baseline\">A luta contra a celulite \u00e9 uma preocupa\u00e7\u00e3o para muitas pessoas. A celulite, tamb\u00e9m conhecida como pele casca de laranja, \u00e9 a  <\/span><b style=\"color: #666666;font-family: Poppins, Helvetica, Arial, Lucida, sans-serif;font-size: 14px;background: transparent;margin: 0px;padding: 0px;border: 0px;vertical-align: baseline\">apar\u00eancia irregular e com relevos em zonas<\/b><span style=\"color: #666666;font-family: Poppins, Helvetica, Arial, Lucida, sans-serif;font-size: 14px;background: transparent;margin: 0px;padding: 0px;border: 0px;vertical-align: baseline\"> como os gl\u00fateos, as ancas e as coxas.<\/span> <\/p><p style=\"margin: 0px;padding: 0px 0px 1em;border: 0px;font-size: 14px;vertical-align: baseline;background-image: initial;background-position: initial;background-size: initial;background-repeat: initial;background-attachment: initial;color: #666666;font-family: Poppins, Helvetica, Arial, Lucida, sans-serif\"><span style=\"margin: 0px;padding: 0px;border: 0px;vertical-align: baseline;background: transparent\">A apar\u00eancia destas gorduras pode afetar a confian\u00e7a e o bem-estar de alguns homens e mulheres. Por isso, muitas pessoas recorrem a algum produto anticelul\u00edtico para tentar reduzi-las e conseguir uma pele mais lisa. <\/span><\/p><p style=\"margin: 0px;padding: 0px;border: 0px;font-size: 14px;vertical-align: baseline;background-image: initial;background-position: initial;background-size: initial;background-repeat: initial;background-attachment: initial;color: #666666;font-family: Poppins, Helvetica, Arial, Lucida, sans-serif\"><span style=\"margin: 0px;padding: 0px;border: 0px;vertical-align: baseline;background: transparent\">Nos \u00faltimos anos, a <\/span><b style=\"margin: 0px;padding: 0px;border: 0px;vertical-align: baseline;background: transparent\">cosm\u00e9tica anticelul\u00edtica tem evolu\u00eddo<\/b> <span style=\"margin: 0px;padding: 0px;border: 0px;vertical-align: baseline;background: transparent\">muito e no mercado existem diferentes op\u00e7\u00f5es para combat\u00ea-las, que prometem resultados vis\u00edveis e duradouros. No entanto, queremos destacar neste ponto que nem todos os cremes s\u00e3o iguais.  <\/span><\/p><\/div><\/div><\/div><\/div>\t\t\t\t\t\t\t\t<\/div>\n\t\t\t\t<\/div>\n\t\t\t\t<div class=\"elementor-element elementor-element-5595a0e elementor-widget elementor-widget-text-editor\" data-id=\"5595a0e\" data-element_type=\"widget\" data-widget_type=\"text-editor.default\">\n\t\t\t\t<div class=\"elementor-widget-container\">\n\t\t\t\t\t\t\t\t\t<div style=\"margin: 0px;padding: 0px;border: 0px;font-size: 14px;vertical-align: baseline;background: 50% center \/ cover no-repeat #ffffff;position: relative;font-family: Poppins, Helvetica, Arial, Lucida, sans-serif;text-align: left;color: #666666;font-style: normal;font-weight: 500;letter-spacing: normal;text-indent: 0px;text-transform: none\"><div style=\"margin: 0px;padding: 0px;border: 0px;font-size: 14px;vertical-align: baseline;background: transparent;position: relative\"><span style=\"background-color: transparent;color: #ef7a50;font-family: 'Gelica Light', Helvetica, Arial, Lucida, sans-serif;font-size: 26px\">Compreender a celulite: Causas e tratamentos<\/span><\/div><\/div>\t\t\t\t\t\t\t\t<\/div>\n\t\t\t\t<\/div>\n\t\t\t\t<div class=\"elementor-element elementor-element-f1fe97c elementor-widget elementor-widget-text-editor\" data-id=\"f1fe97c\" data-element_type=\"widget\" data-widget_type=\"text-editor.default\">\n\t\t\t\t<div class=\"elementor-widget-container\">\n\t\t\t\t\t\t\t\t\t<div><div><div><div><p><span style=\"color: #666666;font-family: Poppins, Helvetica, Arial, Lucida, sans-serif;font-size: 14px;background-image: initial;background-position: initial;background-size: initial;background-repeat: initial;background-attachment: initial;margin: 0px;padding: 0px;border: 0px;vertical-align: baseline\">A celulite \u00e9 uma condi\u00e7\u00e3o comum da pele que se caracteriza pela <\/span><b style=\"color: #666666;font-family: Poppins, Helvetica, Arial, Lucida, sans-serif;font-size: 14px;background-image: initial;background-position: initial;background-size: initial;background-repeat: initial;background-attachment: initial;margin: 0px;padding: 0px;border: 0px;vertical-align: baseline\">apar\u00eancia de covinhas, localizadas em partes do nosso corpo<\/b> <span style=\"color: #666666;font-family: Poppins, Helvetica, Arial, Lucida, sans-serif;font-size: 14px;background-image: initial;background-position: initial;background-size: initial;background-repeat: initial;background-attachment: initial;margin: 0px;padding: 0px;border: 0px;vertical-align: baseline\">como: as coxas, as ancas, os gl\u00fateos e o abd\u00f3men. Embora n\u00e3o represente qualquer risco para a nossa sa\u00fade, pode constituir uma preocupa\u00e7\u00e3o est\u00e9tica.  <\/span><\/p><\/div><\/div><\/div><\/div>\t\t\t\t\t\t\t\t<\/div>\n\t\t\t\t<\/div>\n\t\t\t\t<div class=\"elementor-element elementor-element-3e9c020 elementor-widget elementor-widget-text-editor\" data-id=\"3e9c020\" data-element_type=\"widget\" data-widget_type=\"text-editor.default\">\n\t\t\t\t<div class=\"elementor-widget-container\">\n\t\t\t\t\t\t\t\t\t<div style=\"margin: 0px;padding: 0px;border: 0px;font-size: 14px;vertical-align: baseline;background: 50% center \/ cover no-repeat #ffffff;position: relative;font-family: Poppins, Helvetica, Arial, Lucida, sans-serif;text-align: left;color: #666666;font-style: normal;font-weight: 500;letter-spacing: normal;text-indent: 0px;text-transform: none\"><span style=\"color: #f5a573;font-size: 17px\">Causas da celulite:<\/span><\/div>\t\t\t\t\t\t\t\t<\/div>\n\t\t\t\t<\/div>\n\t\t\t\t<div class=\"elementor-element elementor-element-ad4c64d elementor-widget elementor-widget-text-editor\" data-id=\"ad4c64d\" data-element_type=\"widget\" data-widget_type=\"text-editor.default\">\n\t\t\t\t<div class=\"elementor-widget-container\">\n\t\t\t\t\t\t\t\t\t<div><div><div><div><ol style=\"margin: 0px;padding: 0px 0px 23px;font-size: 14px;background-color: #ffffff;line-height: 26px;color: #666666;font-family: Poppins, Helvetica, Arial, Lucida, sans-serif\"><li style=\"margin: 0px;padding: 0px;font-size: 14px;text-align: justify\"><b style=\"margin: 0px;padding: 0px;border: 0px;vertical-align: baseline;background: transparent\">Acumula\u00e7\u00e3o de gordura: <\/b><span style=\"margin: 0px;padding: 0px;border: 0px;vertical-align: baseline;background: transparent\">a gordura corporal pode acumular-se debaixo da pele, especialmente em zonas propensas, como as coxas e as ancas.<\/span><\/li><li style=\"margin: 0px;padding: 0px;font-size: 14px;text-align: justify\"><b style=\"margin: 0px;padding: 0px;border: 0px;vertical-align: baseline;background: transparent\">Fatores hormonais: <\/b><span style=\"margin: 0px;padding: 0px;border: 0px;vertical-align: baseline;background: transparent\">As hormonas podem desempenhar um papel importante no desenvolvimento da celulite. Por exemplo, as altera\u00e7\u00f5es hormonais durante a puberdade, a gravidez ou a menopausa podem aumentar a probabilidade de desenvolver celulite. <\/span><\/li><li style=\"margin: 0px;padding: 0px;font-size: 14px;text-align: justify\"><b style=\"margin: 0px;padding: 0px;border: 0px;vertical-align: baseline;background: transparent\">Gen\u00e9tica: <\/b><span style=\"margin: 0px;padding: 0px;border: 0px;vertical-align: baseline;background: transparent\">a predisposi\u00e7\u00e3o gen\u00e9tica tamb\u00e9m pode influenciar no aparecimento da celulite.<\/span><\/li><li style=\"margin: 0px;padding: 0px;font-size: 14px;text-align: justify\"><b style=\"margin: 0px;padding: 0px;border: 0px;vertical-align: baseline;background: transparent\">Estilo de vida: <\/b><span style=\"margin: 0px;padding: 0px;border: 0px;vertical-align: baseline;background: transparent\">fatores como a falta de exerc\u00edcio, uma alimenta\u00e7\u00e3o pouco saud\u00e1vel, o tabagismo e o stresse podem contribuir para o desenvolvimento da celulite.<\/span><\/li><\/ol><p style=\"margin: 0px;padding: 0px;border: 0px;font-size: 14px;vertical-align: baseline;background-image: initial;background-position: initial;background-size: initial;background-repeat: initial;background-attachment: initial;color: #666666;font-family: Poppins, Helvetica, Arial, Lucida, sans-serif;text-align: justify\"><b style=\"margin: 0px;padding: 0px;border: 0px;vertical-align: baseline;background: transparent\">Dist\u00farbios da circula\u00e7\u00e3o venosa:<\/b><span style=\"margin: 0px;padding: 0px;border: 0px;vertical-align: baseline;background: transparent\"> uma m\u00e1 circula\u00e7\u00e3o pode causar diferentes altera\u00e7\u00f5es no nosso corpo, como a celulite, j\u00e1 que a m\u00e1 circula\u00e7\u00e3o \u00e9 uma das principais causas.<\/span><\/p><\/div><\/div><\/div><\/div>\t\t\t\t\t\t\t\t<\/div>\n\t\t\t\t<\/div>\n\t\t\t\t<div class=\"elementor-element elementor-element-91d3119 elementor-widget elementor-widget-text-editor\" data-id=\"91d3119\" data-element_type=\"widget\" data-widget_type=\"text-editor.default\">\n\t\t\t\t<div class=\"elementor-widget-container\">\n\t\t\t\t\t\t\t\t\t<div style=\"margin: 0px;padding: 0px;border: 0px;font-size: 14px;vertical-align: baseline;background: 50% center \/ cover no-repeat #ffffff;position: relative;font-family: Poppins, Helvetica, Arial, Lucida, sans-serif;text-align: left;color: #666666;font-style: normal;font-weight: 500;letter-spacing: normal;text-indent: 0px;text-transform: none\"><span style=\"color: #f5a573;font-size: 17px\">Tratamentos da celulite:<\/span><\/div>\t\t\t\t\t\t\t\t<\/div>\n\t\t\t\t<\/div>\n\t\t\t\t<div class=\"elementor-element elementor-element-0340348 elementor-widget elementor-widget-text-editor\" data-id=\"0340348\" data-element_type=\"widget\" data-widget_type=\"text-editor.default\">\n\t\t\t\t<div class=\"elementor-widget-container\">\n\t\t\t\t\t\t\t\t\t<div><div><div><div><ol style=\"margin: 0px;padding: 0px 0px 23px;font-size: 14px;background-color: #ffffff;line-height: 26px;color: #666666;font-family: Poppins, Helvetica, Arial, Lucida, sans-serif\"><li style=\"margin: 0px;padding: 0px;font-size: 14px\"><b style=\"margin: 0px;padding: 0px;border: 0px;vertical-align: baseline;background: transparent\">Mudan\u00e7as no estilo de vida: <\/b><span style=\"margin: 0px;padding: 0px;border: 0px;vertical-align: baseline;background: transparent\">\u00e9 importante adotar um estilo de vida mais saud\u00e1vel que inclua uma rotina de exerc\u00edcios combinada com uma alimenta\u00e7\u00e3o equilibrada.<\/span> <\/li><li style=\"margin: 0px;padding: 0px;font-size: 14px\"><b style=\"margin: 0px;padding: 0px;border: 0px;vertical-align: baseline;background: transparent\">Massagens: <\/b><span style=\"margin: 0px;padding: 0px;border: 0px;vertical-align: baseline;background: transparent\">as massagens regulares podem melhorar a circula\u00e7\u00e3o sangu\u00ednea e reduzir a apar\u00eancia da celulite.<\/span><\/li><li style=\"margin: 0px;padding: 0px;font-size: 14px\"><b style=\"margin: 0px;padding: 0px;border: 0px;vertical-align: baseline;background: transparent\">Cremes e tratamentos t\u00f3picos: <\/b><span style=\"margin: 0px;padding: 0px;border: 0px;vertical-align: baseline;background: transparent\">muitos mercados, nos \u00faltimos tempos, lan\u00e7aram in\u00fameros cremes especialmente desenvolvidos para combater a celulite e melhorar a firmeza da nossa pele.<\/span><\/li><li style=\"margin: 0px;padding: 0px;font-size: 14px\"><b style=\"margin: 0px;padding: 0px;border: 0px;vertical-align: baseline;background: transparent\">Procedimentos m\u00e9dicos:<\/b><span style=\"margin: 0px;padding: 0px;border: 0px;vertical-align: baseline;background: transparent\"> alguns procedimentos m\u00e9dicos, como a lipoaspira\u00e7\u00e3o, a terapia a laser e a terapia por radiofrequ\u00eancia, podem ajudar a reduzir a celulite.<\/span><\/li><li style=\"margin: 0px;padding: 0px;font-size: 14px\"><b style=\"margin: 0px;padding: 0px;border: 0px;vertical-align: baseline;background: transparent\">Radiofrequ\u00eancia: <\/b><span style=\"margin: 0px;padding: 0px;border: 0px;vertical-align: baseline;background: transparent\">ajuda na regenera\u00e7\u00e3o do colag\u00e9nio e melhora a elasticidade da pele, reduzindo as toxinas no tecido adiposo.<\/span><\/li><\/ol><\/div><\/div><\/div><\/div>\t\t\t\t\t\t\t\t<\/div>\n\t\t\t\t<\/div>\n\t\t\t\t<div class=\"elementor-element elementor-element-0758065 elementor-widget elementor-widget-text-editor\" data-id=\"0758065\" data-element_type=\"widget\" data-widget_type=\"text-editor.default\">\n\t\t\t\t<div class=\"elementor-widget-container\">\n\t\t\t\t\t\t\t\t\t<div style=\"margin: 0px;padding: 0px;border: 0px;font-size: 14px;vertical-align: baseline;background: 50% center \/ cover no-repeat #ffffff;position: relative;font-family: Poppins, Helvetica, Arial, Lucida, sans-serif;text-align: left;color: #666666;font-style: normal;font-weight: 500;letter-spacing: normal;text-indent: 0px;text-transform: none\"><div style=\"margin: 0px;padding: 0px;border: 0px;font-size: 14px;vertical-align: baseline;background: transparent;position: relative\"><span style=\"background-color: transparent;color: #ef7a50;font-family: 'Gelica Light', Helvetica, Arial, Lucida, sans-serif;font-size: 26px\">O que s\u00e3o os anticelul\u00edticos e como funcionam?<\/span><\/div><\/div>\t\t\t\t\t\t\t\t<\/div>\n\t\t\t\t<\/div>\n\t\t\t\t<div class=\"elementor-element elementor-element-92896ce elementor-widget elementor-widget-text-editor\" data-id=\"92896ce\" data-element_type=\"widget\" data-widget_type=\"text-editor.default\">\n\t\t\t\t<div class=\"elementor-widget-container\">\n\t\t\t\t\t\t\t\t\t<div><div><div><div><p><span style=\"color: #666666;font-family: Poppins, Helvetica, Arial, Lucida, sans-serif;font-size: 14px;background: transparent;margin: 0px;padding: 0px;border: 0px;vertical-align: baseline\">Os anticelul\u00edticos s\u00e3o<\/span><b style=\"color: #666666;font-family: Poppins, Helvetica, Arial, Lucida, sans-serif;font-size: 14px;background: transparent;margin: 0px;padding: 0px;border: 0px;vertical-align: baseline\"> produtos cosm\u00e9ticos desenvolvidos para ajudar a reduzir a apar\u00eancia da celulite.<\/b> <span style=\"color: #666666;font-family: Poppins, Helvetica, Arial, Lucida, sans-serif;font-size: 14px;background: transparent;margin: 0px;padding: 0px;border: 0px;vertical-align: baseline\">na pele. Os seus ingredientes ajudam a alisar a pele casca de laranja e os n\u00f3dulos de gordura, quebrando-os e decompondo-os. Alguns dos seus ativos s\u00e3o: a cafe\u00edna, a L-Carnitina, o rusco, a escina ou a centelha asi\u00e1tica.  <\/span><\/p><p style=\"margin: 0px;padding: 0px 0px 1em;border: 0px;font-size: 14px;vertical-align: baseline;background-image: initial;background-position: initial;background-size: initial;background-repeat: initial;background-attachment: initial;color: #666666;font-family: Poppins, Helvetica, Arial, Lucida, sans-serif\"><span style=\"margin: 0px;padding: 0px;border: 0px;vertical-align: baseline;background: transparent\">Muitos dos ativos que fazem parte dos cremes anticelul\u00edticos<\/span><b style=\"margin: 0px;padding: 0px;border: 0px;vertical-align: baseline;background: transparent\"> eliminam o excesso de \u00e1gua, ativam e melhoram a circula\u00e7\u00e3o sangu\u00ednea<\/b><span style=\"margin: 0px;padding: 0px;border: 0px;vertical-align: baseline;background: transparent\">. Ajudando a reduzir o aspeto de pele casca de laranja e covinhas.<\/span><\/p><p style=\"margin: 0px;padding: 0px;border: 0px;font-size: 14px;vertical-align: baseline;background-image: initial;background-position: initial;background-size: initial;background-repeat: initial;background-attachment: initial;color: #666666;font-family: Poppins, Helvetica, Arial, Lucida, sans-serif\"><span style=\"margin: 0px;padding: 0px;border: 0px;vertical-align: baseline;background: transparent\">Recomenda-se usar estes cremes durante o dia e a noite, sendo o ideal aplic\u00e1-los nas<\/span> <b style=\"margin: 0px;padding: 0px;border: 0px;vertical-align: baseline;background: transparent\">zonas afetadas<\/b> <span style=\"margin: 0px;padding: 0px;border: 0px;vertical-align: baseline;background: transparent\">como: coxas, ancas e gl\u00fateos. No momento de aplicar os cremes, deves realizar massagens de forma ascendente e circular. Este movimento ajuda a que o produto seja melhor absorvido.  <\/span><\/p><\/div><\/div><\/div><\/div>\t\t\t\t\t\t\t\t<\/div>\n\t\t\t\t<\/div>\n\t\t\t\t<div class=\"elementor-element elementor-element-f91825a elementor-widget elementor-widget-image\" data-id=\"f91825a\" data-element_type=\"widget\" data-widget_type=\"image.default\">\n\t\t\t\t<div class=\"elementor-widget-container\">\n\t\t\t\t\t\t\t\t\t\t\t\t\t\t\t<img decoding=\"async\" src=\"https:\/\/blog-clarel.imgix.net\/2024\/04\/crema-anticelulitica-y-reafirmante.jpg\" title=\"\" alt=\"\" loading=\"lazy\" \/>\t\t\t\t\t\t\t\t\t\t\t\t\t\t\t<\/div>\n\t\t\t\t<\/div>\n\t\t\t\t<div class=\"elementor-element elementor-element-394e79a elementor-widget elementor-widget-text-editor\" data-id=\"394e79a\" data-element_type=\"widget\" data-widget_type=\"text-editor.default\">\n\t\t\t\t<div class=\"elementor-widget-container\">\n\t\t\t\t\t\t\t\t\t<div style=\"margin: 0px;padding: 0px;border: 0px;font-size: 14px;vertical-align: baseline;background: 50% center \/ cover no-repeat #ffffff;position: relative;font-family: Poppins, Helvetica, Arial, Lucida, sans-serif;text-align: left;color: #666666;font-style: normal;font-weight: 500;letter-spacing: normal;text-indent: 0px;text-transform: none\"><div style=\"margin: 0px;padding: 0px;border: 0px;font-size: 14px;vertical-align: baseline;background: transparent;position: relative\"><span style=\"background-color: transparent;color: #ef7a50;font-family: 'Gelica Light', Helvetica, Arial, Lucida, sans-serif;font-size: 26px\">Melhores cremes anticelul\u00edticos e reafirmantes<\/span><\/div><\/div>\t\t\t\t\t\t\t\t<\/div>\n\t\t\t\t<\/div>\n\t\t\t\t<div class=\"elementor-element elementor-element-47554d8 elementor-widget elementor-widget-text-editor\" data-id=\"47554d8\" data-element_type=\"widget\" data-widget_type=\"text-editor.default\">\n\t\t\t\t<div class=\"elementor-widget-container\">\n\t\t\t\t\t\t\t\t\t<div><div><div><div><p><span style=\"color: #666666;font-family: Poppins, Helvetica, Arial, Lucida, sans-serif;font-size: 14px;background: transparent;margin: 0px;padding: 0px;border: 0px;vertical-align: baseline\">Na busca constante por <\/span><b style=\"color: #666666;font-family: Poppins, Helvetica, Arial, Lucida, sans-serif;font-size: 14px;background: transparent;margin: 0px;padding: 0px;border: 0px;vertical-align: baseline\">uma pele firme, suave e sem imperfei\u00e7\u00f5es<\/b><span style=\"color: #666666;font-family: Poppins, Helvetica, Arial, Lucida, sans-serif;font-size: 14px;background: transparent;margin: 0px;padding: 0px;border: 0px;vertical-align: baseline\">. Por isso, os cremes anticelul\u00edticos e reafirmantes tornaram-se aliados indispens\u00e1veis para muitas pessoas que procuram melhorar a apar\u00eancia da celulite. <\/span><\/p><p style=\"margin: 0px;padding: 0px;border: 0px;font-size: 14px;vertical-align: baseline;background-image: initial;background-position: initial;background-size: initial;background-repeat: initial;background-attachment: initial;color: #666666;font-family: Poppins, Helvetica, Arial, Lucida, sans-serif\"><span style=\"margin: 0px;padding: 0px;border: 0px;vertical-align: baseline;background: transparent\">Quer se trate de reduzir a apar\u00eancia da celulite nas coxas, gl\u00fateos, abd\u00f3men ou noutras zonas problem\u00e1ticas, ou de aspirar a uma<\/span><b style=\"margin: 0px;padding: 0px;border: 0px;vertical-align: baseline;background: transparent\"> pele mais firme e tonificada<\/b><span style=\"margin: 0px;padding: 0px;border: 0px;vertical-align: baseline;background: transparent\">, o mercado oferece uma ampla gama de op\u00e7\u00f5es concebidas para satisfazer as necessidades espec\u00edficas de cada pessoa.<\/span><\/p><\/div><\/div><\/div><\/div>\t\t\t\t\t\t\t\t<\/div>\n\t\t\t\t<\/div>\n\t\t\t\t<div class=\"elementor-element elementor-element-5862095 elementor-widget elementor-widget-text-editor\" data-id=\"5862095\" data-element_type=\"widget\" data-widget_type=\"text-editor.default\">\n\t\t\t\t<div class=\"elementor-widget-container\">\n\t\t\t\t\t\t\t\t\t<div style=\"margin: 0px;padding: 0px;border: 0px;font-size: 14px;vertical-align: baseline;background: 50% center \/ cover no-repeat #ffffff;position: relative;font-family: Poppins, Helvetica, Arial, Lucida, sans-serif;text-align: left;color: #666666;font-style: normal;font-weight: 500;letter-spacing: normal;text-indent: 0px;text-transform: none\"><span style=\"background-color: transparent;color: #f5a573;font-family: 'Gelica Light', Helvetica, Arial, Lucida, sans-serif;font-size: 19px\">Gel anticelul\u00edtico efeito frio Bonte 200 ml<\/span><\/div>\t\t\t\t\t\t\t\t<\/div>\n\t\t\t\t<\/div>\n\t\t\t\t<div class=\"elementor-element elementor-element-a30538f elementor-widget elementor-widget-text-editor\" data-id=\"a30538f\" data-element_type=\"widget\" data-widget_type=\"text-editor.default\">\n\t\t\t\t<div class=\"elementor-widget-container\">\n\t\t\t\t\t\t\t\t\t<div><div><div><div><p><span style=\"color: #666666;font-family: Poppins, Helvetica, Arial, Lucida, sans-serif;font-size: 14px\">Formulada com extratos vegetais e complexos de algas que ajudam na hidrata\u00e7\u00e3o da pele, deixando-a suave e reduzindo os sinais da celulite. Proporciona uma pele mais firme e tonificada. Desenvolvida com efeito frio. Ideal para qualquer tipo de pele. Dermatologicamente testado.     <\/span><\/p><\/div><\/div><\/div><\/div>\t\t\t\t\t\t\t\t<\/div>\n\t\t\t\t<\/div>\n\t\t<div class=\"elementor-element elementor-element-07c26a4 e-con-full e-flex e-con e-child\" data-id=\"07c26a4\" data-element_type=\"container\">\n\t\t<div class=\"elementor-element elementor-element-2b1c0d6 e-con-full e-flex e-con e-child\" data-id=\"2b1c0d6\" data-element_type=\"container\">\n\t\t\t\t<div class=\"elementor-element elementor-element-f8024a9 elementor-cta--layout-image-right elementor-widget__width-initial elementor-cta--skin-classic elementor-animated-content elementor-widget elementor-widget-call-to-action\" data-id=\"f8024a9\" data-element_type=\"widget\" data-widget_type=\"call-to-action.default\">\n\t\t\t\t<div class=\"elementor-widget-container\">\n\t\t\t\t\t\t\t<a class=\"elementor-cta\" href=\"https:\/\/www.clarel.es\/pt\/gel-anticelulitico-efeito-frio-bonte-200ml-282752\" target=\"_blank\">\n\t\t\t\t\t\t\t<div class=\"elementor-cta__content\">\n\t\t\t\t\t\t\t\t\t<div class=\"elementor-content-item elementor-cta__content-item elementor-cta__image\">\n\t\t\t\t\t\t<img decoding=\"async\" src=\"https:\/\/clarel.imgix.net\/media\/catalog\/product\/2\/8\/282752_01_c314.jpg\" title=\"\" alt=\"\" loading=\"lazy\" \/>\t\t\t\t\t<\/div>\n\t\t\t\t\n\t\t\t\t\t\t\t\t\t<div class=\"elementor-cta__title elementor-cta__content-item elementor-content-item\">\n\t\t\t\t\t\tBONT\u00c9\t\t\t\t\t<\/div>\n\t\t\t\t\n\t\t\t\t\t\t\t\t\t<div class=\"elementor-cta__description elementor-cta__content-item elementor-content-item\">\n\t\t\t\t\t\tGel Anticelul\u00edtico Efeito Frio<br><br><span style=\"font-size: 13pt\"><b>5,49\u20ac<\/span> <\/b>\t\t\t\t\t<\/div>\n\t\t\t\t\n\t\t\t\t\t\t\t\t\t<div class=\"elementor-cta__button-wrapper elementor-cta__content-item elementor-content-item \">\n\t\t\t\t\t<span class=\"elementor-cta__button elementor-button elementor-size-\">\n\t\t\t\t\t\tCOMPRAR\t\t\t\t\t<\/span>\n\t\t\t\t\t<\/div>\n\t\t\t\t\t\t\t<\/div>\n\t\t\t\t\t\t<\/a>\n\t\t\t\t\t\t<\/div>\n\t\t\t\t<\/div>\n\t\t\t\t<\/div>\n\t\t\t\t<\/div>\n\t\t<div class=\"elementor-element elementor-element-a82eb48 e-con-full e-flex e-con e-child\" data-id=\"a82eb48\" data-element_type=\"container\">\n\t\t\t\t<div class=\"elementor-element elementor-element-ec54055 elementor-widget elementor-widget-text-editor\" data-id=\"ec54055\" data-element_type=\"widget\" data-widget_type=\"text-editor.default\">\n\t\t\t\t<div class=\"elementor-widget-container\">\n\t\t\t\t\t\t\t\t\t<div style=\"margin: 0px;padding: 0px;border: 0px;font-size: 14px;vertical-align: baseline;background: 50% center \/ cover no-repeat #ffffff;position: relative;font-family: Poppins, Helvetica, Arial, Lucida, sans-serif;text-align: left;color: #666666;font-style: normal;font-weight: 500;letter-spacing: normal;text-indent: 0px;text-transform: none\"><span style=\"background-color: transparent;color: #f5a573;font-family: 'Gelica Light', Helvetica, Arial, Lucida, sans-serif;font-size: 19px\">Leite corporal LACTOVIT reafirmante frasco 400 ml<\/span><\/div>\t\t\t\t\t\t\t\t<\/div>\n\t\t\t\t<\/div>\n\t\t\t\t<div class=\"elementor-element elementor-element-25b90e7 elementor-widget elementor-widget-text-editor\" data-id=\"25b90e7\" data-element_type=\"widget\" data-widget_type=\"text-editor.default\">\n\t\t\t\t<div class=\"elementor-widget-container\">\n\t\t\t\t\t\t\t\t\t<div><div><div><div><p><span style=\"color: #666666;font-family: Poppins, Helvetica, Arial, Lucida, sans-serif;font-size: 14px\">Conta com ingredientes que atuam de forma eficaz na tua pele. Um dos seus ingredientes \u00e9 a cafe\u00edna pura, que oferece um aspeto mais firme, luminoso e saud\u00e1vel desde a primeira aplica\u00e7\u00e3o. Do mesmo modo, conta com outro grande ingrediente: o protein calcium, uma tecnologia exclusiva com c\u00e1lcio e prote\u00ednas do leite.  <\/span><\/p><\/div><\/div><\/div><\/div>\t\t\t\t\t\t\t\t<\/div>\n\t\t\t\t<\/div>\n\t\t\t\t<\/div>\n\t\t<div class=\"elementor-element elementor-element-752c174 e-con-full e-flex e-con e-child\" data-id=\"752c174\" data-element_type=\"container\">\n\t\t<div class=\"elementor-element elementor-element-13143e7 e-con-full e-flex e-con e-child\" data-id=\"13143e7\" data-element_type=\"container\">\n\t\t\t\t<div class=\"elementor-element elementor-element-c5a59b1 elementor-cta--layout-image-right elementor-widget__width-initial elementor-cta--skin-classic elementor-animated-content elementor-widget elementor-widget-call-to-action\" data-id=\"c5a59b1\" data-element_type=\"widget\" data-widget_type=\"call-to-action.default\">\n\t\t\t\t<div class=\"elementor-widget-container\">\n\t\t\t\t\t\t\t<a class=\"elementor-cta\" href=\"https:\/\/www.clarel.es\/pt\/locao-lactovit-reafirmante-400ml-173072\" target=\"_blank\">\n\t\t\t\t\t\t\t<div class=\"elementor-cta__content\">\n\t\t\t\t\t\t\t\t\t<div class=\"elementor-content-item elementor-cta__content-item elementor-cta__image\">\n\t\t\t\t\t\t<img decoding=\"async\" src=\"https:\/\/clarel.imgix.net\/media\/catalog\/product\/L\/o\/Locion_Lactovit_Reafirmante_400ml_8eb0d427485101d1c5ffa41af33bfb95a5775a04_173072_1.jpg\" title=\"\" alt=\"\" loading=\"lazy\" \/>\t\t\t\t\t<\/div>\n\t\t\t\t\n\t\t\t\t\t\t\t\t\t<div class=\"elementor-cta__title elementor-cta__content-item elementor-content-item\">\n\t\t\t\t\t\tLACTOVIT\t\t\t\t\t<\/div>\n\t\t\t\t\n\t\t\t\t\t\t\t\t\t<div class=\"elementor-cta__description elementor-cta__content-item elementor-content-item\">\n\t\t\t\t\t\tLo\u00e7\u00e3o Reafirmante<br><br><span style=\"font-size: 13pt\"><b>4,89\u20ac<\/span> <\/b>\t\t\t\t\t<\/div>\n\t\t\t\t\n\t\t\t\t\t\t\t\t\t<div class=\"elementor-cta__button-wrapper elementor-cta__content-item elementor-content-item \">\n\t\t\t\t\t<span class=\"elementor-cta__button elementor-button elementor-size-\">\n\t\t\t\t\t\tCOMPRAR\t\t\t\t\t<\/span>\n\t\t\t\t\t<\/div>\n\t\t\t\t\t\t\t<\/div>\n\t\t\t\t\t\t<\/a>\n\t\t\t\t\t\t<\/div>\n\t\t\t\t<\/div>\n\t\t\t\t<\/div>\n\t\t\t\t<\/div>\n\t\t<div class=\"elementor-element elementor-element-7dc4b92 e-con-full e-flex e-con e-child\" data-id=\"7dc4b92\" data-element_type=\"container\">\n\t\t\t\t<div class=\"elementor-element elementor-element-319c395 elementor-widget elementor-widget-text-editor\" data-id=\"319c395\" data-element_type=\"widget\" data-widget_type=\"text-editor.default\">\n\t\t\t\t<div class=\"elementor-widget-container\">\n\t\t\t\t\t\t\t\t\t<div style=\"margin: 0px;padding: 0px;border: 0px;font-size: 14px;vertical-align: baseline;background: 50% center \/ cover no-repeat #ffffff;position: relative;font-family: Poppins, Helvetica, Arial, Lucida, sans-serif;text-align: left;color: #666666;font-style: normal;font-weight: 500;letter-spacing: normal;text-indent: 0px;text-transform: none\"><span style=\"background-color: transparent;color: #f5a573;font-family: 'Gelica Light', Helvetica, Arial, Lucida, sans-serif;font-size: 19px\">Lo\u00e7\u00e3o Reafirmante Nivea Q10 <\/span><\/div>\t\t\t\t\t\t\t\t<\/div>\n\t\t\t\t<\/div>\n\t\t\t\t<div class=\"elementor-element elementor-element-3be6317 elementor-widget elementor-widget-text-editor\" data-id=\"3be6317\" data-element_type=\"widget\" data-widget_type=\"text-editor.default\">\n\t\t\t\t<div class=\"elementor-widget-container\">\n\t\t\t\t\t\t\t\t\t<div><div><div><div><p><span style=\"color: #666666;font-family: Poppins, Helvetica, Arial, Lucida, sans-serif;font-size: 14px\">O Gel-Creme Reafirmante NIVEA Q10 fortalece a pele, melhorando a sua flexibilidade e tonicidade, ao mesmo tempo que reduz os sinais de celulite em apenas tr\u00eas semanas. \u00c9 formulado com Coenzima Q10 e Extrato de L\u00f3tus, que estimulam a renova\u00e7\u00e3o celular e transformam a gordura celular em energia. A sua textura em Gel-Creme \u00e9 rapidamente absorvida.  <\/span><\/p><\/div><\/div><\/div><\/div>\t\t\t\t\t\t\t\t<\/div>\n\t\t\t\t<\/div>\n\t\t\t\t<\/div>\n\t\t<div class=\"elementor-element elementor-element-5c97592 e-con-full e-flex e-con e-child\" data-id=\"5c97592\" data-element_type=\"container\">\n\t\t<div class=\"elementor-element elementor-element-e506e90 e-con-full e-flex e-con e-child\" data-id=\"e506e90\" data-element_type=\"container\">\n\t\t\t\t<div class=\"elementor-element elementor-element-ec069a2 elementor-cta--layout-image-right elementor-widget__width-initial elementor-cta--skin-classic elementor-animated-content elementor-widget elementor-widget-call-to-action\" data-id=\"ec069a2\" data-element_type=\"widget\" data-widget_type=\"call-to-action.default\">\n\t\t\t\t<div class=\"elementor-widget-container\">\n\t\t\t\t\t\t\t<a class=\"elementor-cta\" href=\"https:\/\/www.clarel.es\/pt\/locao-reafirmante-nivea-q10-corporal-pele-normal-400ml-107121\" target=\"_blank\">\n\t\t\t\t\t\t\t<div class=\"elementor-cta__content\">\n\t\t\t\t\t\t\t\t\t<div class=\"elementor-content-item elementor-cta__content-item elementor-cta__image\">\n\t\t\t\t\t\t<img decoding=\"async\" src=\"https:\/\/clarel.imgix.net\/media\/catalog\/product\/1\/0\/107121_1_4e2a.jpg\" title=\"\" alt=\"\" loading=\"lazy\" \/>\t\t\t\t\t<\/div>\n\t\t\t\t\n\t\t\t\t\t\t\t\t\t<div class=\"elementor-cta__title elementor-cta__content-item elementor-content-item\">\n\t\t\t\t\t\tNIVEA\t\t\t\t\t<\/div>\n\t\t\t\t\n\t\t\t\t\t\t\t\t\t<div class=\"elementor-cta__description elementor-cta__content-item elementor-content-item\">\n\t\t\t\t\t\tLo\u00e7\u00e3o Reafirmante Q10<br><br><span style=\"font-size: 13pt\"><b>6,39\u20ac<\/span> <\/b>\t\t\t\t\t<\/div>\n\t\t\t\t\n\t\t\t\t\t\t\t\t\t<div class=\"elementor-cta__button-wrapper elementor-cta__content-item elementor-content-item \">\n\t\t\t\t\t<span class=\"elementor-cta__button elementor-button elementor-size-\">\n\t\t\t\t\t\tCOMPRAR\t\t\t\t\t<\/span>\n\t\t\t\t\t<\/div>\n\t\t\t\t\t\t\t<\/div>\n\t\t\t\t\t\t<\/a>\n\t\t\t\t\t\t<\/div>\n\t\t\t\t<\/div>\n\t\t\t\t<\/div>\n\t\t\t\t<\/div>\n\t\t<div class=\"elementor-element elementor-element-9c1c7ec e-con-full e-flex e-con e-child\" data-id=\"9c1c7ec\" data-element_type=\"container\">\n\t\t\t\t<div class=\"elementor-element elementor-element-8aafeee elementor-widget elementor-widget-text-editor\" data-id=\"8aafeee\" data-element_type=\"widget\" data-widget_type=\"text-editor.default\">\n\t\t\t\t<div class=\"elementor-widget-container\">\n\t\t\t\t\t\t\t\t\t<div style=\"margin: 0px;padding: 0px;border: 0px;font-size: 14px;vertical-align: baseline;background: 50% center \/ cover no-repeat #ffffff;position: relative;font-family: Poppins, Helvetica, Arial, Lucida, sans-serif;text-align: left;color: #666666;font-style: normal;font-weight: 500;letter-spacing: normal;text-indent: 0px;text-transform: none\"><span style=\"background-color: transparent;color: #f5a573;font-family: 'Gelica Light', Helvetica, Arial, Lucida, sans-serif;font-size: 19px\">S\u00e9rum corporal anticelul\u00edtico ARGANOUR<\/span><\/div>\t\t\t\t\t\t\t\t<\/div>\n\t\t\t\t<\/div>\n\t\t\t\t<div class=\"elementor-element elementor-element-48c8914 elementor-widget elementor-widget-text-editor\" data-id=\"48c8914\" data-element_type=\"widget\" data-widget_type=\"text-editor.default\">\n\t\t\t\t<div class=\"elementor-widget-container\">\n\t\t\t\t\t\t\t\t\t<div><div><div><div><p><span style=\"color: #666666;font-family: Poppins, Helvetica, Arial, Lucida, sans-serif;font-size: 14px\">\u00c9 um s\u00e9rum corporal 100% de origem natural e certificado biol\u00f3gico que combina um cocktail de \u00f3leos. Ajuda na firmeza da pele e na redu\u00e7\u00e3o da celulite. Com ingredientes cuidadosamente selecionados, permite ativar o metabolismo e facilitar a circula\u00e7\u00e3o dos l\u00edquidos.  <\/span><\/p><\/div><\/div><\/div><\/div>\t\t\t\t\t\t\t\t<\/div>\n\t\t\t\t<\/div>\n\t\t\t\t<\/div>\n\t\t<div class=\"elementor-element elementor-element-103df27 e-con-full e-flex e-con e-child\" data-id=\"103df27\" data-element_type=\"container\">\n\t\t<div class=\"elementor-element elementor-element-127f32d e-con-full e-flex e-con e-child\" data-id=\"127f32d\" data-element_type=\"container\">\n\t\t\t\t<div class=\"elementor-element elementor-element-870f73f elementor-cta--layout-image-right elementor-widget__width-initial elementor-cta--skin-classic elementor-animated-content elementor-widget elementor-widget-call-to-action\" data-id=\"870f73f\" data-element_type=\"widget\" data-widget_type=\"call-to-action.default\">\n\t\t\t\t<div class=\"elementor-widget-container\">\n\t\t\t\t\t\t\t<a class=\"elementor-cta\" href=\"https:\/\/www.clarel.es\/pt\/serum-corporal-anticelulitico-arganour\" target=\"_blank\">\n\t\t\t\t\t\t\t<div class=\"elementor-cta__content\">\n\t\t\t\t\t\t\t\t\t<div class=\"elementor-content-item elementor-cta__content-item elementor-cta__image\">\n\t\t\t\t\t\t<img decoding=\"async\" src=\"https:\/\/clarel.imgix.net\/media\/catalog\/product\/S\/_\/S_rum_Corporal_Anticelul_tico_Arganour_36e0a63d84670d2bd751a6546a8fe1f766a92bcb_285824_1_PHENTIA.jpg\" title=\"\" alt=\"\" loading=\"lazy\" \/>\t\t\t\t\t<\/div>\n\t\t\t\t\n\t\t\t\t\t\t\t\t\t<div class=\"elementor-cta__title elementor-cta__content-item elementor-content-item\">\n\t\t\t\t\t\tARGANOUR\t\t\t\t\t<\/div>\n\t\t\t\t\n\t\t\t\t\t\t\t\t\t<div class=\"elementor-cta__description elementor-cta__content-item elementor-content-item\">\n\t\t\t\t\t\tS\u00e9rum Corporal Anticelul\u00edtico<br><br><span style=\"font-size: 13pt\"><b>7,99\u20ac<\/span> <\/b>\t\t\t\t\t<\/div>\n\t\t\t\t\n\t\t\t\t\t\t\t\t\t<div class=\"elementor-cta__button-wrapper elementor-cta__content-item elementor-content-item \">\n\t\t\t\t\t<span class=\"elementor-cta__button elementor-button elementor-size-\">\n\t\t\t\t\t\tCOMPRAR\t\t\t\t\t<\/span>\n\t\t\t\t\t<\/div>\n\t\t\t\t\t\t\t<\/div>\n\t\t\t\t\t\t<\/a>\n\t\t\t\t\t\t<\/div>\n\t\t\t\t<\/div>\n\t\t\t\t<\/div>\n\t\t\t\t<\/div>\n\t\t<div class=\"elementor-element elementor-element-4d7240b e-con-full e-flex e-con e-child\" data-id=\"4d7240b\" data-element_type=\"container\">\n\t\t\t\t<div class=\"elementor-element elementor-element-d0e0ac2 elementor-widget elementor-widget-text-editor\" data-id=\"d0e0ac2\" data-element_type=\"widget\" data-widget_type=\"text-editor.default\">\n\t\t\t\t<div class=\"elementor-widget-container\">\n\t\t\t\t\t\t\t\t\t<div style=\"margin: 0px;padding: 0px;border: 0px;font-size: 14px;vertical-align: baseline;background: 50% center \/ cover no-repeat #ffffff;position: relative;font-family: Poppins, Helvetica, Arial, Lucida, sans-serif;text-align: left;color: #666666;font-style: normal;font-weight: 500;letter-spacing: normal;text-indent: 0px;text-transform: none\"><div style=\"margin: 0px;padding: 0px;border: 0px;font-size: 14px;vertical-align: baseline;background: transparent;position: relative\"><span style=\"background-color: transparent;color: #ef7a50;font-family: 'Gelica Light', Helvetica, Arial, Lucida, sans-serif;font-size: 26px\">Anticelul\u00edtico em gr\u00e1vidas<\/span><\/div><\/div>\t\t\t\t\t\t\t\t<\/div>\n\t\t\t\t<\/div>\n\t\t\t\t<div class=\"elementor-element elementor-element-3f66ffe elementor-widget elementor-widget-text-editor\" data-id=\"3f66ffe\" data-element_type=\"widget\" data-widget_type=\"text-editor.default\">\n\t\t\t\t<div class=\"elementor-widget-container\">\n\t\t\t\t\t\t\t\t\t<div><div><div><div><p><span style=\"color: #666666;font-family: Poppins, Helvetica, Arial, Lucida, sans-serif;font-size: 14px;background: transparent;margin: 0px;padding: 0px;border: 0px;vertical-align: baseline\">Durante a gravidez, uma etapa marcada por<\/span><b style=\"color: #666666;font-family: Poppins, Helvetica, Arial, Lucida, sans-serif;font-size: 14px;background: transparent;margin: 0px;padding: 0px;border: 0px;vertical-align: baseline\"> transforma\u00e7\u00f5es f\u00edsicas e emocionais significativas<\/b><span style=\"color: #666666;font-family: Poppins, Helvetica, Arial, Lucida, sans-serif;font-size: 14px;background: transparent;margin: 0px;padding: 0px;border: 0px;vertical-align: baseline\">, as mulheres costumam enfrentar preocupa\u00e7\u00f5es est\u00e9ticas, entre as quais a celulite pode ser uma das mais comuns.<\/span> <\/p><p style=\"margin: 0px;padding: 0px 0px 1em;border: 0px;font-size: 14px;vertical-align: baseline;background-image: initial;background-position: initial;background-size: initial;background-repeat: initial;background-attachment: initial;color: #666666;font-family: Poppins, Helvetica, Arial, Lucida, sans-serif\"><span style=\"margin: 0px;padding: 0px;border: 0px;vertical-align: baseline;background: transparent\">No entanto, a escolha de produtos para tratar esta preocupa\u00e7\u00e3o durante a gravidez requer uma considera\u00e7\u00e3o especial, devido \u00e0 necessidade de<\/span><b style=\"margin: 0px;padding: 0px;border: 0px;vertical-align: baseline;background: transparent\"> garantir a seguran\u00e7a tanto da m\u00e3e como do beb\u00e9<\/b> <span style=\"margin: 0px;padding: 0px;border: 0px;vertical-align: baseline;background: transparent\">em desenvolvimento.<\/span><\/p><p style=\"margin: 0px;padding: 0px;border: 0px;font-size: 14px;vertical-align: baseline;background-image: initial;background-position: initial;background-size: initial;background-repeat: initial;background-attachment: initial;color: #666666;font-family: Poppins, Helvetica, Arial, Lucida, sans-serif\"><span style=\"margin: 0px;padding: 0px;border: 0px;vertical-align: baseline;background: transparent\">Felizmente, a ind\u00fastria cosm\u00e9tica respondeu a esta procura com a cria\u00e7\u00e3o de produtos anticelul\u00edticos especificamente formulados para mulheres gr\u00e1vidas. A seguir, algumas das nossas recomenda\u00e7\u00f5es: <\/span><\/p><\/div><\/div><\/div><\/div>\t\t\t\t\t\t\t\t<\/div>\n\t\t\t\t<\/div>\n\t\t\t\t<div class=\"elementor-element elementor-element-c348a51 elementor-widget elementor-widget-text-editor\" data-id=\"c348a51\" data-element_type=\"widget\" data-widget_type=\"text-editor.default\">\n\t\t\t\t<div class=\"elementor-widget-container\">\n\t\t\t\t\t\t\t\t\t<div style=\"margin: 0px;padding: 0px;border: 0px;font-size: 14px;vertical-align: baseline;background: 50% center \/ cover no-repeat #ffffff;position: relative;font-family: Poppins, Helvetica, Arial, Lucida, sans-serif;text-align: left;color: #666666;font-style: normal;font-weight: 500;letter-spacing: normal;text-indent: 0px;text-transform: none\"><a style=\"font-size: 17px;font-weight: bold;background: #ffffff;margin: 0px;padding: 0px;border: 0px;vertical-align: baseline;color: #edb059\" href=\"https:\/\/www.clarel.es\/es\/cuerpo-cuidado-corporal-anticeluliticos-y-reafirmantes-p-154432\" target=\"_blank\" rel=\"noopener\">Creme reafirmante NIVEA Body Milk Q10 Energy pele seca 400 ml<\/a><\/div>\t\t\t\t\t\t\t\t<\/div>\n\t\t\t\t<\/div>\n\t\t\t\t<div class=\"elementor-element elementor-element-35fe48b elementor-widget elementor-widget-text-editor\" data-id=\"35fe48b\" data-element_type=\"widget\" data-widget_type=\"text-editor.default\">\n\t\t\t\t<div class=\"elementor-widget-container\">\n\t\t\t\t\t\t\t\t\t<div><div><div><div><p><span style=\"color: #666666;font-family: Poppins, Helvetica, Arial, Lucida, sans-serif;font-size: 14px\">NIVEA Q10 Body Milk Reafirmante com Vitamina C. Ajuda a reafirmar e a melhorar a elasticidade da pele em 10 dias. Formulado com Coenzima Q10, que atua como antioxidante, e Vitamina C, ideal para hidratar a pele seca. <\/span><\/p><\/div><\/div><\/div><\/div>\t\t\t\t\t\t\t\t<\/div>\n\t\t\t\t<\/div>\n\t\t\t\t<div class=\"elementor-element elementor-element-7e0111e elementor-widget elementor-widget-text-editor\" data-id=\"7e0111e\" data-element_type=\"widget\" data-widget_type=\"text-editor.default\">\n\t\t\t\t<div class=\"elementor-widget-container\">\n\t\t\t\t\t\t\t\t\t<div style=\"margin: 0px;padding: 0px;border: 0px;font-size: 14px;vertical-align: baseline;background: 50% center \/ cover no-repeat #ffffff;position: relative;font-family: Poppins, Helvetica, Arial, Lucida, sans-serif;text-align: left;color: #666666;font-style: normal;font-weight: 500;letter-spacing: normal;text-indent: 0px;text-transform: none\"><a style=\"font-size: 17px;font-weight: bold;background: #ffffff;margin: 0px;padding: 0px;border: 0px;vertical-align: baseline;color: #edb059\" href=\"https:\/\/www.clarel.es\/es\/balsamo-reafirmante-l-or-rose-170-ml\" target=\"_blank\" rel=\"noopener\">B\u00e1lsamo Reafirmante L\u2019Or Rose 170 ml<\/a><\/div>\t\t\t\t\t\t\t\t<\/div>\n\t\t\t\t<\/div>\n\t\t\t\t<div class=\"elementor-element elementor-element-214c6ac elementor-widget elementor-widget-text-editor\" data-id=\"214c6ac\" data-element_type=\"widget\" data-widget_type=\"text-editor.default\">\n\t\t\t\t<div class=\"elementor-widget-container\">\n\t\t\t\t\t\t\t\t\t<div><p><span style=\"color: #666666;font-family: Poppins, Helvetica, Arial, Lucida, sans-serif;font-size: 14px\">B\u00e1lsamo reafirmante que ayuda a alisar y suavizar la piel consiguiendo una silueta estilizada y tonificada gracias a los principios activos de sus ingredientes naturales como: coralina y pimienta rosa. Podr\u00e1s usar este b\u00e1lsamo como una mascarilla si buscas un tratamiento m\u00e1s intenso o bien como una crema si deseas introducirla en tu rutina diaria. <\/span><\/p><\/div>\t\t\t\t\t\t\t\t<\/div>\n\t\t\t\t<\/div>\n\t\t\t\t<div class=\"elementor-element elementor-element-f8fbaad elementor-widget elementor-widget-text-editor\" data-id=\"f8fbaad\" data-element_type=\"widget\" data-widget_type=\"text-editor.default\">\n\t\t\t\t<div class=\"elementor-widget-container\">\n\t\t\t\t\t\t\t\t\t<div style=\"margin: 0px;padding: 0px;border: 0px;font-size: 14px;vertical-align: baseline;background: 50% center \/ cover no-repeat #ffffff;position: relative;font-family: Poppins, Helvetica, Arial, Lucida, sans-serif;text-align: left;color: #666666;font-style: normal;font-weight: 500;letter-spacing: normal;text-indent: 0px;text-transform: none\"><a style=\"font-size: 17px;font-weight: bold;background: #ffffff;margin: 0px;padding: 0px;border: 0px;vertical-align: baseline;color: #edb059\" href=\"https:\/\/www.clarel.es\/es\/cuerpo-cuidado-corporal-anticeluliticos-y-reafirmantes-p-107121\" target=\"_blank\" rel=\"noopener\">Lo\u00e7\u00e3o reafirmante NIVEA Q10 corporal pele normal frasco 400 ml<\/a><\/div>\t\t\t\t\t\t\t\t<\/div>\n\t\t\t\t<\/div>\n\t\t\t\t<div class=\"elementor-element elementor-element-cad94f8 elementor-widget elementor-widget-text-editor\" data-id=\"cad94f8\" data-element_type=\"widget\" data-widget_type=\"text-editor.default\">\n\t\t\t\t<div class=\"elementor-widget-container\">\n\t\t\t\t\t\t\t\t\t<div><p><span style=\"color: #666666;font-family: Poppins, Helvetica, Arial, Lucida, sans-serif;font-size: 14px\">NIVEA Q10 Body Lo\u00e7\u00e3o Reafirmante com Vitamina C reafirma visivelmente a pele e melhora a sua elasticidade em 10 dias. Apresenta uma textura leve, ideal para nutrir e hidratar a pele normal. Formulada com ingredientes como Coenzima Q10 e Vitamina C.   <\/span><\/p><\/div>\t\t\t\t\t\t\t\t<\/div>\n\t\t\t\t<\/div>\n\t\t\t\t<div class=\"elementor-element elementor-element-5af4c57 elementor-widget elementor-widget-text-editor\" data-id=\"5af4c57\" data-element_type=\"widget\" data-widget_type=\"text-editor.default\">\n\t\t\t\t<div class=\"elementor-widget-container\">\n\t\t\t\t\t\t\t\t\t<div style=\"margin: 0px;padding: 0px;border: 0px;font-size: 14px;vertical-align: baseline;background: 50% center \/ cover no-repeat #ffffff;position: relative;font-family: Poppins, Helvetica, Arial, Lucida, sans-serif;text-align: left;color: #666666;font-style: normal;font-weight: 500;letter-spacing: normal;text-indent: 0px;text-transform: none\"><div style=\"margin: 0px;padding: 0px;border: 0px;font-size: 14px;vertical-align: baseline;background: transparent;position: relative\"><span style=\"background-color: transparent;color: #ef7a50;font-family: 'Gelica Light', Helvetica, Arial, Lucida, sans-serif;font-size: 26px\">Exerc\u00edcio e dieta: aliados contra a celulite<\/span><\/div><\/div>\t\t\t\t\t\t\t\t<\/div>\n\t\t\t\t<\/div>\n\t\t\t\t<div class=\"elementor-element elementor-element-bbe4634 elementor-widget elementor-widget-text-editor\" data-id=\"bbe4634\" data-element_type=\"widget\" data-widget_type=\"text-editor.default\">\n\t\t\t\t<div class=\"elementor-widget-container\">\n\t\t\t\t\t\t\t\t\t<div><div><div><div><p><span style=\"color: #666666;font-family: Poppins, Helvetica, Arial, Lucida, sans-serif;font-size: 14px;background-color: transparent\">O exerc\u00edcio ser\u00e1 sempre um grande aliado para a sa\u00fade e para combater a celulite. Alguns dos exerc\u00edcios recomendados s\u00e3o:  <\/span><\/p><p style=\"margin: 0px;padding: 0px 0px 1em;border: 0px;font-size: 14px;vertical-align: baseline;background-image: initial;background-position: initial;background-size: initial;background-repeat: initial;background-attachment: initial;color: #666666;font-family: Poppins, Helvetica, Arial, Lucida, sans-serif\"><b style=\"margin: 0px;padding: 0px;border: 0px;vertical-align: baseline;background: transparent\">Cardiovasculares<\/b><span style=\"margin: 0px;padding: 0px;border: 0px;vertical-align: baseline;background: transparent\">: ajudam a queimar gorduras e a melhorar a circula\u00e7\u00e3o sangu\u00ednea. Por exemplo, agachamentos, levantamento de pesos, andar de bicicleta e exerc\u00edcios aer\u00f3bicos. <\/span><\/p><p style=\"margin: 0px;padding: 0px 0px 1em;border: 0px;font-size: 14px;vertical-align: baseline;background-image: initial;background-position: initial;background-size: initial;background-repeat: initial;background-attachment: initial;color: #666666;font-family: Poppins, Helvetica, Arial, Lucida, sans-serif\"><b style=\"margin: 0px;padding: 0px;border: 0px;vertical-align: baseline;background: transparent\">Treino de for\u00e7a: <\/b><span style=\"margin: 0px;padding: 0px;border: 0px;vertical-align: baseline;background: transparent\">o fortalecimento muscular ajuda a tonificar a pele. Algumas rotinas de exerc\u00edcios que podemos fazer s\u00e3o: agachamentos, investidas, levantamento de pesos e exerc\u00edcios de resist\u00eancia. <\/span><\/p><p style=\"margin: 0px;padding: 0px 0px 1em;border: 0px;font-size: 14px;vertical-align: baseline;background-image: initial;background-position: initial;background-size: initial;background-repeat: initial;background-attachment: initial;color: #666666;font-family: Poppins, Helvetica, Arial, Lucida, sans-serif\"><b style=\"margin: 0px;padding: 0px;border: 0px;vertical-align: baseline;background: transparent\">Rotinas de exerc\u00edcios espec\u00edficos<\/b><span style=\"margin: 0px;padding: 0px;border: 0px;vertical-align: baseline;background: transparent\">: alguns exerc\u00edcios s\u00e3o concebidos especificamente para as zonas afetadas pela celulite, como os agachamentos com peso e os exerc\u00edcios para gl\u00fateos e coxas.<\/span><\/p><p style=\"margin: 0px;padding: 0px;border: 0px;font-size: 14px;vertical-align: baseline;background-image: initial;background-position: initial;background-size: initial;background-repeat: initial;background-attachment: initial;color: #666666;font-family: Poppins, Helvetica, Arial, Lucida, sans-serif\"><span style=\"margin: 0px;padding: 0px;border: 0px;vertical-align: baseline;background: transparent\">Para combater a celulite devemos tamb\u00e9m considerar uma dieta equilibrada, com alimentos ricos em antioxidantes, prote\u00ednas magras, gorduras saud\u00e1veis e uma boa hidrata\u00e7\u00e3o. Lembra-te de reduzir o consumo de sal e a\u00e7\u00facar. <\/span><\/p><\/div><\/div><\/div><\/div>\t\t\t\t\t\t\t\t<\/div>\n\t\t\t\t<\/div>\n\t\t\t\t<div class=\"elementor-element elementor-element-2e7dd1a elementor-widget elementor-widget-text-editor\" data-id=\"2e7dd1a\" data-element_type=\"widget\" data-widget_type=\"text-editor.default\">\n\t\t\t\t<div class=\"elementor-widget-container\">\n\t\t\t\t\t\t\t\t\t<div style=\"margin: 0px;padding: 0px;border: 0px;font-size: 14px;vertical-align: baseline;background: 50% center \/ cover no-repeat #ffffff;position: relative;font-family: Poppins, Helvetica, Arial, Lucida, sans-serif;text-align: left;color: #666666;font-style: normal;font-weight: 500;letter-spacing: normal;text-indent: 0px;text-transform: none\"><div style=\"margin: 0px;padding: 0px;border: 0px;font-size: 14px;vertical-align: baseline;background: transparent;position: relative\"><span style=\"background-color: transparent;color: #ef7a50;font-family: 'Gelica Light', Helvetica, Arial, Lucida, sans-serif;font-size: 26px\">Como aplicar corretamente os cremes anticelul\u00edticos<\/span><\/div><\/div>\t\t\t\t\t\t\t\t<\/div>\n\t\t\t\t<\/div>\n\t\t\t\t<div class=\"elementor-element elementor-element-bca715d elementor-widget elementor-widget-text-editor\" data-id=\"bca715d\" data-element_type=\"widget\" data-widget_type=\"text-editor.default\">\n\t\t\t\t<div class=\"elementor-widget-container\">\n\t\t\t\t\t\t\t\t\t<div><p><span style=\"color: #666666;font-family: Poppins, Helvetica, Arial, Lucida, sans-serif;font-size: 14px;background: transparent;margin: 0px;padding: 0px;border: 0px;vertical-align: baseline\">Aplicar corretamente os cremes anticelul\u00edticos pode<\/span> <b style=\"color: #666666;font-family: Poppins, Helvetica, Arial, Lucida, sans-serif;font-size: 14px;background: transparent;margin: 0px;padding: 0px;border: 0px;vertical-align: baseline\">maximizar os seus efeitos e resultados.<\/b><span style=\"color: #666666;font-family: Poppins, Helvetica, Arial, Lucida, sans-serif;font-size: 14px;background: transparent;margin: 0px;padding: 0px;border: 0px;vertical-align: baseline\">. Exatamente o que procuramos. Algumas recomenda\u00e7\u00f5es que te podemos dar no momento de aplicar os cremes anticelul\u00edticos s\u00e3o: <\/span><\/p><p style=\"margin: 0px;padding: 0px;border: 0px;font-size: 14px;vertical-align: baseline;background-image: initial;background-position: initial;background-size: initial;background-repeat: initial;background-attachment: initial;color: #666666;font-family: Poppins, Helvetica, Arial, Lucida, sans-serif\"> <\/p><ol style=\"margin: 0px;padding: 0px 0px 23px;font-size: 14px;background-color: #ffffff;line-height: 26px;color: #666666;font-family: Poppins, Helvetica, Arial, Lucida, sans-serif\"><li style=\"margin: 0px;padding: 0px;font-size: 14px\"><span style=\"margin: 0px;padding: 0px;border: 0px;vertical-align: baseline;background: transparent\"><span style=\"margin: 0px;padding: 0px;border: 0px;vertical-align: baseline;background: transparent;font-weight: bold\">Limpar a zona onde ser\u00e1 aplicado o creme.<\/span> Podes usar um limpador suave ou simplesmente \u00e1gua e sab\u00e3o. <\/span><\/li><li style=\"margin: 0px;padding: 0px;font-size: 14px\"><span style=\"margin: 0px;padding: 0px;border: 0px;vertical-align: baseline;background: transparent\"><span style=\"margin: 0px;padding: 0px;border: 0px;vertical-align: baseline;background: transparent;font-weight: bold\">Esfolia a tua pele<\/span> isto pode ajudar a eliminar as c\u00e9lulas mortas e a melhorar a absor\u00e7\u00e3o do creme anticelul\u00edtico. Usa um esfoliante suave e massaja delicadamente a pele com movimentos circulares antes de enxaguar com \u00e1gua morna. <\/span><\/li><li style=\"margin: 0px;padding: 0px;font-size: 14px\"><span style=\"margin: 0px;padding: 0px;border: 0px;vertical-align: baseline;background: transparent\"><span style=\"margin: 0px;padding: 0px;border: 0px;vertical-align: baseline;background: transparent;font-weight: bold\">Seca bem a pele<\/span> depois de a limpar e esfoliar, deves certificar-te de que a pele est\u00e1 bem seca antes de aplicar o creme, pois a pele h\u00famida pode interferir na absor\u00e7\u00e3o do produto.<\/span><\/li><li style=\"margin: 0px;padding: 0px;font-size: 14px\"><span style=\"margin: 0px;padding: 0px;border: 0px;vertical-align: baseline;background: transparent\"><span style=\"margin: 0px;padding: 0px;border: 0px;vertical-align: baseline;background: transparent;font-weight: bold\">Aplicar o creme anticelul\u00edtico com massagens.<\/span> Massaja as \u00e1reas afetadas. Isto pode levar alguns minutos. Deves certificar-te de cobrir toda a zona afetada.  <\/span><\/li><\/ol><\/div>\t\t\t\t\t\t\t\t<\/div>\n\t\t\t\t<\/div>\n\t\t\t\t<div class=\"elementor-element elementor-element-f462a9d elementor-widget elementor-widget-text-editor\" data-id=\"f462a9d\" data-element_type=\"widget\" data-widget_type=\"text-editor.default\">\n\t\t\t\t<div class=\"elementor-widget-container\">\n\t\t\t\t\t\t\t\t\t<div style=\"margin: 0px;padding: 0px;border: 0px;font-size: 14px;vertical-align: baseline;background: 50% center \/ cover no-repeat #ffffff;position: relative;font-family: Poppins, Helvetica, Arial, Lucida, sans-serif;text-align: left;color: #666666;font-style: normal;font-weight: 500;letter-spacing: normal;text-indent: 0px;text-transform: none\"><div style=\"margin: 0px;padding: 0px;border: 0px;font-size: 14px;vertical-align: baseline;background: transparent;position: relative\"><span style=\"background-color: transparent;color: #ef7a50;font-family: 'Gelica Light', Helvetica, Arial, Lucida, sans-serif;font-size: 26px\">Seleciona o creme anticelul\u00edtico ideal para ti <\/span><\/div><\/div>\t\t\t\t\t\t\t\t<\/div>\n\t\t\t\t<\/div>\n\t\t\t\t<div class=\"elementor-element elementor-element-b9bd336 elementor-widget elementor-widget-text-editor\" data-id=\"b9bd336\" data-element_type=\"widget\" data-widget_type=\"text-editor.default\">\n\t\t\t\t<div class=\"elementor-widget-container\">\n\t\t\t\t\t\t\t\t\t<div><p><span style=\"color: #666666;font-family: Poppins, Helvetica, Arial, Lucida, sans-serif;font-size: 14px;background: transparent;margin: 0px;padding: 0px;border: 0px;vertical-align: baseline\">Entre as diversas op\u00e7\u00f5es para combater a celulite, os cremes anticelul\u00edticos s\u00e3o atualmente os mais procurados, mas certamente vais perguntar-te: como podes escolher o mais adequado para ti? A primeira coisa que deves fazer \u00e9  <\/span><b style=\"color: #666666;font-family: Poppins, Helvetica, Arial, Lucida, sans-serif;font-size: 14px;background: transparent;margin: 0px;padding: 0px;border: 0px;vertical-align: baseline\">verificar os ingredientes, a facilidade de aplica\u00e7\u00e3o e o tipo e grau da celulite.<\/b><\/p><p style=\"margin: 0px;padding: 0px 0px 1em;border: 0px;font-size: 14px;vertical-align: baseline;background-image: initial;background-position: initial;background-size: initial;background-repeat: initial;background-attachment: initial;color: #666666;font-family: Poppins, Helvetica, Arial, Lucida, sans-serif\"><span style=\"margin: 0px;padding: 0px;border: 0px;vertical-align: baseline;background: transparent\">O <\/span><b style=\"margin: 0px;padding: 0px;border: 0px;vertical-align: baseline;background: transparent\">creme anticelul\u00edtico \u00e9 uma excelente op\u00e7\u00e3o<\/b><span style=\"margin: 0px;padding: 0px;border: 0px;vertical-align: baseline;background: transparent\">, mas deves considerar seguir os passos indicados para a sua efic\u00e1cia e para alcan\u00e7ar melhores resultados. Depende tamb\u00e9m muito do estado da tua pele e da an\u00e1lise dos ingredientes. Os mais recomendados s\u00e3o: L-Carnitina, Retinol, Cafe\u00edna, Colag\u00e9nio, etc.   <\/span><\/p><p style=\"margin: 0px;padding: 0px;border: 0px;font-size: 14px;vertical-align: baseline;background-image: initial;background-position: initial;background-size: initial;background-repeat: initial;background-attachment: initial;color: #666666;font-family: Poppins, Helvetica, Arial, Lucida, sans-serif\"><span style=\"margin: 0px;padding: 0px;border: 0px;vertical-align: baseline;background: transparent\">Lembra-te de que somos muitos e muitas os que sofremos com esta pele casca de laranja, mas, realizando o tratamento correto e aplicando bem os cremes, certamente conseguir\u00e1s<\/span> <b style=\"margin: 0px;padding: 0px;border: 0px;vertical-align: baseline;background: transparent\">reduzir e combater o aparecimento da celulite.<\/b><\/p><\/div>\t\t\t\t\t\t\t\t<\/div>\n\t\t\t\t<\/div>\n\t\t\t\t<\/div>\n\t\t\t\t\t<\/div>\n\t\t\t\t<\/div>\n\t\t\t\t<\/div>\n\t\t","protected":false},"excerpt":{"rendered":"<p>Explora os melhores anticelul\u00edticos e cremes redutores e encontra o teu caminho para uma pele mais firme e lisa. \u2b50 Solu\u00e7\u00f5es eficazes com a Clarel. <\/p>\n","protected":false},"author":5,"featured_media":15542,"comment_status":"closed","ping_status":"open","sticky":false,"template":"","format":"standard","meta":{"footnotes":""},"categories":[36,34],"tags":[],"class_list":["post-15541","post","type-post","status-publish","format-standard","has-post-thumbnail","hentry","category-salud-bienestar","category-tips-rutinas"],"yoast_head":"<!-- This site is optimized with the Yoast SEO plugin v25.4 - https:\/\/yoast.com\/wordpress\/plugins\/seo\/ -->\n<title>Combate a celulite com os melhores anticelul\u00edticos | Clarel<\/title>\n<meta name=\"description\" content=\"Explora os melhores anticelul\u00edticos e cremes redutores e encontra o teu caminho para uma pele mais firme e lisa. \u2b50 Solu\u00e7\u00f5es eficazes com a Clarel.\" \/>\n<meta name=\"robots\" content=\"index, follow, max-snippet:-1, max-image-preview:large, max-video-preview:-1\" \/>\n<link rel=\"canonical\" href=\"https:\/\/www.clarel.es\/blog\/anticeluliticos\/\" \/>\n<meta property=\"og:locale\" content=\"pt_PT\" \/>\n<meta property=\"og:type\" content=\"article\" \/>\n<meta property=\"og:title\" content=\"Combate a celulite com os melhores anticelul\u00edticos | Clarel\" \/>\n<meta property=\"og:description\" content=\"Explora os melhores anticelul\u00edticos e cremes redutores e encontra o teu caminho para uma pele mais firme e lisa. \u2b50 Solu\u00e7\u00f5es eficazes com a Clarel.\" \/>\n<meta property=\"og:url\" content=\"https:\/\/www.clarel.es\/blog\/anticeluliticos\/\" \/>\n<meta property=\"og:site_name\" content=\"Clarel\" \/>\n<meta property=\"article:published_time\" content=\"2024-04-04T10:32:48+00:00\" \/>\n<meta property=\"article:modified_time\" content=\"2025-10-23T13:56:02+00:00\" \/>\n<meta property=\"og:image\" content=\"https:\/\/www.clarel.es\/blog\/wp-content\/uploads\/2024\/04\/anticelulitico.jpg\" \/>\n\t<meta property=\"og:image:width\" content=\"800\" \/>\n\t<meta property=\"og:image:height\" content=\"500\" \/>\n\t<meta property=\"og:image:type\" content=\"image\/jpeg\" \/>\n<meta name=\"twitter:card\" content=\"summary_large_image\" \/>\n<script type=\"application\/ld+json\" class=\"yoast-schema-graph\">{\"@context\":\"https:\/\/schema.org\",\"@graph\":[{\"@type\":\"Article\",\"@id\":\"https:\/\/www.clarel.es\/blog\/anticeluliticos\/#article\",\"isPartOf\":{\"@id\":\"https:\/\/www.clarel.es\/blog\/anticeluliticos\/\"},\"author\":{\"name\":\"Clarel\",\"@id\":\"https:\/\/www.clarel.es\/blog\/pt-pt\/\"},\"headline\":\"Combate a celulite com os melhores anticelul\u00edticos\",\"datePublished\":\"2024-04-04T10:32:48+00:00\",\"dateModified\":\"2025-10-23T13:56:02+00:00\",\"mainEntityOfPage\":{\"@id\":\"https:\/\/www.clarel.es\/blog\/anticeluliticos\/\"},\"wordCount\":1676,\"publisher\":{\"@id\":\"https:\/\/www.clarel.es\/blog\/#organization\"},\"image\":{\"@id\":\"https:\/\/www.clarel.es\/blog\/anticeluliticos\/#primaryimage\"},\"thumbnailUrl\":\"https:\/\/blog-clarel.imgix.net\/uploads\/2024\/04\/anticelulitico.jpg?auto=format%2Ccompress&ixlib=php-3.3.0\",\"articleSection\":[\"Salud y Bienestar\",\"Tips y rutinas\"],\"inLanguage\":\"pt-PT\"},{\"@type\":\"WebPage\",\"@id\":\"https:\/\/www.clarel.es\/blog\/anticeluliticos\/\",\"url\":\"https:\/\/www.clarel.es\/blog\/anticeluliticos\/\",\"name\":\"Combate a celulite com os melhores anticelul\u00edticos | Clarel\",\"isPartOf\":{\"@id\":\"https:\/\/www.clarel.es\/blog\/#website\"},\"primaryImageOfPage\":{\"@id\":\"https:\/\/www.clarel.es\/blog\/anticeluliticos\/#primaryimage\"},\"image\":{\"@id\":\"https:\/\/www.clarel.es\/blog\/anticeluliticos\/#primaryimage\"},\"thumbnailUrl\":\"https:\/\/blog-clarel.imgix.net\/uploads\/2024\/04\/anticelulitico.jpg?auto=format%2Ccompress&ixlib=php-3.3.0\",\"datePublished\":\"2024-04-04T10:32:48+00:00\",\"dateModified\":\"2025-10-23T13:56:02+00:00\",\"description\":\"Explora os melhores anticelul\u00edticos e cremes redutores e encontra o teu caminho para uma pele mais firme e lisa. \u2b50 Solu\u00e7\u00f5es eficazes com a Clarel.\",\"breadcrumb\":{\"@id\":\"https:\/\/www.clarel.es\/blog\/anticeluliticos\/#breadcrumb\"},\"inLanguage\":\"pt-PT\",\"potentialAction\":[{\"@type\":\"ReadAction\",\"target\":[\"https:\/\/www.clarel.es\/blog\/anticeluliticos\/\"]}]},{\"@type\":\"ImageObject\",\"inLanguage\":\"pt-PT\",\"@id\":\"https:\/\/www.clarel.es\/blog\/anticeluliticos\/#primaryimage\",\"url\":\"https:\/\/blog-clarel.imgix.net\/uploads\/2024\/04\/anticelulitico.jpg?auto=format%2Ccompress&ixlib=php-3.3.0\",\"contentUrl\":\"https:\/\/blog-clarel.imgix.net\/uploads\/2024\/04\/anticelulitico.jpg?auto=format%2Ccompress&ixlib=php-3.3.0\",\"width\":800,\"height\":500,\"caption\":\"Mejores anticelul\u00edticos\"},{\"@type\":\"BreadcrumbList\",\"@id\":\"https:\/\/www.clarel.es\/blog\/anticeluliticos\/#breadcrumb\",\"itemListElement\":[{\"@type\":\"ListItem\",\"position\":1,\"name\":\"Portada\",\"item\":\"https:\/\/www.clarel.es\/blog\/\"},{\"@type\":\"ListItem\",\"position\":2,\"name\":\"Combate a celulite com os melhores anticelul\u00edticos\"}]},{\"@type\":\"WebSite\",\"@id\":\"https:\/\/www.clarel.es\/blog\/#website\",\"url\":\"https:\/\/www.clarel.es\/blog\/\",\"name\":\"Clarel\",\"description\":\"Tienda Online de perfumeria, cosmetica, maquillaje y hogar.\",\"publisher\":{\"@id\":\"https:\/\/www.clarel.es\/blog\/#organization\"},\"potentialAction\":[{\"@type\":\"SearchAction\",\"target\":{\"@type\":\"EntryPoint\",\"urlTemplate\":\"https:\/\/www.clarel.es\/blog\/?s={search_term_string}\"},\"query-input\":{\"@type\":\"PropertyValueSpecification\",\"valueRequired\":true,\"valueName\":\"search_term_string\"}}],\"inLanguage\":\"pt-PT\"},{\"@type\":\"Organization\",\"@id\":\"https:\/\/www.clarel.es\/blog\/#organization\",\"name\":\"Clarel\",\"url\":\"https:\/\/www.clarel.es\/blog\/\",\"logo\":{\"@type\":\"ImageObject\",\"inLanguage\":\"pt-PT\",\"@id\":\"https:\/\/www.clarel.es\/blog\/#\/schema\/logo\/image\/\",\"url\":\"https:\/\/clarel-test.ezenit.link\/blog\/wp-content\/uploads\/2022\/08\/logo_clarel.png\",\"contentUrl\":\"https:\/\/clarel-test.ezenit.link\/blog\/wp-content\/uploads\/2022\/08\/logo_clarel.png\",\"width\":432,\"height\":101,\"caption\":\"Clarel\"},\"image\":{\"@id\":\"https:\/\/www.clarel.es\/blog\/#\/schema\/logo\/image\/\"}}]}<\/script>\n<!-- \/ Yoast SEO plugin. -->","yoast_head_json":{"title":"Combate a celulite com os melhores anticelul\u00edticos | Clarel","description":"Explora os melhores anticelul\u00edticos e cremes redutores e encontra o teu caminho para uma pele mais firme e lisa. \u2b50 Solu\u00e7\u00f5es eficazes com a Clarel.","robots":{"index":"index","follow":"follow","max-snippet":"max-snippet:-1","max-image-preview":"max-image-preview:large","max-video-preview":"max-video-preview:-1"},"canonical":"https:\/\/www.clarel.es\/blog\/anticeluliticos\/","og_locale":"pt_PT","og_type":"article","og_title":"Combate a celulite com os melhores anticelul\u00edticos | Clarel","og_description":"Explora os melhores anticelul\u00edticos e cremes redutores e encontra o teu caminho para uma pele mais firme e lisa. \u2b50 Solu\u00e7\u00f5es eficazes com a Clarel.","og_url":"https:\/\/www.clarel.es\/blog\/anticeluliticos\/","og_site_name":"Clarel","article_published_time":"2024-04-04T10:32:48+00:00","article_modified_time":"2025-10-23T13:56:02+00:00","og_image":[{"width":800,"height":500,"url":"https:\/\/www.clarel.es\/blog\/wp-content\/uploads\/2024\/04\/anticelulitico.jpg","type":"image\/jpeg"}],"twitter_card":"summary_large_image","schema":{"@context":"https:\/\/schema.org","@graph":[{"@type":"Article","@id":"https:\/\/www.clarel.es\/blog\/anticeluliticos\/#article","isPartOf":{"@id":"https:\/\/www.clarel.es\/blog\/anticeluliticos\/"},"author":{"name":"Clarel","@id":"https:\/\/www.clarel.es\/blog\/pt-pt\/"},"headline":"Combate a celulite com os melhores anticelul\u00edticos","datePublished":"2024-04-04T10:32:48+00:00","dateModified":"2025-10-23T13:56:02+00:00","mainEntityOfPage":{"@id":"https:\/\/www.clarel.es\/blog\/anticeluliticos\/"},"wordCount":1676,"publisher":{"@id":"https:\/\/www.clarel.es\/blog\/#organization"},"image":{"@id":"https:\/\/www.clarel.es\/blog\/anticeluliticos\/#primaryimage"},"thumbnailUrl":"https:\/\/blog-clarel.imgix.net\/uploads\/2024\/04\/anticelulitico.jpg?auto=format%2Ccompress&ixlib=php-3.3.0","articleSection":["Salud y Bienestar","Tips y rutinas"],"inLanguage":"pt-PT"},{"@type":"WebPage","@id":"https:\/\/www.clarel.es\/blog\/anticeluliticos\/","url":"https:\/\/www.clarel.es\/blog\/anticeluliticos\/","name":"Combate a celulite com os melhores anticelul\u00edticos | Clarel","isPartOf":{"@id":"https:\/\/www.clarel.es\/blog\/#website"},"primaryImageOfPage":{"@id":"https:\/\/www.clarel.es\/blog\/anticeluliticos\/#primaryimage"},"image":{"@id":"https:\/\/www.clarel.es\/blog\/anticeluliticos\/#primaryimage"},"thumbnailUrl":"https:\/\/blog-clarel.imgix.net\/uploads\/2024\/04\/anticelulitico.jpg?auto=format%2Ccompress&ixlib=php-3.3.0","datePublished":"2024-04-04T10:32:48+00:00","dateModified":"2025-10-23T13:56:02+00:00","description":"Explora os melhores anticelul\u00edticos e cremes redutores e encontra o teu caminho para uma pele mais firme e lisa. \u2b50 Solu\u00e7\u00f5es eficazes com a Clarel.","breadcrumb":{"@id":"https:\/\/www.clarel.es\/blog\/anticeluliticos\/#breadcrumb"},"inLanguage":"pt-PT","potentialAction":[{"@type":"ReadAction","target":["https:\/\/www.clarel.es\/blog\/anticeluliticos\/"]}]},{"@type":"ImageObject","inLanguage":"pt-PT","@id":"https:\/\/www.clarel.es\/blog\/anticeluliticos\/#primaryimage","url":"https:\/\/blog-clarel.imgix.net\/uploads\/2024\/04\/anticelulitico.jpg?auto=format%2Ccompress&ixlib=php-3.3.0","contentUrl":"https:\/\/blog-clarel.imgix.net\/uploads\/2024\/04\/anticelulitico.jpg?auto=format%2Ccompress&ixlib=php-3.3.0","width":800,"height":500,"caption":"Mejores anticelul\u00edticos"},{"@type":"BreadcrumbList","@id":"https:\/\/www.clarel.es\/blog\/anticeluliticos\/#breadcrumb","itemListElement":[{"@type":"ListItem","position":1,"name":"Portada","item":"https:\/\/www.clarel.es\/blog\/"},{"@type":"ListItem","position":2,"name":"Combate a celulite com os melhores anticelul\u00edticos"}]},{"@type":"WebSite","@id":"https:\/\/www.clarel.es\/blog\/#website","url":"https:\/\/www.clarel.es\/blog\/","name":"Clarel","description":"Tienda Online de perfumeria, cosmetica, maquillaje y hogar.","publisher":{"@id":"https:\/\/www.clarel.es\/blog\/#organization"},"potentialAction":[{"@type":"SearchAction","target":{"@type":"EntryPoint","urlTemplate":"https:\/\/www.clarel.es\/blog\/?s={search_term_string}"},"query-input":{"@type":"PropertyValueSpecification","valueRequired":true,"valueName":"search_term_string"}}],"inLanguage":"pt-PT"},{"@type":"Organization","@id":"https:\/\/www.clarel.es\/blog\/#organization","name":"Clarel","url":"https:\/\/www.clarel.es\/blog\/","logo":{"@type":"ImageObject","inLanguage":"pt-PT","@id":"https:\/\/www.clarel.es\/blog\/#\/schema\/logo\/image\/","url":"https:\/\/clarel-test.ezenit.link\/blog\/wp-content\/uploads\/2022\/08\/logo_clarel.png","contentUrl":"https:\/\/clarel-test.ezenit.link\/blog\/wp-content\/uploads\/2022\/08\/logo_clarel.png","width":432,"height":101,"caption":"Clarel"},"image":{"@id":"https:\/\/www.clarel.es\/blog\/#\/schema\/logo\/image\/"}}]}},"_links":{"self":[{"href":"https:\/\/www.clarel.es\/blog\/pt-pt\/wp-json\/wp\/v2\/posts\/15541","targetHints":{"allow":["GET"]}}],"collection":[{"href":"https:\/\/www.clarel.es\/blog\/pt-pt\/wp-json\/wp\/v2\/posts"}],"about":[{"href":"https:\/\/www.clarel.es\/blog\/pt-pt\/wp-json\/wp\/v2\/types\/post"}],"author":[{"embeddable":true,"href":"https:\/\/www.clarel.es\/blog\/pt-pt\/wp-json\/wp\/v2\/users\/5"}],"replies":[{"embeddable":true,"href":"https:\/\/www.clarel.es\/blog\/pt-pt\/wp-json\/wp\/v2\/comments?post=15541"}],"version-history":[{"count":4,"href":"https:\/\/www.clarel.es\/blog\/pt-pt\/wp-json\/wp\/v2\/posts\/15541\/revisions"}],"predecessor-version":[{"id":16620,"href":"https:\/\/www.clarel.es\/blog\/pt-pt\/wp-json\/wp\/v2\/posts\/15541\/revisions\/16620"}],"wp:featuredmedia":[{"embeddable":true,"href":"https:\/\/www.clarel.es\/blog\/pt-pt\/wp-json\/wp\/v2\/media\/15542"}],"wp:attachment":[{"href":"https:\/\/www.clarel.es\/blog\/pt-pt\/wp-json\/wp\/v2\/media?parent=15541"}],"wp:term":[{"taxonomy":"category","embeddable":true,"href":"https:\/\/www.clarel.es\/blog\/pt-pt\/wp-json\/wp\/v2\/categories?post=15541"},{"taxonomy":"post_tag","embeddable":true,"href":"https:\/\/www.clarel.es\/blog\/pt-pt\/wp-json\/wp\/v2\/tags?post=15541"}],"curies":[{"name":"wp","href":"https:\/\/api.w.org\/{rel}","templated":true}]}}