{"id":15370,"date":"2023-10-21T16:36:59","date_gmt":"2023-10-21T16:36:59","guid":{"rendered":"https:\/\/clarel-test.ezenit.link\/blog\/como-pintar-o-cabelo-em-casa\/"},"modified":"2025-10-23T15:06:23","modified_gmt":"2025-10-23T15:06:23","slug":"como-pintar-o-cabelo-em-casa","status":"publish","type":"post","link":"https:\/\/www.clarel.es\/blog\/pt-pt\/como-pintar-o-cabelo-em-casa\/","title":{"rendered":"Como pintar o cabelo em casa?"},"content":{"rendered":"\t\t<div data-elementor-type=\"wp-post\" data-elementor-id=\"15370\" class=\"elementor elementor-15370 elementor-7408\" data-elementor-post-type=\"post\">\n\t\t\t\t<div class=\"elementor-element elementor-element-1a9b8306 e-flex e-con-boxed e-con e-parent\" data-id=\"1a9b8306\" data-element_type=\"container\">\n\t\t\t\t\t<div class=\"e-con-inner\">\n\t\t\t\t<div class=\"elementor-element elementor-element-775c950 elementor-widget elementor-widget-text-editor\" data-id=\"775c950\" data-element_type=\"widget\" data-widget_type=\"text-editor.default\">\n\t\t\t\t<div class=\"elementor-widget-container\">\n\t\t\t\t\t\t\t\t\t<p><span style=\"background-color: transparent;color: #666666;font-family: Poppins, Helvetica, Arial, Lucida, sans-serif;font-size: 14px;text-align: justify\">J\u00e1 alguma vez pensaste em dar um toque fresco ao teu look sem sair de casa? Ent\u00e3o, na Clarel temos tudo o que precisas! Mudar a cor do teu cabelo sozinha nunca foi t\u00e3o f\u00e1cil. No entanto, h\u00e1 diferentes fatores que deves ter em conta antes de come\u00e7ares o processo por tua pr\u00f3pria conta.   <\/span><\/p><p style=\"margin: 0px;padding: 0px;border: 0px;font-size: 14px;vertical-align: baseline;background-image: initial;background-position: initial;background-size: initial;background-repeat: initial;background-attachment: initial;color: #666666;font-family: Poppins, Helvetica, Arial, Lucida, sans-serif;text-align: justify\"><span style=\"margin: 0px;padding: 0px;border: 0px;vertical-align: baseline;background: transparent\">De seguida explicamos-te os melhores conselhos e truques para que consigas o teu look desejado, no conforto da tua casa.<\/span><\/p>\t\t\t\t\t\t\t\t<\/div>\n\t\t\t\t<\/div>\n\t\t\t\t<div class=\"elementor-element elementor-element-a775e2b elementor-widget elementor-widget-text-editor\" data-id=\"a775e2b\" data-element_type=\"widget\" data-widget_type=\"text-editor.default\">\n\t\t\t\t<div class=\"elementor-widget-container\">\n\t\t\t\t\t\t\t\t\t<div style=\"margin: 0px;padding: 0px;border: 0px;font-size: 14px;vertical-align: baseline;background: 50% center \/ cover no-repeat #ffffff;position: relative;font-family: Poppins, Helvetica, Arial, Lucida, sans-serif;text-align: left;color: #666666;font-style: normal;font-weight: 500;letter-spacing: normal;text-indent: 0px;text-transform: none\"><div style=\"margin: 0px;padding: 0px;border: 0px;font-size: 14px;vertical-align: baseline;background: transparent;position: relative\"><span style=\"background-color: transparent;font-family: 'Gelica Light', Helvetica, Arial, Lucida, sans-serif;font-size: 26px;color: #ef7a50\">Prepara tudo o que \u00e9 necess\u00e1rio!<\/span><\/div><\/div>\t\t\t\t\t\t\t\t<\/div>\n\t\t\t\t<\/div>\n\t\t\t\t<div class=\"elementor-element elementor-element-2e0b2cd elementor-widget elementor-widget-text-editor\" data-id=\"2e0b2cd\" data-element_type=\"widget\" data-widget_type=\"text-editor.default\">\n\t\t\t\t<div class=\"elementor-widget-container\">\n\t\t\t\t\t\t\t\t\t<p><span style=\"color: #666666;font-family: Poppins, Helvetica, Arial, Lucida, sans-serif;font-size: 14px;background: transparent;margin: 0px;padding: 0px;border: 0px;vertical-align: baseline\">Pintar o cabelo em casa pode ser uma forma divertida e econ\u00f3mica de<\/span><b style=\"color: #666666;font-family: Poppins, Helvetica, Arial, Lucida, sans-serif;font-size: 14px;background: transparent;margin: 0px;padding: 0px;border: 0px;vertical-align: baseline\"> mudar a tua apar\u00eancia.<\/b><span style=\"color: #666666;font-family: Poppins, Helvetica, Arial, Lucida, sans-serif;font-size: 14px;background: transparent;margin: 0px;padding: 0px;border: 0px;vertical-align: baseline\">. \u00c9 importante respeitar cada etapa e ter \u00e0 m\u00e3o os elementos necess\u00e1rios que te permitir\u00e3o alcan\u00e7ar um melhor resultado.<\/span><\/p><p style=\"margin: 0px;padding: 0px;border: 0px;font-size: 14px;vertical-align: baseline;background-image: initial;background-position: initial;background-size: initial;background-repeat: initial;background-attachment: initial;color: #666666;font-family: Poppins, Helvetica, Arial, Lucida, sans-serif\"><span style=\"margin: 0px;padding: 0px;border: 0px;vertical-align: baseline;background: transparent\">A maioria dos elementos necess\u00e1rios para pintar o cabelo pode j\u00e1 estar dispon\u00edvel em casa ou, em alternativa, podem ser comprados numa loja especializada. Apresentamos-te alguns desses elementos indispens\u00e1veis: <\/span><\/p>\t\t\t\t\t\t\t\t<\/div>\n\t\t\t\t<\/div>\n\t\t\t\t<div class=\"elementor-element elementor-element-2e5e2df elementor-widget elementor-widget-image\" data-id=\"2e5e2df\" data-element_type=\"widget\" data-widget_type=\"image.default\">\n\t\t\t\t<div class=\"elementor-widget-container\">\n\t\t\t\t\t\t\t\t\t\t\t\t\t\t\t<img decoding=\"async\" src=\"https:\/\/blog-clarel.imgix.net\/2023\/12\/como-tenir-pelo-en-casa.jpg\" title=\"\" alt=\"\" loading=\"lazy\" \/>\t\t\t\t\t\t\t\t\t\t\t\t\t\t\t<\/div>\n\t\t\t\t<\/div>\n\t\t\t\t<div class=\"elementor-element elementor-element-ef3fceb elementor-widget elementor-widget-text-editor\" data-id=\"ef3fceb\" data-element_type=\"widget\" data-widget_type=\"text-editor.default\">\n\t\t\t\t<div class=\"elementor-widget-container\">\n\t\t\t\t\t\t\t\t\t<ul style=\"margin: 0px;padding: 0px 0px 23px 1em;font-size: 14px;background-color: #ffffff;line-height: 26px;color: #666666;font-family: Poppins, Helvetica, Arial, Lucida, sans-serif\">\n<li style=\"margin: 0px;padding: 0px;font-size: 14px\"><b style=\"margin: 0px;padding: 0px;border: 0px;vertical-align: baseline;background: transparent\">Ta\u00e7a n\u00e3o met\u00e1lica:&nbsp;<\/b>uma ta\u00e7a n\u00e3o met\u00e1lica permitir\u00e1<b style=\"margin: 0px;padding: 0px;border: 0px;vertical-align: baseline;background: transparent\">&nbsp;misturar e medir a tinta.<\/b><span style=\"margin: 0px;padding: 0px;border: 0px;vertical-align: baseline;background: transparent\">&nbsp;necess\u00e1rio para n\u00f3s. Vai ajudar a verter a mistura sem nos sujarmos e a combinar nas quantidades corretas. <\/span><\/li><li style=\"margin: 0px;padding: 0px;font-size: 14px\"><b style=\"margin: 0px;padding: 0px;border: 0px;vertical-align: baseline;background: transparent\">Pincel:&nbsp;<\/b>Este elemento de certeza j\u00e1 o viste antes. Trata-se de um pincel achatado com o qual podemos &nbsp;<b style=\"margin: 0px;padding: 0px;border: 0px;vertical-align: baseline;background: transparent\">misturar a tinta&nbsp;<\/b><span style=\"margin: 0px;padding: 0px;border: 0px;vertical-align: baseline;background: transparent\">dentro da ta\u00e7a e&nbsp;<\/span><b style=\"margin: 0px;padding: 0px;border: 0px;vertical-align: baseline;background: transparent\">aplic\u00e1-la no cabelo<\/b><span style=\"margin: 0px;padding: 0px;border: 0px;vertical-align: baseline;background: transparent\">.<\/span><\/li><li style=\"margin: 0px;padding: 0px;font-size: 14px\"><b style=\"margin: 0px;padding: 0px;border: 0px;vertical-align: baseline;background: transparent\">Luvas:&nbsp;<\/b>Muitas vezes as pessoas n\u00e3o d\u00e3o import\u00e2ncia a este elemento, mas a verdade \u00e9 que \u00e9 absolutamente necess\u00e1rio. A tinta mancha e remov\u00ea-la pode ser muito dif\u00edcil. Para evitar isso, umas boas luvas s\u00e3o a solu\u00e7\u00e3o. Melhor se forem de cozinha em vez das de pl\u00e1stico que v\u00eam nas caixas das tintas.   <\/li><li style=\"margin: 0px;padding: 0px;font-size: 14px\"><b style=\"margin: 0px;padding: 0px;border: 0px;vertical-align: baseline;background: transparent\">T-shirt que possa estragar-se:&nbsp;<\/b>Embora algumas pessoas usem toucas, a verdade \u00e9 que \u00e9 muito f\u00e1cil manchar-se com a tinta. Geralmente, &nbsp;<b style=\"margin: 0px;padding: 0px;border: 0px;vertical-align: baseline;background: transparent\">no momento de aplicar a tinta, caem res\u00edduos que podem estragar a tua camisola<\/b><span style=\"margin: 0px;padding: 0px;border: 0px;vertical-align: baseline;background: transparent\">. Por isso, recomendamos usar uma que j\u00e1 n\u00e3o utilizes.&nbsp;<\/span><\/li><li style=\"margin: 0px;padding: 0px;font-size: 14px\"><b style=\"margin: 0px;padding: 0px;border: 0px;vertical-align: baseline;background: transparent\">Vaselina:&nbsp;<\/b>Para&nbsp;<b style=\"margin: 0px;padding: 0px;border: 0px;vertical-align: baseline;background: transparent\">evitar as manchas inc\u00f3modas&nbsp;<\/b><span style=\"margin: 0px;padding: 0px;border: 0px;vertical-align: baseline;background: transparent\">que as tintas provocam. Recomendamos cobrir todo o contorno do cabelo (incluindo as orelhas) para evitar que fiquem manchados de tinta. &nbsp;<\/span><\/li><li style=\"margin: 0px;padding: 0px;font-size: 14px\"><b style=\"margin: 0px;padding: 0px;border: 0px;vertical-align: baseline;background: transparent\">Toalhas que se possam manchar:&nbsp;<\/b>Ao lavares o cabelo, por vezes a cor pode continuar a sair. Por isso, recomendamos usar uma toalha velha ou que j\u00e1 n\u00e3o utilizes, para que n\u00e3o tenhas qualquer problema com as manchas ao lavares o teu cabelo rec\u00e9m-pintado. <\/li><li style=\"margin: 0px;padding: 0px;font-size: 14px\"><b style=\"margin: 0px;padding: 0px;border: 0px;vertical-align: baseline;background: transparent\">Cron\u00f3metro:&nbsp;<\/b>Pintar o cabelo em casa \u00e9 uma responsabilidade que deve ser realizada da forma mais correta. Por isso, o uso do cron\u00f3metro \u00e9 importante para respeitar o tempo indicado na caixa com as instru\u00e7\u00f5es da tinta. &nbsp;<\/li><li style=\"margin: 0px;padding: 0px;font-size: 14px\"><b style=\"margin: 0px;padding: 0px;border: 0px;vertical-align: baseline;background: transparent\">Ganchos de cabelo:&nbsp;<\/b>No momento de pintar o teu cabelo, dever\u00e1s dividi-lo para aplicar a tinta de forma uniforme. Uns bons ganchos de cabelo v\u00e3o ajudar nisso. &nbsp;<\/li>\n<\/ul>\t\t\t\t\t\t\t\t<\/div>\n\t\t\t\t<\/div>\n\t\t\t\t<div class=\"elementor-element elementor-element-a294366 elementor-widget elementor-widget-text-editor\" data-id=\"a294366\" data-element_type=\"widget\" data-widget_type=\"text-editor.default\">\n\t\t\t\t<div class=\"elementor-widget-container\">\n\t\t\t\t\t\t\t\t\t<div style=\"margin: 0px;padding: 0px;border: 0px;font-size: 14px;vertical-align: baseline;background: 50% center \/ cover no-repeat #ffffff;position: relative;font-family: Poppins, Helvetica, Arial, Lucida, sans-serif;text-align: left;color: #666666;font-style: normal;font-weight: 500;letter-spacing: normal;text-indent: 0px;text-transform: none\"><div style=\"margin: 0px;padding: 0px;border: 0px;font-size: 14px;vertical-align: baseline;background: transparent;position: relative\"><span style=\"background-color: transparent;font-family: 'Gelica Light', Helvetica, Arial, Lucida, sans-serif;font-size: 26px;color: #ef7a50\">Prepara tudo o que \u00e9 necess\u00e1rio!<\/span><\/div><\/div>\t\t\t\t\t\t\t\t<\/div>\n\t\t\t\t<\/div>\n\t\t\t\t<div class=\"elementor-element elementor-element-89dad22 elementor-widget elementor-widget-text-editor\" data-id=\"89dad22\" data-element_type=\"widget\" data-widget_type=\"text-editor.default\">\n\t\t\t\t<div class=\"elementor-widget-container\">\n\t\t\t\t\t\t\t\t\t<p><span style=\"color: #666666;font-family: Poppins, Helvetica, Arial, Lucida, sans-serif;font-size: 14px\">Um novo look traz-nos mudan\u00e7as e uma renova\u00e7\u00e3o que nos faz sentir melhor e, de seguida, contamos-te passo a passo o que deves fazer para conseguir o teu look desejado.<\/span><\/p>\t\t\t\t\t\t\t\t<\/div>\n\t\t\t\t<\/div>\n\t\t\t\t<div class=\"elementor-element elementor-element-e44ab70 elementor-widget elementor-widget-text-editor\" data-id=\"e44ab70\" data-element_type=\"widget\" data-widget_type=\"text-editor.default\">\n\t\t\t\t<div class=\"elementor-widget-container\">\n\t\t\t\t\t\t\t\t\t<div style=\"margin: 0px;padding: 0px;border: 0px;font-size: 14px;vertical-align: baseline;background: 50% center \/ cover no-repeat #ffffff;position: relative;font-family: Poppins, Helvetica, Arial, Lucida, sans-serif;text-align: left;color: #666666;font-style: normal;font-weight: 500;letter-spacing: normal;text-indent: 0px;text-transform: none\"><span style=\"color: #f5a573;font-size: 18px\">1. <\/span><span style=\"color: #f5a573;font-size: 18px\">Escolher a cor adequada<\/span><\/div>\t\t\t\t\t\t\t\t<\/div>\n\t\t\t\t<\/div>\n\t\t\t\t<div class=\"elementor-element elementor-element-1d26f84 elementor-widget elementor-widget-text-editor\" data-id=\"1d26f84\" data-element_type=\"widget\" data-widget_type=\"text-editor.default\">\n\t\t\t\t<div class=\"elementor-widget-container\">\n\t\t\t\t\t\t\t\t\t<p><span style=\"color: #666666;font-family: Poppins, Helvetica, Arial, Lucida, sans-serif;font-size: 14px;background: transparent;margin: 0px;padding: 0px;border: 0px;vertical-align: baseline\">Deves escolher a cor adequada. Embora possas optar por uma cor natural, tamb\u00e9m podes  <\/span><b style=\"color: #666666;font-family: Poppins, Helvetica, Arial, Lucida, sans-serif;font-size: 14px;background: transparent;margin: 0px;padding: 0px;border: 0px;vertical-align: baseline\">optar por um look completamente novo<\/b><span style=\"color: #666666;font-family: Poppins, Helvetica, Arial, Lucida, sans-serif;font-size: 14px;background: transparent;margin: 0px;padding: 0px;border: 0px;vertical-align: baseline\">. \u00c9 importante mencionar que, se desejares uma cor rosa ou violeta, esta s\u00f3 funcionar\u00e1 em cabelos loiros ou previamente descolorados. <\/span><\/p><p style=\"margin: 0px;padding: 0px;border: 0px;font-size: 14px;vertical-align: baseline;background-image: initial;background-position: initial;background-size: initial;background-repeat: initial;background-attachment: initial;color: #666666;font-family: Poppins, Helvetica, Arial, Lucida, sans-serif\"><span style=\"margin: 0px;padding: 0px;border: 0px;vertical-align: baseline;background: transparent\">No caso de teres uma base escura, recomendamos procurar um especialista que te possa aconselhar sobre a tonalidade ideal para ti e, assim, evitar estragar o teu cabelo. Uma vez definido o tom da tinta, recomendamos ler bem as instru\u00e7\u00f5es antes de a aplicar. <\/span><\/p>\t\t\t\t\t\t\t\t<\/div>\n\t\t\t\t<\/div>\n\t\t\t\t<div class=\"elementor-element elementor-element-d7f9eef elementor-widget elementor-widget-text-editor\" data-id=\"d7f9eef\" data-element_type=\"widget\" data-widget_type=\"text-editor.default\">\n\t\t\t\t<div class=\"elementor-widget-container\">\n\t\t\t\t\t\t\t\t\t<div style=\"margin: 0px;padding: 0px;border: 0px;font-size: 14px;vertical-align: baseline;background: 50% center \/ cover no-repeat #ffffff;position: relative;font-family: Poppins, Helvetica, Arial, Lucida, sans-serif;text-align: left;color: #666666;font-style: normal;font-weight: 500;letter-spacing: normal;text-indent: 0px;text-transform: none\"><span style=\"color: #f5a573;font-size: 18px\">2. Aplica\u00e7\u00e3o da tinta<\/span><\/div>\t\t\t\t\t\t\t\t<\/div>\n\t\t\t\t<\/div>\n\t\t\t\t<div class=\"elementor-element elementor-element-24a3f4a elementor-widget elementor-widget-text-editor\" data-id=\"24a3f4a\" data-element_type=\"widget\" data-widget_type=\"text-editor.default\">\n\t\t\t\t<div class=\"elementor-widget-container\">\n\t\t\t\t\t\t\t\t\t<p><span style=\"background-color: transparent;color: #666666;font-family: Poppins, Helvetica, Arial, Lucida, sans-serif;font-size: 14px\">Agora que est\u00e1s pronto para pintar o teu cabelo, usa uma t-shirt que possas estragar, aplica vaselina no contorno do cabelo e nas orelhas e faz a divis\u00e3o correspondente para a correta aplica\u00e7\u00e3o da tinta. <\/span><\/p><p style=\"margin: 0px;padding: 0px 0px 1em;border: 0px;font-size: 14px;vertical-align: baseline;background-image: initial;background-position: initial;background-size: initial;background-repeat: initial;background-attachment: initial;color: #666666;font-family: Poppins, Helvetica, Arial, Lucida, sans-serif\"><span style=\"margin: 0px;padding: 0px;border: 0px;vertical-align: baseline;background: transparent\">O ideal seria <\/span><b style=\"margin: 0px;padding: 0px;border: 0px;vertical-align: baseline;background: transparent\">n\u00e3o teres lavado o cabelo nos dois dias anteriores. <\/b> <span style=\"margin: 0px;padding: 0px;border: 0px;vertical-align: baseline;background: transparent\">ao processo. Tamb\u00e9m deves ter claro o objetivo: se queres apenas fazer a manuten\u00e7\u00e3o da cor, pintar apenas as pontas ou se pretendes pintar todo o cabelo. <\/span><\/p><p style=\"margin: 0px;padding: 0px;border: 0px;font-size: 14px;vertical-align: baseline;background-image: initial;background-position: initial;background-size: initial;background-repeat: initial;background-attachment: initial;color: #666666;font-family: Poppins, Helvetica, Arial, Lucida, sans-serif\"><span style=\"margin: 0px;padding: 0px;border: 0px;vertical-align: baseline;background: transparent\">Se apenas quiseres fazer manuten\u00e7\u00e3o, deves aplicar a tinta na raiz do cabelo, enquanto que, se for completo, dever\u00e1s aplic\u00e1-la em todo o cabelo. Uma vez aplicada a tinta, deves estar atenta aos minutos recomendados. <\/span><\/p>\t\t\t\t\t\t\t\t<\/div>\n\t\t\t\t<\/div>\n\t\t\t\t<div class=\"elementor-element elementor-element-9f30d47 elementor-widget elementor-widget-text-editor\" data-id=\"9f30d47\" data-element_type=\"widget\" data-widget_type=\"text-editor.default\">\n\t\t\t\t<div class=\"elementor-widget-container\">\n\t\t\t\t\t\t\t\t\t<div style=\"margin: 0px;padding: 0px;border: 0px;font-size: 14px;vertical-align: baseline;background: 50% center \/ cover no-repeat #ffffff;position: relative;font-family: Poppins, Helvetica, Arial, Lucida, sans-serif;text-align: left;color: #666666;font-style: normal;font-weight: 500;letter-spacing: normal;text-indent: 0px;text-transform: none\"><span style=\"color: #f5a573;font-size: 18px\">3. Enxaguamento e Cuidado P\u00f3s-Tinta<\/span><\/div>\t\t\t\t\t\t\t\t<\/div>\n\t\t\t\t<\/div>\n\t\t\t\t<div class=\"elementor-element elementor-element-a645107 elementor-widget elementor-widget-text-editor\" data-id=\"a645107\" data-element_type=\"widget\" data-widget_type=\"text-editor.default\">\n\t\t\t\t<div class=\"elementor-widget-container\">\n\t\t\t\t\t\t\t\t\t<p><span style=\"color: #666666;font-family: Poppins, Helvetica, Arial, Lucida, sans-serif;font-size: 14px;background-color: transparent\">Ao finalizar o tempo de processamento, \u00e9 hora de enxaguar e cuidar do teu cabelo. Primeiro, deves enxaguar apenas com \u00e1gua morna e sem usar champ\u00f4 at\u00e9 que a \u00e1gua saia clara, sem res\u00edduos de tinta.  <\/span><\/p><p style=\"margin: 0px;padding: 0px;border: 0px;font-size: 14px;vertical-align: baseline;background-image: initial;background-position: initial;background-size: initial;background-repeat: initial;background-attachment: initial;color: #666666;font-family: Poppins, Helvetica, Arial, Lucida, sans-serif\"><span style=\"margin: 0px;padding: 0px;border: 0px;vertical-align: baseline;background: transparent\">Depois, poder\u00e1s usar um champ\u00f4 e um amaciador para manter o teu cabelo saud\u00e1vel. Para  <\/span><b style=\"margin: 0px;padding: 0px;border: 0px;vertical-align: baseline;background: transparent\">prolongar a dura\u00e7\u00e3o da cor<\/b><span style=\"margin: 0px;padding: 0px;border: 0px;vertical-align: baseline;background: transparent\">, utiliza produtos concebidos para cabelo pintado. Evita lavar o cabelo com \u00e1gua quente e protege-o do sol e do cloro das piscinas. <\/span><\/p>\t\t\t\t\t\t\t\t<\/div>\n\t\t\t\t<\/div>\n\t\t\t\t<div class=\"elementor-element elementor-element-64a4df5 elementor-widget elementor-widget-image\" data-id=\"64a4df5\" data-element_type=\"widget\" data-widget_type=\"image.default\">\n\t\t\t\t<div class=\"elementor-widget-container\">\n\t\t\t\t\t\t\t\t\t\t\t\t\t\t\t<img decoding=\"async\" src=\"https:\/\/blog-clarel.imgix.net\/2023\/12\/como-pintarse-el-pelo-en-casa.jpg\" title=\"\" alt=\"\" loading=\"lazy\" \/>\t\t\t\t\t\t\t\t\t\t\t\t\t\t\t<\/div>\n\t\t\t\t<\/div>\n\t\t\t\t<div class=\"elementor-element elementor-element-f96c499 elementor-widget elementor-widget-text-editor\" data-id=\"f96c499\" data-element_type=\"widget\" data-widget_type=\"text-editor.default\">\n\t\t\t\t<div class=\"elementor-widget-container\">\n\t\t\t\t\t\t\t\t\t<div style=\"margin: 0px;padding: 0px;border: 0px;font-size: 14px;vertical-align: baseline;background: 50% center \/ cover no-repeat #ffffff;position: relative;font-family: Poppins, Helvetica, Arial, Lucida, sans-serif;text-align: left;color: #666666;font-style: normal;font-weight: 500;letter-spacing: normal;text-indent: 0px;text-transform: none\"><div style=\"margin: 0px;padding: 0px;border: 0px;font-size: 14px;vertical-align: baseline;background: transparent;position: relative\"><span style=\"color: #ef7a50;font-family: 'Gelica Light', Helvetica, Arial, Lucida, sans-serif;font-size: 26px\">As melhores tintas para pintar o cabelo em casa:<\/span><\/div><\/div>\t\t\t\t\t\t\t\t<\/div>\n\t\t\t\t<\/div>\n\t\t\t\t<div class=\"elementor-element elementor-element-252d91e elementor-widget elementor-widget-text-editor\" data-id=\"252d91e\" data-element_type=\"widget\" data-widget_type=\"text-editor.default\">\n\t\t\t\t<div class=\"elementor-widget-container\">\n\t\t\t\t\t\t\t\t\t<div style=\"margin: 0px;padding: 0px;border: 0px;font-size: 14px;vertical-align: baseline;background: 50% center \/ cover no-repeat #ffffff;position: relative;font-family: Poppins, Helvetica, Arial, Lucida, sans-serif;text-align: left;color: #666666;font-style: normal;font-weight: 500;letter-spacing: normal;text-indent: 0px;text-transform: none\"><span style=\"color: #f5a573;font-size: 18px\">Tintas Castanhas Syoss Oleo Intense Sem Amon\u00edaco<\/span><\/div>\t\t\t\t\t\t\t\t<\/div>\n\t\t\t\t<\/div>\n\t\t\t\t<div class=\"elementor-element elementor-element-f3e22b1 elementor-widget elementor-widget-text-editor\" data-id=\"f3e22b1\" data-element_type=\"widget\" data-widget_type=\"text-editor.default\">\n\t\t\t\t<div class=\"elementor-widget-container\">\n\t\t\t\t\t\t\t\t\t<p><span style=\"color: #666666;font-family: Poppins, Helvetica, Arial, Lucida, sans-serif;font-size: 14px;text-align: justify\">As Tintas Castanhas Syoss Oleo Intense Sem Amon\u00edaco s\u00e3o ideais para mulheres que desejam alcan\u00e7ar resultados semelhantes sem os poss\u00edveis efeitos negativos associados ao amon\u00edaco. Esta tinta cont\u00e9m \u00f3leos entre os seus ingredientes que cuidam do teu cabelo e, ao mesmo tempo, garante uma cobertura profissional de longa dura\u00e7\u00e3o. <\/span><\/p>\t\t\t\t\t\t\t\t<\/div>\n\t\t\t\t<\/div>\n\t\t<div class=\"elementor-element elementor-element-6102479 e-con-full e-flex e-con e-child\" data-id=\"6102479\" data-element_type=\"container\">\n\t\t<div class=\"elementor-element elementor-element-20e8118 e-con-full e-flex e-con e-child\" data-id=\"20e8118\" data-element_type=\"container\">\n\t\t\t\t<div class=\"elementor-element elementor-element-c73f2d8 elementor-cta--layout-image-right elementor-widget__width-initial elementor-cta--skin-classic elementor-animated-content elementor-widget elementor-widget-call-to-action\" data-id=\"c73f2d8\" data-element_type=\"widget\" data-widget_type=\"call-to-action.default\">\n\t\t\t\t<div class=\"elementor-widget-container\">\n\t\t\t\t\t\t\t<a class=\"elementor-cta\" href=\"https:\/\/www.clarel.es\/pt\/tinta-permanente-sem-amoniaco-oleo-intense-syoss-tons-castanhos-171468?color=5962&#038;id_color=6132\" target=\"_blank\">\n\t\t\t\t\t\t\t<div class=\"elementor-cta__content\">\n\t\t\t\t\t\t\t\t\t<div class=\"elementor-content-item elementor-cta__content-item elementor-cta__image\">\n\t\t\t\t\t\t<img decoding=\"async\" src=\"https:\/\/clarel.imgix.net\/media\/catalog\/product\/T\/i\/Tinte_Permanente_Sin_Amon_aco_Oleo_Intense_Syoss_Tonos_Casta_os_a7efc1e7b5d15d098d93bda19fe876d241ac977f_171468_1_HENKEL.jpg\" title=\"\" alt=\"\" loading=\"lazy\" \/>\t\t\t\t\t<\/div>\n\t\t\t\t\n\t\t\t\t\t\t\t\t\t<div class=\"elementor-cta__title elementor-cta__content-item elementor-content-item\">\n\t\t\t\t\t\tSYOSS\t\t\t\t\t<\/div>\n\t\t\t\t\n\t\t\t\t\t\t\t\t\t<div class=\"elementor-cta__description elementor-cta__content-item elementor-content-item\">\n\t\t\t\t\t\tTinta Castanha Oleo Intense<br><br><span style=\"font-size: 13pt\"><b>6,49\u20ac<\/span> <\/b>\t\t\t\t\t<\/div>\n\t\t\t\t\n\t\t\t\t\t\t\t\t\t<div class=\"elementor-cta__button-wrapper elementor-cta__content-item elementor-content-item \">\n\t\t\t\t\t<span class=\"elementor-cta__button elementor-button elementor-size-\">\n\t\t\t\t\t\tCOMPRAR\t\t\t\t\t<\/span>\n\t\t\t\t\t<\/div>\n\t\t\t\t\t\t\t<\/div>\n\t\t\t\t\t\t<\/a>\n\t\t\t\t\t\t<\/div>\n\t\t\t\t<\/div>\n\t\t\t\t<\/div>\n\t\t\t\t<\/div>\n\t\t<div class=\"elementor-element elementor-element-7c687be e-con-full e-flex e-con e-child\" data-id=\"7c687be\" data-element_type=\"container\">\n\t\t\t\t<div class=\"elementor-element elementor-element-40614d4 elementor-widget elementor-widget-text-editor\" data-id=\"40614d4\" data-element_type=\"widget\" data-widget_type=\"text-editor.default\">\n\t\t\t\t<div class=\"elementor-widget-container\">\n\t\t\t\t\t\t\t\t\t<div style=\"margin: 0px;padding: 0px;border: 0px;font-size: 14px;vertical-align: baseline;background: 50% center \/ cover no-repeat #ffffff;position: relative;font-family: Poppins, Helvetica, Arial, Lucida, sans-serif;text-align: left;color: #666666;font-style: normal;font-weight: 500;letter-spacing: normal;text-indent: 0px;text-transform: none\"><span style=\"color: #f5a573;font-size: 18px\">Tinta Loiro Excellence Creme da L\u00b4OR\u00c9AL<\/span><\/div>\t\t\t\t\t\t\t\t<\/div>\n\t\t\t\t<\/div>\n\t\t\t\t<div class=\"elementor-element elementor-element-8ccc85f elementor-widget elementor-widget-text-editor\" data-id=\"8ccc85f\" data-element_type=\"widget\" data-widget_type=\"text-editor.default\">\n\t\t\t\t<div class=\"elementor-widget-container\">\n\t\t\t\t\t\t\t\t\t<p><span style=\"color: #666666;font-family: Poppins, Helvetica, Arial, Lucida, sans-serif;font-size: 14px;text-align: justify\">A Tinta Loiro Excellence Creme da L\u2019Or\u00e9al conta com uma f\u00f3rmula especial que oferece um cuidado avan\u00e7ado. Proporciona uma cor radiante e duradoura e favorece todos os tons de pele. \u00c9 um produto ideal para cobrir 100% dos cabelos brancos, garantindo um cuidado eficaz. N\u00e3o precisas de champ\u00f4 no momento do enxaguamento, apenas do amaciador que vem inclu\u00eddo no kit.   <\/span><\/p>\t\t\t\t\t\t\t\t<\/div>\n\t\t\t\t<\/div>\n\t\t\t\t<\/div>\n\t\t<div class=\"elementor-element elementor-element-dc646d8 e-con-full e-flex e-con e-child\" data-id=\"dc646d8\" data-element_type=\"container\">\n\t\t<div class=\"elementor-element elementor-element-99f39c6 e-con-full e-flex e-con e-child\" data-id=\"99f39c6\" data-element_type=\"container\">\n\t\t\t\t<div class=\"elementor-element elementor-element-ecba760 elementor-cta--layout-image-right elementor-widget__width-initial elementor-cta--skin-classic elementor-animated-content elementor-widget elementor-widget-call-to-action\" data-id=\"ecba760\" data-element_type=\"widget\" data-widget_type=\"call-to-action.default\">\n\t\t\t\t<div class=\"elementor-widget-container\">\n\t\t\t\t\t\t\t<a class=\"elementor-cta\" href=\"https:\/\/www.clarel.es\/pt\/tinta-permanente-excellence-creme-l-oreal-paris-tons-louros-172780?color=5965&#038;id_color=14046\" target=\"_blank\">\n\t\t\t\t\t\t\t<div class=\"elementor-cta__content\">\n\t\t\t\t\t\t\t\t\t<div class=\"elementor-content-item elementor-cta__content-item elementor-cta__image\">\n\t\t\t\t\t\t<img decoding=\"async\" src=\"https:\/\/clarel.imgix.net\/media\/catalog\/product\/1\/5\/151760_1_0c52.jpg\" title=\"\" alt=\"\" loading=\"lazy\" \/>\t\t\t\t\t<\/div>\n\t\t\t\t\n\t\t\t\t\t\t\t\t\t<div class=\"elementor-cta__title elementor-cta__content-item elementor-content-item\">\n\t\t\t\t\t\tL\u2019OREAL\t\t\t\t\t<\/div>\n\t\t\t\t\n\t\t\t\t\t\t\t\t\t<div class=\"elementor-cta__description elementor-cta__content-item elementor-content-item\">\n\t\t\t\t\t\tTinta Loiro Excellence Creme<br><br><span style=\"font-size: 13pt\"><b>9,69\u20ac<\/span> <\/b>\t\t\t\t\t<\/div>\n\t\t\t\t\n\t\t\t\t\t\t\t\t\t<div class=\"elementor-cta__button-wrapper elementor-cta__content-item elementor-content-item \">\n\t\t\t\t\t<span class=\"elementor-cta__button elementor-button elementor-size-\">\n\t\t\t\t\t\tCOMPRAR\t\t\t\t\t<\/span>\n\t\t\t\t\t<\/div>\n\t\t\t\t\t\t\t<\/div>\n\t\t\t\t\t\t<\/a>\n\t\t\t\t\t\t<\/div>\n\t\t\t\t<\/div>\n\t\t\t\t<\/div>\n\t\t\t\t<\/div>\n\t\t<div class=\"elementor-element elementor-element-337dd88 e-con-full e-flex e-con e-child\" data-id=\"337dd88\" data-element_type=\"container\">\n\t\t\t\t<div class=\"elementor-element elementor-element-12bd144 elementor-widget elementor-widget-text-editor\" data-id=\"12bd144\" data-element_type=\"widget\" data-widget_type=\"text-editor.default\">\n\t\t\t\t<div class=\"elementor-widget-container\">\n\t\t\t\t\t\t\t\t\t<div style=\"margin: 0px;padding: 0px;border: 0px;font-size: 14px;vertical-align: baseline;background: 50% center \/ cover no-repeat #ffffff;position: relative;font-family: Poppins, Helvetica, Arial, Lucida, sans-serif;text-align: left;color: #666666;font-style: normal;font-weight: 500;letter-spacing: normal;text-indent: 0px;text-transform: none\"><span style=\"color: #f5a573;font-size: 18px\">Colora\u00e7\u00e3o Permanente Llongueras Advance<\/span><\/div>\t\t\t\t\t\t\t\t<\/div>\n\t\t\t\t<\/div>\n\t\t\t\t<div class=\"elementor-element elementor-element-4d42bd3 elementor-widget elementor-widget-text-editor\" data-id=\"4d42bd3\" data-element_type=\"widget\" data-widget_type=\"text-editor.default\">\n\t\t\t\t<div class=\"elementor-widget-container\">\n\t\t\t\t\t\t\t\t\t<p><span style=\"color: #666666;font-family: Poppins, Helvetica, Arial, Lucida, sans-serif;font-size: 14px;text-align: justify\">A Colora\u00e7\u00e3o Permanente Llongueras Advance conta com uma f\u00f3rmula especial que permite alcan\u00e7ar uma cor intensa at\u00e9 5 semanas e um cuidado extra. \u00c9 formulada com ingredientes inovadores, como a provitamina B5 e o \u00f3leo de grainha de uva, que atua como agente hidratante do cabelo. <\/span><\/p>\t\t\t\t\t\t\t\t<\/div>\n\t\t\t\t<\/div>\n\t\t\t\t<\/div>\n\t\t<div class=\"elementor-element elementor-element-4c17558 e-con-full e-flex e-con e-child\" data-id=\"4c17558\" data-element_type=\"container\">\n\t\t<div class=\"elementor-element elementor-element-c6cfa29 e-con-full e-flex e-con e-child\" data-id=\"c6cfa29\" data-element_type=\"container\">\n\t\t\t\t<div class=\"elementor-element elementor-element-89c70ce elementor-cta--layout-image-right elementor-widget__width-initial elementor-cta--skin-classic elementor-animated-content elementor-widget elementor-widget-call-to-action\" data-id=\"89c70ce\" data-element_type=\"widget\" data-widget_type=\"call-to-action.default\">\n\t\t\t\t<div class=\"elementor-widget-container\">\n\t\t\t\t\t\t\t<a class=\"elementor-cta\" href=\"https:\/\/www.clarel.es\/pt\/tinta-permanente-color-advance-llongueras-tons-louros-233587?color=5965&#038;id_color=14228\" target=\"_blank\">\n\t\t\t\t\t\t\t<div class=\"elementor-cta__content\">\n\t\t\t\t\t\t\t\t\t<div class=\"elementor-content-item elementor-cta__content-item elementor-cta__image\">\n\t\t\t\t\t\t<img decoding=\"async\" src=\"https:\/\/clarel.imgix.net\/media\/catalog\/product\/8\/4\/8410825430111_4c20.jpg\" title=\"\" alt=\"\" loading=\"lazy\" \/>\t\t\t\t\t<\/div>\n\t\t\t\t\n\t\t\t\t\t\t\t\t\t<div class=\"elementor-cta__title elementor-cta__content-item elementor-content-item\">\n\t\t\t\t\t\tLLONGUERAS\t\t\t\t\t<\/div>\n\t\t\t\t\n\t\t\t\t\t\t\t\t\t<div class=\"elementor-cta__description elementor-cta__content-item elementor-content-item\">\n\t\t\t\t\t\tColora\u00e7\u00e3o Advance<br><br><span style=\"font-size: 13pt\"><b>7,49\u20ac<\/span> <\/b>\t\t\t\t\t<\/div>\n\t\t\t\t\n\t\t\t\t\t\t\t\t\t<div class=\"elementor-cta__button-wrapper elementor-cta__content-item elementor-content-item \">\n\t\t\t\t\t<span class=\"elementor-cta__button elementor-button elementor-size-\">\n\t\t\t\t\t\tCOMPRAR\t\t\t\t\t<\/span>\n\t\t\t\t\t<\/div>\n\t\t\t\t\t\t\t<\/div>\n\t\t\t\t\t\t<\/a>\n\t\t\t\t\t\t<\/div>\n\t\t\t\t<\/div>\n\t\t\t\t<\/div>\n\t\t\t\t<\/div>\n\t\t<div class=\"elementor-element elementor-element-d921ec2 e-con-full e-flex e-con e-child\" data-id=\"d921ec2\" data-element_type=\"container\">\n\t\t\t\t<div class=\"elementor-element elementor-element-7b6d3b6 elementor-widget elementor-widget-text-editor\" data-id=\"7b6d3b6\" data-element_type=\"widget\" data-widget_type=\"text-editor.default\">\n\t\t\t\t<div class=\"elementor-widget-container\">\n\t\t\t\t\t\t\t\t\t<div style=\"margin: 0px;padding: 0px;border: 0px;font-size: 14px;vertical-align: baseline;background: 50% center \/ cover no-repeat #ffffff;position: relative;font-family: Poppins, Helvetica, Arial, Lucida, sans-serif;text-align: left;color: #666666;font-style: normal;font-weight: 500;letter-spacing: normal;text-indent: 0px;text-transform: none\"><div style=\"margin: 0px;padding: 0px;border: 0px;font-size: 14px;vertical-align: baseline;background: transparent;position: relative\"><span style=\"color: #ef7a50;font-family: 'Gelica Light', Helvetica, Arial, Lucida, sans-serif;font-size: 26px\">Cuida do teu cabelo, cuida da tua cor<\/span><\/div><\/div>\t\t\t\t\t\t\t\t<\/div>\n\t\t\t\t<\/div>\n\t\t\t\t<div class=\"elementor-element elementor-element-000dc51 elementor-widget elementor-widget-text-editor\" data-id=\"000dc51\" data-element_type=\"widget\" data-widget_type=\"text-editor.default\">\n\t\t\t\t<div class=\"elementor-widget-container\">\n\t\t\t\t\t\t\t\t\t<p><span style=\"background: transparent;color: #666666;font-family: Poppins, Helvetica, Arial, Lucida, sans-serif;font-size: 14px;margin: 0px;padding: 0px;border: 0px;vertical-align: baseline\">Agora que j\u00e1 te explic\u00e1mos como pintar o cabelo em casa, queremos tamb\u00e9m recomendar-te que tenhas o m\u00e1ximo cuidado com o teu cabelo pintado. Quando pintas o cabelo, deves seguir diferentes recomenda\u00e7\u00f5es para que continue a manter-se   <\/span><b style=\"background: transparent;color: #666666;font-family: Poppins, Helvetica, Arial, Lucida, sans-serif;font-size: 14px;margin: 0px;padding: 0px;border: 0px;vertical-align: baseline\">hidratado, brilhante e forte. <\/b><\/p><p style=\"margin: 0px;padding: 0px 0px 1em;border: 0px;font-size: 14px;vertical-align: baseline;background-image: initial;background-position: initial;background-size: initial;background-repeat: initial;background-attachment: initial;color: #666666;font-family: Poppins, Helvetica, Arial, Lucida, sans-serif\"><span style=\"margin: 0px;padding: 0px;border: 0px;vertical-align: baseline;background: transparent\">Quando pintas o cabelo, n\u00e3o est\u00e1s apenas a dar vida ao teu estilo, tamb\u00e9m est\u00e1s a assumir a responsabilidade de manter essa cor maravilhosa. Existem diferentes produtos concebidos para cabelo pintado. <\/span><\/p><p style=\"margin: 0px;padding: 0px;border: 0px;font-size: 14px;vertical-align: baseline;background-image: initial;background-position: initial;background-size: initial;background-repeat: initial;background-attachment: initial;color: #666666;font-family: Poppins, Helvetica, Arial, Lucida, sans-serif\"><span style=\"margin: 0px;padding: 0px;border: 0px;vertical-align: baseline;background: transparent\">Procura champ\u00f4s e amaciadores sem sulfatos e com ingredientes que<\/span><b style=\"margin: 0px;padding: 0px;border: 0px;vertical-align: baseline;background: transparent\"> protejam e nutram o cabelo pintado.<\/b><span style=\"margin: 0px;padding: 0px;border: 0px;vertical-align: baseline;background: transparent\">. Produtos concebidos para proteger e prolongar a intensidade da cor, garantindo que o teu cabelo continue com um aspeto saud\u00e1vel e vibrante.<\/span><\/p>\t\t\t\t\t\t\t\t<\/div>\n\t\t\t\t<\/div>\n\t\t\t\t<div class=\"elementor-element elementor-element-e0f490e elementor-widget elementor-widget-text-editor\" data-id=\"e0f490e\" data-element_type=\"widget\" data-widget_type=\"text-editor.default\">\n\t\t\t\t<div class=\"elementor-widget-container\">\n\t\t\t\t\t\t\t\t\t<div style=\"margin: 0px;padding: 0px;border: 0px;font-size: 14px;vertical-align: baseline;background: 50% center \/ cover no-repeat #ffffff;position: relative;font-family: Poppins, Helvetica, Arial, Lucida, sans-serif;text-align: left;color: #666666;font-style: normal;font-weight: 500;letter-spacing: normal;text-indent: 0px;text-transform: none\"><div style=\"margin: 0px;padding: 0px;border: 0px;font-size: 14px;vertical-align: baseline;background: transparent;position: relative\"><span style=\"color: #ef7a50;font-family: 'Gelica Light', Helvetica, Arial, Lucida, sans-serif;font-size: 26px\">Dicas para escolher o teu tom ideal<\/span><\/div><\/div>\t\t\t\t\t\t\t\t<\/div>\n\t\t\t\t<\/div>\n\t\t\t\t<div class=\"elementor-element elementor-element-3dc9e76 elementor-widget elementor-widget-text-editor\" data-id=\"3dc9e76\" data-element_type=\"widget\" data-widget_type=\"text-editor.default\">\n\t\t\t\t<div class=\"elementor-widget-container\">\n\t\t\t\t\t\t\t\t\t<p><span style=\"color: #666666;font-family: Poppins, Helvetica, Arial, Lucida, sans-serif;font-size: 14px;background: transparent;margin: 0px;padding: 0px;border: 0px;vertical-align: baseline\">Se queres melhorar e aprender a pintar o cabelo, a primeira coisa que deves fazer \u00e9<\/span> <a style=\"font-family: Poppins, Helvetica, Arial, Lucida, sans-serif;font-size: 14px;background: #ffffff;margin: 0px;padding: 0px;border: 0px;vertical-align: baseline;color: #edb059\" href=\"https:\/\/www.clarel.es\/blog\/color-pelo-morena\/\" target=\"_blank\" rel=\"noopener\">escolher o teu tom ideal.<\/a><span style=\"color: #666666;font-family: Poppins, Helvetica, Arial, Lucida, sans-serif;font-size: 14px;background: transparent;margin: 0px;padding: 0px;border: 0px;vertical-align: baseline\">. Para o saber, deves seguir as regras da <\/span><b style=\"color: #666666;font-family: Poppins, Helvetica, Arial, Lucida, sans-serif;font-size: 14px;background: transparent;margin: 0px;padding: 0px;border: 0px;vertical-align: baseline\">colorimetria capilar<\/b><span style=\"color: #666666;font-family: Poppins, Helvetica, Arial, Lucida, sans-serif;font-size: 14px;background: transparent;margin: 0px;padding: 0px;border: 0px;vertical-align: baseline\">. Ou seja, escolher tons de cabelo de acordo com a tua cor de pele, a cor dos olhos e a cor natural do teu cabelo. <\/span><\/p><p><span style=\"background-color: transparent;color: #666666;font-family: Poppins, Helvetica, Arial, Lucida, sans-serif;font-size: 14px\">Para peles morenas, recomendamos tons avel\u00e3, caramelo ou moka. Para peles claras, recomendamos tons loiros, castanhos e ruivos. No entanto, se tens uma tonalidade m\u00e9dia, as cores que mais te favorecem s\u00e3o: o castanho em qualquer tonalidade ou o loiro escuro.  <\/span><\/p><p><span style=\"color: #666666;font-family: Poppins, Helvetica, Arial, Lucida, sans-serif;font-size: 14px;background: transparent;margin: 0px;padding: 0px;border: 0px;vertical-align: baseline\">Da mesma forma, se desejares aplicar uma<\/span><a style=\"font-family: Poppins, Helvetica, Arial, Lucida, sans-serif;font-size: 14px;background: #ffffff;margin: 0px;padding: 0px;border: 0px;vertical-align: baseline;color: #edb059\" href=\"https:\/\/www.clarel.es\/es\/\" target=\"_blank\" rel=\"noopener\"> tinta <\/a><span style=\"color: #666666;font-family: Poppins, Helvetica, Arial, Lucida, sans-serif;font-size: 14px;background: transparent;margin: 0px;padding: 0px;border: 0px;vertical-align: baseline\">de determinada cor, deves<\/span><b style=\"color: #666666;font-family: Poppins, Helvetica, Arial, Lucida, sans-serif;font-size: 14px;background: transparent;margin: 0px;padding: 0px;border: 0px;vertical-align: baseline\"> considerar a base do teu cabelo<\/b><span style=\"color: #666666;font-family: Poppins, Helvetica, Arial, Lucida, sans-serif;font-size: 14px;background: transparent;margin: 0px;padding: 0px;border: 0px;vertical-align: baseline\">, pois se for um cabelo loiro ou previamente descolorado podes aplicar qualquer tom. J\u00e1 se tiveres uma base escura, deves consultar um especialista.  <\/span><\/p><p><span style=\"background-color: transparent;color: #666666;font-family: Poppins, Helvetica, Arial, Lucida, sans-serif;font-size: 14px\">Em conclus\u00e3o, pintar o cabelo em casa \u00e9 uma aventura emocionante e renovadora. Com os conselhos que acab\u00e1mos de partilhar, podes conseguir um look profissional sem gastar uma fortuna em sal\u00f5es. Lembra-te sempre de seguir as instru\u00e7\u00f5es e de cuidar do teu cabelo posteriormente para o manter saud\u00e1vel e vibrante. Atreve-te a mudar e arrasa com um visual espetacular!   <\/span><\/p>\t\t\t\t\t\t\t\t<\/div>\n\t\t\t\t<\/div>\n\t\t\t\t<\/div>\n\t\t\t\t\t<\/div>\n\t\t\t\t<\/div>\n\t\t\t\t<\/div>\n\t\t","protected":false},"excerpt":{"rendered":"<p>Gostavas de mudar o teu visual e pintar o cabelo em casa? \u00c9 muito f\u00e1cil! Neste artigo mostramos-te como o podes fazer sozinha em casa.  <\/p>\n","protected":false},"author":5,"featured_media":15371,"comment_status":"closed","ping_status":"open","sticky":false,"template":"","format":"standard","meta":{"footnotes":""},"categories":[33,34],"tags":[],"class_list":["post-15370","post","type-post","status-publish","format-standard","has-post-thumbnail","hentry","category-cuidado-cabello","category-tips-rutinas"],"yoast_head":"<!-- This site is optimized with the Yoast SEO plugin v25.4 - https:\/\/yoast.com\/wordpress\/plugins\/seo\/ -->\n<title>Como pintar o cabelo em casa? | Clarel<\/title>\n<meta name=\"description\" content=\"Gostavas de mudar o teu visual e pintar o cabelo em casa? \u00c9 muito f\u00e1cil! Neste artigo mostramos-te como o podes fazer sozinha em casa.\" \/>\n<meta name=\"robots\" content=\"index, follow, max-snippet:-1, max-image-preview:large, max-video-preview:-1\" \/>\n<link rel=\"canonical\" href=\"https:\/\/www.clarel.es\/blog\/tenir-pelo-casa\/\" \/>\n<meta property=\"og:locale\" content=\"pt_PT\" \/>\n<meta property=\"og:type\" content=\"article\" \/>\n<meta property=\"og:title\" content=\"Como pintar o cabelo em casa? | Clarel\" \/>\n<meta property=\"og:description\" content=\"Gostavas de mudar o teu visual e pintar o cabelo em casa? \u00c9 muito f\u00e1cil! Neste artigo mostramos-te como o podes fazer sozinha em casa.\" \/>\n<meta property=\"og:url\" content=\"https:\/\/www.clarel.es\/blog\/tenir-pelo-casa\/\" \/>\n<meta property=\"og:site_name\" content=\"Clarel\" \/>\n<meta property=\"article:published_time\" content=\"2023-10-21T16:36:59+00:00\" \/>\n<meta property=\"article:modified_time\" content=\"2025-10-23T15:06:23+00:00\" \/>\n<meta property=\"og:image\" content=\"https:\/\/www.clarel.es\/blog\/wp-content\/uploads\/2023\/12\/tenir-pelo-en-casa.jpg\" \/>\n\t<meta property=\"og:image:width\" content=\"700\" \/>\n\t<meta property=\"og:image:height\" content=\"438\" \/>\n\t<meta property=\"og:image:type\" content=\"image\/jpeg\" \/>\n<meta name=\"twitter:card\" content=\"summary_large_image\" \/>\n<script type=\"application\/ld+json\" class=\"yoast-schema-graph\">{\"@context\":\"https:\/\/schema.org\",\"@graph\":[{\"@type\":\"Article\",\"@id\":\"https:\/\/www.clarel.es\/blog\/tenir-pelo-casa\/#article\",\"isPartOf\":{\"@id\":\"https:\/\/www.clarel.es\/blog\/tenir-pelo-casa\/\"},\"author\":{\"name\":\"Clarel\",\"@id\":\"https:\/\/www.clarel.es\/blog\/pt-pt\/\"},\"headline\":\"Como pintar o cabelo em casa?\",\"datePublished\":\"2023-10-21T16:36:59+00:00\",\"dateModified\":\"2025-10-23T15:06:23+00:00\",\"mainEntityOfPage\":{\"@id\":\"https:\/\/www.clarel.es\/blog\/tenir-pelo-casa\/\"},\"wordCount\":1379,\"publisher\":{\"@id\":\"https:\/\/www.clarel.es\/blog\/#organization\"},\"image\":{\"@id\":\"https:\/\/www.clarel.es\/blog\/tenir-pelo-casa\/#primaryimage\"},\"thumbnailUrl\":\"https:\/\/blog-clarel.imgix.net\/uploads\/2023\/12\/tenir-pelo-en-casa.jpg?auto=format%2Ccompress&ixlib=php-3.3.0\",\"articleSection\":[\"Cuidado cabello\",\"Tips y rutinas\"],\"inLanguage\":\"pt-PT\"},{\"@type\":\"WebPage\",\"@id\":\"https:\/\/www.clarel.es\/blog\/tenir-pelo-casa\/\",\"url\":\"https:\/\/www.clarel.es\/blog\/tenir-pelo-casa\/\",\"name\":\"Como pintar o cabelo em casa? | Clarel\",\"isPartOf\":{\"@id\":\"https:\/\/www.clarel.es\/blog\/#website\"},\"primaryImageOfPage\":{\"@id\":\"https:\/\/www.clarel.es\/blog\/tenir-pelo-casa\/#primaryimage\"},\"image\":{\"@id\":\"https:\/\/www.clarel.es\/blog\/tenir-pelo-casa\/#primaryimage\"},\"thumbnailUrl\":\"https:\/\/blog-clarel.imgix.net\/uploads\/2023\/12\/tenir-pelo-en-casa.jpg?auto=format%2Ccompress&ixlib=php-3.3.0\",\"datePublished\":\"2023-10-21T16:36:59+00:00\",\"dateModified\":\"2025-10-23T15:06:23+00:00\",\"description\":\"Gostavas de mudar o teu visual e pintar o cabelo em casa? \u00c9 muito f\u00e1cil! Neste artigo mostramos-te como o podes fazer sozinha em casa.\",\"breadcrumb\":{\"@id\":\"https:\/\/www.clarel.es\/blog\/tenir-pelo-casa\/#breadcrumb\"},\"inLanguage\":\"pt-PT\",\"potentialAction\":[{\"@type\":\"ReadAction\",\"target\":[\"https:\/\/www.clarel.es\/blog\/tenir-pelo-casa\/\"]}]},{\"@type\":\"ImageObject\",\"inLanguage\":\"pt-PT\",\"@id\":\"https:\/\/www.clarel.es\/blog\/tenir-pelo-casa\/#primaryimage\",\"url\":\"https:\/\/blog-clarel.imgix.net\/uploads\/2023\/12\/tenir-pelo-en-casa.jpg?auto=format%2Ccompress&ixlib=php-3.3.0\",\"contentUrl\":\"https:\/\/blog-clarel.imgix.net\/uploads\/2023\/12\/tenir-pelo-en-casa.jpg?auto=format%2Ccompress&ixlib=php-3.3.0\",\"width\":700,\"height\":438},{\"@type\":\"BreadcrumbList\",\"@id\":\"https:\/\/www.clarel.es\/blog\/tenir-pelo-casa\/#breadcrumb\",\"itemListElement\":[{\"@type\":\"ListItem\",\"position\":1,\"name\":\"Portada\",\"item\":\"https:\/\/www.clarel.es\/blog\/\"},{\"@type\":\"ListItem\",\"position\":2,\"name\":\"Como pintar o cabelo em casa?\"}]},{\"@type\":\"WebSite\",\"@id\":\"https:\/\/www.clarel.es\/blog\/#website\",\"url\":\"https:\/\/www.clarel.es\/blog\/\",\"name\":\"Clarel\",\"description\":\"Tienda Online de perfumeria, cosmetica, maquillaje y hogar.\",\"publisher\":{\"@id\":\"https:\/\/www.clarel.es\/blog\/#organization\"},\"potentialAction\":[{\"@type\":\"SearchAction\",\"target\":{\"@type\":\"EntryPoint\",\"urlTemplate\":\"https:\/\/www.clarel.es\/blog\/?s={search_term_string}\"},\"query-input\":{\"@type\":\"PropertyValueSpecification\",\"valueRequired\":true,\"valueName\":\"search_term_string\"}}],\"inLanguage\":\"pt-PT\"},{\"@type\":\"Organization\",\"@id\":\"https:\/\/www.clarel.es\/blog\/#organization\",\"name\":\"Clarel\",\"url\":\"https:\/\/www.clarel.es\/blog\/\",\"logo\":{\"@type\":\"ImageObject\",\"inLanguage\":\"pt-PT\",\"@id\":\"https:\/\/www.clarel.es\/blog\/#\/schema\/logo\/image\/\",\"url\":\"https:\/\/clarel-test.ezenit.link\/blog\/wp-content\/uploads\/2022\/08\/logo_clarel.png\",\"contentUrl\":\"https:\/\/clarel-test.ezenit.link\/blog\/wp-content\/uploads\/2022\/08\/logo_clarel.png\",\"width\":432,\"height\":101,\"caption\":\"Clarel\"},\"image\":{\"@id\":\"https:\/\/www.clarel.es\/blog\/#\/schema\/logo\/image\/\"}}]}<\/script>\n<!-- \/ Yoast SEO plugin. -->","yoast_head_json":{"title":"Como pintar o cabelo em casa? | Clarel","description":"Gostavas de mudar o teu visual e pintar o cabelo em casa? \u00c9 muito f\u00e1cil! Neste artigo mostramos-te como o podes fazer sozinha em casa.","robots":{"index":"index","follow":"follow","max-snippet":"max-snippet:-1","max-image-preview":"max-image-preview:large","max-video-preview":"max-video-preview:-1"},"canonical":"https:\/\/www.clarel.es\/blog\/tenir-pelo-casa\/","og_locale":"pt_PT","og_type":"article","og_title":"Como pintar o cabelo em casa? | Clarel","og_description":"Gostavas de mudar o teu visual e pintar o cabelo em casa? \u00c9 muito f\u00e1cil! Neste artigo mostramos-te como o podes fazer sozinha em casa.","og_url":"https:\/\/www.clarel.es\/blog\/tenir-pelo-casa\/","og_site_name":"Clarel","article_published_time":"2023-10-21T16:36:59+00:00","article_modified_time":"2025-10-23T15:06:23+00:00","og_image":[{"width":700,"height":438,"url":"https:\/\/www.clarel.es\/blog\/wp-content\/uploads\/2023\/12\/tenir-pelo-en-casa.jpg","type":"image\/jpeg"}],"twitter_card":"summary_large_image","schema":{"@context":"https:\/\/schema.org","@graph":[{"@type":"Article","@id":"https:\/\/www.clarel.es\/blog\/tenir-pelo-casa\/#article","isPartOf":{"@id":"https:\/\/www.clarel.es\/blog\/tenir-pelo-casa\/"},"author":{"name":"Clarel","@id":"https:\/\/www.clarel.es\/blog\/pt-pt\/"},"headline":"Como pintar o cabelo em casa?","datePublished":"2023-10-21T16:36:59+00:00","dateModified":"2025-10-23T15:06:23+00:00","mainEntityOfPage":{"@id":"https:\/\/www.clarel.es\/blog\/tenir-pelo-casa\/"},"wordCount":1379,"publisher":{"@id":"https:\/\/www.clarel.es\/blog\/#organization"},"image":{"@id":"https:\/\/www.clarel.es\/blog\/tenir-pelo-casa\/#primaryimage"},"thumbnailUrl":"https:\/\/blog-clarel.imgix.net\/uploads\/2023\/12\/tenir-pelo-en-casa.jpg?auto=format%2Ccompress&ixlib=php-3.3.0","articleSection":["Cuidado cabello","Tips y rutinas"],"inLanguage":"pt-PT"},{"@type":"WebPage","@id":"https:\/\/www.clarel.es\/blog\/tenir-pelo-casa\/","url":"https:\/\/www.clarel.es\/blog\/tenir-pelo-casa\/","name":"Como pintar o cabelo em casa? | Clarel","isPartOf":{"@id":"https:\/\/www.clarel.es\/blog\/#website"},"primaryImageOfPage":{"@id":"https:\/\/www.clarel.es\/blog\/tenir-pelo-casa\/#primaryimage"},"image":{"@id":"https:\/\/www.clarel.es\/blog\/tenir-pelo-casa\/#primaryimage"},"thumbnailUrl":"https:\/\/blog-clarel.imgix.net\/uploads\/2023\/12\/tenir-pelo-en-casa.jpg?auto=format%2Ccompress&ixlib=php-3.3.0","datePublished":"2023-10-21T16:36:59+00:00","dateModified":"2025-10-23T15:06:23+00:00","description":"Gostavas de mudar o teu visual e pintar o cabelo em casa? \u00c9 muito f\u00e1cil! Neste artigo mostramos-te como o podes fazer sozinha em casa.","breadcrumb":{"@id":"https:\/\/www.clarel.es\/blog\/tenir-pelo-casa\/#breadcrumb"},"inLanguage":"pt-PT","potentialAction":[{"@type":"ReadAction","target":["https:\/\/www.clarel.es\/blog\/tenir-pelo-casa\/"]}]},{"@type":"ImageObject","inLanguage":"pt-PT","@id":"https:\/\/www.clarel.es\/blog\/tenir-pelo-casa\/#primaryimage","url":"https:\/\/blog-clarel.imgix.net\/uploads\/2023\/12\/tenir-pelo-en-casa.jpg?auto=format%2Ccompress&ixlib=php-3.3.0","contentUrl":"https:\/\/blog-clarel.imgix.net\/uploads\/2023\/12\/tenir-pelo-en-casa.jpg?auto=format%2Ccompress&ixlib=php-3.3.0","width":700,"height":438},{"@type":"BreadcrumbList","@id":"https:\/\/www.clarel.es\/blog\/tenir-pelo-casa\/#breadcrumb","itemListElement":[{"@type":"ListItem","position":1,"name":"Portada","item":"https:\/\/www.clarel.es\/blog\/"},{"@type":"ListItem","position":2,"name":"Como pintar o cabelo em casa?"}]},{"@type":"WebSite","@id":"https:\/\/www.clarel.es\/blog\/#website","url":"https:\/\/www.clarel.es\/blog\/","name":"Clarel","description":"Tienda Online de perfumeria, cosmetica, maquillaje y hogar.","publisher":{"@id":"https:\/\/www.clarel.es\/blog\/#organization"},"potentialAction":[{"@type":"SearchAction","target":{"@type":"EntryPoint","urlTemplate":"https:\/\/www.clarel.es\/blog\/?s={search_term_string}"},"query-input":{"@type":"PropertyValueSpecification","valueRequired":true,"valueName":"search_term_string"}}],"inLanguage":"pt-PT"},{"@type":"Organization","@id":"https:\/\/www.clarel.es\/blog\/#organization","name":"Clarel","url":"https:\/\/www.clarel.es\/blog\/","logo":{"@type":"ImageObject","inLanguage":"pt-PT","@id":"https:\/\/www.clarel.es\/blog\/#\/schema\/logo\/image\/","url":"https:\/\/clarel-test.ezenit.link\/blog\/wp-content\/uploads\/2022\/08\/logo_clarel.png","contentUrl":"https:\/\/clarel-test.ezenit.link\/blog\/wp-content\/uploads\/2022\/08\/logo_clarel.png","width":432,"height":101,"caption":"Clarel"},"image":{"@id":"https:\/\/www.clarel.es\/blog\/#\/schema\/logo\/image\/"}}]}},"_links":{"self":[{"href":"https:\/\/www.clarel.es\/blog\/pt-pt\/wp-json\/wp\/v2\/posts\/15370","targetHints":{"allow":["GET"]}}],"collection":[{"href":"https:\/\/www.clarel.es\/blog\/pt-pt\/wp-json\/wp\/v2\/posts"}],"about":[{"href":"https:\/\/www.clarel.es\/blog\/pt-pt\/wp-json\/wp\/v2\/types\/post"}],"author":[{"embeddable":true,"href":"https:\/\/www.clarel.es\/blog\/pt-pt\/wp-json\/wp\/v2\/users\/5"}],"replies":[{"embeddable":true,"href":"https:\/\/www.clarel.es\/blog\/pt-pt\/wp-json\/wp\/v2\/comments?post=15370"}],"version-history":[{"count":4,"href":"https:\/\/www.clarel.es\/blog\/pt-pt\/wp-json\/wp\/v2\/posts\/15370\/revisions"}],"predecessor-version":[{"id":16635,"href":"https:\/\/www.clarel.es\/blog\/pt-pt\/wp-json\/wp\/v2\/posts\/15370\/revisions\/16635"}],"wp:featuredmedia":[{"embeddable":true,"href":"https:\/\/www.clarel.es\/blog\/pt-pt\/wp-json\/wp\/v2\/media\/15371"}],"wp:attachment":[{"href":"https:\/\/www.clarel.es\/blog\/pt-pt\/wp-json\/wp\/v2\/media?parent=15370"}],"wp:term":[{"taxonomy":"category","embeddable":true,"href":"https:\/\/www.clarel.es\/blog\/pt-pt\/wp-json\/wp\/v2\/categories?post=15370"},{"taxonomy":"post_tag","embeddable":true,"href":"https:\/\/www.clarel.es\/blog\/pt-pt\/wp-json\/wp\/v2\/tags?post=15370"}],"curies":[{"name":"wp","href":"https:\/\/api.w.org\/{rel}","templated":true}]}}