{"id":15357,"date":"2023-08-30T11:01:01","date_gmt":"2023-08-30T11:01:01","guid":{"rendered":"https:\/\/clarel-test.ezenit.link\/blog\/o-que-e-a-pedra-de-alumen-descobre-tudo-o-que-deves-saber-sobre-este-cosmetico-natural\/"},"modified":"2025-10-23T15:29:05","modified_gmt":"2025-10-23T15:29:05","slug":"o-que-e-a-pedra-de-alumen-descobre-tudo-o-que-deves-saber-sobre-este-cosmetico-natural","status":"publish","type":"post","link":"https:\/\/www.clarel.es\/blog\/pt-pt\/o-que-e-a-pedra-de-alumen-descobre-tudo-o-que-deves-saber-sobre-este-cosmetico-natural\/","title":{"rendered":"O que \u00e9 a pedra de al\u00famen? Descobre tudo o que deves saber sobre este cosm\u00e9tico natural."},"content":{"rendered":"\t\t<div data-elementor-type=\"wp-post\" data-elementor-id=\"15357\" class=\"elementor elementor-15357 elementor-6555\" data-elementor-post-type=\"post\">\n\t\t\t\t<div class=\"elementor-element elementor-element-4c561ff3 e-flex e-con-boxed e-con e-parent\" data-id=\"4c561ff3\" data-element_type=\"container\">\n\t\t\t\t\t<div class=\"e-con-inner\">\n\t\t\t\t<div class=\"elementor-element elementor-element-6f7177c elementor-widget elementor-widget-text-editor\" data-id=\"6f7177c\" data-element_type=\"widget\" data-widget_type=\"text-editor.default\">\n\t\t\t\t<div class=\"elementor-widget-container\">\n\t\t\t\t\t\t\t\t\t<div><div><div><div><p><span style=\"color: #666666;font-family: Poppins, Helvetica, Arial, Lucida, sans-serif;font-size: 14px;background-image: initial;background-position: initial;background-size: initial;background-repeat: initial;background-attachment: initial;margin: 0px;padding: 0px;border: 0px;vertical-align: baseline\">Imagina um truque natural e fresco que desafia o convencional. Tal como muitas de v\u00f3s, tamb\u00e9m \u00e9ramos um pouco c\u00e9pticas antes de entrar no mundo da pedra de al\u00famen. Quem diria? Um simples bloco de sal com o poder de travar bact\u00e9rias e dizer adeus aos odores. Se procuras uma frescura sem complica\u00e7\u00f5es, acompanha-nos nesta viagem para descobrir como a simplicidade pode fazer a diferen\u00e7a.    <\/span><span style=\"color: #666666;font-family: Poppins, Helvetica, Arial, Lucida, sans-serif;font-size: 14px;background-image: initial;background-position: initial;background-size: initial;background-repeat: initial;background-attachment: initial;margin: 0px;padding: 0px;border: 0px;vertical-align: baseline\"> <\/span><\/p><\/div><\/div><\/div><\/div>\t\t\t\t\t\t\t\t<\/div>\n\t\t\t\t<\/div>\n\t\t\t\t<div class=\"elementor-element elementor-element-b8a6ad0 elementor-widget elementor-widget-text-editor\" data-id=\"b8a6ad0\" data-element_type=\"widget\" data-widget_type=\"text-editor.default\">\n\t\t\t\t<div class=\"elementor-widget-container\">\n\t\t\t\t\t\t\t\t\t<div style=\"margin: 0px;padding: 0px;border: 0px;font-size: 14px;vertical-align: baseline;background: 50% center \/ cover no-repeat #ffffff;position: relative;font-family: Poppins, Helvetica, Arial, Lucida, sans-serif;text-align: left;color: #666666;font-style: normal;font-weight: 500;letter-spacing: normal;text-indent: 0px;text-transform: none\"><div style=\"margin: 0px;padding: 0px;border: 0px;font-size: 14px;vertical-align: baseline;background: transparent;position: relative\"><span style=\"background-color: transparent;color: #ef7a50;font-family: 'Gelica Light', Helvetica, Arial, Lucida, sans-serif;font-size: 26px\">O que \u00e9 a pedra de al\u00famen?<\/span><\/div><\/div>\t\t\t\t\t\t\t\t<\/div>\n\t\t\t\t<\/div>\n\t\t\t\t<div class=\"elementor-element elementor-element-ae12733 elementor-widget elementor-widget-text-editor\" data-id=\"ae12733\" data-element_type=\"widget\" data-widget_type=\"text-editor.default\">\n\t\t\t\t<div class=\"elementor-widget-container\">\n\t\t\t\t\t\t\t\t\t<div><div><div><div><p><span style=\"color: #666666;font-family: Poppins, Helvetica, Arial, Lucida, sans-serif;font-size: 14px;background: transparent;margin: 0px;padding: 0px;border: 0px;vertical-align: baseline\">A pedra de al\u00famen \u00e9 um verdadeiro presente da natureza, uma joia mineral que est\u00e1 prestes a transformar a tua forma de cuidar de ti<\/span><span style=\"color: #666666;font-family: Poppins, Helvetica, Arial, Lucida, sans-serif;font-size: 14px;background: transparent;margin: 0px;padding: 0px;border: 0px;vertical-align: baseline\">.<\/span><\/p><p style=\"margin: 0px;padding: 0px 0px 1em;border: 0px;font-size: 14px;vertical-align: baseline;background-image: initial;background-position: initial;background-size: initial;background-repeat: initial;background-attachment: initial;color: #666666;font-family: Poppins, Helvetica, Arial, Lucida, sans-serif\"><span style=\"margin: 0px;padding: 0px;border: 0px;vertical-align: baseline;background: transparent\">Esta pedra, na sua ess\u00eancia, \u00e9 um<\/span><b style=\"margin: 0px;padding: 0px;border: 0px;vertical-align: baseline;background: transparent\"> cristal de sal mineral <\/b><span style=\"margin: 0px;padding: 0px;border: 0px;vertical-align: baseline;background: transparent\">que cont\u00e9m apenas um \u00fanico e poderoso componente: o<\/span><b style=\"margin: 0px;padding: 0px;border: 0px;vertical-align: baseline;background: transparent\"> al\u00famen de pot\u00e1ssio<\/b><span style=\"margin: 0px;padding: 0px;border: 0px;vertical-align: baseline;background: transparent\">.<\/span> <\/p><p style=\"margin: 0px;padding: 0px;border: 0px;font-size: 14px;vertical-align: baseline;background-image: initial;background-position: initial;background-size: initial;background-repeat: initial;background-attachment: initial;color: #666666;font-family: Poppins, Helvetica, Arial, Lucida, sans-serif\"><span style=\"margin: 0px;padding: 0px;border: 0px;vertical-align: baseline;background: transparent\">Aqui est\u00e1 um dado importante: n\u00e3o \u00e9 o mesmo alum\u00ednio que encontras nos<\/span> <a style=\"margin: 0px;padding: 0px;border: 0px;vertical-align: baseline;background-image: initial;background-position: initial;background-size: initial;background-repeat: initial;background-attachment: initial;color: #edb059\" href=\"https:\/\/www.clarel.es\/es\/higiene\/desodorante\" target=\"_blank\" rel=\"noopener\">desodorizantes convencionais.<\/a><span style=\"margin: 0px;padding: 0px;border: 0px;vertical-align: baseline;background: transparent\">. Este al\u00famen de pot\u00e1ssio possui <\/span><b style=\"margin: 0px;padding: 0px;border: 0px;vertical-align: baseline;background: transparent\">propriedades antimicrobianas<\/b><span style=\"margin: 0px;padding: 0px;border: 0px;vertical-align: baseline;background: transparent\">, e \u00e9 aqui que reside a sua magia! J\u00e1 n\u00e3o ter\u00e1s de te preocupar com os maus odores, pois este mineral tem sido um segredo antigo no cuidado pessoal. <\/span><\/p><\/div><\/div><\/div><\/div>\t\t\t\t\t\t\t\t<\/div>\n\t\t\t\t<\/div>\n\t\t\t\t<div class=\"elementor-element elementor-element-e2a0d7e elementor-widget elementor-widget-text-editor\" data-id=\"e2a0d7e\" data-element_type=\"widget\" data-widget_type=\"text-editor.default\">\n\t\t\t\t<div class=\"elementor-widget-container\">\n\t\t\t\t\t\t\t\t\t<div style=\"margin: 0px;padding: 0px;border: 0px;font-size: 14px;vertical-align: baseline;background: 50% center \/ cover no-repeat #ffffff;position: relative;font-family: Poppins, Helvetica, Arial, Lucida, sans-serif;text-align: left;color: #666666;font-style: normal;font-weight: 500;letter-spacing: normal;text-indent: 0px;text-transform: none\"><div style=\"margin: 0px;padding: 0px;border: 0px;font-size: 14px;vertical-align: baseline;background: transparent;position: relative\"><span style=\"color: #ef7a50;font-family: 'Gelica Light', Helvetica, Arial, Lucida, sans-serif;font-size: 26px\">Porque escolher a pedra de al\u00famen como o teu desodorizante ideal?<\/span><\/div><\/div>\t\t\t\t\t\t\t\t<\/div>\n\t\t\t\t<\/div>\n\t\t\t\t<div class=\"elementor-element elementor-element-0899263 elementor-widget elementor-widget-text-editor\" data-id=\"0899263\" data-element_type=\"widget\" data-widget_type=\"text-editor.default\">\n\t\t\t\t<div class=\"elementor-widget-container\">\n\t\t\t\t\t\t\t\t\t<div><div><div><div><p><span style=\"color: #666666;font-family: Poppins, Helvetica, Arial, Lucida, sans-serif;font-size: 14px\">Aqui apresentamos-te as raz\u00f5es que far\u00e3o com que n\u00e3o voltes a olhar para tr\u00e1s quando escolheres a pedra de al\u00famen como companheira de cuidado pessoal:<\/span><\/p><\/div><\/div><\/div><\/div>\t\t\t\t\t\t\t\t<\/div>\n\t\t\t\t<\/div>\n\t\t\t\t<div class=\"elementor-element elementor-element-0548cbf elementor-widget elementor-widget-text-editor\" data-id=\"0548cbf\" data-element_type=\"widget\" data-widget_type=\"text-editor.default\">\n\t\t\t\t<div class=\"elementor-widget-container\">\n\t\t\t\t\t\t\t\t\t<div style=\"margin: 0px;padding: 0px;border: 0px;font-size: 14px;vertical-align: baseline;background: 50% center \/ cover no-repeat #ffffff;position: relative;font-family: Poppins, Helvetica, Arial, Lucida, sans-serif;text-align: left;color: #666666;font-style: normal;font-weight: 500;letter-spacing: normal;text-indent: 0px;text-transform: none\"><span style=\"color: #ef7a50;font-family: 'Gelica Light', Helvetica, Arial, Lucida, sans-serif;font-size: 22px\">Efetividade contra o mau odor:<\/span><\/div>\t\t\t\t\t\t\t\t<\/div>\n\t\t\t\t<\/div>\n\t\t\t\t<div class=\"elementor-element elementor-element-5915e27 elementor-widget elementor-widget-text-editor\" data-id=\"5915e27\" data-element_type=\"widget\" data-widget_type=\"text-editor.default\">\n\t\t\t\t<div class=\"elementor-widget-container\">\n\t\t\t\t\t\t\t\t\t<div><div><div><div><p><span style=\"color: #666666;font-family: Poppins, Helvetica, Arial, Lucida, sans-serif;font-size: 14px;background: transparent;margin: 0px;padding: 0px;border: 0px;vertical-align: baseline\">A pedra de al\u00famen \u00e9 a resposta para <\/span><b style=\"color: #666666;font-family: Poppins, Helvetica, Arial, Lucida, sans-serif;font-size: 14px;background: transparent;margin: 0px;padding: 0px;border: 0px;vertical-align: baseline\">manter o mau odor afastado de forma natural.<\/b><span style=\"color: #666666;font-family: Poppins, Helvetica, Arial, Lucida, sans-serif;font-size: 14px;background: transparent;margin: 0px;padding: 0px;border: 0px;vertical-align: baseline\">. Gra\u00e7as \u00e0 sua f\u00f3rmula \u00fanica de al\u00famen de pot\u00e1ssio com propriedades antimicrobianas, atua como um protetor impenetr\u00e1vel contra as bact\u00e9rias respons\u00e1veis pelo odor corporal. <\/span><\/p><p style=\"margin: 0px;padding: 0px;border: 0px;font-size: 14px;vertical-align: baseline;background-image: initial;background-position: initial;background-size: initial;background-repeat: initial;background-attachment: initial;color: #666666;font-family: Poppins, Helvetica, Arial, Lucida, sans-serif\"><span style=\"margin: 0px;padding: 0px;border: 0px;vertical-align: baseline;background: transparent\">N\u00e3o s\u00f3 disfar\u00e7a o odor, como o previne por completo! Desfruta da frescura e da confian\u00e7a que mereces ao longo de todo o dia. <\/span><\/p><\/div><\/div><\/div><\/div>\t\t\t\t\t\t\t\t<\/div>\n\t\t\t\t<\/div>\n\t\t\t\t<div class=\"elementor-element elementor-element-dd05dcb elementor-widget elementor-widget-text-editor\" data-id=\"dd05dcb\" data-element_type=\"widget\" data-widget_type=\"text-editor.default\">\n\t\t\t\t<div class=\"elementor-widget-container\">\n\t\t\t\t\t\t\t\t\t<div style=\"margin: 0px;padding: 0px;border: 0px;font-size: 14px;vertical-align: baseline;background: 50% center \/ cover no-repeat #ffffff;position: relative;font-family: Poppins, Helvetica, Arial, Lucida, sans-serif;text-align: left;color: #666666;font-style: normal;font-weight: 500;letter-spacing: normal;text-indent: 0px;text-transform: none\"><span style=\"color: #ef7a50;font-family: 'Gelica Light', Helvetica, Arial, Lucida, sans-serif;font-size: 22px;text-align: right\">Dura\u00e7\u00e3o Sustentada e Eficiente:<\/span><\/div>\t\t\t\t\t\t\t\t<\/div>\n\t\t\t\t<\/div>\n\t\t\t\t<div class=\"elementor-element elementor-element-de9a54b elementor-widget elementor-widget-text-editor\" data-id=\"de9a54b\" data-element_type=\"widget\" data-widget_type=\"text-editor.default\">\n\t\t\t\t<div class=\"elementor-widget-container\">\n\t\t\t\t\t\t\t\t\t<div><div><div><div><p><span style=\"color: #666666;font-family: Poppins, Helvetica, Arial, Lucida, sans-serif;font-size: 14px;background: transparent;text-align: right;margin: 0px;padding: 0px;border: 0px;vertical-align: baseline\">Ao contr\u00e1rio dos desodorizantes convencionais que se esgotam rapidamente, um simples cristal de pedra de al\u00famen <\/span><b style=\"color: #666666;font-family: Poppins, Helvetica, Arial, Lucida, sans-serif;font-size: 14px;background: transparent;text-align: right;margin: 0px;padding: 0px;border: 0px;vertical-align: baseline\">dura meses<\/b><span style=\"color: #666666;font-family: Poppins, Helvetica, Arial, Lucida, sans-serif;font-size: 14px;background: transparent;text-align: right;margin: 0px;padding: 0px;border: 0px;vertical-align: baseline\">.<\/span> <\/p><p><span style=\"background-color: transparent;color: #666666;font-family: Poppins, Helvetica, Arial, Lucida, sans-serif;font-size: 14px;text-align: right\">Esta longevidade n\u00e3o s\u00f3 te proporciona economia, como tamb\u00e9m comodidade. Um pequeno bloco de sal pode ter um impacto duradouro no teu bem-estar. <\/span><\/p><\/div><\/div><\/div><\/div>\t\t\t\t\t\t\t\t<\/div>\n\t\t\t\t<\/div>\n\t\t\t\t<div class=\"elementor-element elementor-element-737ea07 elementor-widget elementor-widget-text-editor\" data-id=\"737ea07\" data-element_type=\"widget\" data-widget_type=\"text-editor.default\">\n\t\t\t\t<div class=\"elementor-widget-container\">\n\t\t\t\t\t\t\t\t\t<div style=\"margin: 0px;padding: 0px;border: 0px;font-size: 14px;vertical-align: baseline;background: 50% center \/ cover no-repeat #ffffff;position: relative;font-family: Poppins, Helvetica, Arial, Lucida, sans-serif;text-align: left;color: #666666;font-style: normal;font-weight: 500;letter-spacing: normal;text-indent: 0px;text-transform: none\"><span style=\"color: #ef7a50;font-family: 'Gelica Light', Helvetica, Arial, Lucida, sans-serif;font-size: 22px;text-align: right\">Livre de Qu\u00edmicos Agressivos:<\/span><\/div>\t\t\t\t\t\t\t\t<\/div>\n\t\t\t\t<\/div>\n\t\t\t\t<div class=\"elementor-element elementor-element-c3c86a3 elementor-widget elementor-widget-text-editor\" data-id=\"c3c86a3\" data-element_type=\"widget\" data-widget_type=\"text-editor.default\">\n\t\t\t\t<div class=\"elementor-widget-container\">\n\t\t\t\t\t\t\t\t\t<div><div><div><div><p><span style=\"background: transparent;color: #666666;font-family: Poppins, Helvetica, Arial, Lucida, sans-serif;font-size: 14px;text-align: right;margin: 0px;padding: 0px;border: 0px;vertical-align: baseline\">Quando escolhes a pedra de al\u00famen, escolhes o<\/span><b style=\"background: transparent;color: #666666;font-family: Poppins, Helvetica, Arial, Lucida, sans-serif;font-size: 14px;text-align: right;margin: 0px;padding: 0px;border: 0px;vertical-align: baseline\"> respeito pela tua pele<\/b><span style=\"background: transparent;color: #666666;font-family: Poppins, Helvetica, Arial, Lucida, sans-serif;font-size: 14px;text-align: right;margin: 0px;padding: 0px;border: 0px;vertical-align: baseline\"> e pelo meio ambiente. Diz adeus aos qu\u00edmicos agressivos. Muitos desodorizantes comerciais cont\u00eam  <\/span><b style=\"background: transparent;color: #666666;font-family: Poppins, Helvetica, Arial, Lucida, sans-serif;font-size: 14px;text-align: right;margin: 0px;padding: 0px;border: 0px;vertical-align: baseline\"> ingredientes irritantes<\/b><span style=\"color: #666666;font-family: Poppins, Helvetica, Arial, Lucida, sans-serif;font-size: 14px;text-align: right\"> <\/span><b style=\"background: transparent;color: #666666;font-family: Poppins, Helvetica, Arial, Lucida, sans-serif;font-size: 14px;text-align: right;margin: 0px;padding: 0px;border: 0px;vertical-align: baseline\">e potencialmente prejudiciais,<\/b><span style=\"background: transparent;color: #666666;font-family: Poppins, Helvetica, Arial, Lucida, sans-serif;font-size: 14px;text-align: right;margin: 0px;padding: 0px;border: 0px;vertical-align: baseline\"> como o alum\u00ednio e os parabenos.<\/span><\/p><p><span style=\"background-color: transparent;color: #666666;font-family: Poppins, Helvetica, Arial, Lucida, sans-serif;font-size: 14px;text-align: right\">Em contraste, a pedra de al\u00famen \u00e9 uma alternativa natural e segura, perfeita para peles sens\u00edveis e em harmonia com a natureza.<\/span><\/p><\/div><\/div><\/div><\/div>\t\t\t\t\t\t\t\t<\/div>\n\t\t\t\t<\/div>\n\t\t\t\t<div class=\"elementor-element elementor-element-fbc91d7 elementor-widget elementor-widget-text-editor\" data-id=\"fbc91d7\" data-element_type=\"widget\" data-widget_type=\"text-editor.default\">\n\t\t\t\t<div class=\"elementor-widget-container\">\n\t\t\t\t\t\t\t\t\t<div style=\"margin: 0px;padding: 0px;border: 0px;font-size: 14px;vertical-align: baseline;background: 50% center \/ cover no-repeat #ffffff;position: relative;font-family: Poppins, Helvetica, Arial, Lucida, sans-serif;text-align: left;color: #666666;font-style: normal;font-weight: 500;letter-spacing: normal;text-indent: 0px;text-transform: none\"><span style=\"color: #ef7a50;font-family: 'Gelica Light', Helvetica, Arial, Lucida, sans-serif;font-size: 22px;text-align: right\">Ecol\u00f3gico:<\/span><\/div>\t\t\t\t\t\t\t\t<\/div>\n\t\t\t\t<\/div>\n\t\t\t\t<div class=\"elementor-element elementor-element-ecd9be8 elementor-widget elementor-widget-text-editor\" data-id=\"ecd9be8\" data-element_type=\"widget\" data-widget_type=\"text-editor.default\">\n\t\t\t\t<div class=\"elementor-widget-container\">\n\t\t\t\t\t\t\t\t\t<div><div><div><div><p><span style=\"background-image: initial;background-position: initial;background-size: initial;background-repeat: initial;background-attachment: initial;margin: 0px;padding: 0px;border: 0px;font-size: 14px;vertical-align: baseline;color: #666666;font-family: Poppins, Helvetica, Arial, Lucida, sans-serif;text-align: right\">Ao optar pela pedra de al\u00famen, est\u00e1s a dar um passo significativo para a redu\u00e7\u00e3o do uso de pl\u00e1stico e da produ\u00e7\u00e3o de res\u00edduos associados aos desodorizantes tradicionais<\/span><span style=\"background-image: initial;background-position: initial;background-size: initial;background-repeat: initial;background-attachment: initial;margin: 0px;padding: 0px;border: 0px;font-size: 14px;vertical-align: baseline;color: #666666;font-family: Poppins, Helvetica, Arial, Lucida, sans-serif;text-align: right\">.<\/span><\/p><\/div><\/div><\/div><\/div>\t\t\t\t\t\t\t\t<\/div>\n\t\t\t\t<\/div>\n\t\t\t\t<div class=\"elementor-element elementor-element-86f9ddf elementor-widget elementor-widget-text-editor\" data-id=\"86f9ddf\" data-element_type=\"widget\" data-widget_type=\"text-editor.default\">\n\t\t\t\t<div class=\"elementor-widget-container\">\n\t\t\t\t\t\t\t\t\t<div style=\"margin: 0px;padding: 0px;border: 0px;font-size: 14px;vertical-align: baseline;background: 50% center \/ cover no-repeat #ffffff;position: relative;font-family: Poppins, Helvetica, Arial, Lucida, sans-serif;text-align: left;color: #666666;font-style: normal;font-weight: 500;letter-spacing: normal;text-indent: 0px;text-transform: none\"><div style=\"margin: 0px;padding: 0px;border: 0px;font-size: 14px;vertical-align: baseline;background: transparent;position: relative\"><span style=\"color: #ef7a50;font-family: 'Gelica Light', Helvetica, Arial, Lucida, sans-serif;font-size: 26px\">Desodorizante de pedra de al\u00famen ou desodorizantes tradicionais? Qual \u00e9 a melhor op\u00e7\u00e3o? <\/span><\/div><\/div>\t\t\t\t\t\t\t\t<\/div>\n\t\t\t\t<\/div>\n\t\t\t\t<div class=\"elementor-element elementor-element-abaf742 elementor-widget elementor-widget-text-editor\" data-id=\"abaf742\" data-element_type=\"widget\" data-widget_type=\"text-editor.default\">\n\t\t\t\t<div class=\"elementor-widget-container\">\n\t\t\t\t\t\t\t\t\t<div>\n<div>\n<div>\n<div>\n<p><span style=\"background-color: transparent;color: #666666;font-family: Poppins, Helvetica, Arial, Lucida, sans-serif;font-size: 14px\">A disjuntiva entre a pedra de al\u00famen e os desodorizantes tradicionais tem uma resposta clara. Aqui revelamos-te a escolha que faz a diferen\u00e7a no teu bem-estar. <\/span><\/p>\n<div style=\"margin: 0px 0px 21.8634px;border: 0px;font-size: 14px;vertical-align: baseline;background-image: initial;background-position: 50% center;background-size: cover;background-repeat: no-repeat;background-attachment: initial;position: relative;font-family: Poppins, Helvetica, Arial, Lucida, sans-serif;color: #666666;padding: 0px 0px 0px !important 0px\">\n<div style=\"margin: 0px;padding: 0px;border: 0px;vertical-align: baseline;background: transparent;position: relative\">\n<p style=\"margin: 0px;padding: 0px;border: 0px;vertical-align: baseline;background: transparent\">\n<\/p><\/div>\n<\/div>\n<div style=\"padding: 0px;border: 0px;font-size: 14px;vertical-align: baseline;background-image: initial;background-position: 50% center;background-size: cover;background-repeat: no-repeat;background-attachment: initial;position: relative;font-family: Poppins, Helvetica, Arial, Lucida, sans-serif;color: #666666;margin: -35px !important 0px 21.8634px 0px\">\n<div style=\"margin: 0px;padding: 0px;border: 0px;vertical-align: baseline;background: transparent;position: relative\">\n<ul style=\"margin: 0px;padding: 0px 0px 23px 1em;font-size: 14px;line-height: 26px\">\n<li style=\"margin: 0px;padding: 0px;font-size: 14px\"><b style=\"margin: 0px;padding: 0px;border: 0px;vertical-align: baseline;background: transparent\">Segura e Eficaz<\/b><span style=\"margin: 0px;padding: 0px;border: 0px;vertical-align: baseline;background: transparent\">: Optar pela pedra de al\u00famen \u00e9 abra\u00e7ar um desodorizante natural que prioriza a tua seguran\u00e7a e efic\u00e1cia. O segredo? A sua base de al\u00famen de pot\u00e1ssio, uma distin\u00e7\u00e3o fundamental em rela\u00e7\u00e3o ao alum\u00ednio presente nos desodorizantes comuns.  &nbsp;<\/span><\/li>\n<\/ul>\n<p style=\"margin: 0px;padding: 0px 0px 1em;border: 0px;vertical-align: baseline;background: transparent\"><span style=\"margin: 0px;padding: 0px;border: 0px;vertical-align: baseline;background: transparent\">Enquanto o alum\u00ednio se encontra em muitos desodorizantes convencionais e tem levantado preocupa\u00e7\u00f5es pelos seus poss\u00edveis efeitos negativos, como altera\u00e7\u00f5es hormonais, problemas neurodegenerativos e doen\u00e7as como o cancro da mama e o Alzheimer, o al\u00famen de pot\u00e1ssio \u00e9 um composto natural com propriedades antimicrobianas.&nbsp;<\/span><\/p>\n<p style=\"margin: 0px;padding: 0px 0px 1em;border: 0px;vertical-align: baseline;background: transparent\"><span style=\"margin: 0px;padding: 0px;border: 0px;vertical-align: baseline;background: transparent\">Esquece os riscos para a sa\u00fade associados aos &nbsp;<\/span><a style=\"margin: 0px;padding: 0px;border: 0px;vertical-align: baseline;background-image: initial;background-position: initial;background-size: initial;background-repeat: initial;background-attachment: initial;color: #edb059\" href=\"https:\/\/theconversation.com\/como-funcionan-los-desodorantes-198176#:~:text=Concretamente%2C%20el%20clorhidrato%20de%20aluminio,salga%20de%20las%20gl%C3%A1ndulas%20sudor%C3%ADparas.\" target=\"_blank\" rel=\"noopener\">desodorizantes antitranspirantes comuns,<\/a><span style=\"margin: 0px;padding: 0px;border: 0px;vertical-align: baseline;background: transparent\">&nbsp;<\/span><b style=\"margin: 0px;padding: 0px;border: 0px;vertical-align: baseline;background: transparent\">carregados de cloreto de alum\u00ednio, cloridrato ou zirc\u00f3nio.<\/b><span style=\"margin: 0px;padding: 0px;border: 0px;vertical-align: baseline;background: transparent\">. A pedra de al\u00famen \u00e9 a tua aliada na busca de frescura sem consequ\u00eancias negativas.<\/span><\/p>\n<p style=\"margin: 0px;padding: 0px;border: 0px;vertical-align: baseline;background: transparent\">\n<\/p><\/div>\n<\/div>\n<div style=\"padding: 0px;border: 0px;font-size: 14px;vertical-align: baseline;background-image: initial;background-position: 50% center;background-size: cover;background-repeat: no-repeat;background-attachment: initial;position: relative;font-family: Poppins, Helvetica, Arial, Lucida, sans-serif;color: #666666;margin: -35px !important 0px 21.8634px 0px\">\n<div style=\"margin: 0px;padding: 0px;border: 0px;vertical-align: baseline;background: transparent;position: relative\">\n<ul style=\"margin: 0px;padding: 0px 0px 23px 1em;font-size: 14px;line-height: 26px\">\n<li style=\"margin: 0px;padding: 0px;font-size: 14px\"><b style=\"margin: 0px;padding: 0px;border: 0px;vertical-align: baseline;background: transparent\">Rejei\u00e7\u00e3o de Riscos e Prioriza\u00e7\u00e3o da Sa\u00fade:<\/b><span style=\"margin: 0px;padding: 0px;border: 0px;vertical-align: baseline;background: transparent\"> Os desodorizantes convencionais com alum\u00ednio t\u00eam sido associados<\/span><b style=\"margin: 0px;padding: 0px;border: 0px;vertical-align: baseline;background: transparent\">&nbsp;a altera\u00e7\u00f5es hormonais<\/b><span style=\"margin: 0px;padding: 0px;border: 0px;vertical-align: baseline;background: transparent\">&nbsp;e riscos para a sa\u00fade&nbsp;&nbsp;<\/span><\/li>\n<\/ul>\n<\/div>\n<\/div>\n<div style=\"padding: 0px;border: 0px;font-size: 14px;vertical-align: baseline;background-image: initial;background-position: 50% center;background-size: cover;background-repeat: no-repeat;background-attachment: initial;position: relative;font-family: Poppins, Helvetica, Arial, Lucida, sans-serif;color: #666666;margin: -35px !important 0px 21.8634px 0px\">\n<div style=\"margin: 0px;padding: 0px;border: 0px;vertical-align: baseline;background: transparent;position: relative\">\n<p style=\"margin: 0px;padding: 0px 0px 1em;border: 0px;vertical-align: baseline;background: transparent\"><span style=\"margin: 0px;padding: 0px;border: 0px;vertical-align: baseline;background: transparent\">Tem-se levantado a hip\u00f3tese de que o alum\u00ednio possa interferir com as fun\u00e7\u00f5es hormonais normais devido \u00e0 sua capacidade de mimetizar os efeitos dos estrog\u00e9nios, hormonas essenciais no equil\u00edbrio hormonal do corpo.<\/span><\/p>\n<p style=\"margin: 0px;padding: 0px 0px 1em;border: 0px;vertical-align: baseline;background: transparent\"><span style=\"margin: 0px;padding: 0px;border: 0px;vertical-align: baseline;background: transparent\">Por outro lado, o al\u00famen de pot\u00e1ssio, na sua forma mineral, n\u00e3o entra na mesma categoria. A sua &nbsp;<\/span><b style=\"margin: 0px;padding: 0px;border: 0px;vertical-align: baseline;background: transparent\">estructura molecular \u00fanica<\/b><span style=\"margin: 0px;padding: 0px;border: 0px;vertical-align: baseline;background: transparent\">&nbsp;se posa en la superficie de la piel sin ser absorbida.<\/span><span style=\"margin: 0px;padding: 0px;border: 0px;vertical-align: baseline;background: transparent\">&nbsp;No se acumula en el cuerpo y no causa efectos adversos a largo plazo<\/span><span style=\"margin: 0px;padding: 0px;border: 0px;vertical-align: baseline;background: transparent\">.<\/span><\/p>\n<p style=\"margin: 0px;padding: 0px;border: 0px;vertical-align: baseline;background: transparent\">\n<\/p><\/div>\n<\/div>\n<div style=\"padding: 0px;border: 0px;font-size: 14px;vertical-align: baseline;background-image: initial;background-position: 50% center;background-size: cover;background-repeat: no-repeat;background-attachment: initial;position: relative;font-family: Poppins, Helvetica, Arial, Lucida, sans-serif;color: #666666;margin: -35px !important 0px 21.8634px 0px\">\n<div style=\"margin: 0px;padding: 0px;border: 0px;vertical-align: baseline;background: transparent;position: relative\">\n<ul style=\"margin: 0px;padding: 0px 0px 23px 1em;font-size: 14px;line-height: 26px\">\n<li style=\"margin: 0px;padding: 0px;font-size: 14px\"><b style=\"margin: 0px;padding: 0px;border: 0px;vertical-align: baseline;background: transparent\">A Beleza da Simplicidade<\/b><span style=\"margin: 0px;padding: 0px;border: 0px;vertical-align: baseline;background: transparent\">: A grandeza de um desodorizante de cristal reside na sua pureza. Livre de aditivos, de ingredientes irritantes como os parabenos, ftalatos, fragr\u00e2ncias artificiais e corantes. &nbsp;<\/span><\/li>\n<\/ul>\n<p style=\"margin: 0px;padding: 0px 0px 1em;border: 0px;vertical-align: baseline;background: transparent\"><span style=\"margin: 0px;padding: 0px;border: 0px;vertical-align: baseline;background: transparent\">Estes compostos, utilizados em produtos de cuidado pessoal, podem desencadear rea\u00e7\u00f5es como vermelhid\u00e3o, comich\u00e3o e erup\u00e7\u00f5es, al\u00e9m de terem o potencial de afetar o equil\u00edbrio hormonal e provocar rea\u00e7\u00f5es al\u00e9rgicas em pessoas sens\u00edveis.<\/span><\/p>\n<p style=\"margin: 0px;padding: 0px;border: 0px;vertical-align: baseline;background: transparent\"><span style=\"margin: 0px;padding: 0px;border: 0px;vertical-align: baseline;background: transparent\">O teu bem-estar \u00e9 a prioridade, e esta escolha garante uma experi\u00eancia sem toxinas nem compromissos.<\/span><\/p>\n<\/div>\n<\/div>\n<\/div>\n<\/div>\n<\/div>\n<\/div>\t\t\t\t\t\t\t\t<\/div>\n\t\t\t\t<\/div>\n\t\t\t\t<div class=\"elementor-element elementor-element-e01e74c elementor-widget elementor-widget-text-editor\" data-id=\"e01e74c\" data-element_type=\"widget\" data-widget_type=\"text-editor.default\">\n\t\t\t\t<div class=\"elementor-widget-container\">\n\t\t\t\t\t\t\t\t\t<div style=\"margin: 0px;padding: 0px;border: 0px;font-size: 14px;vertical-align: baseline;background: 50% center \/ cover no-repeat #ffffff;position: relative;font-family: Poppins, Helvetica, Arial, Lucida, sans-serif;text-align: left;color: #666666;font-style: normal;font-weight: 500;letter-spacing: normal;text-indent: 0px;text-transform: none\"><div style=\"margin: 0px;padding: 0px;border: 0px;font-size: 14px;vertical-align: baseline;background: transparent;position: relative\"><span style=\"color: #ef7a50;font-family: 'Gelica Light', Helvetica, Arial, Lucida, sans-serif;font-size: 26px\">Como escolher o desodorizante de pedra de al\u00famen perfeito para ti?<\/span><\/div><\/div>\t\t\t\t\t\t\t\t<\/div>\n\t\t\t\t<\/div>\n\t\t\t\t<div class=\"elementor-element elementor-element-306f9dc elementor-widget elementor-widget-text-editor\" data-id=\"306f9dc\" data-element_type=\"widget\" data-widget_type=\"text-editor.default\">\n\t\t\t\t<div class=\"elementor-widget-container\">\n\t\t\t\t\t\t\t\t\t<div><div><div><div><p><span style=\"background-color: transparent;color: #666666;font-family: Poppins, Helvetica, Arial, Lucida, sans-serif;font-size: 14px\">Selecionar o desodorizante de al\u00famen perfeito para ti \u00e9 mais simples do que imaginas. Segue estes passos para garantires que a tua escolha seja um sucesso total: <\/span><\/p><div style=\"padding: 0px;border: 0px;font-size: 14px;vertical-align: baseline;background-image: initial;background-position: 50% center;background-size: cover;background-repeat: no-repeat;background-attachment: initial;position: relative;font-family: Poppins, Helvetica, Arial, Lucida, sans-serif;color: #666666;margin: -13px !important 0px 21.8634px 0px\"><div style=\"margin: 0px;padding: 0px;border: 0px;vertical-align: baseline;background: transparent;position: relative\"><p style=\"margin: 0px;padding: 0px 0px 1em;border: 0px;vertical-align: baseline;background: transparent\"><b style=\"margin: 0px;padding: 0px;border: 0px;vertical-align: baseline;background: transparent\">Qualidade do Produto<\/b><span style=\"margin: 0px;padding: 0px;border: 0px;vertical-align: baseline;background: transparent\">: Antes de mais, aposta num desodorizante de qualidade superior. Procura op\u00e7\u00f5es sem aditivos nem ingredientes desnecess\u00e1rios. Opta por marcas reconhecidas e com boas avalia\u00e7\u00f5es, garantindo assim a sua efic\u00e1cia e a tua satisfa\u00e7\u00e3o.  <\/span><\/p><p style=\"margin: 0px;padding: 0px 0px 1em;border: 0px;vertical-align: baseline;background: transparent\"><b style=\"margin: 0px;padding: 0px;border: 0px;vertical-align: baseline;background: transparent\">Apresenta\u00e7\u00e3o Ideal: <\/b><span style=\"margin: 0px;padding: 0px;border: 0px;vertical-align: baseline;background: transparent\">A pedra de al\u00famen apresenta-se em diversas formas, desde s\u00f3lida at\u00e9 cristais e desodorizantes em stick.<\/span><\/p><p style=\"margin: 0px;padding: 0px 0px 1em;border: 0px;vertical-align: baseline;background: transparent\"><b style=\"margin: 0px;padding: 0px;border: 0px;vertical-align: baseline;background: transparent\">Aroma ou Fragr\u00e2ncia Neutra:<\/b><span style=\"margin: 0px;padding: 0px;border: 0px;vertical-align: baseline;background: transparent\"> Algumas pedras de al\u00famen v\u00eam com suaves fragr\u00e2ncias naturais, como lavanda ou citrinos, enquanto outras s\u00e3o completamente neutras.<\/span><\/p><p style=\"margin: 0px;padding: 0px 0px 1em;border: 0px;vertical-align: baseline;background: transparent\"><b style=\"margin: 0px;padding: 0px;border: 0px;vertical-align: baseline;background: transparent\">Amigo da tua Pele: <\/b><span style=\"margin: 0px;padding: 0px;border: 0px;vertical-align: baseline;background: transparent\">Verifica se tens alergias ou sensibilidade a algum componente da pedra de al\u00famen antes de comprar.<\/span> <\/p><p style=\"margin: 0px;padding: 0px 0px 1em;border: 0px;vertical-align: baseline;background: transparent\"><b style=\"margin: 0px;padding: 0px;border: 0px;vertical-align: baseline;background: transparent\">Opini\u00f5es de Utilizadores<\/b><span style=\"margin: 0px;padding: 0px;border: 0px;vertical-align: baseline;background: transparent\">: N\u00e3o percas as avalia\u00e7\u00f5es e testemunhos de outros utilizadores. Fica a conhecer em primeira m\u00e3o a efic\u00e1cia e a satisfa\u00e7\u00e3o que o produto proporciona, com base em experi\u00eancias aut\u00eanticas. <\/span><\/p><p style=\"margin: 0px;padding: 0px 0px 1em;border: 0px;vertical-align: baseline;background: transparent\"><b style=\"margin: 0px;padding: 0px;border: 0px;vertical-align: baseline;background: transparent\">Pre\u00e7o e Disponibilidade<\/b><span style=\"margin: 0px;padding: 0px;border: 0px;vertical-align: baseline;background: transparent\">: Mant\u00e9m o teu or\u00e7amento em mente e procura op\u00e7\u00f5es que se ajustem a ele. Al\u00e9m disso, certifica-te de que a pedra de al\u00famen est\u00e1 facilmente dispon\u00edvel na tua \u00e1rea ou que a podes adquirir online sem complica\u00e7\u00f5es. <\/span><\/p><p style=\"margin: 0px;padding: 0px;border: 0px;vertical-align: baseline;background: transparent\"><span style=\"margin: 0px;padding: 0px;border: 0px;vertical-align: baseline;background: transparent\">Agora, com estes conselhos na m\u00e3o, prepara-te para desfrutar de uma frescura natural e de um cuidado pessoal excecional.<\/span><\/p><\/div><\/div><\/div><\/div><\/div><\/div>\t\t\t\t\t\t\t\t<\/div>\n\t\t\t\t<\/div>\n\t\t\t\t<div class=\"elementor-element elementor-element-c1d8cd2 elementor-widget elementor-widget-text-editor\" data-id=\"c1d8cd2\" data-element_type=\"widget\" data-widget_type=\"text-editor.default\">\n\t\t\t\t<div class=\"elementor-widget-container\">\n\t\t\t\t\t\t\t\t\t<div style=\"margin: 0px;padding: 0px;border: 0px;font-size: 14px;vertical-align: baseline;background: 50% center \/ cover no-repeat #ffffff;position: relative;font-family: Poppins, Helvetica, Arial, Lucida, sans-serif;text-align: left;color: #666666;font-style: normal;font-weight: 500;letter-spacing: normal;text-indent: 0px;text-transform: none\"><span style=\"color: #ef7a50;font-family: 'Gelica Light', Helvetica, Arial, Lucida, sans-serif;font-size: 22px\">Tipo de apresenta\u00e7\u00e3o: Pedra, stick ou spray<\/span><\/div>\t\t\t\t\t\t\t\t<\/div>\n\t\t\t\t<\/div>\n\t\t\t\t<div class=\"elementor-element elementor-element-0b9e2fd elementor-widget elementor-widget-text-editor\" data-id=\"0b9e2fd\" data-element_type=\"widget\" data-widget_type=\"text-editor.default\">\n\t\t\t\t<div class=\"elementor-widget-container\">\n\t\t\t\t\t\t\t\t\t<div><div><div><div><p><span style=\"background-color: transparent;color: #666666;font-family: Poppins, Helvetica, Arial, Lucida, sans-serif;font-size: 14px\">Ao contr\u00e1rio de muitas op\u00e7\u00f5es convencionais, o desodorizante de pedra de al\u00famen \u00e9 menos t\u00f3xico e oferece uma aplica\u00e7\u00e3o c\u00f3moda e f\u00e1cil. <\/span><\/p><p style=\"margin: 0px;padding: 0px 0px 1em;border: 0px;font-size: 14px;vertical-align: baseline;background-image: initial;background-position: initial;background-size: initial;background-repeat: initial;background-attachment: initial;color: #666666;font-family: Poppins, Helvetica, Arial, Lucida, sans-serif\"><span style=\"margin: 0px;padding: 0px;border: 0px;vertical-align: baseline;background: transparent\">Se optares pela variante em spray, a sua formula\u00e7\u00e3o l\u00edquida com cristais de al\u00famen de pot\u00e1ssio permite uma distribui\u00e7\u00e3o uniforme e r\u00e1pida na pele, garantindo uma sensa\u00e7\u00e3o de limpeza e prote\u00e7\u00e3o duradoura. <\/span><\/p><p style=\"margin: 0px;padding: 0px 0px 1em;border: 0px;font-size: 14px;vertical-align: baseline;background-image: initial;background-position: initial;background-size: initial;background-repeat: initial;background-attachment: initial;color: #666666;font-family: Poppins, Helvetica, Arial, Lucida, sans-serif\"><span style=\"margin: 0px;padding: 0px;border: 0px;vertical-align: baseline;background: transparent\">Basta pulverizar nas axilas e deixar secar antes de te vestires, oferecendo-te uma op\u00e7\u00e3o eficaz e segura para a tua rotina di\u00e1ria.<\/span><\/p><p style=\"margin: 0px;padding: 0px;border: 0px;font-size: 14px;vertical-align: baseline;background-image: initial;background-position: initial;background-size: initial;background-repeat: initial;background-attachment: initial;color: #666666;font-family: Poppins, Helvetica, Arial, Lucida, sans-serif\"><span style=\"margin: 0px;padding: 0px;border: 0px;vertical-align: baseline;background: transparent\">\u00c9 ideal para quem procura uma aplica\u00e7\u00e3o r\u00e1pida e sem complica\u00e7\u00f5es. Podes encontr\u00e1-lo em <\/span> <a style=\"margin: 0px;padding: 0px;border: 0px;vertical-align: baseline;background-image: initial;background-position: initial;background-size: initial;background-repeat: initial;background-attachment: initial;color: #edb059\" href=\"https:\/\/www.clarel.es\/es\/?mot_q=piedra%20de%20alumbre\" target=\"_blank\" rel=\"noopener\"> <span style=\"margin: 0px;padding: 0px;border: 0px;vertical-align: baseline;background: transparent\">Clarel<\/span><\/a> <span style=\"margin: 0px;padding: 0px;border: 0px;vertical-align: baseline;background: transparent\">y disfrutar de los beneficios naturales de la piedra de alumbre en una presentaci\u00f3n pr\u00e1ctica.<\/span><\/p><\/div><\/div><\/div><\/div>\t\t\t\t\t\t\t\t<\/div>\n\t\t\t\t<\/div>\n\t\t<div class=\"elementor-element elementor-element-527ddaf e-con-full e-flex e-con e-child\" data-id=\"527ddaf\" data-element_type=\"container\">\n\t\t<div class=\"elementor-element elementor-element-be1bf58 e-con-full e-flex e-con e-child\" data-id=\"be1bf58\" data-element_type=\"container\">\n\t\t\t\t<div class=\"elementor-element elementor-element-ba81105 elementor-cta--layout-image-right elementor-widget__width-initial elementor-cta--skin-classic elementor-animated-content elementor-widget elementor-widget-call-to-action\" data-id=\"ba81105\" data-element_type=\"widget\" data-widget_type=\"call-to-action.default\">\n\t\t\t\t<div class=\"elementor-widget-container\">\n\t\t\t\t\t\t\t<a class=\"elementor-cta\" href=\"https:\/\/www.clarel.es\/pt\/desodorizante-spray-mineral-protect-pele-normal-48h-pedra-de-alumen-sanex-200ml-158626\" target=\"_blank\">\n\t\t\t\t\t\t\t<div class=\"elementor-cta__content\">\n\t\t\t\t\t\t\t\t\t<div class=\"elementor-content-item elementor-cta__content-item elementor-cta__image\">\n\t\t\t\t\t\t<img decoding=\"async\" src=\"https:\/\/clarel.imgix.net\/media\/catalog\/product\/1\/5\/158626_01_3a44.jpg\" title=\"\" alt=\"\" loading=\"lazy\" \/>\t\t\t\t\t<\/div>\n\t\t\t\t\n\t\t\t\t\t\t\t\t\t<div class=\"elementor-cta__title elementor-cta__content-item elementor-content-item\">\n\t\t\t\t\t\tSANEX\t\t\t\t\t<\/div>\n\t\t\t\t\n\t\t\t\t\t\t\t\t\t<div class=\"elementor-cta__description elementor-cta__content-item elementor-content-item\">\n\t\t\t\t\t\tDesodorizante Spray com Pedra de Al\u00famen<br><br><span style=\"font-size: 13pt\"><b>3,29\u20ac<\/span> <\/b>\t\t\t\t\t<\/div>\n\t\t\t\t\n\t\t\t\t\t\t\t\t\t<div class=\"elementor-cta__button-wrapper elementor-cta__content-item elementor-content-item \">\n\t\t\t\t\t<span class=\"elementor-cta__button elementor-button elementor-size-\">\n\t\t\t\t\t\tCOMPRAR\t\t\t\t\t<\/span>\n\t\t\t\t\t<\/div>\n\t\t\t\t\t\t\t<\/div>\n\t\t\t\t\t\t<\/a>\n\t\t\t\t\t\t<\/div>\n\t\t\t\t<\/div>\n\t\t\t\t<\/div>\n\t\t\t\t<\/div>\n\t\t<div class=\"elementor-element elementor-element-f625f49 e-con-full e-flex e-con e-child\" data-id=\"f625f49\" data-element_type=\"container\">\n\t\t\t\t<div class=\"elementor-element elementor-element-0dd37c7 elementor-widget elementor-widget-text-editor\" data-id=\"0dd37c7\" data-element_type=\"widget\" data-widget_type=\"text-editor.default\">\n\t\t\t\t<div class=\"elementor-widget-container\">\n\t\t\t\t\t\t\t\t\t<div><div><div><div><p><span style=\"color: #666666;font-family: Poppins, Helvetica, Arial, Lucida, sans-serif;font-size: 14px;background-color: transparent;text-align: right\">O desodorizante roll-on tamb\u00e9m \u00e9 uma op\u00e7\u00e3o popular para quem prefere uma aplica\u00e7\u00e3o mais precisa e controlada. Este formato cont\u00e9m cristais de al\u00famen de pot\u00e1ssio numa solu\u00e7\u00e3o l\u00edquida que se aplica facilmente atrav\u00e9s de uma pequena bola rotativa. <\/span><\/p><p><span style=\"background-color: transparent;color: #666666;font-family: Poppins, Helvetica, Arial, Lucida, sans-serif;font-size: 14px;text-align: right\">Ao deslizar suavemente sobre a pele, obt\u00e9ns uma cobertura uniforme e uma sensa\u00e7\u00e3o refrescante. Al\u00e9m disso, \u00e9 perfeito para levar na mala ou na mochila devido ao seu tamanho compacto e pr\u00e1tico. <\/span><\/p><p><span style=\"color: #666666;font-family: Poppins, Helvetica, Arial, Lucida, sans-serif;font-size: 14px;text-align: right;background: transparent;margin: 0px;padding: 0px;border: 0px;vertical-align: baseline\">En tiendas<\/span><a style=\"font-family: Poppins, Helvetica, Arial, Lucida, sans-serif;font-size: 14px;text-align: right;background: #ffffff;margin: 0px;padding: 0px;border: 0px;vertical-align: baseline;color: #edb059\" href=\"https:\/\/www.clarel.es\/es\/?mot_q=piedra%20de%20alumbre\" target=\"_blank\" rel=\"noopener\"> <span style=\"margin: 0px;padding: 0px;border: 0px;vertical-align: baseline;background: transparent\">Clarel<\/span><\/a><span style=\"color: #666666;font-family: Poppins, Helvetica, Arial, Lucida, sans-serif;font-size: 14px;text-align: right;background: transparent;margin: 0px;padding: 0px;border: 0px;vertical-align: baseline\">, puedes encontrar opciones de desodorantes roll-on de piedra de alumbre para disfrutar de sus propiedades naturales durante todo el d\u00eda.<\/span><\/p><\/div><\/div><\/div><\/div>\t\t\t\t\t\t\t\t<\/div>\n\t\t\t\t<\/div>\n\t\t\t\t<\/div>\n\t\t<div class=\"elementor-element elementor-element-d39e8c3 e-con-full e-flex e-con e-child\" data-id=\"d39e8c3\" data-element_type=\"container\">\n\t\t<div class=\"elementor-element elementor-element-767b07e e-con-full e-flex e-con e-child\" data-id=\"767b07e\" data-element_type=\"container\">\n\t\t\t\t<div class=\"elementor-element elementor-element-4c17824 elementor-cta--layout-image-right elementor-widget__width-initial elementor-cta--skin-classic elementor-animated-content elementor-widget elementor-widget-call-to-action\" data-id=\"4c17824\" data-element_type=\"widget\" data-widget_type=\"call-to-action.default\">\n\t\t\t\t<div class=\"elementor-widget-container\">\n\t\t\t\t\t\t\t<a class=\"elementor-cta\" href=\"https:\/\/www.clarel.es\/pt\/desodorizante-roll-on-mineral-protect-pedra-de-alumen-pele-sensivel-sanex-50ml-308123\" target=\"_blank\">\n\t\t\t\t\t\t\t<div class=\"elementor-cta__content\">\n\t\t\t\t\t\t\t\t\t<div class=\"elementor-content-item elementor-cta__content-item elementor-cta__image\">\n\t\t\t\t\t\t<img decoding=\"async\" src=\"https:\/\/clarel.imgix.net\/media\/catalog\/product\/D\/e\/Desodorante_Roll-On_Mineral_Protect_Piedra_De_Alumbre_Piel_Sensible_Sanex_50Ml_580bf34b144d57db26d700f54fe27db4bc0561ea_308123_1_COLGATE_PALMOLIVE_ESPA__A_SA.jpg\" title=\"\" alt=\"\" loading=\"lazy\" \/>\t\t\t\t\t<\/div>\n\t\t\t\t\n\t\t\t\t\t\t\t\t\t<div class=\"elementor-cta__title elementor-cta__content-item elementor-content-item\">\n\t\t\t\t\t\tSANEX\t\t\t\t\t<\/div>\n\t\t\t\t\n\t\t\t\t\t\t\t\t\t<div class=\"elementor-cta__description elementor-cta__content-item elementor-content-item\">\n\t\t\t\t\t\tDesodorizante Roll-On Pedra de Al\u00famen<br><br><span style=\"font-size: 13pt\"><b>2,39\u20ac<\/span> <\/b>\t\t\t\t\t<\/div>\n\t\t\t\t\n\t\t\t\t\t\t\t\t\t<div class=\"elementor-cta__button-wrapper elementor-cta__content-item elementor-content-item \">\n\t\t\t\t\t<span class=\"elementor-cta__button elementor-button elementor-size-\">\n\t\t\t\t\t\tCOMPRAR\t\t\t\t\t<\/span>\n\t\t\t\t\t<\/div>\n\t\t\t\t\t\t\t<\/div>\n\t\t\t\t\t\t<\/a>\n\t\t\t\t\t\t<\/div>\n\t\t\t\t<\/div>\n\t\t\t\t<\/div>\n\t\t\t\t<\/div>\n\t\t<div class=\"elementor-element elementor-element-8f76db2 e-con-full e-flex e-con e-child\" data-id=\"8f76db2\" data-element_type=\"container\">\n\t\t\t\t<div class=\"elementor-element elementor-element-b0101e0 elementor-widget elementor-widget-text-editor\" data-id=\"b0101e0\" data-element_type=\"widget\" data-widget_type=\"text-editor.default\">\n\t\t\t\t<div class=\"elementor-widget-container\">\n\t\t\t\t\t\t\t\t\t<div style=\"margin: 0px;padding: 0px;border: 0px;font-size: 14px;vertical-align: baseline;background: 50% center \/ cover no-repeat #ffffff;position: relative;font-family: Poppins, Helvetica, Arial, Lucida, sans-serif;text-align: left;color: #666666;font-style: normal;font-weight: 500;letter-spacing: normal;text-indent: 0px;text-transform: none\"><div style=\"margin: 0px;padding: 0px;border: 0px;font-size: 14px;vertical-align: baseline;background: transparent;position: relative\"><span style=\"color: #ef7a50;font-family: 'Gelica Light', Helvetica, Arial, Lucida, sans-serif;font-size: 26px\">Despede-te das manchas brancas na roupa com a pedra de al\u00famen.<\/span><\/div><\/div>\t\t\t\t\t\t\t\t<\/div>\n\t\t\t\t<\/div>\n\t\t\t\t<div class=\"elementor-element elementor-element-86adc31 elementor-widget elementor-widget-text-editor\" data-id=\"86adc31\" data-element_type=\"widget\" data-widget_type=\"text-editor.default\">\n\t\t\t\t<div class=\"elementor-widget-container\">\n\t\t\t\t\t\t\t\t\t<div><div><div><div><p><span style=\"background-color: transparent;color: #666666;font-family: Poppins, Helvetica, Arial, Lucida, sans-serif;font-size: 14px\">As suas propriedades antitranspirantes fazem do al\u00famen um desodorizante natural perfeito. Deixa uma fina camada de sal sobre a pele, que evita os maus odores. E n\u00e3o mancha a tua roupa!   <\/span><\/p><p style=\"margin: 0px;padding: 0px;border: 0px;font-size: 14px;vertical-align: baseline;background-image: initial;background-position: initial;background-size: initial;background-repeat: initial;background-attachment: initial;color: #666666;font-family: Poppins, Helvetica, Arial, Lucida, sans-serif\"><span style=\"margin: 0px;padding: 0px;border: 0px;vertical-align: baseline;background: transparent\">Podes ver mais informa\u00e7\u00f5es sobre como funcionam os desodorizantes de cristal e o que disseram os dermatologistas neste<\/span><a style=\"margin: 0px;padding: 0px;border: 0px;vertical-align: baseline;background-image: initial;background-position: initial;background-size: initial;background-repeat: initial;background-attachment: initial;color: #edb059\" href=\"https:\/\/www.mindbodygreen.com\/articles\/crystal-deodorant-whats-deal-with-this-antiperspirant-alternative\" target=\"_blank\" rel=\"noopener\"> artigo da Mind Body Green<\/a><span style=\"margin: 0px;padding: 0px;border: 0px;vertical-align: baseline;background: transparent\">. Tamb\u00e9m cont\u00e9m liga\u00e7\u00f5es para alguns artigos de investiga\u00e7\u00e3o \u00fateis. O Environmental Working Group (EWG) tamb\u00e9m o considera seguro, o que nos d\u00e1 muito mais tranquilidade. <\/span><\/p><\/div><\/div><\/div><\/div>\t\t\t\t\t\t\t\t<\/div>\n\t\t\t\t<\/div>\n\t\t\t\t<div class=\"elementor-element elementor-element-beed3ad elementor-widget elementor-widget-text-editor\" data-id=\"beed3ad\" data-element_type=\"widget\" data-widget_type=\"text-editor.default\">\n\t\t\t\t<div class=\"elementor-widget-container\">\n\t\t\t\t\t\t\t\t\t<div style=\"margin: 0px;padding: 0px;border: 0px;font-size: 14px;vertical-align: baseline;background: 50% center \/ cover no-repeat #ffffff;position: relative;font-family: Poppins, Helvetica, Arial, Lucida, sans-serif;text-align: left;color: #666666;font-style: normal;font-weight: 500;letter-spacing: normal;text-indent: 0px;text-transform: none\"><div style=\"margin: 0px;padding: 0px;border: 0px;font-size: 14px;vertical-align: baseline;background: transparent;position: relative\"><span style=\"color: #ef7a50;font-family: 'Gelica Light', Helvetica, Arial, Lucida, sans-serif;font-size: 26px\">Os desodorizantes de pedra de al\u00famen podem ser usados em pele sens\u00edvel?<\/span><\/div><\/div>\t\t\t\t\t\t\t\t<\/div>\n\t\t\t\t<\/div>\n\t\t\t\t<div class=\"elementor-element elementor-element-7c26615 elementor-widget elementor-widget-text-editor\" data-id=\"7c26615\" data-element_type=\"widget\" data-widget_type=\"text-editor.default\">\n\t\t\t\t<div class=\"elementor-widget-container\">\n\t\t\t\t\t\t\t\t\t<div><div><div><div><p><span style=\"color: #666666;font-family: Poppins, Helvetica, Arial, Lucida, sans-serif;font-size: 14px;background-color: transparent\">Num mundo cheio de desodorizantes com fragr\u00e2ncias, as pedras de al\u00famen destacam-se pela sua autenticidade. Esta maravilha natural, antimicrobiana e antiss\u00e9ptica, \u00e9 a tua aliada na luta contra o odor corporal. <\/span><\/p><p style=\"margin: 0px;padding: 0px 0px 1em;border: 0px;font-size: 14px;vertical-align: baseline;background-image: initial;background-position: initial;background-size: initial;background-repeat: initial;background-attachment: initial;color: #666666;font-family: Poppins, Helvetica, Arial, Lucida, sans-serif\"><b style=\"margin: 0px;padding: 0px;border: 0px;vertical-align: baseline;background: transparent\">Um Presente para as Peles Sens\u00edveis<\/b><\/p><p style=\"margin: 0px;padding: 0px 0px 1em;border: 0px;font-size: 14px;vertical-align: baseline;background-image: initial;background-position: initial;background-size: initial;background-repeat: initial;background-attachment: initial;color: #666666;font-family: Poppins, Helvetica, Arial, Lucida, sans-serif\"><span style=\"margin: 0px;padding: 0px;border: 0px;vertical-align: baseline;background: transparent\">A pedra de al\u00famen, ao aplic\u00e1-la sobre a pele limpa, garante-te frescura e conforto durante horas. <\/span><\/p><p style=\"margin: 0px;padding: 0px 0px 1em;border: 0px;font-size: 14px;vertical-align: baseline;background-image: initial;background-position: initial;background-size: initial;background-repeat: initial;background-attachment: initial;color: #666666;font-family: Poppins, Helvetica, Arial, Lucida, sans-serif\"><span style=\"margin: 0px;padding: 0px;border: 0px;vertical-align: baseline;background: transparent\">Com um \u00fanico ingrediente e a sua natureza suave, \u00e9 a escolha ideal para as peles mais sens\u00edveis. N\u00e3o s\u00f3 evita qualquer odor, como tamb\u00e9m cuida da tua pele com delicadeza. E aqui est\u00e1 o toque m\u00e1gico: n\u00e3o deixa manchas!  <\/span><\/p><p style=\"margin: 0px;padding: 0px 0px 1em;border: 0px;font-size: 14px;vertical-align: baseline;background-image: initial;background-position: initial;background-size: initial;background-repeat: initial;background-attachment: initial;color: #666666;font-family: Poppins, Helvetica, Arial, Lucida, sans-serif\"><b style=\"margin: 0px;padding: 0px;border: 0px;vertical-align: baseline;background: transparent\">Hist\u00f3ria Fascinante e Usos Vers\u00e1teis <\/b><\/p><p style=\"margin: 0px;padding: 0px 0px 1em;border: 0px;font-size: 14px;vertical-align: baseline;background-image: initial;background-position: initial;background-size: initial;background-repeat: initial;background-attachment: initial;color: #666666;font-family: Poppins, Helvetica, Arial, Lucida, sans-serif\"><span style=\"margin: 0px;padding: 0px;border: 0px;vertical-align: baseline;background: transparent\">Como desodorizante, proporcionam uma sensa\u00e7\u00e3o de frescura e limpeza \u00e0 tua pele, sem perfumes, corantes nem alum\u00ednio. Mas isso n\u00e3o \u00e9 tudo, s\u00e3o mais do que isso.  <\/span><\/p><p style=\"margin: 0px;padding: 0px 0px 1em;border: 0px;font-size: 14px;vertical-align: baseline;background-image: initial;background-position: initial;background-size: initial;background-repeat: initial;background-attachment: initial;color: #666666;font-family: Poppins, Helvetica, Arial, Lucida, sans-serif\"><span style=\"margin: 0px;padding: 0px;border: 0px;vertical-align: baseline;background: transparent\">Estes cristais s\u00e3o o teu aliado na luta contra as imperfei\u00e7\u00f5es, na tonifica\u00e7\u00e3o da pele e no tratamento dos cortes causados pela barba.<\/span><\/p><p style=\"margin: 0px;padding: 0px 0px 1em;border: 0px;font-size: 14px;vertical-align: baseline;background-image: initial;background-position: initial;background-size: initial;background-repeat: initial;background-attachment: initial;color: #666666;font-family: Poppins, Helvetica, Arial, Lucida, sans-serif\"><b style=\"margin: 0px;padding: 0px;border: 0px;vertical-align: baseline;background: transparent\">Na Clarel, o Teu Bem-Estar \u00e9 a Nossa Prioridade <\/b><\/p><p style=\"margin: 0px;padding: 0px 0px 1em;border: 0px;font-size: 14px;vertical-align: baseline;background-image: initial;background-position: initial;background-size: initial;background-repeat: initial;background-attachment: initial;color: #666666;font-family: Poppins, Helvetica, Arial, Lucida, sans-serif\"><span style=\"margin: 0px;padding: 0px;border: 0px;vertical-align: baseline;background: transparent\">Na Clarel, estamos comprometidos contigo. Queremos manter-te informada sobre as \u00faltimas inova\u00e7\u00f5es e tecnologias relacionadas com a pedra de al\u00famen.  <\/span><\/p><p style=\"margin: 0px;padding: 0px 0px 1em;border: 0px;font-size: 14px;vertical-align: baseline;background-image: initial;background-position: initial;background-size: initial;background-repeat: initial;background-attachment: initial;color: #666666;font-family: Poppins, Helvetica, Arial, Lucida, sans-serif\"><span style=\"margin: 0px;padding: 0px;border: 0px;vertical-align: baseline;background: transparent\">O nosso prop\u00f3sito \u00e9 oferecer-te produtos de vanguarda, adaptados \u00e0s tuas necessidades, para que consigas uma pele radiante e rejuvenescida. Sempre ao teu lado, damos-te conselhos de especialistas e produtos que te fa\u00e7am sentir segura e bonita na tua pr\u00f3pria pele. <\/span><\/p><p style=\"margin: 0px;padding: 0px;border: 0px;font-size: 14px;vertical-align: baseline;background-image: initial;background-position: initial;background-size: initial;background-repeat: initial;background-attachment: initial;color: #666666;font-family: Poppins, Helvetica, Arial, Lucida, sans-serif\"><span style=\"margin: 0px;padding: 0px;border: 0px;vertical-align: baseline;background: transparent\">Prepara-te para abra\u00e7ar a autenticidade e a frescura com a pedra de al\u00famen como a tua aliada de confian\u00e7a!<\/span><\/p><\/div><\/div><\/div><\/div>\t\t\t\t\t\t\t\t<\/div>\n\t\t\t\t<\/div>\n\t\t\t\t<\/div>\n\t\t\t\t\t<\/div>\n\t\t\t\t<\/div>\n\t\t\t\t<\/div>\n\t\t","protected":false},"excerpt":{"rendered":"<p>Pedra de al\u00famen: o desodorizante alternativo mais natural, com muitos benef\u00edcios. Entra e descobre porque \u00e9 imprescind\u00edvel na tua casa de banho. <\/p>\n","protected":false},"author":5,"featured_media":15358,"comment_status":"closed","ping_status":"open","sticky":false,"template":"","format":"standard","meta":{"footnotes":""},"categories":[36],"tags":[],"class_list":["post-15357","post","type-post","status-publish","format-standard","has-post-thumbnail","hentry","category-salud-bienestar"],"yoast_head":"<!-- This site is optimized with the Yoast SEO plugin v25.4 - https:\/\/yoast.com\/wordpress\/plugins\/seo\/ -->\n<title>Descobre o que \u00e9 e o uso da pedra de al\u00famen | Clarel<\/title>\n<meta name=\"description\" content=\"Pedra de al\u00famen: o desodorizante alternativo mais natural, com muitos benef\u00edcios. Entra e descobre porque \u00e9 imprescind\u00edvel na tua casa de banho.\" \/>\n<meta name=\"robots\" content=\"index, follow, max-snippet:-1, max-image-preview:large, max-video-preview:-1\" \/>\n<link rel=\"canonical\" href=\"https:\/\/www.clarel.es\/blog\/que-es-piedra-alumbre\/\" \/>\n<meta property=\"og:locale\" content=\"pt_PT\" \/>\n<meta property=\"og:type\" content=\"article\" \/>\n<meta property=\"og:title\" content=\"Descobre o que \u00e9 e o uso da pedra de al\u00famen | Clarel\" \/>\n<meta property=\"og:description\" content=\"Pedra de al\u00famen: o desodorizante alternativo mais natural, com muitos benef\u00edcios. Entra e descobre porque \u00e9 imprescind\u00edvel na tua casa de banho.\" \/>\n<meta property=\"og:url\" content=\"https:\/\/www.clarel.es\/blog\/que-es-piedra-alumbre\/\" \/>\n<meta property=\"og:site_name\" content=\"Clarel\" \/>\n<meta property=\"article:published_time\" content=\"2023-08-30T11:01:01+00:00\" \/>\n<meta property=\"article:modified_time\" content=\"2025-10-23T15:29:05+00:00\" \/>\n<meta property=\"og:image\" content=\"https:\/\/www.clarel.es\/blog\/wp-content\/uploads\/2023\/09\/que-es-la-piedra-de-alumbre.jpg\" \/>\n\t<meta property=\"og:image:width\" content=\"468\" \/>\n\t<meta property=\"og:image:height\" content=\"293\" \/>\n\t<meta property=\"og:image:type\" content=\"image\/jpeg\" \/>\n<meta name=\"twitter:card\" content=\"summary_large_image\" \/>\n<script type=\"application\/ld+json\" class=\"yoast-schema-graph\">{\"@context\":\"https:\/\/schema.org\",\"@graph\":[{\"@type\":\"Article\",\"@id\":\"https:\/\/www.clarel.es\/blog\/que-es-piedra-alumbre\/#article\",\"isPartOf\":{\"@id\":\"https:\/\/www.clarel.es\/blog\/que-es-piedra-alumbre\/\"},\"author\":{\"name\":\"Clarel\",\"@id\":\"https:\/\/www.clarel.es\/blog\/pt-pt\/\"},\"headline\":\"O que \u00e9 a pedra de al\u00famen? Descobre tudo o que deves saber sobre este cosm\u00e9tico natural.\",\"datePublished\":\"2023-08-30T11:01:01+00:00\",\"dateModified\":\"2025-10-23T15:29:05+00:00\",\"mainEntityOfPage\":{\"@id\":\"https:\/\/www.clarel.es\/blog\/que-es-piedra-alumbre\/\"},\"wordCount\":1755,\"publisher\":{\"@id\":\"https:\/\/www.clarel.es\/blog\/#organization\"},\"image\":{\"@id\":\"https:\/\/www.clarel.es\/blog\/que-es-piedra-alumbre\/#primaryimage\"},\"thumbnailUrl\":\"https:\/\/blog-clarel.imgix.net\/uploads\/2023\/09\/que-es-la-piedra-de-alumbre.jpg?auto=format%2Ccompress&ixlib=php-3.3.0\",\"articleSection\":[\"Salud y Bienestar\"],\"inLanguage\":\"pt-PT\"},{\"@type\":\"WebPage\",\"@id\":\"https:\/\/www.clarel.es\/blog\/que-es-piedra-alumbre\/\",\"url\":\"https:\/\/www.clarel.es\/blog\/que-es-piedra-alumbre\/\",\"name\":\"Descobre o que \u00e9 e o uso da pedra de al\u00famen | Clarel\",\"isPartOf\":{\"@id\":\"https:\/\/www.clarel.es\/blog\/#website\"},\"primaryImageOfPage\":{\"@id\":\"https:\/\/www.clarel.es\/blog\/que-es-piedra-alumbre\/#primaryimage\"},\"image\":{\"@id\":\"https:\/\/www.clarel.es\/blog\/que-es-piedra-alumbre\/#primaryimage\"},\"thumbnailUrl\":\"https:\/\/blog-clarel.imgix.net\/uploads\/2023\/09\/que-es-la-piedra-de-alumbre.jpg?auto=format%2Ccompress&ixlib=php-3.3.0\",\"datePublished\":\"2023-08-30T11:01:01+00:00\",\"dateModified\":\"2025-10-23T15:29:05+00:00\",\"description\":\"Pedra de al\u00famen: o desodorizante alternativo mais natural, com muitos benef\u00edcios. Entra e descobre porque \u00e9 imprescind\u00edvel na tua casa de banho.\",\"breadcrumb\":{\"@id\":\"https:\/\/www.clarel.es\/blog\/que-es-piedra-alumbre\/#breadcrumb\"},\"inLanguage\":\"pt-PT\",\"potentialAction\":[{\"@type\":\"ReadAction\",\"target\":[\"https:\/\/www.clarel.es\/blog\/que-es-piedra-alumbre\/\"]}]},{\"@type\":\"ImageObject\",\"inLanguage\":\"pt-PT\",\"@id\":\"https:\/\/www.clarel.es\/blog\/que-es-piedra-alumbre\/#primaryimage\",\"url\":\"https:\/\/blog-clarel.imgix.net\/uploads\/2023\/09\/que-es-la-piedra-de-alumbre.jpg?auto=format%2Ccompress&ixlib=php-3.3.0\",\"contentUrl\":\"https:\/\/blog-clarel.imgix.net\/uploads\/2023\/09\/que-es-la-piedra-de-alumbre.jpg?auto=format%2Ccompress&ixlib=php-3.3.0\",\"width\":468,\"height\":293},{\"@type\":\"BreadcrumbList\",\"@id\":\"https:\/\/www.clarel.es\/blog\/que-es-piedra-alumbre\/#breadcrumb\",\"itemListElement\":[{\"@type\":\"ListItem\",\"position\":1,\"name\":\"Portada\",\"item\":\"https:\/\/www.clarel.es\/blog\/\"},{\"@type\":\"ListItem\",\"position\":2,\"name\":\"O que \u00e9 a pedra de al\u00famen? Descobre tudo o que deves saber sobre este cosm\u00e9tico natural.\"}]},{\"@type\":\"WebSite\",\"@id\":\"https:\/\/www.clarel.es\/blog\/#website\",\"url\":\"https:\/\/www.clarel.es\/blog\/\",\"name\":\"Clarel\",\"description\":\"Tienda Online de perfumeria, cosmetica, maquillaje y hogar.\",\"publisher\":{\"@id\":\"https:\/\/www.clarel.es\/blog\/#organization\"},\"potentialAction\":[{\"@type\":\"SearchAction\",\"target\":{\"@type\":\"EntryPoint\",\"urlTemplate\":\"https:\/\/www.clarel.es\/blog\/?s={search_term_string}\"},\"query-input\":{\"@type\":\"PropertyValueSpecification\",\"valueRequired\":true,\"valueName\":\"search_term_string\"}}],\"inLanguage\":\"pt-PT\"},{\"@type\":\"Organization\",\"@id\":\"https:\/\/www.clarel.es\/blog\/#organization\",\"name\":\"Clarel\",\"url\":\"https:\/\/www.clarel.es\/blog\/\",\"logo\":{\"@type\":\"ImageObject\",\"inLanguage\":\"pt-PT\",\"@id\":\"https:\/\/www.clarel.es\/blog\/#\/schema\/logo\/image\/\",\"url\":\"https:\/\/clarel-test.ezenit.link\/blog\/wp-content\/uploads\/2022\/08\/logo_clarel.png\",\"contentUrl\":\"https:\/\/clarel-test.ezenit.link\/blog\/wp-content\/uploads\/2022\/08\/logo_clarel.png\",\"width\":432,\"height\":101,\"caption\":\"Clarel\"},\"image\":{\"@id\":\"https:\/\/www.clarel.es\/blog\/#\/schema\/logo\/image\/\"}}]}<\/script>\n<!-- \/ Yoast SEO plugin. -->","yoast_head_json":{"title":"Descobre o que \u00e9 e o uso da pedra de al\u00famen | Clarel","description":"Pedra de al\u00famen: o desodorizante alternativo mais natural, com muitos benef\u00edcios. Entra e descobre porque \u00e9 imprescind\u00edvel na tua casa de banho.","robots":{"index":"index","follow":"follow","max-snippet":"max-snippet:-1","max-image-preview":"max-image-preview:large","max-video-preview":"max-video-preview:-1"},"canonical":"https:\/\/www.clarel.es\/blog\/que-es-piedra-alumbre\/","og_locale":"pt_PT","og_type":"article","og_title":"Descobre o que \u00e9 e o uso da pedra de al\u00famen | Clarel","og_description":"Pedra de al\u00famen: o desodorizante alternativo mais natural, com muitos benef\u00edcios. Entra e descobre porque \u00e9 imprescind\u00edvel na tua casa de banho.","og_url":"https:\/\/www.clarel.es\/blog\/que-es-piedra-alumbre\/","og_site_name":"Clarel","article_published_time":"2023-08-30T11:01:01+00:00","article_modified_time":"2025-10-23T15:29:05+00:00","og_image":[{"width":468,"height":293,"url":"https:\/\/www.clarel.es\/blog\/wp-content\/uploads\/2023\/09\/que-es-la-piedra-de-alumbre.jpg","type":"image\/jpeg"}],"twitter_card":"summary_large_image","schema":{"@context":"https:\/\/schema.org","@graph":[{"@type":"Article","@id":"https:\/\/www.clarel.es\/blog\/que-es-piedra-alumbre\/#article","isPartOf":{"@id":"https:\/\/www.clarel.es\/blog\/que-es-piedra-alumbre\/"},"author":{"name":"Clarel","@id":"https:\/\/www.clarel.es\/blog\/pt-pt\/"},"headline":"O que \u00e9 a pedra de al\u00famen? Descobre tudo o que deves saber sobre este cosm\u00e9tico natural.","datePublished":"2023-08-30T11:01:01+00:00","dateModified":"2025-10-23T15:29:05+00:00","mainEntityOfPage":{"@id":"https:\/\/www.clarel.es\/blog\/que-es-piedra-alumbre\/"},"wordCount":1755,"publisher":{"@id":"https:\/\/www.clarel.es\/blog\/#organization"},"image":{"@id":"https:\/\/www.clarel.es\/blog\/que-es-piedra-alumbre\/#primaryimage"},"thumbnailUrl":"https:\/\/blog-clarel.imgix.net\/uploads\/2023\/09\/que-es-la-piedra-de-alumbre.jpg?auto=format%2Ccompress&ixlib=php-3.3.0","articleSection":["Salud y Bienestar"],"inLanguage":"pt-PT"},{"@type":"WebPage","@id":"https:\/\/www.clarel.es\/blog\/que-es-piedra-alumbre\/","url":"https:\/\/www.clarel.es\/blog\/que-es-piedra-alumbre\/","name":"Descobre o que \u00e9 e o uso da pedra de al\u00famen | Clarel","isPartOf":{"@id":"https:\/\/www.clarel.es\/blog\/#website"},"primaryImageOfPage":{"@id":"https:\/\/www.clarel.es\/blog\/que-es-piedra-alumbre\/#primaryimage"},"image":{"@id":"https:\/\/www.clarel.es\/blog\/que-es-piedra-alumbre\/#primaryimage"},"thumbnailUrl":"https:\/\/blog-clarel.imgix.net\/uploads\/2023\/09\/que-es-la-piedra-de-alumbre.jpg?auto=format%2Ccompress&ixlib=php-3.3.0","datePublished":"2023-08-30T11:01:01+00:00","dateModified":"2025-10-23T15:29:05+00:00","description":"Pedra de al\u00famen: o desodorizante alternativo mais natural, com muitos benef\u00edcios. Entra e descobre porque \u00e9 imprescind\u00edvel na tua casa de banho.","breadcrumb":{"@id":"https:\/\/www.clarel.es\/blog\/que-es-piedra-alumbre\/#breadcrumb"},"inLanguage":"pt-PT","potentialAction":[{"@type":"ReadAction","target":["https:\/\/www.clarel.es\/blog\/que-es-piedra-alumbre\/"]}]},{"@type":"ImageObject","inLanguage":"pt-PT","@id":"https:\/\/www.clarel.es\/blog\/que-es-piedra-alumbre\/#primaryimage","url":"https:\/\/blog-clarel.imgix.net\/uploads\/2023\/09\/que-es-la-piedra-de-alumbre.jpg?auto=format%2Ccompress&ixlib=php-3.3.0","contentUrl":"https:\/\/blog-clarel.imgix.net\/uploads\/2023\/09\/que-es-la-piedra-de-alumbre.jpg?auto=format%2Ccompress&ixlib=php-3.3.0","width":468,"height":293},{"@type":"BreadcrumbList","@id":"https:\/\/www.clarel.es\/blog\/que-es-piedra-alumbre\/#breadcrumb","itemListElement":[{"@type":"ListItem","position":1,"name":"Portada","item":"https:\/\/www.clarel.es\/blog\/"},{"@type":"ListItem","position":2,"name":"O que \u00e9 a pedra de al\u00famen? Descobre tudo o que deves saber sobre este cosm\u00e9tico natural."}]},{"@type":"WebSite","@id":"https:\/\/www.clarel.es\/blog\/#website","url":"https:\/\/www.clarel.es\/blog\/","name":"Clarel","description":"Tienda Online de perfumeria, cosmetica, maquillaje y hogar.","publisher":{"@id":"https:\/\/www.clarel.es\/blog\/#organization"},"potentialAction":[{"@type":"SearchAction","target":{"@type":"EntryPoint","urlTemplate":"https:\/\/www.clarel.es\/blog\/?s={search_term_string}"},"query-input":{"@type":"PropertyValueSpecification","valueRequired":true,"valueName":"search_term_string"}}],"inLanguage":"pt-PT"},{"@type":"Organization","@id":"https:\/\/www.clarel.es\/blog\/#organization","name":"Clarel","url":"https:\/\/www.clarel.es\/blog\/","logo":{"@type":"ImageObject","inLanguage":"pt-PT","@id":"https:\/\/www.clarel.es\/blog\/#\/schema\/logo\/image\/","url":"https:\/\/clarel-test.ezenit.link\/blog\/wp-content\/uploads\/2022\/08\/logo_clarel.png","contentUrl":"https:\/\/clarel-test.ezenit.link\/blog\/wp-content\/uploads\/2022\/08\/logo_clarel.png","width":432,"height":101,"caption":"Clarel"},"image":{"@id":"https:\/\/www.clarel.es\/blog\/#\/schema\/logo\/image\/"}}]}},"_links":{"self":[{"href":"https:\/\/www.clarel.es\/blog\/pt-pt\/wp-json\/wp\/v2\/posts\/15357","targetHints":{"allow":["GET"]}}],"collection":[{"href":"https:\/\/www.clarel.es\/blog\/pt-pt\/wp-json\/wp\/v2\/posts"}],"about":[{"href":"https:\/\/www.clarel.es\/blog\/pt-pt\/wp-json\/wp\/v2\/types\/post"}],"author":[{"embeddable":true,"href":"https:\/\/www.clarel.es\/blog\/pt-pt\/wp-json\/wp\/v2\/users\/5"}],"replies":[{"embeddable":true,"href":"https:\/\/www.clarel.es\/blog\/pt-pt\/wp-json\/wp\/v2\/comments?post=15357"}],"version-history":[{"count":4,"href":"https:\/\/www.clarel.es\/blog\/pt-pt\/wp-json\/wp\/v2\/posts\/15357\/revisions"}],"predecessor-version":[{"id":16638,"href":"https:\/\/www.clarel.es\/blog\/pt-pt\/wp-json\/wp\/v2\/posts\/15357\/revisions\/16638"}],"wp:featuredmedia":[{"embeddable":true,"href":"https:\/\/www.clarel.es\/blog\/pt-pt\/wp-json\/wp\/v2\/media\/15358"}],"wp:attachment":[{"href":"https:\/\/www.clarel.es\/blog\/pt-pt\/wp-json\/wp\/v2\/media?parent=15357"}],"wp:term":[{"taxonomy":"category","embeddable":true,"href":"https:\/\/www.clarel.es\/blog\/pt-pt\/wp-json\/wp\/v2\/categories?post=15357"},{"taxonomy":"post_tag","embeddable":true,"href":"https:\/\/www.clarel.es\/blog\/pt-pt\/wp-json\/wp\/v2\/tags?post=15357"}],"curies":[{"name":"wp","href":"https:\/\/api.w.org\/{rel}","templated":true}]}}