{"id":15037,"date":"2023-06-05T09:55:32","date_gmt":"2023-06-05T09:55:32","guid":{"rendered":"https:\/\/clarel-test.ezenit.link\/blog\/como-tratar-e-prevenir-o-cabelo-seco\/"},"modified":"2025-10-23T15:53:22","modified_gmt":"2025-10-23T15:53:22","slug":"como-tratar-e-prevenir-o-cabelo-seco","status":"publish","type":"post","link":"https:\/\/www.clarel.es\/blog\/pt-pt\/como-tratar-e-prevenir-o-cabelo-seco\/","title":{"rendered":"Como tratar e prevenir o cabelo seco"},"content":{"rendered":"\t\t<div data-elementor-type=\"wp-post\" data-elementor-id=\"15037\" class=\"elementor elementor-15037 elementor-5678\" data-elementor-post-type=\"post\">\n\t\t\t\t<div class=\"elementor-element elementor-element-18c74e77 e-flex e-con-boxed e-con e-parent\" data-id=\"18c74e77\" data-element_type=\"container\">\n\t\t\t\t\t<div class=\"e-con-inner\">\n\t\t\t\t<div class=\"elementor-element elementor-element-4303160 elementor-widget elementor-widget-text-editor\" data-id=\"4303160\" data-element_type=\"widget\" data-widget_type=\"text-editor.default\">\n\t\t\t\t<div class=\"elementor-widget-container\">\n\t\t\t\t\t\t\t\t\t<div style=\"margin: 0px;padding: 0px;border: 0px;font-size: 14px;vertical-align: baseline;background: 50% center \/ cover no-repeat #ffffff;position: relative;font-family: Poppins, Helvetica, Arial, Lucida, sans-serif;text-align: left;color: #666666;font-style: normal;font-weight: 500;letter-spacing: normal;text-indent: 0px;text-transform: none\"><div style=\"margin: 0px;padding: 0px;border: 0px;font-size: 14px;vertical-align: baseline;background: transparent;position: relative\"><b style=\"background: transparent;font-family: 'Gelica Light', Helvetica, Arial, Lucida, sans-serif;font-size: 26px;color: #ef7a50;text-align: center;margin: 0px;padding: 0px;border: 0px;vertical-align: baseline\"><span style=\"margin: 0px;padding: 0px;border: 0px;vertical-align: baseline;background: transparent;font-weight: 400\">Conhe\u00e7a os truques para tratar e prevenir o cabelo seco<\/span><\/b><\/div><\/div>\t\t\t\t\t\t\t\t<\/div>\n\t\t\t\t<\/div>\n\t\t\t\t<div class=\"elementor-element elementor-element-feb5d87 elementor-widget elementor-widget-text-editor\" data-id=\"feb5d87\" data-element_type=\"widget\" data-widget_type=\"text-editor.default\">\n\t\t\t\t<div class=\"elementor-widget-container\">\n\t\t\t\t\t\t\t\t\t<div><div><div><div><p><span style=\"color: #666666;font-family: Poppins, Helvetica, Arial, Lucida, sans-serif;font-size: 14px;background: transparent;margin: 0px;padding: 0px;border: 0px;vertical-align: baseline\">Um<\/span> <b style=\"color: #666666;font-family: Poppins, Helvetica, Arial, Lucida, sans-serif;font-size: 14px;background: transparent;margin: 0px;padding: 0px;border: 0px;vertical-align: baseline\">cabelo seco e desidratado<\/b> <span style=\"color: #666666;font-family: Poppins, Helvetica, Arial, Lucida, sans-serif;font-size: 14px;background: transparent;margin: 0px;padding: 0px;border: 0px;vertical-align: baseline\">pode ser indicador de v\u00e1rias coisas: cuidados insuficientes, uso de produtos que n\u00e3o favorecem o couro cabeludo, fatores ambientais como a qualidade do ar e da \u00e1gua do local onde vive, ou o uso frequente de tintas e descolorantes, entre muitos outros.<\/span> <\/p><p style=\"margin: 0px;padding: 0px;border: 0px;font-size: 14px;vertical-align: baseline;background-image: initial;background-position: initial;background-size: initial;background-repeat: initial;background-attachment: initial;color: #666666;font-family: Poppins, Helvetica, Arial, Lucida, sans-serif\"><span style=\"margin: 0px;padding: 0px;border: 0px;vertical-align: baseline;background: transparent\">Felizmente, quando predomina uma apar\u00eancia opaca e pontas abertas, ainda h\u00e1 solu\u00e7\u00e3o. Melhorando as suas rotinas de cuidado, hidratando-o de maneira adequada e usando os  <\/span><b style=\"margin: 0px;padding: 0px;border: 0px;vertical-align: baseline;background: transparent\">tratamentos para cabelo seco<\/b><span style=\"margin: 0px;padding: 0px;border: 0px;vertical-align: baseline;background: transparent\"> que sejam mais eficazes para as suas circunst\u00e2ncias particulares, o seu cabelo recuperar\u00e1 a sa\u00fade, o brilho e a suavidade.<\/span><\/p><\/div><\/div><\/div><\/div>\t\t\t\t\t\t\t\t<\/div>\n\t\t\t\t<\/div>\n\t\t\t\t<div class=\"elementor-element elementor-element-e9904ed elementor-widget elementor-widget-text-editor\" data-id=\"e9904ed\" data-element_type=\"widget\" data-widget_type=\"text-editor.default\">\n\t\t\t\t<div class=\"elementor-widget-container\">\n\t\t\t\t\t\t\t\t\t<div style=\"margin: 0px;padding: 0px;border: 0px;font-size: 14px;vertical-align: baseline;background: 50% center \/ cover no-repeat #ffffff;position: relative;font-family: Poppins, Helvetica, Arial, Lucida, sans-serif;text-align: left;color: #666666;font-style: normal;font-weight: 500;letter-spacing: normal;text-indent: 0px;text-transform: none\"><div style=\"margin: 0px;padding: 0px;border: 0px;font-size: 14px;vertical-align: baseline;background: transparent;position: relative\"><b style=\"background: transparent;font-family: 'Gelica Light', Helvetica, Arial, Lucida, sans-serif;font-size: 26px;color: #ef7a50;text-align: center;margin: 0px;padding: 0px;border: 0px;vertical-align: baseline\"><span style=\"margin: 0px;padding: 0px;border: 0px;vertical-align: baseline;background: transparent;font-weight: 400\">Por que tenho o cabelo seco e sem vida? Descubra as raz\u00f5es por tr\u00e1s do cabelo seco <\/span><\/b><\/div><\/div>\t\t\t\t\t\t\t\t<\/div>\n\t\t\t\t<\/div>\n\t\t\t\t<div class=\"elementor-element elementor-element-840e682 elementor-widget elementor-widget-image\" data-id=\"840e682\" data-element_type=\"widget\" data-widget_type=\"image.default\">\n\t\t\t\t<div class=\"elementor-widget-container\">\n\t\t\t\t\t\t\t\t\t\t\t\t\t\t\t<img decoding=\"async\" src=\"https:\/\/blog-clarel.imgix.net\/2023\/06\/tengo-el-pelo-muy-seco-y-danado-que-puedo-hacer.jpg\" title=\"\" alt=\"\" loading=\"lazy\" \/>\t\t\t\t\t\t\t\t\t\t\t\t\t\t\t<\/div>\n\t\t\t\t<\/div>\n\t\t\t\t<div class=\"elementor-element elementor-element-73a272a elementor-widget elementor-widget-text-editor\" data-id=\"73a272a\" data-element_type=\"widget\" data-widget_type=\"text-editor.default\">\n\t\t\t\t<div class=\"elementor-widget-container\">\n\t\t\t\t\t\t\t\t\t<div><div><div><div><p><span style=\"background-color: transparent;color: #666666;font-family: Poppins, Helvetica, Arial, Lucida, sans-serif;font-size: 14px;text-align: justify\">A exposi\u00e7\u00e3o excessiva ao sol e ao calor sem a prote\u00e7\u00e3o adequada, os produtos que utiliza e maus h\u00e1bitos de escovagem podem prejudicar a fibra capilar. Nenhum destes fatores exclui o outro; de facto, a combina\u00e7\u00e3o de um ou v\u00e1rios pode resultar em danos irrepar\u00e1veis.  <\/span><\/p><p style=\"margin: 0px;padding: 0px;border: 0px;font-size: 14px;vertical-align: baseline;background-image: initial;background-position: initial;background-size: initial;background-repeat: initial;background-attachment: initial;color: #666666;font-family: Poppins, Helvetica, Arial, Lucida, sans-serif;text-align: justify\"><span style=\"margin: 0px;padding: 0px;border: 0px;vertical-align: baseline;background: transparent\">Para poder corrigir h\u00e1bitos prejudiciais para o seu cabelo, \u00e9 necess\u00e1rio identific\u00e1-los. A seguir, algumas das raz\u00f5es por tr\u00e1s do cabelo seco <\/span><b style=\"margin: 0px;padding: 0px;border: 0px;vertical-align: baseline;background: transparent\">:<\/b><span style=\"margin: 0px;padding: 0px;border: 0px;vertical-align: baseline;background: transparent\">  <\/span><\/p><\/div><\/div><\/div><\/div>\t\t\t\t\t\t\t\t<\/div>\n\t\t\t\t<\/div>\n\t\t\t\t<div class=\"elementor-element elementor-element-57502d9 elementor-widget elementor-widget-text-editor\" data-id=\"57502d9\" data-element_type=\"widget\" data-widget_type=\"text-editor.default\">\n\t\t\t\t<div class=\"elementor-widget-container\">\n\t\t\t\t\t\t\t\t\t<div style=\"margin: 0px;padding: 0px;border: 0px;font-size: 14px;vertical-align: baseline;background: 50% center \/ cover no-repeat #ffffff;position: relative;font-family: Poppins, Helvetica, Arial, Lucida, sans-serif;text-align: left;color: #666666;font-style: normal;font-weight: 500;letter-spacing: normal;text-indent: 0px;text-transform: none\"><span style=\"color: #ef7a50;font-family: 'Gelica Light', Helvetica, Arial, Lucida, sans-serif;font-size: 22px\">Falta de hidrata\u00e7\u00e3o:<\/span><\/div>\t\t\t\t\t\t\t\t<\/div>\n\t\t\t\t<\/div>\n\t\t\t\t<div class=\"elementor-element elementor-element-177e816 elementor-widget elementor-widget-text-editor\" data-id=\"177e816\" data-element_type=\"widget\" data-widget_type=\"text-editor.default\">\n\t\t\t\t<div class=\"elementor-widget-container\">\n\t\t\t\t\t\t\t\t\t<div><div><div><div><p><span style=\"color: #666666;font-family: Poppins, Helvetica, Arial, Lucida, sans-serif;font-size: 14px;text-align: justify;background-image: initial;background-position: initial;background-size: initial;background-repeat: initial;background-attachment: initial;margin: 0px;padding: 0px;border: 0px;vertical-align: baseline\">O cabelo<\/span> <b style=\"color: #666666;font-family: Poppins, Helvetica, Arial, Lucida, sans-serif;font-size: 14px;text-align: justify;background-image: initial;background-position: initial;background-size: initial;background-repeat: initial;background-attachment: initial;margin: 0px;padding: 0px;border: 0px;vertical-align: baseline\">precisa de humidade para se manter suave e saud\u00e1vel<\/b><span style=\"color: #666666;font-family: Poppins, Helvetica, Arial, Lucida, sans-serif;font-size: 14px;text-align: justify;background-image: initial;background-position: initial;background-size: initial;background-repeat: initial;background-attachment: initial;margin: 0px;padding: 0px;border: 0px;vertical-align: baseline\">, e isto inclui tamb\u00e9m a hidrata\u00e7\u00e3o que d\u00e1 ao seu corpo atrav\u00e9s do consumo de l\u00edquidos. Beber \u00e1gua suficiente e usar amaciadores hidratantes e m\u00e1scaras capilares pode ajudar a melhorar a hidrata\u00e7\u00e3o do cabelo. <\/span><\/p><\/div><\/div><\/div><\/div>\t\t\t\t\t\t\t\t<\/div>\n\t\t\t\t<\/div>\n\t\t\t\t<div class=\"elementor-element elementor-element-02b8952 elementor-widget elementor-widget-text-editor\" data-id=\"02b8952\" data-element_type=\"widget\" data-widget_type=\"text-editor.default\">\n\t\t\t\t<div class=\"elementor-widget-container\">\n\t\t\t\t\t\t\t\t\t<div style=\"margin: 0px;padding: 0px;border: 0px;font-size: 14px;vertical-align: baseline;background: 50% center \/ cover no-repeat #ffffff;position: relative;font-family: Poppins, Helvetica, Arial, Lucida, sans-serif;text-align: left;color: #666666;font-style: normal;font-weight: 500;letter-spacing: normal;text-indent: 0px;text-transform: none\"><span style=\"color: #ef7a50;font-family: 'Gelica Light', Helvetica, Arial, Lucida, sans-serif;font-size: 22px\">Uso excessivo de ferramentas de calor:<\/span><\/div>\t\t\t\t\t\t\t\t<\/div>\n\t\t\t\t<\/div>\n\t\t\t\t<div class=\"elementor-element elementor-element-4044465 elementor-widget elementor-widget-text-editor\" data-id=\"4044465\" data-element_type=\"widget\" data-widget_type=\"text-editor.default\">\n\t\t\t\t<div class=\"elementor-widget-container\">\n\t\t\t\t\t\t\t\t\t<div><div><div><div><p><span style=\"color: #666666;font-family: Poppins, Helvetica, Arial, Lucida, sans-serif;font-size: 14px;text-align: justify;background-image: initial;background-position: initial;background-size: initial;background-repeat: initial;background-attachment: initial;margin: 0px;padding: 0px;border: 0px;vertical-align: baseline\">O uso frequente de ferramentas de calor como placas para o cabelo, secadores e modeladores<\/span> <b style=\"color: #666666;font-family: Poppins, Helvetica, Arial, Lucida, sans-serif;font-size: 14px;text-align: justify;background-image: initial;background-position: initial;background-size: initial;background-repeat: initial;background-attachment: initial;margin: 0px;padding: 0px;border: 0px;vertical-align: baseline\">pode eliminar a humidade natural do cabelo<\/b><span style=\"color: #666666;font-family: Poppins, Helvetica, Arial, Lucida, sans-serif;font-size: 14px;text-align: justify;background-image: initial;background-position: initial;background-size: initial;background-repeat: initial;background-attachment: initial;margin: 0px;padding: 0px;border: 0px;vertical-align: baseline\">, danificando a cut\u00edcula e provocando secura. Tente reduzir o uso destas ferramentas e, quando as utilizar, assegure-se de aplicar um  <\/span><a style=\"font-family: Poppins, Helvetica, Arial, Lucida, sans-serif;font-size: 14px;text-align: justify;margin: 0px;padding: 0px;border: 0px;vertical-align: baseline;background: #ffffff;color: #edb059\" href=\"https:\/\/www.clarel.es\/es\/cabello-tratamiento-mascarillas-p-247623\" target=\"_blank\" rel=\"noopener\">\n  <span style=\"margin: 0px;padding: 0px;border: 0px;vertical-align: baseline;background: transparent\">protetor t\u00e9rmico<\/span>\n<\/a><span style=\"color: #666666;font-family: Poppins, Helvetica, Arial, Lucida, sans-serif;font-size: 14px;text-align: justify;background-image: initial;background-position: initial;background-size: initial;background-repeat: initial;background-attachment: initial;margin: 0px;padding: 0px;border: 0px;vertical-align: baseline\"> para minimizar os danos.<\/span><\/p><\/div><\/div><\/div><\/div>\t\t\t\t\t\t\t\t<\/div>\n\t\t\t\t<\/div>\n\t\t\t\t<div class=\"elementor-element elementor-element-1251d89 elementor-widget elementor-widget-text-editor\" data-id=\"1251d89\" data-element_type=\"widget\" data-widget_type=\"text-editor.default\">\n\t\t\t\t<div class=\"elementor-widget-container\">\n\t\t\t\t\t\t\t\t\t<div style=\"margin: 0px;padding: 0px;border: 0px;font-size: 14px;vertical-align: baseline;background: 50% center \/ cover no-repeat #ffffff;position: relative;font-family: Poppins, Helvetica, Arial, Lucida, sans-serif;text-align: left;color: #666666;font-style: normal;font-weight: 500;letter-spacing: normal;text-indent: 0px;text-transform: none\"><span style=\"color: #ef7a50;font-family: 'Gelica Light', Helvetica, Arial, Lucida, sans-serif;font-size: 22px\">Produtos capilares inadequados:<\/span><\/div>\t\t\t\t\t\t\t\t<\/div>\n\t\t\t\t<\/div>\n\t\t\t\t<div class=\"elementor-element elementor-element-d026c9b elementor-widget elementor-widget-text-editor\" data-id=\"d026c9b\" data-element_type=\"widget\" data-widget_type=\"text-editor.default\">\n\t\t\t\t<div class=\"elementor-widget-container\">\n\t\t\t\t\t\t\t\t\t<div><div><div><div><p><span style=\"color: #666666;font-family: Poppins, Helvetica, Arial, Lucida, sans-serif;font-size: 14px;text-align: justify;background: transparent;margin: 0px;padding: 0px;border: 0px;vertical-align: baseline\">O uso de<\/span><b style=\"color: #666666;font-family: Poppins, Helvetica, Arial, Lucida, sans-serif;font-size: 14px;text-align: justify;background: transparent;margin: 0px;padding: 0px;border: 0px;vertical-align: baseline\"> champ\u00f4s agressivos ou amaciadores que cont\u00eam qu\u00edmicos fortes<\/b><span style=\"color: #666666;font-family: Poppins, Helvetica, Arial, Lucida, sans-serif;font-size: 14px;text-align: justify;background: transparent;margin: 0px;padding: 0px;border: 0px;vertical-align: baseline\">, pode contribuir para o cabelo seco, pois tendem a eliminar os \u00f3leos naturais do couro cabeludo.<\/span> <\/p><p style=\"margin: 0px;padding: 0px;border: 0px;font-size: 14px;vertical-align: baseline;background-image: initial;background-position: initial;background-size: initial;background-repeat: initial;background-attachment: initial;color: #666666;font-family: Poppins, Helvetica, Arial, Lucida, sans-serif;text-align: justify\"><span style=\"margin: 0px;padding: 0px;border: 0px;vertical-align: baseline;background: transparent\">Opte por produtos suaves, sem sulfatos e sem \u00e1lcool, que estejam concebidos para cabelo seco ou danificado. Igualmente, assegure-se de enxaguar bem o cabelo depois de usar qualquer produto para evitar a acumula\u00e7\u00e3o de res\u00edduos e  <\/span><a style=\"margin: 0px;padding: 0px;border: 0px;vertical-align: baseline;background-image: initial;background-position: initial;background-size: initial;background-repeat: initial;background-attachment: initial;color: #edb059\" href=\"https:\/\/es.wikihow.com\/secar-tu-cabello-con-toalla\" target=\"_blank\" rel=\"noopener\">retire a maior humidade poss\u00edvel com uma toalha.<\/a><\/p><\/div><\/div><\/div><\/div>\t\t\t\t\t\t\t\t<\/div>\n\t\t\t\t<\/div>\n\t\t\t\t<div class=\"elementor-element elementor-element-b10b3c4 elementor-widget elementor-widget-text-editor\" data-id=\"b10b3c4\" data-element_type=\"widget\" data-widget_type=\"text-editor.default\">\n\t\t\t\t<div class=\"elementor-widget-container\">\n\t\t\t\t\t\t\t\t\t<div style=\"margin: 0px;padding: 0px;border: 0px;font-size: 14px;vertical-align: baseline;background: 50% center \/ cover no-repeat #ffffff;position: relative;font-family: Poppins, Helvetica, Arial, Lucida, sans-serif;text-align: left;color: #666666;font-style: normal;font-weight: 500;letter-spacing: normal;text-indent: 0px;text-transform: none\"><div style=\"margin: 0px;padding: 0px;border: 0px;font-size: 14px;vertical-align: baseline;background: transparent;position: relative\"><span style=\"background-color: transparent;color: #ef7a50;font-family: 'Gelica Light', Helvetica, Arial, Lucida, sans-serif;font-size: 26px;text-align: center\">O diagn\u00f3stico do cabelo seco: como saber se o seu cabelo precisa de hidrata\u00e7\u00e3o<\/span><\/div><\/div>\t\t\t\t\t\t\t\t<\/div>\n\t\t\t\t<\/div>\n\t\t\t\t<div class=\"elementor-element elementor-element-b277b93 elementor-widget elementor-widget-text-editor\" data-id=\"b277b93\" data-element_type=\"widget\" data-widget_type=\"text-editor.default\">\n\t\t\t\t<div class=\"elementor-widget-container\">\n\t\t\t\t\t\t\t\t\t<div><div><div><div><p><span style=\"color: #666666;font-family: Poppins, Helvetica, Arial, Lucida, sans-serif;font-size: 14px;text-align: justify;background-image: initial;background-position: initial;background-size: initial;background-repeat: initial;background-attachment: initial;margin: 0px;padding: 0px;border: 0px;vertical-align: baseline\">O cabelo seco pode apresentar v\u00e1rios sinais e sintomas que lhe indicar\u00e3o se precisa de hidrata\u00e7\u00e3o. Que sinais deve procurar para saber se \u00e9 momento de procurar  <\/span><b style=\"color: #666666;font-family: Poppins, Helvetica, Arial, Lucida, sans-serif;font-size: 14px;text-align: justify;background-image: initial;background-position: initial;background-size: initial;background-repeat: initial;background-attachment: initial;margin: 0px;padding: 0px;border: 0px;vertical-align: baseline\">tratamentos para o cabelo danificado<\/b><span style=\"color: #666666;font-family: Poppins, Helvetica, Arial, Lucida, sans-serif;font-size: 14px;text-align: justify;background-image: initial;background-position: initial;background-size: initial;background-repeat: initial;background-attachment: initial;margin: 0px;padding: 0px;border: 0px;vertical-align: baseline\">?:<\/span><\/p><ul style=\"margin: 0px;padding: 0px 0px 23px 1em;font-size: 14px;background-color: #ffffff;line-height: 26px;color: #666666;font-family: Poppins, Helvetica, Arial, Lucida, sans-serif\"><li style=\"margin: 0px;padding: 0px;font-size: 14px\"><b style=\"margin: 0px;padding: 0px;border: 0px;vertical-align: baseline;background: transparent\">Textura \u00e1spera e desigual<\/b> <span style=\"margin: 0px;padding: 0px;border: 0px;vertical-align: baseline;background: transparent\">que impede que se deslice suavemente pelos seus dedos.<\/span> <\/li><li style=\"margin: 0px;padding: 0px;font-size: 14px\"><b style=\"margin: 0px;padding: 0px;border: 0px;vertical-align: baseline;background: transparent\">Aspeto opaco<\/b><span style=\"margin: 0px;padding: 0px;border: 0px;vertical-align: baseline;background: transparent\"> e sem brilho.<\/span> <\/li><li style=\"margin: 0px;padding: 0px;font-size: 14px\"><span style=\"margin: 0px;padding: 0px;border: 0px;vertical-align: baseline;background: transparent\">Frizz e<\/span><b style=\"margin: 0px;padding: 0px;border: 0px;vertical-align: baseline;background: transparent\"> cabelo frisado<\/b><span style=\"margin: 0px;padding: 0px;border: 0px;vertical-align: baseline;background: transparent\">, rebelde e dif\u00edcil de controlar.<\/span> <\/li><li style=\"margin: 0px;padding: 0px;font-size: 14px\"><b style=\"margin: 0px;padding: 0px;border: 0px;vertical-align: baseline;background: transparent\">Pontas abertas<\/b><span style=\"margin: 0px;padding: 0px;border: 0px;vertical-align: baseline;background: transparent\"> e quebradi\u00e7as.<\/span> <\/li><li style=\"margin: 0px;padding: 0px;font-size: 14px\"><b style=\"margin: 0px;padding: 0px;border: 0px;vertical-align: baseline;background: transparent\">Escasso movimento<\/b><span style=\"margin: 0px;padding: 0px;border: 0px;vertical-align: baseline;background: transparent\"> e flexibilidade.<\/span> <\/li><li style=\"margin: 0px;padding: 0px;font-size: 14px\"><b style=\"margin: 0px;padding: 0px;border: 0px;vertical-align: baseline;background: transparent\">Comich\u00e3o<\/b><span style=\"margin: 0px;padding: 0px;border: 0px;vertical-align: baseline;background: transparent\">, secura e\/ou descama\u00e7\u00e3o no couro cabeludo.<\/span> <\/li><\/ul><\/div><\/div><\/div><\/div>\t\t\t\t\t\t\t\t<\/div>\n\t\t\t\t<\/div>\n\t\t\t\t<div class=\"elementor-element elementor-element-7bfa5d2 elementor-widget elementor-widget-text-editor\" data-id=\"7bfa5d2\" data-element_type=\"widget\" data-widget_type=\"text-editor.default\">\n\t\t\t\t<div class=\"elementor-widget-container\">\n\t\t\t\t\t\t\t\t\t<div style=\"margin: 0px;padding: 0px;border: 0px;font-size: 14px;vertical-align: baseline;background: 50% center \/ cover no-repeat #ffffff;position: relative;font-family: Poppins, Helvetica, Arial, Lucida, sans-serif;text-align: left;color: #666666;font-style: normal;font-weight: 500;letter-spacing: normal;text-indent: 0px;text-transform: none\"><div style=\"margin: 0px;padding: 0px;border: 0px;font-size: 14px;vertical-align: baseline;background: transparent;position: relative\"><span style=\"background-color: transparent;color: #ef7a50;font-family: 'Gelica Light', Helvetica, Arial, Lucida, sans-serif;font-size: 26px;text-align: center\">Os tratamentos mais eficazes para o cabelo danificado: recupere a hidrata\u00e7\u00e3o e o brilho do seu cabelo!<\/span><\/div><\/div>\t\t\t\t\t\t\t\t<\/div>\n\t\t\t\t<\/div>\n\t\t\t\t<div class=\"elementor-element elementor-element-c1d10d7 elementor-widget elementor-widget-text-editor\" data-id=\"c1d10d7\" data-element_type=\"widget\" data-widget_type=\"text-editor.default\">\n\t\t\t\t<div class=\"elementor-widget-container\">\n\t\t\t\t\t\t\t\t\t<div><div><div><div><p><span style=\"background-image: initial;background-position: initial;background-size: initial;background-repeat: initial;background-attachment: initial;margin: 0px;padding: 0px;border: 0px;font-size: 14px;vertical-align: baseline;color: #666666;font-family: Poppins, Helvetica, Arial, Lucida, sans-serif\">Hidratar o cabelo seco de maneira recorrente ser\u00e1 sempre melhor op\u00e7\u00e3o do que esperar que o sol, o cloro e o salitre que abundam no ver\u00e3o causem estragos nele. Que tratamentos pode seguir em casa para reparar o  <\/span><b style=\"background-image: initial;background-position: initial;background-size: initial;background-repeat: initial;background-attachment: initial;margin: 0px;padding: 0px;border: 0px;font-size: 14px;vertical-align: baseline;color: #666666;font-family: Poppins, Helvetica, Arial, Lucida, sans-serif\">cabelo seco e danificado<\/b><span style=\"background-image: initial;background-position: initial;background-size: initial;background-repeat: initial;background-attachment: initial;margin: 0px;padding: 0px;border: 0px;font-size: 14px;vertical-align: baseline;color: #666666;font-family: Poppins, Helvetica, Arial, Lucida, sans-serif\">? Falemos dos nossos produtos favoritos:  <\/span><\/p><\/div><\/div><\/div><\/div>\t\t\t\t\t\t\t\t<\/div>\n\t\t\t\t<\/div>\n\t\t\t\t<div class=\"elementor-element elementor-element-c455a5e elementor-widget elementor-widget-text-editor\" data-id=\"c455a5e\" data-element_type=\"widget\" data-widget_type=\"text-editor.default\">\n\t\t\t\t<div class=\"elementor-widget-container\">\n\t\t\t\t\t\t\t\t\t<div style=\"margin: 0px;padding: 0px;border: 0px;font-size: 14px;vertical-align: baseline;background: 50% center \/ cover no-repeat #ffffff;position: relative;font-family: Poppins, Helvetica, Arial, Lucida, sans-serif;text-align: left;color: #666666;font-style: normal;font-weight: 500;letter-spacing: normal;text-indent: 0px;text-transform: none\"><span style=\"background-color: transparent;color: #ef7a50;font-family: 'Gelica Light', Helvetica, Arial, Lucida, sans-serif;font-size: 22px\">M\u00e1scaras capilares nutritivas<\/span><\/div>\t\t\t\t\t\t\t\t<\/div>\n\t\t\t\t<\/div>\n\t\t\t\t<div class=\"elementor-element elementor-element-18ba5bd elementor-widget elementor-widget-text-editor\" data-id=\"18ba5bd\" data-element_type=\"widget\" data-widget_type=\"text-editor.default\">\n\t\t\t\t<div class=\"elementor-widget-container\">\n\t\t\t\t\t\t\t\t\t<div><div><div><div><p>As <a style=\"font-family: Poppins, Helvetica, Arial, Lucida, sans-serif;font-size: 14px;background: #ffffff;margin: 0px;padding: 0px;border: 0px;vertical-align: baseline;color: #edb059\" href=\"https:\/\/www.clarel.es\/es\/cabello\/mascarillas\" target=\"_blank\" rel=\"noopener\">m\u00e1scaras capilares<\/a><span style=\"color: #666666;font-family: Poppins, Helvetica, Arial, Lucida, sans-serif;font-size: 14px;background: transparent;margin: 0px;padding: 0px;border: 0px;vertical-align: baseline\"> s\u00e3o uma excelente op\u00e7\u00e3o para reparar o cabelo danificado. Procure uma m\u00e1scara rica em ingredientes hidratantes e nutritivos, como \u00f3leo de arg\u00e3o, \u00f3leo de coco, aloe vera ou queratina.  <\/span><\/p><p style=\"margin: 0px;padding: 0px;border: 0px;font-size: 14px;vertical-align: baseline;background-image: initial;background-position: initial;background-size: initial;background-repeat: initial;background-attachment: initial;color: #666666;font-family: Poppins, Helvetica, Arial, Lucida, sans-serif\"><span style=\"margin: 0px;padding: 0px;border: 0px;vertical-align: baseline;background: transparent\">Deves aplicar um pouco do produto no cabelo h\u00famido, desde a raiz at\u00e9 \u00e0s pontas, e <b style=\"margin: 0px;padding: 0px;border: 0px;vertical-align: baseline;background: transparent\">deix\u00e1-lo atuar durante 20 minutos, ou at\u00e9 mesmo durante toda a noite, retirando-o no dia seguinte com bastante \u00e1gua<\/b>. \u00c9 perfeito como m\u00e9todo de resgate para cabelo danificado. <\/span><\/p><\/div><\/div><\/div><\/div>\t\t\t\t\t\t\t\t<\/div>\n\t\t\t\t<\/div>\n\t\t\t\t<div class=\"elementor-element elementor-element-855d194 elementor-widget elementor-widget-text-editor\" data-id=\"855d194\" data-element_type=\"widget\" data-widget_type=\"text-editor.default\">\n\t\t\t\t<div class=\"elementor-widget-container\">\n\t\t\t\t\t\t\t\t\t<div style=\"margin: 0px;padding: 0px;border: 0px;font-size: 14px;vertical-align: baseline;background: 50% center \/ cover no-repeat #ffffff;position: relative;font-family: Poppins, Helvetica, Arial, Lucida, sans-serif;text-align: left;color: #666666;font-style: normal;font-weight: 500;letter-spacing: normal;text-indent: 0px;text-transform: none\"><span style=\"background-color: transparent;color: #ef7a50;font-family: 'Gelica Light', Helvetica, Arial, Lucida, sans-serif;font-size: 22px\">Tratamento com \u00f3leos naturais<\/span><\/div>\t\t\t\t\t\t\t\t<\/div>\n\t\t\t\t<\/div>\n\t\t\t\t<div class=\"elementor-element elementor-element-9ce2b78 elementor-widget elementor-widget-text-editor\" data-id=\"9ce2b78\" data-element_type=\"widget\" data-widget_type=\"text-editor.default\">\n\t\t\t\t<div class=\"elementor-widget-container\">\n\t\t\t\t\t\t\t\t\t<div><div><div><div><p><span style=\"color: #666666;font-family: Poppins, Helvetica, Arial, Lucida, sans-serif;font-size: 14px;background: transparent;margin: 0px;padding: 0px;border: 0px;vertical-align: baseline\">Os \u00f3leos naturais, como o<\/span> <span style=\"color: #666666;font-family: Poppins, Helvetica, Arial, Lucida, sans-serif;font-size: 14px;background: transparent;margin: 0px;padding: 0px;border: 0px;vertical-align: baseline;font-weight: bold\">\u00f3leo de<\/span> <span style=\"color: #666666;font-family: Poppins, Helvetica, Arial, Lucida, sans-serif;font-size: 14px;background: transparent;margin: 0px;padding: 0px;border: 0px;vertical-align: baseline\"><span style=\"margin: 0px;padding: 0px;border: 0px;vertical-align: baseline;background: transparent;font-weight: bold\">arg\u00e3o<\/span>,<\/span><span style=\"color: #666666;font-family: Poppins, Helvetica, Arial, Lucida, sans-serif;font-size: 14px;background: transparent;margin: 0px;padding: 0px;border: 0px;vertical-align: baseline\"> \u00f3leo de am\u00eandoas, \u00f3leo de jojoba ou \u00f3leo de abacate, s\u00e3o excelentes para reparar o cabelo danificado.<\/span> <\/p><p style=\"margin: 0px;padding: 0px;border: 0px;font-size: 14px;vertical-align: baseline;background-image: initial;background-position: initial;background-size: initial;background-repeat: initial;background-attachment: initial;color: #666666;font-family: Poppins, Helvetica, Arial, Lucida, sans-serif\"><span style=\"margin: 0px;padding: 0px;border: 0px;vertical-align: baseline;background: transparent\">Pode aplicar o \u00f3leo sobre o cabelo seco, massajando suavemente desde as ra\u00edzes at\u00e9 \u00e0s pontas. Envolva o seu cabelo numa toalha morna ou numa touca de banho e deixe-o atuar durante pelo menos 30 minutos ou inclusive durante toda a noite, e depois enxague com \u00e1gua e champ\u00f4. Os \u00f3leos naturais ajudar\u00e3o a hidratar, nutrir e fortalecer o seu cabelo danificado.  <\/span><\/p><\/div><\/div><\/div><\/div>\t\t\t\t\t\t\t\t<\/div>\n\t\t\t\t<\/div>\n\t\t<div class=\"elementor-element elementor-element-72cf7d5 e-con-full e-flex e-con e-child\" data-id=\"72cf7d5\" data-element_type=\"container\">\n\t\t<div class=\"elementor-element elementor-element-87b49d7 e-con-full e-flex e-con e-child\" data-id=\"87b49d7\" data-element_type=\"container\">\n\t\t\t\t<div class=\"elementor-element elementor-element-91529eb elementor-cta--layout-image-right elementor-widget__width-initial elementor-cta--skin-classic elementor-animated-content elementor-widget elementor-widget-call-to-action\" data-id=\"91529eb\" data-element_type=\"widget\" data-widget_type=\"call-to-action.default\">\n\t\t\t\t<div class=\"elementor-widget-container\">\n\t\t\t\t\t\t\t<a class=\"elementor-cta\" href=\"https:\/\/www.clarel.es\/pt\/serum-oleo-de-argao-arganour-50ml-285817\" target=\"_blank\">\n\t\t\t\t\t\t\t<div class=\"elementor-cta__content\">\n\t\t\t\t\t\t\t\t\t<div class=\"elementor-content-item elementor-cta__content-item elementor-cta__image\">\n\t\t\t\t\t\t<img decoding=\"async\" src=\"https:\/\/clarel.imgix.net\/media\/catalog\/product\/S\/_\/S_rum_Capilar_Con_Aceite_De_Arg_n_Arganour_a43f6b5a73df241cd8130a12446bd0d9ef8ce2f8_285817_1_PHENTIA.jpg\" title=\"\" alt=\"\" loading=\"lazy\" \/>\t\t\t\t\t<\/div>\n\t\t\t\t\n\t\t\t\t\t\t\t\t\t<div class=\"elementor-cta__title elementor-cta__content-item elementor-content-item\">\n\t\t\t\t\t\tARGANOUR\t\t\t\t\t<\/div>\n\t\t\t\t\n\t\t\t\t\t\t\t\t\t<div class=\"elementor-cta__description elementor-cta__content-item elementor-content-item\">\n\t\t\t\t\t\tS\u00e9rum \u00d3leo de Arg\u00e3o 50 ml<br>\n  <br><x id=\"gid_0\"><\/x><x id=\"gid_1\"><\/x>6,99\u20ac\n<\/span> <\/b>\t\t\t\t\t<\/div>\n\t\t\t\t\n\t\t\t\t\t\t\t\t\t<div class=\"elementor-cta__button-wrapper elementor-cta__content-item elementor-content-item \">\n\t\t\t\t\t<span class=\"elementor-cta__button elementor-button elementor-size-\">\n\t\t\t\t\t\tCOMPRAR\t\t\t\t\t<\/span>\n\t\t\t\t\t<\/div>\n\t\t\t\t\t\t\t<\/div>\n\t\t\t\t\t\t<\/a>\n\t\t\t\t\t\t<\/div>\n\t\t\t\t<\/div>\n\t\t\t\t<\/div>\n\t\t\t\t<\/div>\n\t\t<div class=\"elementor-element elementor-element-696bb48 e-con-full e-flex e-con e-child\" data-id=\"696bb48\" data-element_type=\"container\">\n\t\t\t\t<div class=\"elementor-element elementor-element-2758946 elementor-widget elementor-widget-text-editor\" data-id=\"2758946\" data-element_type=\"widget\" data-widget_type=\"text-editor.default\">\n\t\t\t\t<div class=\"elementor-widget-container\">\n\t\t\t\t\t\t\t\t\t<div style=\"margin: 0px;padding: 0px;border: 0px;font-size: 14px;vertical-align: baseline;background: 50% center \/ cover no-repeat #ffffff;position: relative;font-family: Poppins, Helvetica, Arial, Lucida, sans-serif;text-align: left;color: #666666;font-style: normal;font-weight: 500;letter-spacing: normal;text-indent: 0px;text-transform: none\"><span style=\"background-color: transparent;color: #ef7a50;font-family: 'Gelica Light', Helvetica, Arial, Lucida, sans-serif;font-size: 22px\">Tratamento<\/span> <span style=\"background-color: transparent;color: #ef7a50;font-family: 'Gelica Light', Helvetica, Arial, Lucida, sans-serif;font-size: 22px\">de prote\u00ednas<\/span><\/div>\t\t\t\t\t\t\t\t<\/div>\n\t\t\t\t<\/div>\n\t\t\t\t<div class=\"elementor-element elementor-element-69b16e4 elementor-widget elementor-widget-text-editor\" data-id=\"69b16e4\" data-element_type=\"widget\" data-widget_type=\"text-editor.default\">\n\t\t\t\t<div class=\"elementor-widget-container\">\n\t\t\t\t\t\t\t\t\t<div><div><div><div><p><span style=\"color: #666666;font-family: Poppins, Helvetica, Arial, Lucida, sans-serif;font-size: 14px;background-image: initial;background-position: initial;background-size: initial;background-repeat: initial;background-attachment: initial;margin: 0px;padding: 0px;border: 0px;vertical-align: baseline\">Pode optar por um<\/span> <span style=\"color: #666666;font-family: Poppins, Helvetica, Arial, Lucida, sans-serif;font-size: 14px;background-image: initial;background-position: initial;background-size: initial;background-repeat: initial;background-attachment: initial;margin: 0px;padding: 0px;border: 0px;vertical-align: baseline\">tratamento em ampolas<\/span><span style=\"color: #666666;font-family: Poppins, Helvetica, Arial, Lucida, sans-serif;font-size: 14px;background-image: initial;background-position: initial;background-size: initial;background-repeat: initial;background-attachment: initial;margin: 0px;padding: 0px;border: 0px;vertical-align: baseline\">, muito eficazes para conseguir uma repara\u00e7\u00e3o profunda, ou pode optar por m\u00e1scaras naturais com ovo, azeite e mel.<\/span><\/p><\/div><\/div><\/div><\/div>\t\t\t\t\t\t\t\t<\/div>\n\t\t\t\t<\/div>\n\t\t\t\t<\/div>\n\t\t<div class=\"elementor-element elementor-element-85eec43 e-con-full e-flex e-con e-child\" data-id=\"85eec43\" data-element_type=\"container\">\n\t\t<div class=\"elementor-element elementor-element-7604b87 e-con-full e-flex e-con e-child\" data-id=\"7604b87\" data-element_type=\"container\">\n\t\t\t\t<div class=\"elementor-element elementor-element-21197de elementor-cta--layout-image-right elementor-widget__width-initial elementor-cta--skin-classic elementor-animated-content elementor-widget elementor-widget-call-to-action\" data-id=\"21197de\" data-element_type=\"widget\" data-widget_type=\"call-to-action.default\">\n\t\t\t\t<div class=\"elementor-widget-container\">\n\t\t\t\t\t\t\t<a class=\"elementor-cta\" href=\"https:\/\/www.clarel.es\/pt\/ampolas-resgate-repara-e-protege-pantene-pro-v-45ml-168171\" target=\"_blank\">\n\t\t\t\t\t\t\t<div class=\"elementor-cta__content\">\n\t\t\t\t\t\t\t\t\t<div class=\"elementor-content-item elementor-cta__content-item elementor-cta__image\">\n\t\t\t\t\t\t<img decoding=\"async\" src=\"https:\/\/clarel.imgix.net\/media\/catalog\/product\/1\/6\/168171_1_8857.jpg\" title=\"\" alt=\"\" loading=\"lazy\" \/>\t\t\t\t\t<\/div>\n\t\t\t\t\n\t\t\t\t\t\t\t\t\t<div class=\"elementor-cta__title elementor-cta__content-item elementor-content-item\">\n\t\t\t\t\t\tPANTENE\t\t\t\t\t<\/div>\n\t\t\t\t\n\t\t\t\t\t\t\t\t\t<div class=\"elementor-cta__description elementor-cta__content-item elementor-content-item\">\n\t\t\t\t\t\tAmpolas Resgate Repara  Protege 45Ml <br>\n  <br><x id=\"gid_0\"><\/x><x id=\"gid_1\"><\/x>5,55\u20ac\n<\/span> <\/b>\t\t\t\t\t<\/div>\n\t\t\t\t\n\t\t\t\t\t\t\t\t\t<div class=\"elementor-cta__button-wrapper elementor-cta__content-item elementor-content-item \">\n\t\t\t\t\t<span class=\"elementor-cta__button elementor-button elementor-size-\">\n\t\t\t\t\t\tCOMPRAR\t\t\t\t\t<\/span>\n\t\t\t\t\t<\/div>\n\t\t\t\t\t\t\t<\/div>\n\t\t\t\t\t\t<\/a>\n\t\t\t\t\t\t<\/div>\n\t\t\t\t<\/div>\n\t\t\t\t<\/div>\n\t\t\t\t<\/div>\n\t\t<div class=\"elementor-element elementor-element-b8a091a e-con-full e-flex e-con e-child\" data-id=\"b8a091a\" data-element_type=\"container\">\n\t\t\t\t<div class=\"elementor-element elementor-element-6988e63 elementor-widget elementor-widget-text-editor\" data-id=\"6988e63\" data-element_type=\"widget\" data-widget_type=\"text-editor.default\">\n\t\t\t\t<div class=\"elementor-widget-container\">\n\t\t\t\t\t\t\t\t\t<div style=\"margin: 0px;padding: 0px;border: 0px;font-size: 14px;vertical-align: baseline;background: 50% center \/ cover no-repeat #ffffff;position: relative;font-family: Poppins, Helvetica, Arial, Lucida, sans-serif;text-align: left;color: #666666;font-style: normal;font-weight: 500;letter-spacing: normal;text-indent: 0px;text-transform: none\"><div style=\"margin: 0px;padding: 0px;border: 0px;font-size: 14px;vertical-align: baseline;background: transparent;position: relative\"><span style=\"background-color: transparent;color: #ef7a50;font-family: 'Gelica Light', Helvetica, Arial, Lucida, sans-serif;font-size: 26px;text-align: center\">Rem\u00e9dios caseiros para o cabelo seco: solu\u00e7\u00f5es naturais para hidratar o seu cabelo<\/span><\/div><\/div>\t\t\t\t\t\t\t\t<\/div>\n\t\t\t\t<\/div>\n\t\t\t\t<div class=\"elementor-element elementor-element-4772328 elementor-widget elementor-widget-text-editor\" data-id=\"4772328\" data-element_type=\"widget\" data-widget_type=\"text-editor.default\">\n\t\t\t\t<div class=\"elementor-widget-container\">\n\t\t\t\t\t\t\t\t\t<div><div><div><div><p><span style=\"color: #666666;font-family: Poppins, Helvetica, Arial, Lucida, sans-serif;font-size: 14px\">O cabelo seco pode ser um problema frustrante, mas felizmente existem numerosos rem\u00e9dios caseiros que pode experimentar para hidratar o seu cabelo de forma natural. Tome nota! <\/span><\/p><\/div><\/div><\/div><\/div>\t\t\t\t\t\t\t\t<\/div>\n\t\t\t\t<\/div>\n\t\t\t\t<div class=\"elementor-element elementor-element-6611456 elementor-widget elementor-widget-text-editor\" data-id=\"6611456\" data-element_type=\"widget\" data-widget_type=\"text-editor.default\">\n\t\t\t\t<div class=\"elementor-widget-container\">\n\t\t\t\t\t\t\t\t\t<div style=\"margin: 0px;padding: 0px;border: 0px;font-size: 14px;vertical-align: baseline;background: 50% center \/ cover no-repeat #ffffff;position: relative;font-family: Poppins, Helvetica, Arial, Lucida, sans-serif;text-align: left;color: #666666;font-style: normal;font-weight: 500;letter-spacing: normal;text-indent: 0px;text-transform: none\"><span style=\"background-color: transparent;color: #ef7a50;font-family: 'Gelica Light', Helvetica, Arial, Lucida, sans-serif;font-size: 22px\">\u00d3leo de coco<\/span><\/div>\t\t\t\t\t\t\t\t<\/div>\n\t\t\t\t<\/div>\n\t\t\t\t<div class=\"elementor-element elementor-element-7312525 elementor-widget elementor-widget-text-editor\" data-id=\"7312525\" data-element_type=\"widget\" data-widget_type=\"text-editor.default\">\n\t\t\t\t<div class=\"elementor-widget-container\">\n\t\t\t\t\t\t\t\t\t<div><div><div><div><p><span style=\"background-color: transparent;color: #666666;font-family: Poppins, Helvetica, Arial, Lucida, sans-serif;font-size: 14px\">O \u00f3leo de coco \u00e9 um hidratante natural rico em \u00e1cidos gordos que pode proporcionar hidrata\u00e7\u00e3o profunda ao cabelo seco e sem vida. Aplique \u00f3leo de coco morno em todo o seu cabelo e couro cabeludo, e deixe-o atuar durante pelo menos 30 minutos ou inclusive durante a noite.  <\/span><\/p><p style=\"margin: 0px;padding: 0px;border: 0px;font-size: 14px;vertical-align: baseline;background-image: initial;background-position: initial;background-size: initial;background-repeat: initial;background-attachment: initial;color: #666666;font-family: Poppins, Helvetica, Arial, Lucida, sans-serif\"><span style=\"margin: 0px;padding: 0px;border: 0px;vertical-align: baseline;background: transparent\">Lave o cabelo como de costume e repita uma vez por semana para obter melhores resultados.<\/span><\/p><\/div><\/div><\/div><\/div>\t\t\t\t\t\t\t\t<\/div>\n\t\t\t\t<\/div>\n\t\t\t\t<div class=\"elementor-element elementor-element-90268e4 elementor-widget elementor-widget-text-editor\" data-id=\"90268e4\" data-element_type=\"widget\" data-widget_type=\"text-editor.default\">\n\t\t\t\t<div class=\"elementor-widget-container\">\n\t\t\t\t\t\t\t\t\t<div style=\"margin: 0px;padding: 0px;border: 0px;font-size: 14px;vertical-align: baseline;background: 50% center \/ cover no-repeat #ffffff;position: relative;font-family: Poppins, Helvetica, Arial, Lucida, sans-serif;text-align: left;color: #666666;font-style: normal;font-weight: 500;letter-spacing: normal;text-indent: 0px;text-transform: none\"><span style=\"background-color: transparent;color: #ef7a50;font-family: 'Gelica Light', Helvetica, Arial, Lucida, sans-serif;font-size: 22px\">Azeite<\/span><\/div>\t\t\t\t\t\t\t\t<\/div>\n\t\t\t\t<\/div>\n\t\t\t\t<div class=\"elementor-element elementor-element-e17b789 elementor-widget elementor-widget-text-editor\" data-id=\"e17b789\" data-element_type=\"widget\" data-widget_type=\"text-editor.default\">\n\t\t\t\t<div class=\"elementor-widget-container\">\n\t\t\t\t\t\t\t\t\t<div><div><div><div><p><span style=\"background-image: initial;background-position: initial;background-size: initial;background-repeat: initial;background-attachment: initial;margin: 0px;padding: 0px;border: 0px;font-size: 14px;vertical-align: baseline;color: #666666;font-family: Poppins, Helvetica, Arial, Lucida, sans-serif\">O<\/span> <a style=\"margin: 0px;padding: 0px;border: 0px;font-size: 14px;vertical-align: baseline;background: #ffffff;color: #edb059;font-family: Poppins, Helvetica, Arial, Lucida, sans-serif\" href=\"https:\/\/mejorconsalud.as.com\/10-sorprendentes-beneficios-del-aceite-oliva-extra-virgen\/\" target=\"_blank\" rel=\"noopener\">\n  <span style=\"margin: 0px;padding: 0px;border: 0px;vertical-align: baseline;background: transparent\">azeite<\/span>\n<\/a><span style=\"background-image: initial;background-position: initial;background-size: initial;background-repeat: initial;background-attachment: initial;margin: 0px;padding: 0px;border: 0px;font-size: 14px;vertical-align: baseline;color: #666666;font-family: Poppins, Helvetica, Arial, Lucida, sans-serif\"> \u00e9 conhecido por ser um excelente hidratante natural para o cabelo e pode us\u00e1-lo como m\u00e1scara ou como amaciador natural. Para us\u00e1-lo como m\u00e1scara, tem de mistur\u00e1-lo com maionese e ovo (pode adicionar-lhe abacate se desejar uma consist\u00eancia mais s\u00f3lida). Aplique no cabelo e deixe repousar por 20 minutos. Retire com abundante \u00e1gua e lave com o seu champ\u00f4 hidratante.   <\/span><\/p><\/div><\/div><\/div><\/div>\t\t\t\t\t\t\t\t<\/div>\n\t\t\t\t<\/div>\n\t\t\t\t<div class=\"elementor-element elementor-element-ad6ee07 elementor-widget elementor-widget-text-editor\" data-id=\"ad6ee07\" data-element_type=\"widget\" data-widget_type=\"text-editor.default\">\n\t\t\t\t<div class=\"elementor-widget-container\">\n\t\t\t\t\t\t\t\t\t<div style=\"margin: 0px;padding: 0px;border: 0px;font-size: 14px;vertical-align: baseline;background: 50% center \/ cover no-repeat #ffffff;position: relative;font-family: Poppins, Helvetica, Arial, Lucida, sans-serif;text-align: left;color: #666666;font-style: normal;font-weight: 500;letter-spacing: normal;text-indent: 0px;text-transform: none\"><span style=\"background-color: transparent;color: #ef7a50;font-family: 'Gelica Light', Helvetica, Arial, Lucida, sans-serif;font-size: 22px\">Enxaguamento de vinagre de ma\u00e7\u00e3<\/span><\/div>\t\t\t\t\t\t\t\t<\/div>\n\t\t\t\t<\/div>\n\t\t\t\t<div class=\"elementor-element elementor-element-e0857fe elementor-widget elementor-widget-text-editor\" data-id=\"e0857fe\" data-element_type=\"widget\" data-widget_type=\"text-editor.default\">\n\t\t\t\t<div class=\"elementor-widget-container\">\n\t\t\t\t\t\t\t\t\t<div><div><div><div><p>O <a style=\"font-family: Poppins, Helvetica, Arial, Lucida, sans-serif;font-size: 14px;background: #ffffff;margin: 0px;padding: 0px;border: 0px;vertical-align: baseline;color: #edb059\" href=\"https:\/\/www.glamour.mx\/belleza\/cabello\/articulos\/los-efectos-del-vinagre-de-manzana-en-el-cabello\/14048\" target=\"_blank\" rel=\"noopener\">vinagre de ma\u00e7\u00e3<\/a> <span style=\"color: #666666;font-family: Poppins, Helvetica, Arial, Lucida, sans-serif;font-size: 14px;background: transparent;margin: 0px;padding: 0px;border: 0px;vertical-align: baseline\">\u00e9 um excelente enxaguamento natural que ajuda a restaurar o equil\u00edbrio do pH do couro cabeludo e a selar as cut\u00edculas do cabelo, o que lhe d\u00e1 um aspeto mais suave e brilhante.<\/span> <\/p><p style=\"margin: 0px;padding: 0px;border: 0px;font-size: 14px;vertical-align: baseline;background-image: initial;background-position: initial;background-size: initial;background-repeat: initial;background-attachment: initial;color: #666666;font-family: Poppins, Helvetica, Arial, Lucida, sans-serif\"><span style=\"margin: 0px;padding: 0px;border: 0px;vertical-align: baseline;background: transparent\">Misture uma parte de vinagre de ma\u00e7\u00e3 com duas partes de \u00e1gua e use-o como \u00faltimo enxaguamento depois de lavar o seu cabelo. Deixe que atue durante uns minutos e depois enxague com \u00e1gua fria. Realize este enxaguamento uma ou duas vezes por semana.  <\/span><\/p><\/div><\/div><\/div><\/div>\t\t\t\t\t\t\t\t<\/div>\n\t\t\t\t<\/div>\n\t\t\t\t<div class=\"elementor-element elementor-element-0ae7ad3 elementor-widget elementor-widget-image\" data-id=\"0ae7ad3\" data-element_type=\"widget\" data-widget_type=\"image.default\">\n\t\t\t\t<div class=\"elementor-widget-container\">\n\t\t\t\t\t\t\t\t\t\t\t\t\t\t\t<img decoding=\"async\" src=\"https:\/\/blog-clarel.imgix.net\/2023\/06\/tratamiento-para-pelo-seco.jpg\" title=\"\" alt=\"\" loading=\"lazy\" \/>\t\t\t\t\t\t\t\t\t\t\t\t\t\t\t<\/div>\n\t\t\t\t<\/div>\n\t\t\t\t<div class=\"elementor-element elementor-element-e9b201d elementor-widget elementor-widget-text-editor\" data-id=\"e9b201d\" data-element_type=\"widget\" data-widget_type=\"text-editor.default\">\n\t\t\t\t<div class=\"elementor-widget-container\">\n\t\t\t\t\t\t\t\t\t<div style=\"margin: 0px;padding: 0px;border: 0px;font-size: 14px;vertical-align: baseline;background: 50% center \/ cover no-repeat #ffffff;position: relative;font-family: Poppins, Helvetica, Arial, Lucida, sans-serif;text-align: left;color: #666666;font-style: normal;font-weight: 500;letter-spacing: normal;text-indent: 0px;text-transform: none\"><div style=\"margin: 0px;padding: 0px;border: 0px;font-size: 14px;vertical-align: baseline;background: transparent;position: relative\"><span style=\"background-color: transparent;color: #ef7a50;font-family: 'Gelica Light', Helvetica, Arial, Lucida, sans-serif;font-size: 26px;text-align: center\">A preven\u00e7\u00e3o do cabelo seco: h\u00e1bitos e cuidados para manter um cabelo saud\u00e1vel<\/span><\/div><\/div>\t\t\t\t\t\t\t\t<\/div>\n\t\t\t\t<\/div>\n\t\t\t\t<div class=\"elementor-element elementor-element-cf8a0c4 elementor-widget elementor-widget-text-editor\" data-id=\"cf8a0c4\" data-element_type=\"widget\" data-widget_type=\"text-editor.default\">\n\t\t\t\t<div class=\"elementor-widget-container\">\n\t\t\t\t\t\t\t\t\t<div><div><div><div><p><span style=\"color: #666666;font-family: Poppins, Helvetica, Arial, Lucida, sans-serif;font-size: 14px\">Para manter um cabelo saud\u00e1vel, aqui tem alguns h\u00e1bitos e cuidados que pode seguir:<\/span><\/p><\/div><\/div><\/div><\/div>\t\t\t\t\t\t\t\t<\/div>\n\t\t\t\t<\/div>\n\t\t\t\t<div class=\"elementor-element elementor-element-b365e55 elementor-widget elementor-widget-text-editor\" data-id=\"b365e55\" data-element_type=\"widget\" data-widget_type=\"text-editor.default\">\n\t\t\t\t<div class=\"elementor-widget-container\">\n\t\t\t\t\t\t\t\t\t<div style=\"margin: 0px;padding: 0px;border: 0px;font-size: 14px;vertical-align: baseline;background: 50% center \/ cover no-repeat #ffffff;position: relative;font-family: Poppins, Helvetica, Arial, Lucida, sans-serif;text-align: left;color: #666666;font-style: normal;font-weight: 500;letter-spacing: normal;text-indent: 0px;text-transform: none\"><span style=\"background-color: transparent;color: #ef7a50;font-family: 'Gelica Light', Helvetica, Arial, Lucida, sans-serif;font-size: 22px\">Acondicione o seu cabelo<\/span><\/div>\t\t\t\t\t\t\t\t<\/div>\n\t\t\t\t<\/div>\n\t\t\t\t<div class=\"elementor-element elementor-element-d21de48 elementor-widget elementor-widget-text-editor\" data-id=\"d21de48\" data-element_type=\"widget\" data-widget_type=\"text-editor.default\">\n\t\t\t\t<div class=\"elementor-widget-container\">\n\t\t\t\t\t\t\t\t\t<div><div><div><div><p><span style=\"color: #666666;font-family: Poppins, Helvetica, Arial, Lucida, sans-serif;font-size: 14px\">Utilize um amaciador depois de cada lavagem para hidratar e suavizar o seu cabelo. Aplique o amaciador de meios a pontas e deixe-o atuar durante uns minutos antes de enxagu\u00e1-lo. <\/span><\/p><\/div><\/div><\/div><\/div>\t\t\t\t\t\t\t\t<\/div>\n\t\t\t\t<\/div>\n\t\t\t\t<div class=\"elementor-element elementor-element-e5da3e6 elementor-widget elementor-widget-text-editor\" data-id=\"e5da3e6\" data-element_type=\"widget\" data-widget_type=\"text-editor.default\">\n\t\t\t\t<div class=\"elementor-widget-container\">\n\t\t\t\t\t\t\t\t\t<div style=\"margin: 0px;padding: 0px;border: 0px;font-size: 14px;vertical-align: baseline;background: 50% center \/ cover no-repeat #ffffff;position: relative;font-family: Poppins, Helvetica, Arial, Lucida, sans-serif;text-align: left;color: #666666;font-style: normal;font-weight: 500;letter-spacing: normal;text-indent: 0px;text-transform: none\"><span style=\"background-color: transparent;color: #ef7a50;font-family: 'Gelica Light', Helvetica, Arial, Lucida, sans-serif;font-size: 22px\">Proteja o seu cabelo do calor<\/span><\/div>\t\t\t\t\t\t\t\t<\/div>\n\t\t\t\t<\/div>\n\t\t\t\t<div class=\"elementor-element elementor-element-d88cc4c elementor-widget elementor-widget-text-editor\" data-id=\"d88cc4c\" data-element_type=\"widget\" data-widget_type=\"text-editor.default\">\n\t\t\t\t<div class=\"elementor-widget-container\">\n\t\t\t\t\t\t\t\t\t<div><div><div><div><p><span style=\"color: #666666;font-family: Poppins, Helvetica, Arial, Lucida, sans-serif;font-size: 14px\">Antes de usar ferramentas de calor como secadores, placas ou modeladores, aplique um protetor t\u00e9rmico para evitar danos. Ajuste a temperatura das ferramentas de acordo com o seu tipo de cabelo e evite us\u00e1-las com demasiada frequ\u00eancia. <\/span><\/p><\/div><\/div><\/div><\/div>\t\t\t\t\t\t\t\t<\/div>\n\t\t\t\t<\/div>\n\t\t\t\t<div class=\"elementor-element elementor-element-d787db3 elementor-widget elementor-widget-text-editor\" data-id=\"d787db3\" data-element_type=\"widget\" data-widget_type=\"text-editor.default\">\n\t\t\t\t<div class=\"elementor-widget-container\">\n\t\t\t\t\t\t\t\t\t<div style=\"margin: 0px;padding: 0px;border: 0px;font-size: 14px;vertical-align: baseline;background: 50% center \/ cover no-repeat #ffffff;position: relative;font-family: Poppins, Helvetica, Arial, Lucida, sans-serif;text-align: left;color: #666666;font-style: normal;font-weight: 500;letter-spacing: normal;text-indent: 0px;text-transform: none\"><span style=\"background-color: transparent;color: #ef7a50;font-family: 'Gelica Light', Helvetica, Arial, Lucida, sans-serif;font-size: 22px\">Escove o seu cabelo com suavidade<\/span><\/div>\t\t\t\t\t\t\t\t<\/div>\n\t\t\t\t<\/div>\n\t\t\t\t<div class=\"elementor-element elementor-element-45c1d6a elementor-widget elementor-widget-text-editor\" data-id=\"45c1d6a\" data-element_type=\"widget\" data-widget_type=\"text-editor.default\">\n\t\t\t\t<div class=\"elementor-widget-container\">\n\t\t\t\t\t\t\t\t\t<div><div><div><div><p><span style=\"background-image: initial;background-position: initial;background-size: initial;background-repeat: initial;background-attachment: initial;margin: 0px;padding: 0px;border: 0px;font-size: 14px;vertical-align: baseline;color: #666666;font-family: Poppins, Helvetica, Arial, Lucida, sans-serif\">Utilize uma escova de cerdas suaves ou um pente de dentes largos. Escove desde as pontas e v\u00e1 subindo gradualmente para as ra\u00edzes  <\/span><b style=\"background-image: initial;background-position: initial;background-size: initial;background-repeat: initial;background-attachment: initial;margin: 0px;padding: 0px;border: 0px;font-size: 14px;vertical-align: baseline;color: #666666;font-family: Poppins, Helvetica, Arial, Lucida, sans-serif\">para evitar pux\u00f5es e ruturas.<\/b><\/p><\/div><\/div><\/div><\/div>\t\t\t\t\t\t\t\t<\/div>\n\t\t\t\t<\/div>\n\t\t\t\t<div class=\"elementor-element elementor-element-9780a1b elementor-widget elementor-widget-text-editor\" data-id=\"9780a1b\" data-element_type=\"widget\" data-widget_type=\"text-editor.default\">\n\t\t\t\t<div class=\"elementor-widget-container\">\n\t\t\t\t\t\t\t\t\t<div style=\"margin: 0px;padding: 0px;border: 0px;font-size: 14px;vertical-align: baseline;background: 50% center \/ cover no-repeat #ffffff;position: relative;font-family: Poppins, Helvetica, Arial, Lucida, sans-serif;text-align: left;color: #666666;font-style: normal;font-weight: 500;letter-spacing: normal;text-indent: 0px;text-transform: none\"><span style=\"background-color: transparent;color: #ef7a50;font-family: 'Gelica Light', Helvetica, Arial, Lucida, sans-serif;font-size: 22px\">Corte as pontas regularmente<\/span><\/div>\t\t\t\t\t\t\t\t<\/div>\n\t\t\t\t<\/div>\n\t\t\t\t<div class=\"elementor-element elementor-element-ade04c7 elementor-widget elementor-widget-text-editor\" data-id=\"ade04c7\" data-element_type=\"widget\" data-widget_type=\"text-editor.default\">\n\t\t\t\t<div class=\"elementor-widget-container\">\n\t\t\t\t\t\t\t\t\t<div><div><div><div><p><span style=\"color: #666666;font-family: Poppins, Helvetica, Arial, Lucida, sans-serif;font-size: 14px\">Para evitar as pontas abertas e manter o seu cabelo saud\u00e1vel, \u00e9 recomend\u00e1vel cortar as pontas a cada 6 a 8 semanas. Isto ajudar\u00e1 a eliminar o cabelo danificado e estimular\u00e1 o crescimento saud\u00e1vel.  <\/span><\/p><\/div><\/div><\/div><\/div>\t\t\t\t\t\t\t\t<\/div>\n\t\t\t\t<\/div>\n\t\t\t\t<div class=\"elementor-element elementor-element-f3d5370 elementor-widget elementor-widget-image\" data-id=\"f3d5370\" data-element_type=\"widget\" data-widget_type=\"image.default\">\n\t\t\t\t<div class=\"elementor-widget-container\">\n\t\t\t\t\t\t\t\t\t\t\t\t\t\t\t<img decoding=\"async\" src=\"https:\/\/blog-clarel.imgix.net\/2023\/06\/hidratar-pelo-seco.jpg\" title=\"\" alt=\"\" loading=\"lazy\" \/>\t\t\t\t\t\t\t\t\t\t\t\t\t\t\t<\/div>\n\t\t\t\t<\/div>\n\t\t\t\t<\/div>\n\t\t\t\t\t<\/div>\n\t\t\t\t<\/div>\n\t\t\t\t<\/div>\n\t\t","protected":false},"excerpt":{"rendered":"<p>Tem o cabelo seco? Descubra como trat\u00e1-lo e preveni-lo com os nossos conselhos e solu\u00e7\u00f5es eficazes. Recupere a suavidade e o brilho do seu cabelo!  <\/p>\n","protected":false},"author":5,"featured_media":15039,"comment_status":"closed","ping_status":"open","sticky":false,"template":"","format":"standard","meta":{"footnotes":""},"categories":[33],"tags":[],"class_list":["post-15037","post","type-post","status-publish","format-standard","has-post-thumbnail","hentry","category-cuidado-cabello"],"yoast_head":"<!-- This site is optimized with the Yoast SEO plugin v25.4 - https:\/\/yoast.com\/wordpress\/plugins\/seo\/ -->\n<title>Como tratar e prevenir o cabelo seco | Clarel<\/title>\n<meta name=\"description\" content=\"Tem o cabelo seco? Descubra como trat\u00e1-lo e preveni-lo com os nossos conselhos e solu\u00e7\u00f5es eficazes. Recupere a suavidade e o brilho do seu cabelo!\" \/>\n<meta name=\"robots\" content=\"index, follow, max-snippet:-1, max-image-preview:large, max-video-preview:-1\" \/>\n<link rel=\"canonical\" href=\"https:\/\/www.clarel.es\/blog\/pelo-seco\/\" \/>\n<meta property=\"og:locale\" content=\"pt_PT\" \/>\n<meta property=\"og:type\" content=\"article\" \/>\n<meta property=\"og:title\" content=\"Como tratar e prevenir o cabelo seco | Clarel\" \/>\n<meta property=\"og:description\" content=\"Tem o cabelo seco? Descubra como trat\u00e1-lo e preveni-lo com os nossos conselhos e solu\u00e7\u00f5es eficazes. Recupere a suavidade e o brilho do seu cabelo!\" \/>\n<meta property=\"og:url\" content=\"https:\/\/www.clarel.es\/blog\/pelo-seco\/\" \/>\n<meta property=\"og:site_name\" content=\"Clarel\" \/>\n<meta property=\"article:published_time\" content=\"2023-06-05T09:55:32+00:00\" \/>\n<meta property=\"article:modified_time\" content=\"2025-10-23T15:53:22+00:00\" \/>\n<meta property=\"og:image\" content=\"https:\/\/www.clarel.es\/blog\/wp-content\/uploads\/2023\/06\/pelo-seco-y-encrespado.jpg\" \/>\n\t<meta property=\"og:image:width\" content=\"1667\" \/>\n\t<meta property=\"og:image:height\" content=\"1042\" \/>\n\t<meta property=\"og:image:type\" content=\"image\/jpeg\" \/>\n<meta name=\"twitter:card\" content=\"summary_large_image\" \/>\n<script type=\"application\/ld+json\" class=\"yoast-schema-graph\">{\"@context\":\"https:\/\/schema.org\",\"@graph\":[{\"@type\":\"Article\",\"@id\":\"https:\/\/www.clarel.es\/blog\/pelo-seco\/#article\",\"isPartOf\":{\"@id\":\"https:\/\/www.clarel.es\/blog\/pelo-seco\/\"},\"author\":{\"name\":\"Clarel\",\"@id\":\"https:\/\/www.clarel.es\/blog\/pt-pt\/\"},\"headline\":\"Como tratar e prevenir o cabelo seco\",\"datePublished\":\"2023-06-05T09:55:32+00:00\",\"dateModified\":\"2025-10-23T15:53:22+00:00\",\"mainEntityOfPage\":{\"@id\":\"https:\/\/www.clarel.es\/blog\/pelo-seco\/\"},\"wordCount\":1240,\"publisher\":{\"@id\":\"https:\/\/www.clarel.es\/blog\/#organization\"},\"image\":{\"@id\":\"https:\/\/www.clarel.es\/blog\/pelo-seco\/#primaryimage\"},\"thumbnailUrl\":\"https:\/\/blog-clarel.imgix.net\/uploads\/2023\/06\/pelo-seco-y-encrespado.jpg?auto=format%2Ccompress&ixlib=php-3.3.0\",\"articleSection\":[\"Cuidado cabello\"],\"inLanguage\":\"pt-PT\"},{\"@type\":\"WebPage\",\"@id\":\"https:\/\/www.clarel.es\/blog\/pelo-seco\/\",\"url\":\"https:\/\/www.clarel.es\/blog\/pelo-seco\/\",\"name\":\"Como tratar e prevenir o cabelo seco | Clarel\",\"isPartOf\":{\"@id\":\"https:\/\/www.clarel.es\/blog\/#website\"},\"primaryImageOfPage\":{\"@id\":\"https:\/\/www.clarel.es\/blog\/pelo-seco\/#primaryimage\"},\"image\":{\"@id\":\"https:\/\/www.clarel.es\/blog\/pelo-seco\/#primaryimage\"},\"thumbnailUrl\":\"https:\/\/blog-clarel.imgix.net\/uploads\/2023\/06\/pelo-seco-y-encrespado.jpg?auto=format%2Ccompress&ixlib=php-3.3.0\",\"datePublished\":\"2023-06-05T09:55:32+00:00\",\"dateModified\":\"2025-10-23T15:53:22+00:00\",\"description\":\"Tem o cabelo seco? Descubra como trat\u00e1-lo e preveni-lo com os nossos conselhos e solu\u00e7\u00f5es eficazes. Recupere a suavidade e o brilho do seu cabelo!\",\"breadcrumb\":{\"@id\":\"https:\/\/www.clarel.es\/blog\/pelo-seco\/#breadcrumb\"},\"inLanguage\":\"pt-PT\",\"potentialAction\":[{\"@type\":\"ReadAction\",\"target\":[\"https:\/\/www.clarel.es\/blog\/pelo-seco\/\"]}]},{\"@type\":\"ImageObject\",\"inLanguage\":\"pt-PT\",\"@id\":\"https:\/\/www.clarel.es\/blog\/pelo-seco\/#primaryimage\",\"url\":\"https:\/\/blog-clarel.imgix.net\/uploads\/2023\/06\/pelo-seco-y-encrespado.jpg?auto=format%2Ccompress&ixlib=php-3.3.0\",\"contentUrl\":\"https:\/\/blog-clarel.imgix.net\/uploads\/2023\/06\/pelo-seco-y-encrespado.jpg?auto=format%2Ccompress&ixlib=php-3.3.0\",\"width\":1667,\"height\":1042},{\"@type\":\"BreadcrumbList\",\"@id\":\"https:\/\/www.clarel.es\/blog\/pelo-seco\/#breadcrumb\",\"itemListElement\":[{\"@type\":\"ListItem\",\"position\":1,\"name\":\"Portada\",\"item\":\"https:\/\/www.clarel.es\/blog\/\"},{\"@type\":\"ListItem\",\"position\":2,\"name\":\"Como tratar e prevenir o cabelo seco\"}]},{\"@type\":\"WebSite\",\"@id\":\"https:\/\/www.clarel.es\/blog\/#website\",\"url\":\"https:\/\/www.clarel.es\/blog\/\",\"name\":\"Clarel\",\"description\":\"Tienda Online de perfumeria, cosmetica, maquillaje y hogar.\",\"publisher\":{\"@id\":\"https:\/\/www.clarel.es\/blog\/#organization\"},\"potentialAction\":[{\"@type\":\"SearchAction\",\"target\":{\"@type\":\"EntryPoint\",\"urlTemplate\":\"https:\/\/www.clarel.es\/blog\/?s={search_term_string}\"},\"query-input\":{\"@type\":\"PropertyValueSpecification\",\"valueRequired\":true,\"valueName\":\"search_term_string\"}}],\"inLanguage\":\"pt-PT\"},{\"@type\":\"Organization\",\"@id\":\"https:\/\/www.clarel.es\/blog\/#organization\",\"name\":\"Clarel\",\"url\":\"https:\/\/www.clarel.es\/blog\/\",\"logo\":{\"@type\":\"ImageObject\",\"inLanguage\":\"pt-PT\",\"@id\":\"https:\/\/www.clarel.es\/blog\/#\/schema\/logo\/image\/\",\"url\":\"https:\/\/clarel-test.ezenit.link\/blog\/wp-content\/uploads\/2022\/08\/logo_clarel.png\",\"contentUrl\":\"https:\/\/clarel-test.ezenit.link\/blog\/wp-content\/uploads\/2022\/08\/logo_clarel.png\",\"width\":432,\"height\":101,\"caption\":\"Clarel\"},\"image\":{\"@id\":\"https:\/\/www.clarel.es\/blog\/#\/schema\/logo\/image\/\"}}]}<\/script>\n<!-- \/ Yoast SEO plugin. -->","yoast_head_json":{"title":"Como tratar e prevenir o cabelo seco | Clarel","description":"Tem o cabelo seco? Descubra como trat\u00e1-lo e preveni-lo com os nossos conselhos e solu\u00e7\u00f5es eficazes. Recupere a suavidade e o brilho do seu cabelo!","robots":{"index":"index","follow":"follow","max-snippet":"max-snippet:-1","max-image-preview":"max-image-preview:large","max-video-preview":"max-video-preview:-1"},"canonical":"https:\/\/www.clarel.es\/blog\/pelo-seco\/","og_locale":"pt_PT","og_type":"article","og_title":"Como tratar e prevenir o cabelo seco | Clarel","og_description":"Tem o cabelo seco? Descubra como trat\u00e1-lo e preveni-lo com os nossos conselhos e solu\u00e7\u00f5es eficazes. Recupere a suavidade e o brilho do seu cabelo!","og_url":"https:\/\/www.clarel.es\/blog\/pelo-seco\/","og_site_name":"Clarel","article_published_time":"2023-06-05T09:55:32+00:00","article_modified_time":"2025-10-23T15:53:22+00:00","og_image":[{"width":1667,"height":1042,"url":"https:\/\/www.clarel.es\/blog\/wp-content\/uploads\/2023\/06\/pelo-seco-y-encrespado.jpg","type":"image\/jpeg"}],"twitter_card":"summary_large_image","schema":{"@context":"https:\/\/schema.org","@graph":[{"@type":"Article","@id":"https:\/\/www.clarel.es\/blog\/pelo-seco\/#article","isPartOf":{"@id":"https:\/\/www.clarel.es\/blog\/pelo-seco\/"},"author":{"name":"Clarel","@id":"https:\/\/www.clarel.es\/blog\/pt-pt\/"},"headline":"Como tratar e prevenir o cabelo seco","datePublished":"2023-06-05T09:55:32+00:00","dateModified":"2025-10-23T15:53:22+00:00","mainEntityOfPage":{"@id":"https:\/\/www.clarel.es\/blog\/pelo-seco\/"},"wordCount":1240,"publisher":{"@id":"https:\/\/www.clarel.es\/blog\/#organization"},"image":{"@id":"https:\/\/www.clarel.es\/blog\/pelo-seco\/#primaryimage"},"thumbnailUrl":"https:\/\/blog-clarel.imgix.net\/uploads\/2023\/06\/pelo-seco-y-encrespado.jpg?auto=format%2Ccompress&ixlib=php-3.3.0","articleSection":["Cuidado cabello"],"inLanguage":"pt-PT"},{"@type":"WebPage","@id":"https:\/\/www.clarel.es\/blog\/pelo-seco\/","url":"https:\/\/www.clarel.es\/blog\/pelo-seco\/","name":"Como tratar e prevenir o cabelo seco | Clarel","isPartOf":{"@id":"https:\/\/www.clarel.es\/blog\/#website"},"primaryImageOfPage":{"@id":"https:\/\/www.clarel.es\/blog\/pelo-seco\/#primaryimage"},"image":{"@id":"https:\/\/www.clarel.es\/blog\/pelo-seco\/#primaryimage"},"thumbnailUrl":"https:\/\/blog-clarel.imgix.net\/uploads\/2023\/06\/pelo-seco-y-encrespado.jpg?auto=format%2Ccompress&ixlib=php-3.3.0","datePublished":"2023-06-05T09:55:32+00:00","dateModified":"2025-10-23T15:53:22+00:00","description":"Tem o cabelo seco? Descubra como trat\u00e1-lo e preveni-lo com os nossos conselhos e solu\u00e7\u00f5es eficazes. Recupere a suavidade e o brilho do seu cabelo!","breadcrumb":{"@id":"https:\/\/www.clarel.es\/blog\/pelo-seco\/#breadcrumb"},"inLanguage":"pt-PT","potentialAction":[{"@type":"ReadAction","target":["https:\/\/www.clarel.es\/blog\/pelo-seco\/"]}]},{"@type":"ImageObject","inLanguage":"pt-PT","@id":"https:\/\/www.clarel.es\/blog\/pelo-seco\/#primaryimage","url":"https:\/\/blog-clarel.imgix.net\/uploads\/2023\/06\/pelo-seco-y-encrespado.jpg?auto=format%2Ccompress&ixlib=php-3.3.0","contentUrl":"https:\/\/blog-clarel.imgix.net\/uploads\/2023\/06\/pelo-seco-y-encrespado.jpg?auto=format%2Ccompress&ixlib=php-3.3.0","width":1667,"height":1042},{"@type":"BreadcrumbList","@id":"https:\/\/www.clarel.es\/blog\/pelo-seco\/#breadcrumb","itemListElement":[{"@type":"ListItem","position":1,"name":"Portada","item":"https:\/\/www.clarel.es\/blog\/"},{"@type":"ListItem","position":2,"name":"Como tratar e prevenir o cabelo seco"}]},{"@type":"WebSite","@id":"https:\/\/www.clarel.es\/blog\/#website","url":"https:\/\/www.clarel.es\/blog\/","name":"Clarel","description":"Tienda Online de perfumeria, cosmetica, maquillaje y hogar.","publisher":{"@id":"https:\/\/www.clarel.es\/blog\/#organization"},"potentialAction":[{"@type":"SearchAction","target":{"@type":"EntryPoint","urlTemplate":"https:\/\/www.clarel.es\/blog\/?s={search_term_string}"},"query-input":{"@type":"PropertyValueSpecification","valueRequired":true,"valueName":"search_term_string"}}],"inLanguage":"pt-PT"},{"@type":"Organization","@id":"https:\/\/www.clarel.es\/blog\/#organization","name":"Clarel","url":"https:\/\/www.clarel.es\/blog\/","logo":{"@type":"ImageObject","inLanguage":"pt-PT","@id":"https:\/\/www.clarel.es\/blog\/#\/schema\/logo\/image\/","url":"https:\/\/clarel-test.ezenit.link\/blog\/wp-content\/uploads\/2022\/08\/logo_clarel.png","contentUrl":"https:\/\/clarel-test.ezenit.link\/blog\/wp-content\/uploads\/2022\/08\/logo_clarel.png","width":432,"height":101,"caption":"Clarel"},"image":{"@id":"https:\/\/www.clarel.es\/blog\/#\/schema\/logo\/image\/"}}]}},"_links":{"self":[{"href":"https:\/\/www.clarel.es\/blog\/pt-pt\/wp-json\/wp\/v2\/posts\/15037","targetHints":{"allow":["GET"]}}],"collection":[{"href":"https:\/\/www.clarel.es\/blog\/pt-pt\/wp-json\/wp\/v2\/posts"}],"about":[{"href":"https:\/\/www.clarel.es\/blog\/pt-pt\/wp-json\/wp\/v2\/types\/post"}],"author":[{"embeddable":true,"href":"https:\/\/www.clarel.es\/blog\/pt-pt\/wp-json\/wp\/v2\/users\/5"}],"replies":[{"embeddable":true,"href":"https:\/\/www.clarel.es\/blog\/pt-pt\/wp-json\/wp\/v2\/comments?post=15037"}],"version-history":[{"count":5,"href":"https:\/\/www.clarel.es\/blog\/pt-pt\/wp-json\/wp\/v2\/posts\/15037\/revisions"}],"predecessor-version":[{"id":16655,"href":"https:\/\/www.clarel.es\/blog\/pt-pt\/wp-json\/wp\/v2\/posts\/15037\/revisions\/16655"}],"wp:featuredmedia":[{"embeddable":true,"href":"https:\/\/www.clarel.es\/blog\/pt-pt\/wp-json\/wp\/v2\/media\/15039"}],"wp:attachment":[{"href":"https:\/\/www.clarel.es\/blog\/pt-pt\/wp-json\/wp\/v2\/media?parent=15037"}],"wp:term":[{"taxonomy":"category","embeddable":true,"href":"https:\/\/www.clarel.es\/blog\/pt-pt\/wp-json\/wp\/v2\/categories?post=15037"},{"taxonomy":"post_tag","embeddable":true,"href":"https:\/\/www.clarel.es\/blog\/pt-pt\/wp-json\/wp\/v2\/tags?post=15037"}],"curies":[{"name":"wp","href":"https:\/\/api.w.org\/{rel}","templated":true}]}}